{"id":5318,"date":"2020-01-30T10:52:04","date_gmt":"2020-01-30T09:52:04","guid":{"rendered":"http:\/\/commune-loffre.fr\/?p=5318"},"modified":"2020-01-30T10:54:04","modified_gmt":"2020-01-30T09:54:04","slug":"ceremonie-des-voeux-3","status":"publish","type":"post","link":"http:\/\/commune-loffre.fr\/index.php\/2020\/01\/30\/ceremonie-des-voeux-3\/","title":{"rendered":"C\u00e9r\u00e9monie des V\u0153ux"},"content":{"rendered":"\n<p>Conform\u00e9ment \u00e0 la tradition R\u00e9publicaine,\nMonsieur le Maire et le conseil municipal ont accueilli, le samedi 25 janvier \u00e0\n18 heures \u00e0 la salle polyvalente, les habitants de la commune pour la c\u00e9r\u00e9monie\ndes v\u0153ux. Le public venu nombreux comptait de nombreux habitants, pr\u00e9sidentes\net pr\u00e9sidents des associations du village, responsables d\u2019entreprise mais\n\u00e9galement Monsieur le D\u00e9put\u00e9 de notre circonscription, Alain Bruneel, Monsieur\nle Pr\u00e9sident de C\u0153ur d\u2019Ostrevent, Fr\u00e9d\u00e9ric Delannoy, Madame et Monsieur les\nConseillers D\u00e9partementaux, Maryline Lucas et Charles Beauchamp et les Maires\ndes communes de Lewarde, Fenain, Pecquencourt et Wandignies-Hamage. <\/p>\n\n\n\n<p>La c\u00e9r\u00e9monie d\u00e9buta par un discours de\nMadame Sylvie Larivi\u00e8re, Maire-adjointe qui souligna la tr\u00e8s grande valeur\nprofessionnelle des huits agents municipaux de la commune et au nom du conseil\nmunicipal les remercia en sollicitant les applaudissements du public. Ensuite,\nMadame Sylvie Larivi\u00e8re mit en avant le bien vivre ensemble qui existe au\nquotidien dans notre village, la solidarit\u00e9 et les moments de partage entre les\nhabitants. Elle rappela l\u2019importance d\u2019agir pour la recherche du lien social et\ndu partage, mais aussi l\u2019engagement o\u00f9 la simple participation des habitants \u00e0\nla vie du village comme ce fut le cas par la mobilisation pour le t\u00e9l\u00e9thon, la\nvente de l\u00e9gumes au profit de l\u2019autisme, l\u2019organisation du repas de la\nSaint-Sylvestre. Pour conclure son allocution, Madame Sylvie Larivi\u00e8re cita un\nproverbe africain \u00ab Seul on\nva plus vite, ensemble on va plus loin. \u00bb, souhaita une tr\u00e8s belle ann\u00e9e 2020\net laissa la parole \u00e0 Monsieur le Maire.<\/p>\n\n\n\n<ul class=\"wp-block-gallery columns-4 is-cropped wp-block-gallery-1 is-layout-flex wp-block-gallery-is-layout-flex\"><li class=\"blocks-gallery-item\"><figure><img loading=\"lazy\" decoding=\"async\" width=\"800\" height=\"533\" src=\"http:\/\/commune-loffre.fr\/wp-content\/uploads\/2020\/01\/IMG_7527-copie.jpg\" alt=\"\" data-id=\"5319\" data-link=\"http:\/\/commune-loffre.fr\/?attachment_id=5319\" class=\"wp-image-5319\" srcset=\"http:\/\/commune-loffre.fr\/wp-content\/uploads\/2020\/01\/IMG_7527-copie.jpg 800w, http:\/\/commune-loffre.fr\/wp-content\/uploads\/2020\/01\/IMG_7527-copie-300x200.jpg 300w, http:\/\/commune-loffre.fr\/wp-content\/uploads\/2020\/01\/IMG_7527-copie-768x512.jpg 768w, http:\/\/commune-loffre.fr\/wp-content\/uploads\/2020\/01\/IMG_7527-copie-624x416.jpg 624w\" sizes=\"(max-width: 800px) 100vw, 800px\" \/><\/figure><\/li><li class=\"blocks-gallery-item\"><figure><img loading=\"lazy\" decoding=\"async\" width=\"800\" height=\"600\" src=\"http:\/\/commune-loffre.fr\/wp-content\/uploads\/2020\/01\/P1010001-copie.jpg\" alt=\"\" data-id=\"5320\" data-link=\"http:\/\/commune-loffre.fr\/?attachment_id=5320\" class=\"wp-image-5320\" srcset=\"http:\/\/commune-loffre.fr\/wp-content\/uploads\/2020\/01\/P1010001-copie.jpg 800w, http:\/\/commune-loffre.fr\/wp-content\/uploads\/2020\/01\/P1010001-copie-300x225.jpg 300w, http:\/\/commune-loffre.fr\/wp-content\/uploads\/2020\/01\/P1010001-copie-768x576.jpg 768w, http:\/\/commune-loffre.fr\/wp-content\/uploads\/2020\/01\/P1010001-copie-624x468.jpg 624w, http:\/\/commune-loffre.fr\/wp-content\/uploads\/2020\/01\/P1010001-copie-240x180.jpg 240w\" sizes=\"(max-width: 800px) 100vw, 800px\" \/><\/figure><\/li><li class=\"blocks-gallery-item\"><figure><img loading=\"lazy\" decoding=\"async\" width=\"800\" height=\"600\" src=\"http:\/\/commune-loffre.fr\/wp-content\/uploads\/2020\/01\/P1010002-copie.jpg\" alt=\"\" data-id=\"5321\" data-link=\"http:\/\/commune-loffre.fr\/?attachment_id=5321\" class=\"wp-image-5321\" srcset=\"http:\/\/commune-loffre.fr\/wp-content\/uploads\/2020\/01\/P1010002-copie.jpg 800w, http:\/\/commune-loffre.fr\/wp-content\/uploads\/2020\/01\/P1010002-copie-300x225.jpg 300w, http:\/\/commune-loffre.fr\/wp-content\/uploads\/2020\/01\/P1010002-copie-768x576.jpg 768w, http:\/\/commune-loffre.fr\/wp-content\/uploads\/2020\/01\/P1010002-copie-624x468.jpg 624w, http:\/\/commune-loffre.fr\/wp-content\/uploads\/2020\/01\/P1010002-copie-240x180.jpg 240w\" sizes=\"(max-width: 800px) 100vw, 800px\" \/><\/figure><\/li><li class=\"blocks-gallery-item\"><figure><img loading=\"lazy\" decoding=\"async\" width=\"800\" height=\"600\" src=\"http:\/\/commune-loffre.fr\/wp-content\/uploads\/2020\/01\/P1010005-copie.jpg\" alt=\"\" data-id=\"5322\" data-link=\"http:\/\/commune-loffre.fr\/?attachment_id=5322\" class=\"wp-image-5322\" srcset=\"http:\/\/commune-loffre.fr\/wp-content\/uploads\/2020\/01\/P1010005-copie.jpg 800w, http:\/\/commune-loffre.fr\/wp-content\/uploads\/2020\/01\/P1010005-copie-300x225.jpg 300w, http:\/\/commune-loffre.fr\/wp-content\/uploads\/2020\/01\/P1010005-copie-768x576.jpg 768w, http:\/\/commune-loffre.fr\/wp-content\/uploads\/2020\/01\/P1010005-copie-624x468.jpg 624w, http:\/\/commune-loffre.fr\/wp-content\/uploads\/2020\/01\/P1010005-copie-240x180.jpg 240w\" sizes=\"(max-width: 800px) 100vw, 800px\" \/><\/figure><\/li><\/ul>\n\n\n\n<p>Monsieur le Maire remercia chaleureusement\nle public et les \u00e9lus pr\u00e9sents et souhaita en son nom, celui du conseil\nmunicipal et du personnel communal les plus chaleureux v\u0153ux pour cette nouvelle\nann\u00e9e. Il adressa \u00e9galement une pens\u00e9e pour les personnes isol\u00e9es ou en soins.\nMonsieur le Maire souligna le caract\u00e8re particulier des derniers v\u0153ux de la\nmandature au regard des \u00e9ch\u00e9ances \u00e9lectorales des 15 et 22 Mars. Monsieur le\nMaire rappela la saine situation financi\u00e8re de la commune et \u00e9num\u00e9ra les\ntravaux et acquisitions r\u00e9alis\u00e9s au cours de l\u2019ann\u00e9e 2019. Monsieur le maire\nindiqua, en respectant la r\u00e9serve que lui impose le code \u00e9lectoral, puisque les\nprojets ne rel\u00e8vent pas de la ma\u00eetrise d\u2019ouvrage de la commune, que le permis\nd\u2019am\u00e9nager d\u2019un lotissement b\u00e9guinage et de logements avait re\u00e7u un avis\nfavorable et par cons\u00e9quent, les travaux de voirie et de r\u00e9seaux divers\ndevraient d\u00e9buter au cours du 1<sup>er<\/sup> semestre. Par ailleurs, C\u0153ur\nd\u2019Ostrevent a r\u00e9pondu favorablement aux attentes de la commune et le d\u00e9marrage\ndes travaux d\u2019enfouissement de la premi\u00e8re phase de la troisi\u00e8me tranche (Petite\nRue et Rue du Petit Marais) devraient d\u00e9buter prochainement. Il en profita pour\nremercier les repr\u00e9sentants du d\u00e9partement car ces travaux seront subventionn\u00e9s\nau titre de l\u2019aide d\u00e9partementale aux villages et bourgs et par l\u2019\u00e9tat au titre\nde la dotation d\u2019\u00e9quipement des territoires ruraux. <\/p>\n\n\n\n<ul class=\"wp-block-gallery columns-5 is-cropped wp-block-gallery-2 is-layout-flex wp-block-gallery-is-layout-flex\"><li class=\"blocks-gallery-item\"><figure><img loading=\"lazy\" decoding=\"async\" width=\"800\" height=\"533\" src=\"http:\/\/commune-loffre.fr\/wp-content\/uploads\/2020\/01\/IMG_7543-copie.jpg\" alt=\"\" data-id=\"5323\" data-link=\"http:\/\/commune-loffre.fr\/?attachment_id=5323\" class=\"wp-image-5323\" srcset=\"http:\/\/commune-loffre.fr\/wp-content\/uploads\/2020\/01\/IMG_7543-copie.jpg 800w, http:\/\/commune-loffre.fr\/wp-content\/uploads\/2020\/01\/IMG_7543-copie-300x200.jpg 300w, http:\/\/commune-loffre.fr\/wp-content\/uploads\/2020\/01\/IMG_7543-copie-768x512.jpg 768w, http:\/\/commune-loffre.fr\/wp-content\/uploads\/2020\/01\/IMG_7543-copie-624x416.jpg 624w\" sizes=\"(max-width: 800px) 100vw, 800px\" \/><\/figure><\/li><li class=\"blocks-gallery-item\"><figure><img loading=\"lazy\" decoding=\"async\" width=\"800\" height=\"600\" src=\"http:\/\/commune-loffre.fr\/wp-content\/uploads\/2020\/01\/P1010003-copie.jpg\" alt=\"\" data-id=\"5324\" data-link=\"http:\/\/commune-loffre.fr\/?attachment_id=5324\" class=\"wp-image-5324\" srcset=\"http:\/\/commune-loffre.fr\/wp-content\/uploads\/2020\/01\/P1010003-copie.jpg 800w, http:\/\/commune-loffre.fr\/wp-content\/uploads\/2020\/01\/P1010003-copie-300x225.jpg 300w, http:\/\/commune-loffre.fr\/wp-content\/uploads\/2020\/01\/P1010003-copie-768x576.jpg 768w, http:\/\/commune-loffre.fr\/wp-content\/uploads\/2020\/01\/P1010003-copie-624x468.jpg 624w, http:\/\/commune-loffre.fr\/wp-content\/uploads\/2020\/01\/P1010003-copie-240x180.jpg 240w\" sizes=\"(max-width: 800px) 100vw, 800px\" \/><\/figure><\/li><li class=\"blocks-gallery-item\"><figure><img loading=\"lazy\" decoding=\"async\" width=\"800\" height=\"600\" src=\"http:\/\/commune-loffre.fr\/wp-content\/uploads\/2020\/01\/P1010004-copie.jpg\" alt=\"\" data-id=\"5325\" data-link=\"http:\/\/commune-loffre.fr\/?attachment_id=5325\" class=\"wp-image-5325\" srcset=\"http:\/\/commune-loffre.fr\/wp-content\/uploads\/2020\/01\/P1010004-copie.jpg 800w, http:\/\/commune-loffre.fr\/wp-content\/uploads\/2020\/01\/P1010004-copie-300x225.jpg 300w, http:\/\/commune-loffre.fr\/wp-content\/uploads\/2020\/01\/P1010004-copie-768x576.jpg 768w, http:\/\/commune-loffre.fr\/wp-content\/uploads\/2020\/01\/P1010004-copie-624x468.jpg 624w, http:\/\/commune-loffre.fr\/wp-content\/uploads\/2020\/01\/P1010004-copie-240x180.jpg 240w\" sizes=\"(max-width: 800px) 100vw, 800px\" \/><\/figure><\/li><li class=\"blocks-gallery-item\"><figure><img loading=\"lazy\" decoding=\"async\" width=\"800\" height=\"600\" src=\"http:\/\/commune-loffre.fr\/wp-content\/uploads\/2020\/01\/P1010006-copie.jpg\" alt=\"\" data-id=\"5326\" data-link=\"http:\/\/commune-loffre.fr\/?attachment_id=5326\" class=\"wp-image-5326\" srcset=\"http:\/\/commune-loffre.fr\/wp-content\/uploads\/2020\/01\/P1010006-copie.jpg 800w, http:\/\/commune-loffre.fr\/wp-content\/uploads\/2020\/01\/P1010006-copie-300x225.jpg 300w, http:\/\/commune-loffre.fr\/wp-content\/uploads\/2020\/01\/P1010006-copie-768x576.jpg 768w, http:\/\/commune-loffre.fr\/wp-content\/uploads\/2020\/01\/P1010006-copie-624x468.jpg 624w, http:\/\/commune-loffre.fr\/wp-content\/uploads\/2020\/01\/P1010006-copie-240x180.jpg 240w\" sizes=\"(max-width: 800px) 100vw, 800px\" \/><\/figure><\/li><li class=\"blocks-gallery-item\"><figure><img loading=\"lazy\" decoding=\"async\" width=\"800\" height=\"600\" src=\"http:\/\/commune-loffre.fr\/wp-content\/uploads\/2020\/01\/P1010007-copie.jpg\" alt=\"\" data-id=\"5327\" data-link=\"http:\/\/commune-loffre.fr\/?attachment_id=5327\" class=\"wp-image-5327\" srcset=\"http:\/\/commune-loffre.fr\/wp-content\/uploads\/2020\/01\/P1010007-copie.jpg 800w, http:\/\/commune-loffre.fr\/wp-content\/uploads\/2020\/01\/P1010007-copie-300x225.jpg 300w, http:\/\/commune-loffre.fr\/wp-content\/uploads\/2020\/01\/P1010007-copie-768x576.jpg 768w, http:\/\/commune-loffre.fr\/wp-content\/uploads\/2020\/01\/P1010007-copie-624x468.jpg 624w, http:\/\/commune-loffre.fr\/wp-content\/uploads\/2020\/01\/P1010007-copie-240x180.jpg 240w\" sizes=\"(max-width: 800px) 100vw, 800px\" \/><\/figure><\/li><li class=\"blocks-gallery-item\"><figure><img loading=\"lazy\" decoding=\"async\" width=\"450\" height=\"600\" src=\"http:\/\/commune-loffre.fr\/wp-content\/uploads\/2020\/01\/P1010008-copie.jpg\" alt=\"\" data-id=\"5328\" data-link=\"http:\/\/commune-loffre.fr\/?attachment_id=5328\" class=\"wp-image-5328\" srcset=\"http:\/\/commune-loffre.fr\/wp-content\/uploads\/2020\/01\/P1010008-copie.jpg 450w, http:\/\/commune-loffre.fr\/wp-content\/uploads\/2020\/01\/P1010008-copie-225x300.jpg 225w\" sizes=\"(max-width: 450px) 100vw, 450px\" \/><\/figure><\/li><li class=\"blocks-gallery-item\"><figure><img loading=\"lazy\" decoding=\"async\" width=\"450\" height=\"600\" src=\"http:\/\/commune-loffre.fr\/wp-content\/uploads\/2020\/01\/P1010009-copie.jpg\" alt=\"\" data-id=\"5329\" data-link=\"http:\/\/commune-loffre.fr\/?attachment_id=5329\" class=\"wp-image-5329\" srcset=\"http:\/\/commune-loffre.fr\/wp-content\/uploads\/2020\/01\/P1010009-copie.jpg 450w, http:\/\/commune-loffre.fr\/wp-content\/uploads\/2020\/01\/P1010009-copie-225x300.jpg 225w\" sizes=\"(max-width: 450px) 100vw, 450px\" \/><\/figure><\/li><li class=\"blocks-gallery-item\"><figure><img loading=\"lazy\" decoding=\"async\" width=\"800\" height=\"600\" src=\"http:\/\/commune-loffre.fr\/wp-content\/uploads\/2020\/01\/P1010010-copie.jpg\" alt=\"\" data-id=\"5330\" data-link=\"http:\/\/commune-loffre.fr\/?attachment_id=5330\" class=\"wp-image-5330\" srcset=\"http:\/\/commune-loffre.fr\/wp-content\/uploads\/2020\/01\/P1010010-copie.jpg 800w, http:\/\/commune-loffre.fr\/wp-content\/uploads\/2020\/01\/P1010010-copie-300x225.jpg 300w, http:\/\/commune-loffre.fr\/wp-content\/uploads\/2020\/01\/P1010010-copie-768x576.jpg 768w, http:\/\/commune-loffre.fr\/wp-content\/uploads\/2020\/01\/P1010010-copie-624x468.jpg 624w, http:\/\/commune-loffre.fr\/wp-content\/uploads\/2020\/01\/P1010010-copie-240x180.jpg 240w\" sizes=\"(max-width: 800px) 100vw, 800px\" \/><\/figure><\/li><\/ul>\n\n\n\n<p>Monsieur\nle Maire continua son discours en pr\u00e9cisant que l\u2019\u00e9cole a\ncette ann\u00e9e encore \u00e9t\u00e9 r\u00e9compens\u00e9e d\u2019un prix d\u2019excellence au concours des\n\u00e9coles fleuries. Il adressa ses f\u00e9licitations aux \u00e9coliers, \u00e0 l\u2019\u00e9quipe enseignante\net aux employ\u00e9s communaux pour leur investissement. Il indiqua \u00e9galement que\nnotre village a d\u00e9croch\u00e9 la mention \u00ab&nbsp;bien&nbsp;\u00bb au titre du label ville\net village fleuri et le prix du 60<sup>\u00e8me<\/sup> anniversaire du label a \u00e9t\u00e9 d\u00e9cern\u00e9\n\u00e0 la brigade verte pour les travaux d\u2019am\u00e9nagement qualitatifs r\u00e9alis\u00e9s en\npartenariat avec les services municipaux et l\u2019\u00e9cole Henri Matisse.&nbsp;&nbsp; <\/p>\n\n\n\n<p>Monsieur le Maire remercia les services techniques,\nles b\u00e9n\u00e9voles de l\u2019association \u00ab&nbsp;la brigade verte loffrienne&nbsp;\u00bb et\ntous ceux qui \u0153uvrent \u00e0 am\u00e9liorer de jour en jour l\u2019environnement et cadre de\nvie du village. <\/p>\n\n\n\n<p>Pour terminer son intervention et avant de profiter\nd\u2019un moment de convivialit\u00e9 autour du cocktail offert par la municipalit\u00e9,\nMonsieur le Maire remercia, le milieu associatif pour leur mobilisation pour la\nf\u00eate du village et le T\u00e9l\u00e9thon, le personnel communal, le conseil municipal,\nles membres des associations et le comit\u00e9 \u00ab&nbsp;pour un Loffre o\u00f9 il fait bon\nvivre&nbsp;\u00bb pour sa mobilisation contre l\u2019exploitation de stockage de d\u00e9chets\ninertes \u00e0 Loffre.<\/p>\n","protected":false},"excerpt":{"rendered":"<p>Conform\u00e9ment \u00e0 la tradition R\u00e9publicaine, Monsieur le Maire et le conseil municipal ont accueilli, le samedi 25 janvier \u00e0 18 heures \u00e0 la salle polyvalente, les habitants de la commune&#8230; <a href=\"http:\/\/commune-loffre.fr\/index.php\/2020\/01\/30\/ceremonie-des-voeux-3\/\">Read more &raquo;<\/a><\/p>\n","protected":false},"author":1,"featured_media":5321,"comment_status":"closed","ping_status":"closed","sticky":false,"template":"","format":"standard","meta":{"footnotes":""},"categories":[1],"tags":[],"_links":{"self":[{"href":"http:\/\/commune-loffre.fr\/index.php\/wp-json\/wp\/v2\/posts\/5318"}],"collection":[{"href":"http:\/\/commune-loffre.fr\/index.php\/wp-json\/wp\/v2\/posts"}],"about":[{"href":"http:\/\/commune-loffre.fr\/index.php\/wp-json\/wp\/v2\/types\/post"}],"author":[{"embeddable":true,"href":"http:\/\/commune-loffre.fr\/index.php\/wp-json\/wp\/v2\/users\/1"}],"replies":[{"embeddable":true,"href":"http:\/\/commune-loffre.fr\/index.php\/wp-json\/wp\/v2\/comments?post=5318"}],"version-history":[{"count":1,"href":"http:\/\/commune-loffre.fr\/index.php\/wp-json\/wp\/v2\/posts\/5318\/revisions"}],"predecessor-version":[{"id":5331,"href":"http:\/\/commune-loffre.fr\/index.php\/wp-json\/wp\/v2\/posts\/5318\/revisions\/5331"}],"wp:featuredmedia":[{"embeddable":true,"href":"http:\/\/commune-loffre.fr\/index.php\/wp-json\/wp\/v2\/media\/5321"}],"wp:attachment":[{"href":"http:\/\/commune-loffre.fr\/index.php\/wp-json\/wp\/v2\/media?parent=5318"}],"wp:term":[{"taxonomy":"category","embeddable":true,"href":"http:\/\/commune-loffre.fr\/index.php\/wp-json\/wp\/v2\/categories?post=5318"},{"taxonomy":"post_tag","embeddable":true,"href":"http:\/\/commune-loffre.fr\/index.php\/wp-json\/wp\/v2\/tags?post=5318"}],"curies":[{"name":"wp","href":"https:\/\/api.w.org\/{rel}","templated":true}]}}