{"id":5227,"date":"2019-12-20T19:04:50","date_gmt":"2019-12-20T18:04:50","guid":{"rendered":"http:\/\/commune-loffre.fr\/?p=5227"},"modified":"2019-12-20T19:05:13","modified_gmt":"2019-12-20T18:05:13","slug":"notre-commune-et-ses-associations-mobilisees-pour-le-telethon-2019","status":"publish","type":"post","link":"http:\/\/commune-loffre.fr\/index.php\/2019\/12\/20\/notre-commune-et-ses-associations-mobilisees-pour-le-telethon-2019\/","title":{"rendered":"Notre commune et ses associations mobilis\u00e9es pour le T\u00e9l\u00e9thon 2019"},"content":{"rendered":"\n<p>Depuis 2015 la commune de Loffre\net ses associations se mobilisent en faveur de cette grande cause nationale qu\u2019est\nle combat contre les maladies g\u00e9n\u00e9tiques, rares et lourdement invalidantes.\nFaire un don dans le cadre du T\u00e9l\u00e9thon permet de faire avancer la recherche et\nle d\u00e9veloppement de th\u00e9rapies innovantes, aider les malades (soins,\naccompagnement, citoyennet\u00e9) et&nbsp;communiquer&nbsp;les savoirs aupr\u00e8s des\nfamilles, professionnels et du grand public. <\/p>\n\n\n\n<ul class=\"wp-block-gallery columns-3 is-cropped wp-block-gallery-1 is-layout-flex wp-block-gallery-is-layout-flex\"><li class=\"blocks-gallery-item\"><figure><img loading=\"lazy\" decoding=\"async\" width=\"800\" height=\"450\" src=\"http:\/\/commune-loffre.fr\/wp-content\/uploads\/2019\/12\/20191214_153223-2-copie-1.jpg\" alt=\"\" data-id=\"5228\" data-link=\"http:\/\/commune-loffre.fr\/?attachment_id=5228\" class=\"wp-image-5228\" srcset=\"http:\/\/commune-loffre.fr\/wp-content\/uploads\/2019\/12\/20191214_153223-2-copie-1.jpg 800w, http:\/\/commune-loffre.fr\/wp-content\/uploads\/2019\/12\/20191214_153223-2-copie-1-300x169.jpg 300w, http:\/\/commune-loffre.fr\/wp-content\/uploads\/2019\/12\/20191214_153223-2-copie-1-768x432.jpg 768w, http:\/\/commune-loffre.fr\/wp-content\/uploads\/2019\/12\/20191214_153223-2-copie-1-624x351.jpg 624w\" sizes=\"(max-width: 800px) 100vw, 800px\" \/><\/figure><\/li><li class=\"blocks-gallery-item\"><figure><img loading=\"lazy\" decoding=\"async\" width=\"800\" height=\"600\" src=\"http:\/\/commune-loffre.fr\/wp-content\/uploads\/2019\/12\/P1010001-copie.jpg\" alt=\"\" data-id=\"5229\" data-link=\"http:\/\/commune-loffre.fr\/?attachment_id=5229\" class=\"wp-image-5229\" srcset=\"http:\/\/commune-loffre.fr\/wp-content\/uploads\/2019\/12\/P1010001-copie.jpg 800w, http:\/\/commune-loffre.fr\/wp-content\/uploads\/2019\/12\/P1010001-copie-300x225.jpg 300w, http:\/\/commune-loffre.fr\/wp-content\/uploads\/2019\/12\/P1010001-copie-768x576.jpg 768w, http:\/\/commune-loffre.fr\/wp-content\/uploads\/2019\/12\/P1010001-copie-624x468.jpg 624w, http:\/\/commune-loffre.fr\/wp-content\/uploads\/2019\/12\/P1010001-copie-240x180.jpg 240w\" sizes=\"(max-width: 800px) 100vw, 800px\" \/><\/figure><\/li><li class=\"blocks-gallery-item\"><figure><img loading=\"lazy\" decoding=\"async\" width=\"450\" height=\"600\" src=\"http:\/\/commune-loffre.fr\/wp-content\/uploads\/2019\/12\/P1010003-copie.jpg\" alt=\"\" data-id=\"5230\" data-link=\"http:\/\/commune-loffre.fr\/?attachment_id=5230\" class=\"wp-image-5230\" srcset=\"http:\/\/commune-loffre.fr\/wp-content\/uploads\/2019\/12\/P1010003-copie.jpg 450w, http:\/\/commune-loffre.fr\/wp-content\/uploads\/2019\/12\/P1010003-copie-225x300.jpg 225w\" sizes=\"(max-width: 450px) 100vw, 450px\" \/><\/figure><\/li><\/ul>\n\n\n\n<p>Le samedi 7 d\u00e9cembre \u00e0 18 h 00 \u00e0\nla salle polyvalente, le public, venu nombreux, a pu d\u00e9couvrir gratuitement la\nchorale \u00ab&nbsp;Ch\u0153ur en Douaisis&nbsp;\u00bb sous la direction de son chef de ch\u0153ur\nMonsieur RODRIGUEZ et la chorale \u00ab&nbsp;La Tarentelle&nbsp;\u00bb de Bugnicourt avec\nson cheffe de ch\u0153ur Madame Nadine BIERNACZYCK. Le public a pu appr\u00e9cier les\ninterpr\u00e9tations de chaque ch\u0153ur pendant pr\u00e8s d\u2019une heure et trente minutes.<\/p>\n\n\n\n<ul class=\"wp-block-gallery columns-3 is-cropped wp-block-gallery-2 is-layout-flex wp-block-gallery-is-layout-flex\"><li class=\"blocks-gallery-item\"><figure><img loading=\"lazy\" decoding=\"async\" width=\"800\" height=\"600\" src=\"http:\/\/commune-loffre.fr\/wp-content\/uploads\/2019\/12\/P1010006-copie.jpg\" alt=\"\" data-id=\"5231\" data-link=\"http:\/\/commune-loffre.fr\/?attachment_id=5231\" class=\"wp-image-5231\" srcset=\"http:\/\/commune-loffre.fr\/wp-content\/uploads\/2019\/12\/P1010006-copie.jpg 800w, http:\/\/commune-loffre.fr\/wp-content\/uploads\/2019\/12\/P1010006-copie-300x225.jpg 300w, http:\/\/commune-loffre.fr\/wp-content\/uploads\/2019\/12\/P1010006-copie-768x576.jpg 768w, http:\/\/commune-loffre.fr\/wp-content\/uploads\/2019\/12\/P1010006-copie-624x468.jpg 624w, http:\/\/commune-loffre.fr\/wp-content\/uploads\/2019\/12\/P1010006-copie-240x180.jpg 240w\" sizes=\"(max-width: 800px) 100vw, 800px\" \/><\/figure><\/li><li class=\"blocks-gallery-item\"><figure><img loading=\"lazy\" decoding=\"async\" width=\"800\" height=\"600\" src=\"http:\/\/commune-loffre.fr\/wp-content\/uploads\/2019\/12\/P1010007-copie.jpg\" alt=\"\" data-id=\"5232\" data-link=\"http:\/\/commune-loffre.fr\/?attachment_id=5232\" class=\"wp-image-5232\" srcset=\"http:\/\/commune-loffre.fr\/wp-content\/uploads\/2019\/12\/P1010007-copie.jpg 800w, http:\/\/commune-loffre.fr\/wp-content\/uploads\/2019\/12\/P1010007-copie-300x225.jpg 300w, http:\/\/commune-loffre.fr\/wp-content\/uploads\/2019\/12\/P1010007-copie-768x576.jpg 768w, http:\/\/commune-loffre.fr\/wp-content\/uploads\/2019\/12\/P1010007-copie-624x468.jpg 624w, http:\/\/commune-loffre.fr\/wp-content\/uploads\/2019\/12\/P1010007-copie-240x180.jpg 240w\" sizes=\"(max-width: 800px) 100vw, 800px\" \/><\/figure><\/li><li class=\"blocks-gallery-item\"><figure><img loading=\"lazy\" decoding=\"async\" width=\"800\" height=\"600\" src=\"http:\/\/commune-loffre.fr\/wp-content\/uploads\/2019\/12\/P1010009-copie.jpg\" alt=\"\" data-id=\"5233\" data-link=\"http:\/\/commune-loffre.fr\/?attachment_id=5233\" class=\"wp-image-5233\" srcset=\"http:\/\/commune-loffre.fr\/wp-content\/uploads\/2019\/12\/P1010009-copie.jpg 800w, http:\/\/commune-loffre.fr\/wp-content\/uploads\/2019\/12\/P1010009-copie-300x225.jpg 300w, http:\/\/commune-loffre.fr\/wp-content\/uploads\/2019\/12\/P1010009-copie-768x576.jpg 768w, http:\/\/commune-loffre.fr\/wp-content\/uploads\/2019\/12\/P1010009-copie-624x468.jpg 624w, http:\/\/commune-loffre.fr\/wp-content\/uploads\/2019\/12\/P1010009-copie-240x180.jpg 240w\" sizes=\"(max-width: 800px) 100vw, 800px\" \/><\/figure><\/li><li class=\"blocks-gallery-item\"><figure><img loading=\"lazy\" decoding=\"async\" width=\"800\" height=\"600\" src=\"http:\/\/commune-loffre.fr\/wp-content\/uploads\/2019\/12\/P1010010-copie.jpg\" alt=\"\" data-id=\"5234\" data-link=\"http:\/\/commune-loffre.fr\/?attachment_id=5234\" class=\"wp-image-5234\" srcset=\"http:\/\/commune-loffre.fr\/wp-content\/uploads\/2019\/12\/P1010010-copie.jpg 800w, http:\/\/commune-loffre.fr\/wp-content\/uploads\/2019\/12\/P1010010-copie-300x225.jpg 300w, http:\/\/commune-loffre.fr\/wp-content\/uploads\/2019\/12\/P1010010-copie-768x576.jpg 768w, http:\/\/commune-loffre.fr\/wp-content\/uploads\/2019\/12\/P1010010-copie-624x468.jpg 624w, http:\/\/commune-loffre.fr\/wp-content\/uploads\/2019\/12\/P1010010-copie-240x180.jpg 240w\" sizes=\"(max-width: 800px) 100vw, 800px\" \/><\/figure><\/li><li class=\"blocks-gallery-item\"><figure><img loading=\"lazy\" decoding=\"async\" width=\"800\" height=\"600\" src=\"http:\/\/commune-loffre.fr\/wp-content\/uploads\/2019\/12\/P1010011-copie.jpg\" alt=\"\" data-id=\"5235\" data-link=\"http:\/\/commune-loffre.fr\/?attachment_id=5235\" class=\"wp-image-5235\" srcset=\"http:\/\/commune-loffre.fr\/wp-content\/uploads\/2019\/12\/P1010011-copie.jpg 800w, http:\/\/commune-loffre.fr\/wp-content\/uploads\/2019\/12\/P1010011-copie-300x225.jpg 300w, http:\/\/commune-loffre.fr\/wp-content\/uploads\/2019\/12\/P1010011-copie-768x576.jpg 768w, http:\/\/commune-loffre.fr\/wp-content\/uploads\/2019\/12\/P1010011-copie-624x468.jpg 624w, http:\/\/commune-loffre.fr\/wp-content\/uploads\/2019\/12\/P1010011-copie-240x180.jpg 240w\" sizes=\"(max-width: 800px) 100vw, 800px\" \/><\/figure><\/li><li class=\"blocks-gallery-item\"><figure><img loading=\"lazy\" decoding=\"async\" width=\"800\" height=\"600\" src=\"http:\/\/commune-loffre.fr\/wp-content\/uploads\/2019\/12\/P1010012-copie.jpg\" alt=\"\" data-id=\"5236\" data-link=\"http:\/\/commune-loffre.fr\/?attachment_id=5236\" class=\"wp-image-5236\" srcset=\"http:\/\/commune-loffre.fr\/wp-content\/uploads\/2019\/12\/P1010012-copie.jpg 800w, http:\/\/commune-loffre.fr\/wp-content\/uploads\/2019\/12\/P1010012-copie-300x225.jpg 300w, http:\/\/commune-loffre.fr\/wp-content\/uploads\/2019\/12\/P1010012-copie-768x576.jpg 768w, http:\/\/commune-loffre.fr\/wp-content\/uploads\/2019\/12\/P1010012-copie-624x468.jpg 624w, http:\/\/commune-loffre.fr\/wp-content\/uploads\/2019\/12\/P1010012-copie-240x180.jpg 240w\" sizes=\"(max-width: 800px) 100vw, 800px\" \/><\/figure><\/li><li class=\"blocks-gallery-item\"><figure><img loading=\"lazy\" decoding=\"async\" width=\"800\" height=\"600\" src=\"http:\/\/commune-loffre.fr\/wp-content\/uploads\/2019\/12\/P1010013-copie.jpg\" alt=\"\" data-id=\"5237\" data-link=\"http:\/\/commune-loffre.fr\/?attachment_id=5237\" class=\"wp-image-5237\" srcset=\"http:\/\/commune-loffre.fr\/wp-content\/uploads\/2019\/12\/P1010013-copie.jpg 800w, http:\/\/commune-loffre.fr\/wp-content\/uploads\/2019\/12\/P1010013-copie-300x225.jpg 300w, http:\/\/commune-loffre.fr\/wp-content\/uploads\/2019\/12\/P1010013-copie-768x576.jpg 768w, http:\/\/commune-loffre.fr\/wp-content\/uploads\/2019\/12\/P1010013-copie-624x468.jpg 624w, http:\/\/commune-loffre.fr\/wp-content\/uploads\/2019\/12\/P1010013-copie-240x180.jpg 240w\" sizes=\"(max-width: 800px) 100vw, 800px\" \/><\/figure><\/li><li class=\"blocks-gallery-item\"><figure><img loading=\"lazy\" decoding=\"async\" width=\"800\" height=\"600\" src=\"http:\/\/commune-loffre.fr\/wp-content\/uploads\/2019\/12\/P1010014-copie.jpg\" alt=\"\" data-id=\"5238\" data-link=\"http:\/\/commune-loffre.fr\/?attachment_id=5238\" class=\"wp-image-5238\" srcset=\"http:\/\/commune-loffre.fr\/wp-content\/uploads\/2019\/12\/P1010014-copie.jpg 800w, http:\/\/commune-loffre.fr\/wp-content\/uploads\/2019\/12\/P1010014-copie-300x225.jpg 300w, http:\/\/commune-loffre.fr\/wp-content\/uploads\/2019\/12\/P1010014-copie-768x576.jpg 768w, http:\/\/commune-loffre.fr\/wp-content\/uploads\/2019\/12\/P1010014-copie-624x468.jpg 624w, http:\/\/commune-loffre.fr\/wp-content\/uploads\/2019\/12\/P1010014-copie-240x180.jpg 240w\" sizes=\"(max-width: 800px) 100vw, 800px\" \/><\/figure><\/li><li class=\"blocks-gallery-item\"><figure><img loading=\"lazy\" decoding=\"async\" width=\"800\" height=\"600\" src=\"http:\/\/commune-loffre.fr\/wp-content\/uploads\/2019\/12\/P1010016-copie.jpg\" alt=\"\" data-id=\"5239\" data-link=\"http:\/\/commune-loffre.fr\/?attachment_id=5239\" class=\"wp-image-5239\" srcset=\"http:\/\/commune-loffre.fr\/wp-content\/uploads\/2019\/12\/P1010016-copie.jpg 800w, http:\/\/commune-loffre.fr\/wp-content\/uploads\/2019\/12\/P1010016-copie-300x225.jpg 300w, http:\/\/commune-loffre.fr\/wp-content\/uploads\/2019\/12\/P1010016-copie-768x576.jpg 768w, http:\/\/commune-loffre.fr\/wp-content\/uploads\/2019\/12\/P1010016-copie-624x468.jpg 624w, http:\/\/commune-loffre.fr\/wp-content\/uploads\/2019\/12\/P1010016-copie-240x180.jpg 240w\" sizes=\"(max-width: 800px) 100vw, 800px\" \/><\/figure><\/li><li class=\"blocks-gallery-item\"><figure><img loading=\"lazy\" decoding=\"async\" width=\"800\" height=\"600\" src=\"http:\/\/commune-loffre.fr\/wp-content\/uploads\/2019\/12\/P1010017-copie.jpg\" alt=\"\" data-id=\"5240\" data-link=\"http:\/\/commune-loffre.fr\/?attachment_id=5240\" class=\"wp-image-5240\" srcset=\"http:\/\/commune-loffre.fr\/wp-content\/uploads\/2019\/12\/P1010017-copie.jpg 800w, http:\/\/commune-loffre.fr\/wp-content\/uploads\/2019\/12\/P1010017-copie-300x225.jpg 300w, http:\/\/commune-loffre.fr\/wp-content\/uploads\/2019\/12\/P1010017-copie-768x576.jpg 768w, http:\/\/commune-loffre.fr\/wp-content\/uploads\/2019\/12\/P1010017-copie-624x468.jpg 624w, http:\/\/commune-loffre.fr\/wp-content\/uploads\/2019\/12\/P1010017-copie-240x180.jpg 240w\" sizes=\"(max-width: 800px) 100vw, 800px\" \/><\/figure><\/li><li class=\"blocks-gallery-item\"><figure><img loading=\"lazy\" decoding=\"async\" width=\"800\" height=\"600\" src=\"http:\/\/commune-loffre.fr\/wp-content\/uploads\/2019\/12\/P1010018-copie.jpg\" alt=\"\" data-id=\"5241\" data-link=\"http:\/\/commune-loffre.fr\/?attachment_id=5241\" class=\"wp-image-5241\" srcset=\"http:\/\/commune-loffre.fr\/wp-content\/uploads\/2019\/12\/P1010018-copie.jpg 800w, http:\/\/commune-loffre.fr\/wp-content\/uploads\/2019\/12\/P1010018-copie-300x225.jpg 300w, http:\/\/commune-loffre.fr\/wp-content\/uploads\/2019\/12\/P1010018-copie-768x576.jpg 768w, http:\/\/commune-loffre.fr\/wp-content\/uploads\/2019\/12\/P1010018-copie-624x468.jpg 624w, http:\/\/commune-loffre.fr\/wp-content\/uploads\/2019\/12\/P1010018-copie-240x180.jpg 240w\" sizes=\"(max-width: 800px) 100vw, 800px\" \/><\/figure><\/li><\/ul>\n\n\n\n<p>Pr\u00e9alablement au concert une\nvente de confitures, tartes sal\u00e9es et sucr\u00e9es, confectionn\u00e9es par les\nparticuliers et les associations du village, avait \u00e9t\u00e9 propos\u00e9e au public et\nhabitants de la commune. L\u2019entracte a \u00e9galement permis la vente de boissons,\nmises \u00e0 disposition par la commune. <\/p>\n\n\n\n<ul class=\"wp-block-gallery columns-3 is-cropped wp-block-gallery-3 is-layout-flex wp-block-gallery-is-layout-flex\"><li class=\"blocks-gallery-item\"><figure><img loading=\"lazy\" decoding=\"async\" width=\"800\" height=\"600\" src=\"http:\/\/commune-loffre.fr\/wp-content\/uploads\/2019\/12\/P1010004-copie.jpg\" alt=\"\" data-id=\"5242\" data-link=\"http:\/\/commune-loffre.fr\/?attachment_id=5242\" class=\"wp-image-5242\" srcset=\"http:\/\/commune-loffre.fr\/wp-content\/uploads\/2019\/12\/P1010004-copie.jpg 800w, http:\/\/commune-loffre.fr\/wp-content\/uploads\/2019\/12\/P1010004-copie-300x225.jpg 300w, http:\/\/commune-loffre.fr\/wp-content\/uploads\/2019\/12\/P1010004-copie-768x576.jpg 768w, http:\/\/commune-loffre.fr\/wp-content\/uploads\/2019\/12\/P1010004-copie-624x468.jpg 624w, http:\/\/commune-loffre.fr\/wp-content\/uploads\/2019\/12\/P1010004-copie-240x180.jpg 240w\" sizes=\"(max-width: 800px) 100vw, 800px\" \/><\/figure><\/li><li class=\"blocks-gallery-item\"><figure><img loading=\"lazy\" decoding=\"async\" width=\"800\" height=\"600\" src=\"http:\/\/commune-loffre.fr\/wp-content\/uploads\/2019\/12\/P1010005-copie.jpg\" alt=\"\" data-id=\"5243\" data-link=\"http:\/\/commune-loffre.fr\/?attachment_id=5243\" class=\"wp-image-5243\" srcset=\"http:\/\/commune-loffre.fr\/wp-content\/uploads\/2019\/12\/P1010005-copie.jpg 800w, http:\/\/commune-loffre.fr\/wp-content\/uploads\/2019\/12\/P1010005-copie-300x225.jpg 300w, http:\/\/commune-loffre.fr\/wp-content\/uploads\/2019\/12\/P1010005-copie-768x576.jpg 768w, http:\/\/commune-loffre.fr\/wp-content\/uploads\/2019\/12\/P1010005-copie-624x468.jpg 624w, http:\/\/commune-loffre.fr\/wp-content\/uploads\/2019\/12\/P1010005-copie-240x180.jpg 240w\" sizes=\"(max-width: 800px) 100vw, 800px\" \/><\/figure><\/li><li class=\"blocks-gallery-item\"><figure><img loading=\"lazy\" decoding=\"async\" width=\"800\" height=\"600\" src=\"http:\/\/commune-loffre.fr\/wp-content\/uploads\/2019\/12\/P1010008-copie.jpg\" alt=\"\" data-id=\"5244\" data-link=\"http:\/\/commune-loffre.fr\/?attachment_id=5244\" class=\"wp-image-5244\" srcset=\"http:\/\/commune-loffre.fr\/wp-content\/uploads\/2019\/12\/P1010008-copie.jpg 800w, http:\/\/commune-loffre.fr\/wp-content\/uploads\/2019\/12\/P1010008-copie-300x225.jpg 300w, http:\/\/commune-loffre.fr\/wp-content\/uploads\/2019\/12\/P1010008-copie-768x576.jpg 768w, http:\/\/commune-loffre.fr\/wp-content\/uploads\/2019\/12\/P1010008-copie-624x468.jpg 624w, http:\/\/commune-loffre.fr\/wp-content\/uploads\/2019\/12\/P1010008-copie-240x180.jpg 240w\" sizes=\"(max-width: 800px) 100vw, 800px\" \/><\/figure><\/li><\/ul>\n\n\n\n<p>Cette ann\u00e9e, la mobilisation des\nb\u00e9n\u00e9voles, des habitants de la commune, des associations et de la municipalit\u00e9\na permis de recueillir la somme de 1 164,00 \u20ac au profit de l\u2019AFM-TELETHON. Le\nch\u00e8que a \u00e9t\u00e9 remis \u00e0 Madame la repr\u00e9sentante de l\u2019AFM-TELETHON, le samedi 14\nD\u00e9cembre en mairie de Loffre.<\/p>\n\n\n\n<p>La commune remercie l\u2019ensemble\ndes associations, b\u00e9n\u00e9voles, habitants pour leur participation et les chorales\nCh\u0153ur en Douaisis et La Tarentelle pour leur prestation de qualit\u00e9.<\/p>\n","protected":false},"excerpt":{"rendered":"<p>Depuis 2015 la commune de Loffre et ses associations se mobilisent en faveur de cette grande cause nationale qu\u2019est le combat contre les maladies g\u00e9n\u00e9tiques, rares et lourdement invalidantes. Faire&#8230; <a href=\"http:\/\/commune-loffre.fr\/index.php\/2019\/12\/20\/notre-commune-et-ses-associations-mobilisees-pour-le-telethon-2019\/\">Read more &raquo;<\/a><\/p>\n","protected":false},"author":1,"featured_media":5228,"comment_status":"closed","ping_status":"closed","sticky":false,"template":"","format":"standard","meta":{"footnotes":""},"categories":[3,19],"tags":[],"_links":{"self":[{"href":"http:\/\/commune-loffre.fr\/index.php\/wp-json\/wp\/v2\/posts\/5227"}],"collection":[{"href":"http:\/\/commune-loffre.fr\/index.php\/wp-json\/wp\/v2\/posts"}],"about":[{"href":"http:\/\/commune-loffre.fr\/index.php\/wp-json\/wp\/v2\/types\/post"}],"author":[{"embeddable":true,"href":"http:\/\/commune-loffre.fr\/index.php\/wp-json\/wp\/v2\/users\/1"}],"replies":[{"embeddable":true,"href":"http:\/\/commune-loffre.fr\/index.php\/wp-json\/wp\/v2\/comments?post=5227"}],"version-history":[{"count":1,"href":"http:\/\/commune-loffre.fr\/index.php\/wp-json\/wp\/v2\/posts\/5227\/revisions"}],"predecessor-version":[{"id":5245,"href":"http:\/\/commune-loffre.fr\/index.php\/wp-json\/wp\/v2\/posts\/5227\/revisions\/5245"}],"wp:featuredmedia":[{"embeddable":true,"href":"http:\/\/commune-loffre.fr\/index.php\/wp-json\/wp\/v2\/media\/5228"}],"wp:attachment":[{"href":"http:\/\/commune-loffre.fr\/index.php\/wp-json\/wp\/v2\/media?parent=5227"}],"wp:term":[{"taxonomy":"category","embeddable":true,"href":"http:\/\/commune-loffre.fr\/index.php\/wp-json\/wp\/v2\/categories?post=5227"},{"taxonomy":"post_tag","embeddable":true,"href":"http:\/\/commune-loffre.fr\/index.php\/wp-json\/wp\/v2\/tags?post=5227"}],"curies":[{"name":"wp","href":"https:\/\/api.w.org\/{rel}","templated":true}]}}