{"id":5220,"date":"2019-12-20T18:57:16","date_gmt":"2019-12-20T17:57:16","guid":{"rendered":"http:\/\/commune-loffre.fr\/?p=5220"},"modified":"2019-12-20T18:57:36","modified_gmt":"2019-12-20T17:57:36","slug":"un-arbre-fruitier-plante-pour-une-naissance-a-linitiative-de-lassociation-la-brigade-verte-de-loffre-soutenue-par-la-commune-et-la-ccco","status":"publish","type":"post","link":"http:\/\/commune-loffre.fr\/index.php\/2019\/12\/20\/un-arbre-fruitier-plante-pour-une-naissance-a-linitiative-de-lassociation-la-brigade-verte-de-loffre-soutenue-par-la-commune-et-la-ccco\/","title":{"rendered":"Un arbre fruitier plant\u00e9 pour une naissance \u00e0 l&rsquo;initiative de l&rsquo;association \u00ab LA BRIGADE VERTE DE LOFFRE \u00bb soutenue par la commune et la CCCO"},"content":{"rendered":"\n<p>\nLe samedi 14 d\u00e9cembre, il y avait du monde rue de Lewarde pour \naccompagner les plantations d\u2019arbres offerts par la CCCO dans le cadre \nde son op\u00e9ration \u00ab&nbsp;plantons le d\u00e9cor&nbsp;\u00bb. En effet la commune de LOFFRE \nmarque toutes les naissances de ses concitoyens par la plantation d\u2019un \narbre fruitier et l\u2019initiative revient \u00e0 l\u2019Association La Brigade Verte \nde LOFFRE. Pour l\u2019occasion 5 arbres fruitiers pour les 5 enfants n\u00e9s \ndans la commune en 2018 ont \u00e9t\u00e9 plant\u00e9s&nbsp;: poiriers, cerisiers, pommiers,\n pruniers \u2026 &nbsp;Et deux autres pour honorer Monsieur FACQUES et Monsieur \nHUDRY qui ont fait preuve de nombreuses ann\u00e9es d\u2019engagement dans la vie \ncommunale.\n\n<\/p>\n\n\n\n<ul class=\"wp-block-gallery columns-5 is-cropped wp-block-gallery-1 is-layout-flex wp-block-gallery-is-layout-flex\"><li class=\"blocks-gallery-item\"><figure><img loading=\"lazy\" decoding=\"async\" width=\"338\" height=\"600\" src=\"http:\/\/commune-loffre.fr\/wp-content\/uploads\/2019\/12\/20191214_150919-2-copie.jpg\" alt=\"\" data-id=\"5221\" data-link=\"http:\/\/commune-loffre.fr\/?attachment_id=5221\" class=\"wp-image-5221\" srcset=\"http:\/\/commune-loffre.fr\/wp-content\/uploads\/2019\/12\/20191214_150919-2-copie.jpg 338w, http:\/\/commune-loffre.fr\/wp-content\/uploads\/2019\/12\/20191214_150919-2-copie-169x300.jpg 169w\" sizes=\"(max-width: 338px) 100vw, 338px\" \/><\/figure><\/li><li class=\"blocks-gallery-item\"><figure><img loading=\"lazy\" decoding=\"async\" width=\"338\" height=\"600\" src=\"http:\/\/commune-loffre.fr\/wp-content\/uploads\/2019\/12\/20191214_151613-2-copie.jpg\" alt=\"\" data-id=\"5222\" data-link=\"http:\/\/commune-loffre.fr\/?attachment_id=5222\" class=\"wp-image-5222\" srcset=\"http:\/\/commune-loffre.fr\/wp-content\/uploads\/2019\/12\/20191214_151613-2-copie.jpg 338w, http:\/\/commune-loffre.fr\/wp-content\/uploads\/2019\/12\/20191214_151613-2-copie-169x300.jpg 169w\" sizes=\"(max-width: 338px) 100vw, 338px\" \/><\/figure><\/li><li class=\"blocks-gallery-item\"><figure><img loading=\"lazy\" decoding=\"async\" width=\"338\" height=\"600\" src=\"http:\/\/commune-loffre.fr\/wp-content\/uploads\/2019\/12\/20191214_151630-copie.jpg\" alt=\"\" data-id=\"5223\" data-link=\"http:\/\/commune-loffre.fr\/?attachment_id=5223\" class=\"wp-image-5223\" srcset=\"http:\/\/commune-loffre.fr\/wp-content\/uploads\/2019\/12\/20191214_151630-copie.jpg 338w, http:\/\/commune-loffre.fr\/wp-content\/uploads\/2019\/12\/20191214_151630-copie-169x300.jpg 169w\" sizes=\"(max-width: 338px) 100vw, 338px\" \/><\/figure><\/li><li class=\"blocks-gallery-item\"><figure><img loading=\"lazy\" decoding=\"async\" width=\"338\" height=\"600\" src=\"http:\/\/commune-loffre.fr\/wp-content\/uploads\/2019\/12\/20191214_153050-2-copie.jpg\" alt=\"\" data-id=\"5224\" data-link=\"http:\/\/commune-loffre.fr\/?attachment_id=5224\" class=\"wp-image-5224\" srcset=\"http:\/\/commune-loffre.fr\/wp-content\/uploads\/2019\/12\/20191214_153050-2-copie.jpg 338w, http:\/\/commune-loffre.fr\/wp-content\/uploads\/2019\/12\/20191214_153050-2-copie-169x300.jpg 169w\" sizes=\"(max-width: 338px) 100vw, 338px\" \/><\/figure><\/li><li class=\"blocks-gallery-item\"><figure><img loading=\"lazy\" decoding=\"async\" width=\"338\" height=\"600\" src=\"http:\/\/commune-loffre.fr\/wp-content\/uploads\/2019\/12\/20191214_153223-2-copie.jpg\" alt=\"\" data-id=\"5225\" data-link=\"http:\/\/commune-loffre.fr\/?attachment_id=5225\" class=\"wp-image-5225\" srcset=\"http:\/\/commune-loffre.fr\/wp-content\/uploads\/2019\/12\/20191214_153223-2-copie.jpg 338w, http:\/\/commune-loffre.fr\/wp-content\/uploads\/2019\/12\/20191214_153223-2-copie-169x300.jpg 169w\" sizes=\"(max-width: 338px) 100vw, 338px\" \/><\/figure><\/li><\/ul>\n\n\n\n<p> La plantation de l\u2019arbre fruitier est l\u2019occasion de transf\u00e9rer une petite part de responsabilit\u00e9 \u00e0 l\u2019enfant et sa famille pour le bien-\u00eatre de ce nouvel arbre. Au-del\u00e0 de l\u2019aspect symbolique, c\u2019est l\u2019occasion pour les enfants de visualiser d\u2019o\u00f9 vient une partie de notre alimentation. Ann\u00e9e apr\u00e8s ann\u00e9e, c\u2019est un petit verger qui se constitue avec la possibilit\u00e9 pour tous les loffriens de se servir gratuitement et sainement de fruits de saison. C\u2019est aussi une d\u00e9marche en faveur de la biodiversit\u00e9 et de la cr\u00e9ation d\u2019un espace collectif entretenu par le service technique de la commune et les b\u00e9n\u00e9voles de l\u2019Association \u00ab\u00a0La Brigade Verte de LOFFRE\u00a0\u00bb. <\/p>\n","protected":false},"excerpt":{"rendered":"<p>Le samedi 14 d\u00e9cembre, il y avait du monde rue de Lewarde pour accompagner les plantations d\u2019arbres offerts par la CCCO dans le cadre de son op\u00e9ration \u00ab&nbsp;plantons le d\u00e9cor&nbsp;\u00bb&#8230;. <a href=\"http:\/\/commune-loffre.fr\/index.php\/2019\/12\/20\/un-arbre-fruitier-plante-pour-une-naissance-a-linitiative-de-lassociation-la-brigade-verte-de-loffre-soutenue-par-la-commune-et-la-ccco\/\">Read more &raquo;<\/a><\/p>\n","protected":false},"author":1,"featured_media":5224,"comment_status":"closed","ping_status":"closed","sticky":false,"template":"","format":"standard","meta":{"footnotes":""},"categories":[3,9],"tags":[],"_links":{"self":[{"href":"http:\/\/commune-loffre.fr\/index.php\/wp-json\/wp\/v2\/posts\/5220"}],"collection":[{"href":"http:\/\/commune-loffre.fr\/index.php\/wp-json\/wp\/v2\/posts"}],"about":[{"href":"http:\/\/commune-loffre.fr\/index.php\/wp-json\/wp\/v2\/types\/post"}],"author":[{"embeddable":true,"href":"http:\/\/commune-loffre.fr\/index.php\/wp-json\/wp\/v2\/users\/1"}],"replies":[{"embeddable":true,"href":"http:\/\/commune-loffre.fr\/index.php\/wp-json\/wp\/v2\/comments?post=5220"}],"version-history":[{"count":1,"href":"http:\/\/commune-loffre.fr\/index.php\/wp-json\/wp\/v2\/posts\/5220\/revisions"}],"predecessor-version":[{"id":5226,"href":"http:\/\/commune-loffre.fr\/index.php\/wp-json\/wp\/v2\/posts\/5220\/revisions\/5226"}],"wp:featuredmedia":[{"embeddable":true,"href":"http:\/\/commune-loffre.fr\/index.php\/wp-json\/wp\/v2\/media\/5224"}],"wp:attachment":[{"href":"http:\/\/commune-loffre.fr\/index.php\/wp-json\/wp\/v2\/media?parent=5220"}],"wp:term":[{"taxonomy":"category","embeddable":true,"href":"http:\/\/commune-loffre.fr\/index.php\/wp-json\/wp\/v2\/categories?post=5220"},{"taxonomy":"post_tag","embeddable":true,"href":"http:\/\/commune-loffre.fr\/index.php\/wp-json\/wp\/v2\/tags?post=5220"}],"curies":[{"name":"wp","href":"https:\/\/api.w.org\/{rel}","templated":true}]}}