{"id":5126,"date":"2019-12-06T20:28:36","date_gmt":"2019-12-06T19:28:36","guid":{"rendered":"http:\/\/commune-loffre.fr\/?p=5126"},"modified":"2019-12-06T20:31:26","modified_gmt":"2019-12-06T19:31:26","slug":"repas-des-aines-3","status":"publish","type":"post","link":"http:\/\/commune-loffre.fr\/index.php\/2019\/12\/06\/repas-des-aines-3\/","title":{"rendered":"Repas des Ain\u00e9s"},"content":{"rendered":"\n<p>Comme chaque ann\u00e9e, la municipalit\u00e9 a convi\u00e9 les a\u00een\u00e9s de la commune \u00e0 un repas en leur honneur le Dimanche 1er D\u00e9cembre \u00e0 12 h 30 \u00e0 la salle polyvalente. Soixante-treize a\u00een\u00e9s ont accept\u00e9 l\u2019invitation et partag\u00e9 avec l\u2019\u00e9quipe municipale un moment de convivialit\u00e9.<\/p>\n\n\n\n<ul class=\"wp-block-gallery columns-4 is-cropped wp-block-gallery-1 is-layout-flex wp-block-gallery-is-layout-flex\"><li class=\"blocks-gallery-item\"><figure><img loading=\"lazy\" decoding=\"async\" width=\"450\" height=\"600\" src=\"http:\/\/commune-loffre.fr\/wp-content\/uploads\/2019\/12\/Repas-Ain\u00e9s-2019-2.jpg\" alt=\"\" data-id=\"5157\" data-link=\"http:\/\/commune-loffre.fr\/?attachment_id=5157\" class=\"wp-image-5157\" srcset=\"http:\/\/commune-loffre.fr\/wp-content\/uploads\/2019\/12\/Repas-Ain\u00e9s-2019-2.jpg 450w, http:\/\/commune-loffre.fr\/wp-content\/uploads\/2019\/12\/Repas-Ain\u00e9s-2019-2-225x300.jpg 225w\" sizes=\"(max-width: 450px) 100vw, 450px\" \/><\/figure><\/li><li class=\"blocks-gallery-item\"><figure><img loading=\"lazy\" decoding=\"async\" width=\"800\" height=\"600\" src=\"http:\/\/commune-loffre.fr\/wp-content\/uploads\/2019\/12\/Repas-Ain\u00e9s-2019-6.jpg\" alt=\"\" data-id=\"5158\" data-link=\"http:\/\/commune-loffre.fr\/?attachment_id=5158\" class=\"wp-image-5158\" srcset=\"http:\/\/commune-loffre.fr\/wp-content\/uploads\/2019\/12\/Repas-Ain\u00e9s-2019-6.jpg 800w, http:\/\/commune-loffre.fr\/wp-content\/uploads\/2019\/12\/Repas-Ain\u00e9s-2019-6-300x225.jpg 300w, http:\/\/commune-loffre.fr\/wp-content\/uploads\/2019\/12\/Repas-Ain\u00e9s-2019-6-768x576.jpg 768w, http:\/\/commune-loffre.fr\/wp-content\/uploads\/2019\/12\/Repas-Ain\u00e9s-2019-6-624x468.jpg 624w, http:\/\/commune-loffre.fr\/wp-content\/uploads\/2019\/12\/Repas-Ain\u00e9s-2019-6-240x180.jpg 240w\" sizes=\"(max-width: 800px) 100vw, 800px\" \/><\/figure><\/li><li class=\"blocks-gallery-item\"><figure><img loading=\"lazy\" decoding=\"async\" width=\"800\" height=\"600\" src=\"http:\/\/commune-loffre.fr\/wp-content\/uploads\/2019\/12\/Repas-Ain\u00e9s-2019-41.jpg\" alt=\"\" data-id=\"5159\" data-link=\"http:\/\/commune-loffre.fr\/?attachment_id=5159\" class=\"wp-image-5159\" srcset=\"http:\/\/commune-loffre.fr\/wp-content\/uploads\/2019\/12\/Repas-Ain\u00e9s-2019-41.jpg 800w, http:\/\/commune-loffre.fr\/wp-content\/uploads\/2019\/12\/Repas-Ain\u00e9s-2019-41-300x225.jpg 300w, http:\/\/commune-loffre.fr\/wp-content\/uploads\/2019\/12\/Repas-Ain\u00e9s-2019-41-768x576.jpg 768w, http:\/\/commune-loffre.fr\/wp-content\/uploads\/2019\/12\/Repas-Ain\u00e9s-2019-41-624x468.jpg 624w, http:\/\/commune-loffre.fr\/wp-content\/uploads\/2019\/12\/Repas-Ain\u00e9s-2019-41-240x180.jpg 240w\" sizes=\"(max-width: 800px) 100vw, 800px\" \/><\/figure><\/li><li class=\"blocks-gallery-item\"><figure><img loading=\"lazy\" decoding=\"async\" width=\"450\" height=\"600\" src=\"http:\/\/commune-loffre.fr\/wp-content\/uploads\/2019\/12\/Repas-Ain\u00e9s-2019-42.jpg\" alt=\"\" data-id=\"5160\" data-link=\"http:\/\/commune-loffre.fr\/?attachment_id=5160\" class=\"wp-image-5160\" srcset=\"http:\/\/commune-loffre.fr\/wp-content\/uploads\/2019\/12\/Repas-Ain\u00e9s-2019-42.jpg 450w, http:\/\/commune-loffre.fr\/wp-content\/uploads\/2019\/12\/Repas-Ain\u00e9s-2019-42-225x300.jpg 225w\" sizes=\"(max-width: 450px) 100vw, 450px\" \/><\/figure><\/li><\/ul>\n\n\n\n<p>  La salle avait \u00e9t\u00e9 pr\u00e9par\u00e9e par les agents techniques municipaux, des  membres du conseil municipal et la d\u00e9coration des tables assur\u00e9e par  Madame Ch\u0153ur.<\/p>\n\n\n\n<ul class=\"wp-block-gallery columns-6 is-cropped wp-block-gallery-2 is-layout-flex wp-block-gallery-is-layout-flex\"><li class=\"blocks-gallery-item\"><figure><img loading=\"lazy\" decoding=\"async\" width=\"450\" height=\"600\" src=\"http:\/\/commune-loffre.fr\/wp-content\/uploads\/2019\/12\/Repas-Ain\u00e9s-2019-1-1.jpg\" alt=\"\" data-id=\"5192\" data-link=\"http:\/\/commune-loffre.fr\/?attachment_id=5192\" class=\"wp-image-5192\" srcset=\"http:\/\/commune-loffre.fr\/wp-content\/uploads\/2019\/12\/Repas-Ain\u00e9s-2019-1-1.jpg 450w, http:\/\/commune-loffre.fr\/wp-content\/uploads\/2019\/12\/Repas-Ain\u00e9s-2019-1-1-225x300.jpg 225w\" sizes=\"(max-width: 450px) 100vw, 450px\" \/><\/figure><\/li><li class=\"blocks-gallery-item\"><figure><img loading=\"lazy\" decoding=\"async\" width=\"450\" height=\"600\" src=\"http:\/\/commune-loffre.fr\/wp-content\/uploads\/2019\/12\/Repas-Ain\u00e9s-2019-3-1.jpg\" alt=\"\" data-id=\"5193\" data-link=\"http:\/\/commune-loffre.fr\/?attachment_id=5193\" class=\"wp-image-5193\" srcset=\"http:\/\/commune-loffre.fr\/wp-content\/uploads\/2019\/12\/Repas-Ain\u00e9s-2019-3-1.jpg 450w, http:\/\/commune-loffre.fr\/wp-content\/uploads\/2019\/12\/Repas-Ain\u00e9s-2019-3-1-225x300.jpg 225w\" sizes=\"(max-width: 450px) 100vw, 450px\" \/><\/figure><\/li><li class=\"blocks-gallery-item\"><figure><img loading=\"lazy\" decoding=\"async\" width=\"800\" height=\"600\" src=\"http:\/\/commune-loffre.fr\/wp-content\/uploads\/2019\/12\/Repas-Ain\u00e9s-2019-9-1.jpg\" alt=\"\" data-id=\"5194\" data-link=\"http:\/\/commune-loffre.fr\/?attachment_id=5194\" class=\"wp-image-5194\" srcset=\"http:\/\/commune-loffre.fr\/wp-content\/uploads\/2019\/12\/Repas-Ain\u00e9s-2019-9-1.jpg 800w, http:\/\/commune-loffre.fr\/wp-content\/uploads\/2019\/12\/Repas-Ain\u00e9s-2019-9-1-300x225.jpg 300w, http:\/\/commune-loffre.fr\/wp-content\/uploads\/2019\/12\/Repas-Ain\u00e9s-2019-9-1-768x576.jpg 768w, http:\/\/commune-loffre.fr\/wp-content\/uploads\/2019\/12\/Repas-Ain\u00e9s-2019-9-1-624x468.jpg 624w, http:\/\/commune-loffre.fr\/wp-content\/uploads\/2019\/12\/Repas-Ain\u00e9s-2019-9-1-240x180.jpg 240w\" sizes=\"(max-width: 800px) 100vw, 800px\" \/><\/figure><\/li><li class=\"blocks-gallery-item\"><figure><img loading=\"lazy\" decoding=\"async\" width=\"450\" height=\"600\" src=\"http:\/\/commune-loffre.fr\/wp-content\/uploads\/2019\/12\/Repas-Ain\u00e9s-2019-10-1.jpg\" alt=\"\" data-id=\"5195\" data-link=\"http:\/\/commune-loffre.fr\/?attachment_id=5195\" class=\"wp-image-5195\" srcset=\"http:\/\/commune-loffre.fr\/wp-content\/uploads\/2019\/12\/Repas-Ain\u00e9s-2019-10-1.jpg 450w, http:\/\/commune-loffre.fr\/wp-content\/uploads\/2019\/12\/Repas-Ain\u00e9s-2019-10-1-225x300.jpg 225w\" sizes=\"(max-width: 450px) 100vw, 450px\" \/><\/figure><\/li><li class=\"blocks-gallery-item\"><figure><img loading=\"lazy\" decoding=\"async\" width=\"800\" height=\"600\" src=\"http:\/\/commune-loffre.fr\/wp-content\/uploads\/2019\/12\/Repas-Ain\u00e9s-2019-11-1.jpg\" alt=\"\" data-id=\"5196\" data-link=\"http:\/\/commune-loffre.fr\/?attachment_id=5196\" class=\"wp-image-5196\" srcset=\"http:\/\/commune-loffre.fr\/wp-content\/uploads\/2019\/12\/Repas-Ain\u00e9s-2019-11-1.jpg 800w, http:\/\/commune-loffre.fr\/wp-content\/uploads\/2019\/12\/Repas-Ain\u00e9s-2019-11-1-300x225.jpg 300w, http:\/\/commune-loffre.fr\/wp-content\/uploads\/2019\/12\/Repas-Ain\u00e9s-2019-11-1-768x576.jpg 768w, http:\/\/commune-loffre.fr\/wp-content\/uploads\/2019\/12\/Repas-Ain\u00e9s-2019-11-1-624x468.jpg 624w, http:\/\/commune-loffre.fr\/wp-content\/uploads\/2019\/12\/Repas-Ain\u00e9s-2019-11-1-240x180.jpg 240w\" sizes=\"(max-width: 800px) 100vw, 800px\" \/><\/figure><\/li><li class=\"blocks-gallery-item\"><figure><img loading=\"lazy\" decoding=\"async\" width=\"800\" height=\"600\" src=\"http:\/\/commune-loffre.fr\/wp-content\/uploads\/2019\/12\/Repas-Ain\u00e9s-2019-12-1.jpg\" alt=\"\" data-id=\"5197\" data-link=\"http:\/\/commune-loffre.fr\/?attachment_id=5197\" class=\"wp-image-5197\" srcset=\"http:\/\/commune-loffre.fr\/wp-content\/uploads\/2019\/12\/Repas-Ain\u00e9s-2019-12-1.jpg 800w, http:\/\/commune-loffre.fr\/wp-content\/uploads\/2019\/12\/Repas-Ain\u00e9s-2019-12-1-300x225.jpg 300w, http:\/\/commune-loffre.fr\/wp-content\/uploads\/2019\/12\/Repas-Ain\u00e9s-2019-12-1-768x576.jpg 768w, http:\/\/commune-loffre.fr\/wp-content\/uploads\/2019\/12\/Repas-Ain\u00e9s-2019-12-1-624x468.jpg 624w, http:\/\/commune-loffre.fr\/wp-content\/uploads\/2019\/12\/Repas-Ain\u00e9s-2019-12-1-240x180.jpg 240w\" sizes=\"(max-width: 800px) 100vw, 800px\" \/><\/figure><\/li><li class=\"blocks-gallery-item\"><figure><img loading=\"lazy\" decoding=\"async\" width=\"800\" height=\"600\" src=\"http:\/\/commune-loffre.fr\/wp-content\/uploads\/2019\/12\/Repas-Ain\u00e9s-2019-13-1.jpg\" alt=\"\" data-id=\"5198\" data-link=\"http:\/\/commune-loffre.fr\/?attachment_id=5198\" class=\"wp-image-5198\" srcset=\"http:\/\/commune-loffre.fr\/wp-content\/uploads\/2019\/12\/Repas-Ain\u00e9s-2019-13-1.jpg 800w, http:\/\/commune-loffre.fr\/wp-content\/uploads\/2019\/12\/Repas-Ain\u00e9s-2019-13-1-300x225.jpg 300w, http:\/\/commune-loffre.fr\/wp-content\/uploads\/2019\/12\/Repas-Ain\u00e9s-2019-13-1-768x576.jpg 768w, http:\/\/commune-loffre.fr\/wp-content\/uploads\/2019\/12\/Repas-Ain\u00e9s-2019-13-1-624x468.jpg 624w, http:\/\/commune-loffre.fr\/wp-content\/uploads\/2019\/12\/Repas-Ain\u00e9s-2019-13-1-240x180.jpg 240w\" sizes=\"(max-width: 800px) 100vw, 800px\" \/><\/figure><\/li><li class=\"blocks-gallery-item\"><figure><img loading=\"lazy\" decoding=\"async\" width=\"800\" height=\"600\" src=\"http:\/\/commune-loffre.fr\/wp-content\/uploads\/2019\/12\/Repas-Ain\u00e9s-2019-14-1.jpg\" alt=\"\" data-id=\"5199\" data-link=\"http:\/\/commune-loffre.fr\/?attachment_id=5199\" class=\"wp-image-5199\" srcset=\"http:\/\/commune-loffre.fr\/wp-content\/uploads\/2019\/12\/Repas-Ain\u00e9s-2019-14-1.jpg 800w, http:\/\/commune-loffre.fr\/wp-content\/uploads\/2019\/12\/Repas-Ain\u00e9s-2019-14-1-300x225.jpg 300w, http:\/\/commune-loffre.fr\/wp-content\/uploads\/2019\/12\/Repas-Ain\u00e9s-2019-14-1-768x576.jpg 768w, http:\/\/commune-loffre.fr\/wp-content\/uploads\/2019\/12\/Repas-Ain\u00e9s-2019-14-1-624x468.jpg 624w, http:\/\/commune-loffre.fr\/wp-content\/uploads\/2019\/12\/Repas-Ain\u00e9s-2019-14-1-240x180.jpg 240w\" sizes=\"(max-width: 800px) 100vw, 800px\" \/><\/figure><\/li><li class=\"blocks-gallery-item\"><figure><img loading=\"lazy\" decoding=\"async\" width=\"800\" height=\"600\" src=\"http:\/\/commune-loffre.fr\/wp-content\/uploads\/2019\/12\/Repas-Ain\u00e9s-2019-15-1.jpg\" alt=\"\" data-id=\"5200\" data-link=\"http:\/\/commune-loffre.fr\/?attachment_id=5200\" class=\"wp-image-5200\" srcset=\"http:\/\/commune-loffre.fr\/wp-content\/uploads\/2019\/12\/Repas-Ain\u00e9s-2019-15-1.jpg 800w, http:\/\/commune-loffre.fr\/wp-content\/uploads\/2019\/12\/Repas-Ain\u00e9s-2019-15-1-300x225.jpg 300w, http:\/\/commune-loffre.fr\/wp-content\/uploads\/2019\/12\/Repas-Ain\u00e9s-2019-15-1-768x576.jpg 768w, http:\/\/commune-loffre.fr\/wp-content\/uploads\/2019\/12\/Repas-Ain\u00e9s-2019-15-1-624x468.jpg 624w, http:\/\/commune-loffre.fr\/wp-content\/uploads\/2019\/12\/Repas-Ain\u00e9s-2019-15-1-240x180.jpg 240w\" sizes=\"(max-width: 800px) 100vw, 800px\" \/><\/figure><\/li><li class=\"blocks-gallery-item\"><figure><img loading=\"lazy\" decoding=\"async\" width=\"800\" height=\"600\" src=\"http:\/\/commune-loffre.fr\/wp-content\/uploads\/2019\/12\/Repas-Ain\u00e9s-2019-16-1.jpg\" alt=\"\" data-id=\"5201\" data-link=\"http:\/\/commune-loffre.fr\/?attachment_id=5201\" class=\"wp-image-5201\" srcset=\"http:\/\/commune-loffre.fr\/wp-content\/uploads\/2019\/12\/Repas-Ain\u00e9s-2019-16-1.jpg 800w, http:\/\/commune-loffre.fr\/wp-content\/uploads\/2019\/12\/Repas-Ain\u00e9s-2019-16-1-300x225.jpg 300w, http:\/\/commune-loffre.fr\/wp-content\/uploads\/2019\/12\/Repas-Ain\u00e9s-2019-16-1-768x576.jpg 768w, http:\/\/commune-loffre.fr\/wp-content\/uploads\/2019\/12\/Repas-Ain\u00e9s-2019-16-1-624x468.jpg 624w, http:\/\/commune-loffre.fr\/wp-content\/uploads\/2019\/12\/Repas-Ain\u00e9s-2019-16-1-240x180.jpg 240w\" sizes=\"(max-width: 800px) 100vw, 800px\" \/><\/figure><\/li><li class=\"blocks-gallery-item\"><figure><img loading=\"lazy\" decoding=\"async\" width=\"800\" height=\"600\" src=\"http:\/\/commune-loffre.fr\/wp-content\/uploads\/2019\/12\/Repas-Ain\u00e9s-2019-17-1.jpg\" alt=\"\" data-id=\"5202\" data-link=\"http:\/\/commune-loffre.fr\/?attachment_id=5202\" class=\"wp-image-5202\" srcset=\"http:\/\/commune-loffre.fr\/wp-content\/uploads\/2019\/12\/Repas-Ain\u00e9s-2019-17-1.jpg 800w, http:\/\/commune-loffre.fr\/wp-content\/uploads\/2019\/12\/Repas-Ain\u00e9s-2019-17-1-300x225.jpg 300w, http:\/\/commune-loffre.fr\/wp-content\/uploads\/2019\/12\/Repas-Ain\u00e9s-2019-17-1-768x576.jpg 768w, http:\/\/commune-loffre.fr\/wp-content\/uploads\/2019\/12\/Repas-Ain\u00e9s-2019-17-1-624x468.jpg 624w, http:\/\/commune-loffre.fr\/wp-content\/uploads\/2019\/12\/Repas-Ain\u00e9s-2019-17-1-240x180.jpg 240w\" sizes=\"(max-width: 800px) 100vw, 800px\" \/><\/figure><\/li><li class=\"blocks-gallery-item\"><figure><img loading=\"lazy\" decoding=\"async\" width=\"800\" height=\"600\" src=\"http:\/\/commune-loffre.fr\/wp-content\/uploads\/2019\/12\/Repas-Ain\u00e9s-2019-18-1.jpg\" alt=\"\" data-id=\"5203\" data-link=\"http:\/\/commune-loffre.fr\/?attachment_id=5203\" class=\"wp-image-5203\" srcset=\"http:\/\/commune-loffre.fr\/wp-content\/uploads\/2019\/12\/Repas-Ain\u00e9s-2019-18-1.jpg 800w, http:\/\/commune-loffre.fr\/wp-content\/uploads\/2019\/12\/Repas-Ain\u00e9s-2019-18-1-300x225.jpg 300w, http:\/\/commune-loffre.fr\/wp-content\/uploads\/2019\/12\/Repas-Ain\u00e9s-2019-18-1-768x576.jpg 768w, http:\/\/commune-loffre.fr\/wp-content\/uploads\/2019\/12\/Repas-Ain\u00e9s-2019-18-1-624x468.jpg 624w, http:\/\/commune-loffre.fr\/wp-content\/uploads\/2019\/12\/Repas-Ain\u00e9s-2019-18-1-240x180.jpg 240w\" sizes=\"(max-width: 800px) 100vw, 800px\" \/><\/figure><\/li><li class=\"blocks-gallery-item\"><figure><img loading=\"lazy\" decoding=\"async\" width=\"800\" height=\"600\" src=\"http:\/\/commune-loffre.fr\/wp-content\/uploads\/2019\/12\/Repas-Ain\u00e9s-2019-19-1.jpg\" alt=\"\" data-id=\"5204\" data-link=\"http:\/\/commune-loffre.fr\/?attachment_id=5204\" class=\"wp-image-5204\" srcset=\"http:\/\/commune-loffre.fr\/wp-content\/uploads\/2019\/12\/Repas-Ain\u00e9s-2019-19-1.jpg 800w, http:\/\/commune-loffre.fr\/wp-content\/uploads\/2019\/12\/Repas-Ain\u00e9s-2019-19-1-300x225.jpg 300w, http:\/\/commune-loffre.fr\/wp-content\/uploads\/2019\/12\/Repas-Ain\u00e9s-2019-19-1-768x576.jpg 768w, http:\/\/commune-loffre.fr\/wp-content\/uploads\/2019\/12\/Repas-Ain\u00e9s-2019-19-1-624x468.jpg 624w, http:\/\/commune-loffre.fr\/wp-content\/uploads\/2019\/12\/Repas-Ain\u00e9s-2019-19-1-240x180.jpg 240w\" sizes=\"(max-width: 800px) 100vw, 800px\" \/><\/figure><\/li><li class=\"blocks-gallery-item\"><figure><img loading=\"lazy\" decoding=\"async\" width=\"800\" height=\"600\" src=\"http:\/\/commune-loffre.fr\/wp-content\/uploads\/2019\/12\/Repas-Ain\u00e9s-2019-20-1.jpg\" alt=\"\" data-id=\"5205\" data-link=\"http:\/\/commune-loffre.fr\/?attachment_id=5205\" class=\"wp-image-5205\" srcset=\"http:\/\/commune-loffre.fr\/wp-content\/uploads\/2019\/12\/Repas-Ain\u00e9s-2019-20-1.jpg 800w, http:\/\/commune-loffre.fr\/wp-content\/uploads\/2019\/12\/Repas-Ain\u00e9s-2019-20-1-300x225.jpg 300w, http:\/\/commune-loffre.fr\/wp-content\/uploads\/2019\/12\/Repas-Ain\u00e9s-2019-20-1-768x576.jpg 768w, http:\/\/commune-loffre.fr\/wp-content\/uploads\/2019\/12\/Repas-Ain\u00e9s-2019-20-1-624x468.jpg 624w, http:\/\/commune-loffre.fr\/wp-content\/uploads\/2019\/12\/Repas-Ain\u00e9s-2019-20-1-240x180.jpg 240w\" sizes=\"(max-width: 800px) 100vw, 800px\" \/><\/figure><\/li><li class=\"blocks-gallery-item\"><figure><img loading=\"lazy\" decoding=\"async\" width=\"800\" height=\"600\" src=\"http:\/\/commune-loffre.fr\/wp-content\/uploads\/2019\/12\/Repas-Ain\u00e9s-2019-21-1.jpg\" alt=\"\" data-id=\"5206\" data-link=\"http:\/\/commune-loffre.fr\/?attachment_id=5206\" class=\"wp-image-5206\" srcset=\"http:\/\/commune-loffre.fr\/wp-content\/uploads\/2019\/12\/Repas-Ain\u00e9s-2019-21-1.jpg 800w, http:\/\/commune-loffre.fr\/wp-content\/uploads\/2019\/12\/Repas-Ain\u00e9s-2019-21-1-300x225.jpg 300w, http:\/\/commune-loffre.fr\/wp-content\/uploads\/2019\/12\/Repas-Ain\u00e9s-2019-21-1-768x576.jpg 768w, http:\/\/commune-loffre.fr\/wp-content\/uploads\/2019\/12\/Repas-Ain\u00e9s-2019-21-1-624x468.jpg 624w, http:\/\/commune-loffre.fr\/wp-content\/uploads\/2019\/12\/Repas-Ain\u00e9s-2019-21-1-240x180.jpg 240w\" sizes=\"(max-width: 800px) 100vw, 800px\" \/><\/figure><\/li><li class=\"blocks-gallery-item\"><figure><img loading=\"lazy\" decoding=\"async\" width=\"800\" height=\"600\" src=\"http:\/\/commune-loffre.fr\/wp-content\/uploads\/2019\/12\/Repas-Ain\u00e9s-2019-22-1.jpg\" alt=\"\" data-id=\"5207\" data-link=\"http:\/\/commune-loffre.fr\/?attachment_id=5207\" class=\"wp-image-5207\" srcset=\"http:\/\/commune-loffre.fr\/wp-content\/uploads\/2019\/12\/Repas-Ain\u00e9s-2019-22-1.jpg 800w, http:\/\/commune-loffre.fr\/wp-content\/uploads\/2019\/12\/Repas-Ain\u00e9s-2019-22-1-300x225.jpg 300w, http:\/\/commune-loffre.fr\/wp-content\/uploads\/2019\/12\/Repas-Ain\u00e9s-2019-22-1-768x576.jpg 768w, http:\/\/commune-loffre.fr\/wp-content\/uploads\/2019\/12\/Repas-Ain\u00e9s-2019-22-1-624x468.jpg 624w, http:\/\/commune-loffre.fr\/wp-content\/uploads\/2019\/12\/Repas-Ain\u00e9s-2019-22-1-240x180.jpg 240w\" sizes=\"(max-width: 800px) 100vw, 800px\" \/><\/figure><\/li><li class=\"blocks-gallery-item\"><figure><img loading=\"lazy\" decoding=\"async\" width=\"800\" height=\"600\" src=\"http:\/\/commune-loffre.fr\/wp-content\/uploads\/2019\/12\/Repas-Ain\u00e9s-2019-23-1.jpg\" alt=\"\" data-id=\"5208\" data-link=\"http:\/\/commune-loffre.fr\/?attachment_id=5208\" class=\"wp-image-5208\" srcset=\"http:\/\/commune-loffre.fr\/wp-content\/uploads\/2019\/12\/Repas-Ain\u00e9s-2019-23-1.jpg 800w, http:\/\/commune-loffre.fr\/wp-content\/uploads\/2019\/12\/Repas-Ain\u00e9s-2019-23-1-300x225.jpg 300w, http:\/\/commune-loffre.fr\/wp-content\/uploads\/2019\/12\/Repas-Ain\u00e9s-2019-23-1-768x576.jpg 768w, http:\/\/commune-loffre.fr\/wp-content\/uploads\/2019\/12\/Repas-Ain\u00e9s-2019-23-1-624x468.jpg 624w, http:\/\/commune-loffre.fr\/wp-content\/uploads\/2019\/12\/Repas-Ain\u00e9s-2019-23-1-240x180.jpg 240w\" sizes=\"(max-width: 800px) 100vw, 800px\" \/><\/figure><\/li><li class=\"blocks-gallery-item\"><figure><img loading=\"lazy\" decoding=\"async\" width=\"800\" height=\"600\" src=\"http:\/\/commune-loffre.fr\/wp-content\/uploads\/2019\/12\/Repas-Ain\u00e9s-2019-24-1.jpg\" alt=\"\" data-id=\"5209\" data-link=\"http:\/\/commune-loffre.fr\/?attachment_id=5209\" class=\"wp-image-5209\" srcset=\"http:\/\/commune-loffre.fr\/wp-content\/uploads\/2019\/12\/Repas-Ain\u00e9s-2019-24-1.jpg 800w, http:\/\/commune-loffre.fr\/wp-content\/uploads\/2019\/12\/Repas-Ain\u00e9s-2019-24-1-300x225.jpg 300w, http:\/\/commune-loffre.fr\/wp-content\/uploads\/2019\/12\/Repas-Ain\u00e9s-2019-24-1-768x576.jpg 768w, http:\/\/commune-loffre.fr\/wp-content\/uploads\/2019\/12\/Repas-Ain\u00e9s-2019-24-1-624x468.jpg 624w, http:\/\/commune-loffre.fr\/wp-content\/uploads\/2019\/12\/Repas-Ain\u00e9s-2019-24-1-240x180.jpg 240w\" sizes=\"(max-width: 800px) 100vw, 800px\" \/><\/figure><\/li><li class=\"blocks-gallery-item\"><figure><img loading=\"lazy\" decoding=\"async\" width=\"800\" height=\"600\" src=\"http:\/\/commune-loffre.fr\/wp-content\/uploads\/2019\/12\/Repas-Ain\u00e9s-2019-25-2.jpg\" alt=\"\" data-id=\"5210\" data-link=\"http:\/\/commune-loffre.fr\/?attachment_id=5210\" class=\"wp-image-5210\" srcset=\"http:\/\/commune-loffre.fr\/wp-content\/uploads\/2019\/12\/Repas-Ain\u00e9s-2019-25-2.jpg 800w, http:\/\/commune-loffre.fr\/wp-content\/uploads\/2019\/12\/Repas-Ain\u00e9s-2019-25-2-300x225.jpg 300w, http:\/\/commune-loffre.fr\/wp-content\/uploads\/2019\/12\/Repas-Ain\u00e9s-2019-25-2-768x576.jpg 768w, http:\/\/commune-loffre.fr\/wp-content\/uploads\/2019\/12\/Repas-Ain\u00e9s-2019-25-2-624x468.jpg 624w, http:\/\/commune-loffre.fr\/wp-content\/uploads\/2019\/12\/Repas-Ain\u00e9s-2019-25-2-240x180.jpg 240w\" sizes=\"(max-width: 800px) 100vw, 800px\" \/><\/figure><\/li><li class=\"blocks-gallery-item\"><figure><img loading=\"lazy\" decoding=\"async\" width=\"800\" height=\"600\" src=\"http:\/\/commune-loffre.fr\/wp-content\/uploads\/2019\/12\/Repas-Ain\u00e9s-2019-26-2.jpg\" alt=\"\" data-id=\"5211\" data-link=\"http:\/\/commune-loffre.fr\/?attachment_id=5211\" class=\"wp-image-5211\" srcset=\"http:\/\/commune-loffre.fr\/wp-content\/uploads\/2019\/12\/Repas-Ain\u00e9s-2019-26-2.jpg 800w, http:\/\/commune-loffre.fr\/wp-content\/uploads\/2019\/12\/Repas-Ain\u00e9s-2019-26-2-300x225.jpg 300w, http:\/\/commune-loffre.fr\/wp-content\/uploads\/2019\/12\/Repas-Ain\u00e9s-2019-26-2-768x576.jpg 768w, http:\/\/commune-loffre.fr\/wp-content\/uploads\/2019\/12\/Repas-Ain\u00e9s-2019-26-2-624x468.jpg 624w, http:\/\/commune-loffre.fr\/wp-content\/uploads\/2019\/12\/Repas-Ain\u00e9s-2019-26-2-240x180.jpg 240w\" sizes=\"(max-width: 800px) 100vw, 800px\" \/><\/figure><\/li><li class=\"blocks-gallery-item\"><figure><img loading=\"lazy\" decoding=\"async\" width=\"800\" height=\"600\" src=\"http:\/\/commune-loffre.fr\/wp-content\/uploads\/2019\/12\/Repas-Ain\u00e9s-2019-27-2.jpg\" alt=\"\" data-id=\"5212\" data-link=\"http:\/\/commune-loffre.fr\/?attachment_id=5212\" class=\"wp-image-5212\" srcset=\"http:\/\/commune-loffre.fr\/wp-content\/uploads\/2019\/12\/Repas-Ain\u00e9s-2019-27-2.jpg 800w, http:\/\/commune-loffre.fr\/wp-content\/uploads\/2019\/12\/Repas-Ain\u00e9s-2019-27-2-300x225.jpg 300w, http:\/\/commune-loffre.fr\/wp-content\/uploads\/2019\/12\/Repas-Ain\u00e9s-2019-27-2-768x576.jpg 768w, http:\/\/commune-loffre.fr\/wp-content\/uploads\/2019\/12\/Repas-Ain\u00e9s-2019-27-2-624x468.jpg 624w, http:\/\/commune-loffre.fr\/wp-content\/uploads\/2019\/12\/Repas-Ain\u00e9s-2019-27-2-240x180.jpg 240w\" sizes=\"(max-width: 800px) 100vw, 800px\" \/><\/figure><\/li><li class=\"blocks-gallery-item\"><figure><img loading=\"lazy\" decoding=\"async\" width=\"800\" height=\"600\" src=\"http:\/\/commune-loffre.fr\/wp-content\/uploads\/2019\/12\/Repas-Ain\u00e9s-2019-28-2.jpg\" alt=\"\" data-id=\"5213\" data-link=\"http:\/\/commune-loffre.fr\/?attachment_id=5213\" class=\"wp-image-5213\" srcset=\"http:\/\/commune-loffre.fr\/wp-content\/uploads\/2019\/12\/Repas-Ain\u00e9s-2019-28-2.jpg 800w, http:\/\/commune-loffre.fr\/wp-content\/uploads\/2019\/12\/Repas-Ain\u00e9s-2019-28-2-300x225.jpg 300w, http:\/\/commune-loffre.fr\/wp-content\/uploads\/2019\/12\/Repas-Ain\u00e9s-2019-28-2-768x576.jpg 768w, http:\/\/commune-loffre.fr\/wp-content\/uploads\/2019\/12\/Repas-Ain\u00e9s-2019-28-2-624x468.jpg 624w, http:\/\/commune-loffre.fr\/wp-content\/uploads\/2019\/12\/Repas-Ain\u00e9s-2019-28-2-240x180.jpg 240w\" sizes=\"(max-width: 800px) 100vw, 800px\" \/><\/figure><\/li><li class=\"blocks-gallery-item\"><figure><img loading=\"lazy\" decoding=\"async\" width=\"800\" height=\"600\" src=\"http:\/\/commune-loffre.fr\/wp-content\/uploads\/2019\/12\/Repas-Ain\u00e9s-2019-29-2.jpg\" alt=\"\" data-id=\"5214\" data-link=\"http:\/\/commune-loffre.fr\/?attachment_id=5214\" class=\"wp-image-5214\" srcset=\"http:\/\/commune-loffre.fr\/wp-content\/uploads\/2019\/12\/Repas-Ain\u00e9s-2019-29-2.jpg 800w, http:\/\/commune-loffre.fr\/wp-content\/uploads\/2019\/12\/Repas-Ain\u00e9s-2019-29-2-300x225.jpg 300w, http:\/\/commune-loffre.fr\/wp-content\/uploads\/2019\/12\/Repas-Ain\u00e9s-2019-29-2-768x576.jpg 768w, http:\/\/commune-loffre.fr\/wp-content\/uploads\/2019\/12\/Repas-Ain\u00e9s-2019-29-2-624x468.jpg 624w, http:\/\/commune-loffre.fr\/wp-content\/uploads\/2019\/12\/Repas-Ain\u00e9s-2019-29-2-240x180.jpg 240w\" sizes=\"(max-width: 800px) 100vw, 800px\" \/><\/figure><\/li><li class=\"blocks-gallery-item\"><figure><img loading=\"lazy\" decoding=\"async\" width=\"800\" height=\"600\" src=\"http:\/\/commune-loffre.fr\/wp-content\/uploads\/2019\/12\/Repas-Ain\u00e9s-2019-30-2.jpg\" alt=\"\" data-id=\"5215\" data-link=\"http:\/\/commune-loffre.fr\/?attachment_id=5215\" class=\"wp-image-5215\" srcset=\"http:\/\/commune-loffre.fr\/wp-content\/uploads\/2019\/12\/Repas-Ain\u00e9s-2019-30-2.jpg 800w, http:\/\/commune-loffre.fr\/wp-content\/uploads\/2019\/12\/Repas-Ain\u00e9s-2019-30-2-300x225.jpg 300w, http:\/\/commune-loffre.fr\/wp-content\/uploads\/2019\/12\/Repas-Ain\u00e9s-2019-30-2-768x576.jpg 768w, http:\/\/commune-loffre.fr\/wp-content\/uploads\/2019\/12\/Repas-Ain\u00e9s-2019-30-2-624x468.jpg 624w, http:\/\/commune-loffre.fr\/wp-content\/uploads\/2019\/12\/Repas-Ain\u00e9s-2019-30-2-240x180.jpg 240w\" sizes=\"(max-width: 800px) 100vw, 800px\" \/><\/figure><\/li><li class=\"blocks-gallery-item\"><figure><img loading=\"lazy\" decoding=\"async\" width=\"800\" height=\"600\" src=\"http:\/\/commune-loffre.fr\/wp-content\/uploads\/2019\/12\/Repas-Ain\u00e9s-2019-31-2.jpg\" alt=\"\" data-id=\"5216\" data-link=\"http:\/\/commune-loffre.fr\/?attachment_id=5216\" class=\"wp-image-5216\" srcset=\"http:\/\/commune-loffre.fr\/wp-content\/uploads\/2019\/12\/Repas-Ain\u00e9s-2019-31-2.jpg 800w, http:\/\/commune-loffre.fr\/wp-content\/uploads\/2019\/12\/Repas-Ain\u00e9s-2019-31-2-300x225.jpg 300w, http:\/\/commune-loffre.fr\/wp-content\/uploads\/2019\/12\/Repas-Ain\u00e9s-2019-31-2-768x576.jpg 768w, http:\/\/commune-loffre.fr\/wp-content\/uploads\/2019\/12\/Repas-Ain\u00e9s-2019-31-2-624x468.jpg 624w, http:\/\/commune-loffre.fr\/wp-content\/uploads\/2019\/12\/Repas-Ain\u00e9s-2019-31-2-240x180.jpg 240w\" sizes=\"(max-width: 800px) 100vw, 800px\" \/><\/figure><\/li><li class=\"blocks-gallery-item\"><figure><img loading=\"lazy\" decoding=\"async\" width=\"800\" height=\"600\" src=\"http:\/\/commune-loffre.fr\/wp-content\/uploads\/2019\/12\/Repas-Ain\u00e9s-2019-32-1.jpg\" alt=\"\" data-id=\"5217\" data-link=\"http:\/\/commune-loffre.fr\/?attachment_id=5217\" class=\"wp-image-5217\" srcset=\"http:\/\/commune-loffre.fr\/wp-content\/uploads\/2019\/12\/Repas-Ain\u00e9s-2019-32-1.jpg 800w, http:\/\/commune-loffre.fr\/wp-content\/uploads\/2019\/12\/Repas-Ain\u00e9s-2019-32-1-300x225.jpg 300w, http:\/\/commune-loffre.fr\/wp-content\/uploads\/2019\/12\/Repas-Ain\u00e9s-2019-32-1-768x576.jpg 768w, http:\/\/commune-loffre.fr\/wp-content\/uploads\/2019\/12\/Repas-Ain\u00e9s-2019-32-1-624x468.jpg 624w, http:\/\/commune-loffre.fr\/wp-content\/uploads\/2019\/12\/Repas-Ain\u00e9s-2019-32-1-240x180.jpg 240w\" sizes=\"(max-width: 800px) 100vw, 800px\" \/><\/figure><\/li><\/ul>\n\n\n\n<p>\n D\u00e8s leur arriv\u00e9e, Monsieur le Maire, Madame Sylvie  Larivi\u00e8re et les \nmembres du conseil municipal ont chaleureusement  accueilli les a\u00een\u00e9s. \nLe repas a \u00e9t\u00e9 pr\u00e9par\u00e9 et servi par les \u00e9quipes  d\u2019Olivier Traiteur de \nMarquette-en-Ostrevent et l\u2019animation musicale  assur\u00e9e par trois \nchanteurs musiciens de la soci\u00e9t\u00e9 \u00ab&nbsp;le secret de la  f\u00eate&nbsp;\u00bb. \n\n<\/p>\n\n\n\n<ul class=\"wp-block-gallery columns-4 is-cropped wp-block-gallery-3 is-layout-flex wp-block-gallery-is-layout-flex\"><li class=\"blocks-gallery-item\"><figure><img loading=\"lazy\" decoding=\"async\" width=\"800\" height=\"600\" src=\"http:\/\/commune-loffre.fr\/wp-content\/uploads\/2019\/12\/Repas-Ain\u00e9s-2019-4.jpg\" alt=\"\" data-id=\"5134\" data-link=\"http:\/\/commune-loffre.fr\/?attachment_id=5134\" class=\"wp-image-5134\" srcset=\"http:\/\/commune-loffre.fr\/wp-content\/uploads\/2019\/12\/Repas-Ain\u00e9s-2019-4.jpg 800w, http:\/\/commune-loffre.fr\/wp-content\/uploads\/2019\/12\/Repas-Ain\u00e9s-2019-4-300x225.jpg 300w, http:\/\/commune-loffre.fr\/wp-content\/uploads\/2019\/12\/Repas-Ain\u00e9s-2019-4-768x576.jpg 768w, http:\/\/commune-loffre.fr\/wp-content\/uploads\/2019\/12\/Repas-Ain\u00e9s-2019-4-624x468.jpg 624w, http:\/\/commune-loffre.fr\/wp-content\/uploads\/2019\/12\/Repas-Ain\u00e9s-2019-4-240x180.jpg 240w\" sizes=\"(max-width: 800px) 100vw, 800px\" \/><\/figure><\/li><li class=\"blocks-gallery-item\"><figure><img loading=\"lazy\" decoding=\"async\" width=\"800\" height=\"600\" src=\"http:\/\/commune-loffre.fr\/wp-content\/uploads\/2019\/12\/Repas-Ain\u00e9s-2019-5.jpg\" alt=\"\" data-id=\"5137\" data-link=\"http:\/\/commune-loffre.fr\/?attachment_id=5137\" class=\"wp-image-5137\" srcset=\"http:\/\/commune-loffre.fr\/wp-content\/uploads\/2019\/12\/Repas-Ain\u00e9s-2019-5.jpg 800w, http:\/\/commune-loffre.fr\/wp-content\/uploads\/2019\/12\/Repas-Ain\u00e9s-2019-5-300x225.jpg 300w, http:\/\/commune-loffre.fr\/wp-content\/uploads\/2019\/12\/Repas-Ain\u00e9s-2019-5-768x576.jpg 768w, http:\/\/commune-loffre.fr\/wp-content\/uploads\/2019\/12\/Repas-Ain\u00e9s-2019-5-624x468.jpg 624w, http:\/\/commune-loffre.fr\/wp-content\/uploads\/2019\/12\/Repas-Ain\u00e9s-2019-5-240x180.jpg 240w\" sizes=\"(max-width: 800px) 100vw, 800px\" \/><\/figure><\/li><li class=\"blocks-gallery-item\"><figure><img loading=\"lazy\" decoding=\"async\" width=\"800\" height=\"600\" src=\"http:\/\/commune-loffre.fr\/wp-content\/uploads\/2019\/12\/Repas-Ain\u00e9s-2019-7.jpg\" alt=\"\" data-id=\"5138\" data-link=\"http:\/\/commune-loffre.fr\/?attachment_id=5138\" class=\"wp-image-5138\" srcset=\"http:\/\/commune-loffre.fr\/wp-content\/uploads\/2019\/12\/Repas-Ain\u00e9s-2019-7.jpg 800w, http:\/\/commune-loffre.fr\/wp-content\/uploads\/2019\/12\/Repas-Ain\u00e9s-2019-7-300x225.jpg 300w, http:\/\/commune-loffre.fr\/wp-content\/uploads\/2019\/12\/Repas-Ain\u00e9s-2019-7-768x576.jpg 768w, http:\/\/commune-loffre.fr\/wp-content\/uploads\/2019\/12\/Repas-Ain\u00e9s-2019-7-624x468.jpg 624w, http:\/\/commune-loffre.fr\/wp-content\/uploads\/2019\/12\/Repas-Ain\u00e9s-2019-7-240x180.jpg 240w\" sizes=\"(max-width: 800px) 100vw, 800px\" \/><\/figure><\/li><li class=\"blocks-gallery-item\"><figure><img loading=\"lazy\" decoding=\"async\" width=\"800\" height=\"600\" src=\"http:\/\/commune-loffre.fr\/wp-content\/uploads\/2019\/12\/Repas-Ain\u00e9s-2019-8.jpg\" alt=\"\" data-id=\"5140\" data-link=\"http:\/\/commune-loffre.fr\/?attachment_id=5140\" class=\"wp-image-5140\" srcset=\"http:\/\/commune-loffre.fr\/wp-content\/uploads\/2019\/12\/Repas-Ain\u00e9s-2019-8.jpg 800w, http:\/\/commune-loffre.fr\/wp-content\/uploads\/2019\/12\/Repas-Ain\u00e9s-2019-8-300x225.jpg 300w, http:\/\/commune-loffre.fr\/wp-content\/uploads\/2019\/12\/Repas-Ain\u00e9s-2019-8-768x576.jpg 768w, http:\/\/commune-loffre.fr\/wp-content\/uploads\/2019\/12\/Repas-Ain\u00e9s-2019-8-624x468.jpg 624w, http:\/\/commune-loffre.fr\/wp-content\/uploads\/2019\/12\/Repas-Ain\u00e9s-2019-8-240x180.jpg 240w\" sizes=\"(max-width: 800px) 100vw, 800px\" \/><\/figure><\/li><\/ul>\n\n\n\n<p>Monsieur le Maire et Madame Sylvie Larivi\u00e8re ont remerci\u00e9\nles personnes qui ont aid\u00e9 \u00e0 l\u2019organisation de ce repas et ont eu une pens\u00e9e\npour les a\u00een\u00e9s qui n\u2019ont pu se d\u00e9placer au repas en raison de leur \u00e9tat de\nsant\u00e9 mais \u00e9galement ceux qui nous ont quitt\u00e9 cette ann\u00e9e.<\/p>\n\n\n\n<ul class=\"wp-block-gallery columns-7 is-cropped wp-block-gallery-4 is-layout-flex wp-block-gallery-is-layout-flex\"><li class=\"blocks-gallery-item\"><figure><img loading=\"lazy\" decoding=\"async\" width=\"800\" height=\"600\" src=\"http:\/\/commune-loffre.fr\/wp-content\/uploads\/2019\/12\/Repas-Ain\u00e9s-2019-34.jpg\" alt=\"\" data-id=\"5168\" data-link=\"http:\/\/commune-loffre.fr\/?attachment_id=5168\" class=\"wp-image-5168\" srcset=\"http:\/\/commune-loffre.fr\/wp-content\/uploads\/2019\/12\/Repas-Ain\u00e9s-2019-34.jpg 800w, http:\/\/commune-loffre.fr\/wp-content\/uploads\/2019\/12\/Repas-Ain\u00e9s-2019-34-300x225.jpg 300w, http:\/\/commune-loffre.fr\/wp-content\/uploads\/2019\/12\/Repas-Ain\u00e9s-2019-34-768x576.jpg 768w, http:\/\/commune-loffre.fr\/wp-content\/uploads\/2019\/12\/Repas-Ain\u00e9s-2019-34-624x468.jpg 624w, http:\/\/commune-loffre.fr\/wp-content\/uploads\/2019\/12\/Repas-Ain\u00e9s-2019-34-240x180.jpg 240w\" sizes=\"(max-width: 800px) 100vw, 800px\" \/><\/figure><\/li><li class=\"blocks-gallery-item\"><figure><img loading=\"lazy\" decoding=\"async\" width=\"800\" height=\"600\" src=\"http:\/\/commune-loffre.fr\/wp-content\/uploads\/2019\/12\/Repas-Ain\u00e9s-2019-35.jpg\" alt=\"\" data-id=\"5169\" data-link=\"http:\/\/commune-loffre.fr\/?attachment_id=5169\" class=\"wp-image-5169\" srcset=\"http:\/\/commune-loffre.fr\/wp-content\/uploads\/2019\/12\/Repas-Ain\u00e9s-2019-35.jpg 800w, http:\/\/commune-loffre.fr\/wp-content\/uploads\/2019\/12\/Repas-Ain\u00e9s-2019-35-300x225.jpg 300w, http:\/\/commune-loffre.fr\/wp-content\/uploads\/2019\/12\/Repas-Ain\u00e9s-2019-35-768x576.jpg 768w, http:\/\/commune-loffre.fr\/wp-content\/uploads\/2019\/12\/Repas-Ain\u00e9s-2019-35-624x468.jpg 624w, http:\/\/commune-loffre.fr\/wp-content\/uploads\/2019\/12\/Repas-Ain\u00e9s-2019-35-240x180.jpg 240w\" sizes=\"(max-width: 800px) 100vw, 800px\" \/><\/figure><\/li><li class=\"blocks-gallery-item\"><figure><img loading=\"lazy\" decoding=\"async\" width=\"800\" height=\"600\" src=\"http:\/\/commune-loffre.fr\/wp-content\/uploads\/2019\/12\/Repas-Ain\u00e9s-2019-36.jpg\" alt=\"\" data-id=\"5170\" data-link=\"http:\/\/commune-loffre.fr\/?attachment_id=5170\" class=\"wp-image-5170\" srcset=\"http:\/\/commune-loffre.fr\/wp-content\/uploads\/2019\/12\/Repas-Ain\u00e9s-2019-36.jpg 800w, http:\/\/commune-loffre.fr\/wp-content\/uploads\/2019\/12\/Repas-Ain\u00e9s-2019-36-300x225.jpg 300w, http:\/\/commune-loffre.fr\/wp-content\/uploads\/2019\/12\/Repas-Ain\u00e9s-2019-36-768x576.jpg 768w, http:\/\/commune-loffre.fr\/wp-content\/uploads\/2019\/12\/Repas-Ain\u00e9s-2019-36-624x468.jpg 624w, http:\/\/commune-loffre.fr\/wp-content\/uploads\/2019\/12\/Repas-Ain\u00e9s-2019-36-240x180.jpg 240w\" sizes=\"(max-width: 800px) 100vw, 800px\" \/><\/figure><\/li><li class=\"blocks-gallery-item\"><figure><img loading=\"lazy\" decoding=\"async\" width=\"800\" height=\"600\" src=\"http:\/\/commune-loffre.fr\/wp-content\/uploads\/2019\/12\/Repas-Ain\u00e9s-2019-37.jpg\" alt=\"\" data-id=\"5171\" data-link=\"http:\/\/commune-loffre.fr\/?attachment_id=5171\" class=\"wp-image-5171\" srcset=\"http:\/\/commune-loffre.fr\/wp-content\/uploads\/2019\/12\/Repas-Ain\u00e9s-2019-37.jpg 800w, http:\/\/commune-loffre.fr\/wp-content\/uploads\/2019\/12\/Repas-Ain\u00e9s-2019-37-300x225.jpg 300w, http:\/\/commune-loffre.fr\/wp-content\/uploads\/2019\/12\/Repas-Ain\u00e9s-2019-37-768x576.jpg 768w, http:\/\/commune-loffre.fr\/wp-content\/uploads\/2019\/12\/Repas-Ain\u00e9s-2019-37-624x468.jpg 624w, http:\/\/commune-loffre.fr\/wp-content\/uploads\/2019\/12\/Repas-Ain\u00e9s-2019-37-240x180.jpg 240w\" sizes=\"(max-width: 800px) 100vw, 800px\" \/><\/figure><\/li><li class=\"blocks-gallery-item\"><figure><img loading=\"lazy\" decoding=\"async\" width=\"800\" height=\"600\" src=\"http:\/\/commune-loffre.fr\/wp-content\/uploads\/2019\/12\/Repas-Ain\u00e9s-2019-38.jpg\" alt=\"\" data-id=\"5172\" data-link=\"http:\/\/commune-loffre.fr\/?attachment_id=5172\" class=\"wp-image-5172\" srcset=\"http:\/\/commune-loffre.fr\/wp-content\/uploads\/2019\/12\/Repas-Ain\u00e9s-2019-38.jpg 800w, http:\/\/commune-loffre.fr\/wp-content\/uploads\/2019\/12\/Repas-Ain\u00e9s-2019-38-300x225.jpg 300w, http:\/\/commune-loffre.fr\/wp-content\/uploads\/2019\/12\/Repas-Ain\u00e9s-2019-38-768x576.jpg 768w, http:\/\/commune-loffre.fr\/wp-content\/uploads\/2019\/12\/Repas-Ain\u00e9s-2019-38-624x468.jpg 624w, http:\/\/commune-loffre.fr\/wp-content\/uploads\/2019\/12\/Repas-Ain\u00e9s-2019-38-240x180.jpg 240w\" sizes=\"(max-width: 800px) 100vw, 800px\" \/><\/figure><\/li><li class=\"blocks-gallery-item\"><figure><img loading=\"lazy\" decoding=\"async\" width=\"800\" height=\"600\" src=\"http:\/\/commune-loffre.fr\/wp-content\/uploads\/2019\/12\/Repas-Ain\u00e9s-2019-39.jpg\" alt=\"\" data-id=\"5173\" data-link=\"http:\/\/commune-loffre.fr\/?attachment_id=5173\" class=\"wp-image-5173\" srcset=\"http:\/\/commune-loffre.fr\/wp-content\/uploads\/2019\/12\/Repas-Ain\u00e9s-2019-39.jpg 800w, http:\/\/commune-loffre.fr\/wp-content\/uploads\/2019\/12\/Repas-Ain\u00e9s-2019-39-300x225.jpg 300w, http:\/\/commune-loffre.fr\/wp-content\/uploads\/2019\/12\/Repas-Ain\u00e9s-2019-39-768x576.jpg 768w, http:\/\/commune-loffre.fr\/wp-content\/uploads\/2019\/12\/Repas-Ain\u00e9s-2019-39-624x468.jpg 624w, http:\/\/commune-loffre.fr\/wp-content\/uploads\/2019\/12\/Repas-Ain\u00e9s-2019-39-240x180.jpg 240w\" sizes=\"(max-width: 800px) 100vw, 800px\" \/><\/figure><\/li><li class=\"blocks-gallery-item\"><figure><img loading=\"lazy\" decoding=\"async\" width=\"800\" height=\"600\" src=\"http:\/\/commune-loffre.fr\/wp-content\/uploads\/2019\/12\/Repas-Ain\u00e9s-2019-40.jpg\" alt=\"\" data-id=\"5174\" data-link=\"http:\/\/commune-loffre.fr\/?attachment_id=5174\" class=\"wp-image-5174\" srcset=\"http:\/\/commune-loffre.fr\/wp-content\/uploads\/2019\/12\/Repas-Ain\u00e9s-2019-40.jpg 800w, http:\/\/commune-loffre.fr\/wp-content\/uploads\/2019\/12\/Repas-Ain\u00e9s-2019-40-300x225.jpg 300w, http:\/\/commune-loffre.fr\/wp-content\/uploads\/2019\/12\/Repas-Ain\u00e9s-2019-40-768x576.jpg 768w, http:\/\/commune-loffre.fr\/wp-content\/uploads\/2019\/12\/Repas-Ain\u00e9s-2019-40-624x468.jpg 624w, http:\/\/commune-loffre.fr\/wp-content\/uploads\/2019\/12\/Repas-Ain\u00e9s-2019-40-240x180.jpg 240w\" sizes=\"(max-width: 800px) 100vw, 800px\" \/><\/figure><\/li><li class=\"blocks-gallery-item\"><figure><img loading=\"lazy\" decoding=\"async\" width=\"800\" height=\"600\" src=\"http:\/\/commune-loffre.fr\/wp-content\/uploads\/2019\/12\/Repas-Ain\u00e9s-2019-43.jpg\" alt=\"\" data-id=\"5175\" data-link=\"http:\/\/commune-loffre.fr\/?attachment_id=5175\" class=\"wp-image-5175\" srcset=\"http:\/\/commune-loffre.fr\/wp-content\/uploads\/2019\/12\/Repas-Ain\u00e9s-2019-43.jpg 800w, http:\/\/commune-loffre.fr\/wp-content\/uploads\/2019\/12\/Repas-Ain\u00e9s-2019-43-300x225.jpg 300w, http:\/\/commune-loffre.fr\/wp-content\/uploads\/2019\/12\/Repas-Ain\u00e9s-2019-43-768x576.jpg 768w, http:\/\/commune-loffre.fr\/wp-content\/uploads\/2019\/12\/Repas-Ain\u00e9s-2019-43-624x468.jpg 624w, http:\/\/commune-loffre.fr\/wp-content\/uploads\/2019\/12\/Repas-Ain\u00e9s-2019-43-240x180.jpg 240w\" sizes=\"(max-width: 800px) 100vw, 800px\" \/><\/figure><\/li><li class=\"blocks-gallery-item\"><figure><img loading=\"lazy\" decoding=\"async\" width=\"800\" height=\"600\" src=\"http:\/\/commune-loffre.fr\/wp-content\/uploads\/2019\/12\/Repas-Ain\u00e9s-2019-44.jpg\" alt=\"\" data-id=\"5176\" data-link=\"http:\/\/commune-loffre.fr\/?attachment_id=5176\" class=\"wp-image-5176\" srcset=\"http:\/\/commune-loffre.fr\/wp-content\/uploads\/2019\/12\/Repas-Ain\u00e9s-2019-44.jpg 800w, http:\/\/commune-loffre.fr\/wp-content\/uploads\/2019\/12\/Repas-Ain\u00e9s-2019-44-300x225.jpg 300w, http:\/\/commune-loffre.fr\/wp-content\/uploads\/2019\/12\/Repas-Ain\u00e9s-2019-44-768x576.jpg 768w, http:\/\/commune-loffre.fr\/wp-content\/uploads\/2019\/12\/Repas-Ain\u00e9s-2019-44-624x468.jpg 624w, http:\/\/commune-loffre.fr\/wp-content\/uploads\/2019\/12\/Repas-Ain\u00e9s-2019-44-240x180.jpg 240w\" sizes=\"(max-width: 800px) 100vw, 800px\" \/><\/figure><\/li><li class=\"blocks-gallery-item\"><figure><img loading=\"lazy\" decoding=\"async\" width=\"800\" height=\"600\" src=\"http:\/\/commune-loffre.fr\/wp-content\/uploads\/2019\/12\/Repas-Ain\u00e9s-2019-45.jpg\" alt=\"\" data-id=\"5177\" data-link=\"http:\/\/commune-loffre.fr\/?attachment_id=5177\" class=\"wp-image-5177\" srcset=\"http:\/\/commune-loffre.fr\/wp-content\/uploads\/2019\/12\/Repas-Ain\u00e9s-2019-45.jpg 800w, http:\/\/commune-loffre.fr\/wp-content\/uploads\/2019\/12\/Repas-Ain\u00e9s-2019-45-300x225.jpg 300w, http:\/\/commune-loffre.fr\/wp-content\/uploads\/2019\/12\/Repas-Ain\u00e9s-2019-45-768x576.jpg 768w, http:\/\/commune-loffre.fr\/wp-content\/uploads\/2019\/12\/Repas-Ain\u00e9s-2019-45-624x468.jpg 624w, http:\/\/commune-loffre.fr\/wp-content\/uploads\/2019\/12\/Repas-Ain\u00e9s-2019-45-240x180.jpg 240w\" sizes=\"(max-width: 800px) 100vw, 800px\" \/><\/figure><\/li><li class=\"blocks-gallery-item\"><figure><img loading=\"lazy\" decoding=\"async\" width=\"800\" height=\"600\" src=\"http:\/\/commune-loffre.fr\/wp-content\/uploads\/2019\/12\/Repas-Ain\u00e9s-2019-46.jpg\" alt=\"\" data-id=\"5178\" data-link=\"http:\/\/commune-loffre.fr\/?attachment_id=5178\" class=\"wp-image-5178\" srcset=\"http:\/\/commune-loffre.fr\/wp-content\/uploads\/2019\/12\/Repas-Ain\u00e9s-2019-46.jpg 800w, http:\/\/commune-loffre.fr\/wp-content\/uploads\/2019\/12\/Repas-Ain\u00e9s-2019-46-300x225.jpg 300w, http:\/\/commune-loffre.fr\/wp-content\/uploads\/2019\/12\/Repas-Ain\u00e9s-2019-46-768x576.jpg 768w, http:\/\/commune-loffre.fr\/wp-content\/uploads\/2019\/12\/Repas-Ain\u00e9s-2019-46-624x468.jpg 624w, http:\/\/commune-loffre.fr\/wp-content\/uploads\/2019\/12\/Repas-Ain\u00e9s-2019-46-240x180.jpg 240w\" sizes=\"(max-width: 800px) 100vw, 800px\" \/><\/figure><\/li><li class=\"blocks-gallery-item\"><figure><img loading=\"lazy\" decoding=\"async\" width=\"800\" height=\"600\" src=\"http:\/\/commune-loffre.fr\/wp-content\/uploads\/2019\/12\/Repas-Ain\u00e9s-2019-47.jpg\" alt=\"\" data-id=\"5179\" data-link=\"http:\/\/commune-loffre.fr\/?attachment_id=5179\" class=\"wp-image-5179\" srcset=\"http:\/\/commune-loffre.fr\/wp-content\/uploads\/2019\/12\/Repas-Ain\u00e9s-2019-47.jpg 800w, http:\/\/commune-loffre.fr\/wp-content\/uploads\/2019\/12\/Repas-Ain\u00e9s-2019-47-300x225.jpg 300w, http:\/\/commune-loffre.fr\/wp-content\/uploads\/2019\/12\/Repas-Ain\u00e9s-2019-47-768x576.jpg 768w, http:\/\/commune-loffre.fr\/wp-content\/uploads\/2019\/12\/Repas-Ain\u00e9s-2019-47-624x468.jpg 624w, http:\/\/commune-loffre.fr\/wp-content\/uploads\/2019\/12\/Repas-Ain\u00e9s-2019-47-240x180.jpg 240w\" sizes=\"(max-width: 800px) 100vw, 800px\" \/><\/figure><\/li><li class=\"blocks-gallery-item\"><figure><img loading=\"lazy\" decoding=\"async\" width=\"800\" height=\"600\" src=\"http:\/\/commune-loffre.fr\/wp-content\/uploads\/2019\/12\/Repas-Ain\u00e9s-2019-48.jpg\" alt=\"\" data-id=\"5180\" data-link=\"http:\/\/commune-loffre.fr\/?attachment_id=5180\" class=\"wp-image-5180\" srcset=\"http:\/\/commune-loffre.fr\/wp-content\/uploads\/2019\/12\/Repas-Ain\u00e9s-2019-48.jpg 800w, http:\/\/commune-loffre.fr\/wp-content\/uploads\/2019\/12\/Repas-Ain\u00e9s-2019-48-300x225.jpg 300w, http:\/\/commune-loffre.fr\/wp-content\/uploads\/2019\/12\/Repas-Ain\u00e9s-2019-48-768x576.jpg 768w, http:\/\/commune-loffre.fr\/wp-content\/uploads\/2019\/12\/Repas-Ain\u00e9s-2019-48-624x468.jpg 624w, http:\/\/commune-loffre.fr\/wp-content\/uploads\/2019\/12\/Repas-Ain\u00e9s-2019-48-240x180.jpg 240w\" sizes=\"(max-width: 800px) 100vw, 800px\" \/><\/figure><\/li><li class=\"blocks-gallery-item\"><figure><img loading=\"lazy\" decoding=\"async\" width=\"800\" height=\"600\" src=\"http:\/\/commune-loffre.fr\/wp-content\/uploads\/2019\/12\/Repas-Ain\u00e9s-2019-49.jpg\" alt=\"\" data-id=\"5181\" data-link=\"http:\/\/commune-loffre.fr\/?attachment_id=5181\" class=\"wp-image-5181\" srcset=\"http:\/\/commune-loffre.fr\/wp-content\/uploads\/2019\/12\/Repas-Ain\u00e9s-2019-49.jpg 800w, http:\/\/commune-loffre.fr\/wp-content\/uploads\/2019\/12\/Repas-Ain\u00e9s-2019-49-300x225.jpg 300w, http:\/\/commune-loffre.fr\/wp-content\/uploads\/2019\/12\/Repas-Ain\u00e9s-2019-49-768x576.jpg 768w, http:\/\/commune-loffre.fr\/wp-content\/uploads\/2019\/12\/Repas-Ain\u00e9s-2019-49-624x468.jpg 624w, http:\/\/commune-loffre.fr\/wp-content\/uploads\/2019\/12\/Repas-Ain\u00e9s-2019-49-240x180.jpg 240w\" sizes=\"(max-width: 800px) 100vw, 800px\" \/><\/figure><\/li><li class=\"blocks-gallery-item\"><figure><img loading=\"lazy\" decoding=\"async\" width=\"800\" height=\"600\" src=\"http:\/\/commune-loffre.fr\/wp-content\/uploads\/2019\/12\/Repas-Ain\u00e9s-2019-50.jpg\" alt=\"\" data-id=\"5182\" data-link=\"http:\/\/commune-loffre.fr\/?attachment_id=5182\" class=\"wp-image-5182\" srcset=\"http:\/\/commune-loffre.fr\/wp-content\/uploads\/2019\/12\/Repas-Ain\u00e9s-2019-50.jpg 800w, http:\/\/commune-loffre.fr\/wp-content\/uploads\/2019\/12\/Repas-Ain\u00e9s-2019-50-300x225.jpg 300w, http:\/\/commune-loffre.fr\/wp-content\/uploads\/2019\/12\/Repas-Ain\u00e9s-2019-50-768x576.jpg 768w, http:\/\/commune-loffre.fr\/wp-content\/uploads\/2019\/12\/Repas-Ain\u00e9s-2019-50-624x468.jpg 624w, http:\/\/commune-loffre.fr\/wp-content\/uploads\/2019\/12\/Repas-Ain\u00e9s-2019-50-240x180.jpg 240w\" sizes=\"(max-width: 800px) 100vw, 800px\" \/><\/figure><\/li><li class=\"blocks-gallery-item\"><figure><img loading=\"lazy\" decoding=\"async\" width=\"800\" height=\"600\" src=\"http:\/\/commune-loffre.fr\/wp-content\/uploads\/2019\/12\/Repas-Ain\u00e9s-2019-51.jpg\" alt=\"\" data-id=\"5183\" data-link=\"http:\/\/commune-loffre.fr\/?attachment_id=5183\" class=\"wp-image-5183\" srcset=\"http:\/\/commune-loffre.fr\/wp-content\/uploads\/2019\/12\/Repas-Ain\u00e9s-2019-51.jpg 800w, http:\/\/commune-loffre.fr\/wp-content\/uploads\/2019\/12\/Repas-Ain\u00e9s-2019-51-300x225.jpg 300w, http:\/\/commune-loffre.fr\/wp-content\/uploads\/2019\/12\/Repas-Ain\u00e9s-2019-51-768x576.jpg 768w, http:\/\/commune-loffre.fr\/wp-content\/uploads\/2019\/12\/Repas-Ain\u00e9s-2019-51-624x468.jpg 624w, http:\/\/commune-loffre.fr\/wp-content\/uploads\/2019\/12\/Repas-Ain\u00e9s-2019-51-240x180.jpg 240w\" sizes=\"(max-width: 800px) 100vw, 800px\" \/><\/figure><\/li><li class=\"blocks-gallery-item\"><figure><img loading=\"lazy\" decoding=\"async\" width=\"800\" height=\"600\" src=\"http:\/\/commune-loffre.fr\/wp-content\/uploads\/2019\/12\/Repas-Ain\u00e9s-2019-52.jpg\" alt=\"\" data-id=\"5184\" data-link=\"http:\/\/commune-loffre.fr\/?attachment_id=5184\" class=\"wp-image-5184\" srcset=\"http:\/\/commune-loffre.fr\/wp-content\/uploads\/2019\/12\/Repas-Ain\u00e9s-2019-52.jpg 800w, http:\/\/commune-loffre.fr\/wp-content\/uploads\/2019\/12\/Repas-Ain\u00e9s-2019-52-300x225.jpg 300w, http:\/\/commune-loffre.fr\/wp-content\/uploads\/2019\/12\/Repas-Ain\u00e9s-2019-52-768x576.jpg 768w, http:\/\/commune-loffre.fr\/wp-content\/uploads\/2019\/12\/Repas-Ain\u00e9s-2019-52-624x468.jpg 624w, http:\/\/commune-loffre.fr\/wp-content\/uploads\/2019\/12\/Repas-Ain\u00e9s-2019-52-240x180.jpg 240w\" sizes=\"(max-width: 800px) 100vw, 800px\" \/><\/figure><\/li><li class=\"blocks-gallery-item\"><figure><img loading=\"lazy\" decoding=\"async\" width=\"800\" height=\"600\" src=\"http:\/\/commune-loffre.fr\/wp-content\/uploads\/2019\/12\/Repas-Ain\u00e9s-2019-53.jpg\" alt=\"\" data-id=\"5185\" data-link=\"http:\/\/commune-loffre.fr\/?attachment_id=5185\" class=\"wp-image-5185\" srcset=\"http:\/\/commune-loffre.fr\/wp-content\/uploads\/2019\/12\/Repas-Ain\u00e9s-2019-53.jpg 800w, http:\/\/commune-loffre.fr\/wp-content\/uploads\/2019\/12\/Repas-Ain\u00e9s-2019-53-300x225.jpg 300w, http:\/\/commune-loffre.fr\/wp-content\/uploads\/2019\/12\/Repas-Ain\u00e9s-2019-53-768x576.jpg 768w, http:\/\/commune-loffre.fr\/wp-content\/uploads\/2019\/12\/Repas-Ain\u00e9s-2019-53-624x468.jpg 624w, http:\/\/commune-loffre.fr\/wp-content\/uploads\/2019\/12\/Repas-Ain\u00e9s-2019-53-240x180.jpg 240w\" sizes=\"(max-width: 800px) 100vw, 800px\" \/><\/figure><\/li><li class=\"blocks-gallery-item\"><figure><img loading=\"lazy\" decoding=\"async\" width=\"800\" height=\"600\" src=\"http:\/\/commune-loffre.fr\/wp-content\/uploads\/2019\/12\/Repas-Ain\u00e9s-2019-54.jpg\" alt=\"\" data-id=\"5186\" data-link=\"http:\/\/commune-loffre.fr\/?attachment_id=5186\" class=\"wp-image-5186\" srcset=\"http:\/\/commune-loffre.fr\/wp-content\/uploads\/2019\/12\/Repas-Ain\u00e9s-2019-54.jpg 800w, http:\/\/commune-loffre.fr\/wp-content\/uploads\/2019\/12\/Repas-Ain\u00e9s-2019-54-300x225.jpg 300w, http:\/\/commune-loffre.fr\/wp-content\/uploads\/2019\/12\/Repas-Ain\u00e9s-2019-54-768x576.jpg 768w, http:\/\/commune-loffre.fr\/wp-content\/uploads\/2019\/12\/Repas-Ain\u00e9s-2019-54-624x468.jpg 624w, http:\/\/commune-loffre.fr\/wp-content\/uploads\/2019\/12\/Repas-Ain\u00e9s-2019-54-240x180.jpg 240w\" sizes=\"(max-width: 800px) 100vw, 800px\" \/><\/figure><\/li><li class=\"blocks-gallery-item\"><figure><img loading=\"lazy\" decoding=\"async\" width=\"800\" height=\"600\" src=\"http:\/\/commune-loffre.fr\/wp-content\/uploads\/2019\/12\/Repas-Ain\u00e9s-2019-55.jpg\" alt=\"\" data-id=\"5187\" data-link=\"http:\/\/commune-loffre.fr\/?attachment_id=5187\" class=\"wp-image-5187\" srcset=\"http:\/\/commune-loffre.fr\/wp-content\/uploads\/2019\/12\/Repas-Ain\u00e9s-2019-55.jpg 800w, http:\/\/commune-loffre.fr\/wp-content\/uploads\/2019\/12\/Repas-Ain\u00e9s-2019-55-300x225.jpg 300w, http:\/\/commune-loffre.fr\/wp-content\/uploads\/2019\/12\/Repas-Ain\u00e9s-2019-55-768x576.jpg 768w, http:\/\/commune-loffre.fr\/wp-content\/uploads\/2019\/12\/Repas-Ain\u00e9s-2019-55-624x468.jpg 624w, http:\/\/commune-loffre.fr\/wp-content\/uploads\/2019\/12\/Repas-Ain\u00e9s-2019-55-240x180.jpg 240w\" sizes=\"(max-width: 800px) 100vw, 800px\" \/><\/figure><\/li><li class=\"blocks-gallery-item\"><figure><img loading=\"lazy\" decoding=\"async\" width=\"800\" height=\"600\" src=\"http:\/\/commune-loffre.fr\/wp-content\/uploads\/2019\/12\/Repas-Ain\u00e9s-2019-56.jpg\" alt=\"\" data-id=\"5188\" data-link=\"http:\/\/commune-loffre.fr\/?attachment_id=5188\" class=\"wp-image-5188\" srcset=\"http:\/\/commune-loffre.fr\/wp-content\/uploads\/2019\/12\/Repas-Ain\u00e9s-2019-56.jpg 800w, http:\/\/commune-loffre.fr\/wp-content\/uploads\/2019\/12\/Repas-Ain\u00e9s-2019-56-300x225.jpg 300w, http:\/\/commune-loffre.fr\/wp-content\/uploads\/2019\/12\/Repas-Ain\u00e9s-2019-56-768x576.jpg 768w, http:\/\/commune-loffre.fr\/wp-content\/uploads\/2019\/12\/Repas-Ain\u00e9s-2019-56-624x468.jpg 624w, http:\/\/commune-loffre.fr\/wp-content\/uploads\/2019\/12\/Repas-Ain\u00e9s-2019-56-240x180.jpg 240w\" sizes=\"(max-width: 800px) 100vw, 800px\" \/><\/figure><\/li><li class=\"blocks-gallery-item\"><figure><img loading=\"lazy\" decoding=\"async\" width=\"800\" height=\"600\" src=\"http:\/\/commune-loffre.fr\/wp-content\/uploads\/2019\/12\/Repas-Ain\u00e9s-2019-57.jpg\" alt=\"\" data-id=\"5189\" data-link=\"http:\/\/commune-loffre.fr\/?attachment_id=5189\" class=\"wp-image-5189\" srcset=\"http:\/\/commune-loffre.fr\/wp-content\/uploads\/2019\/12\/Repas-Ain\u00e9s-2019-57.jpg 800w, http:\/\/commune-loffre.fr\/wp-content\/uploads\/2019\/12\/Repas-Ain\u00e9s-2019-57-300x225.jpg 300w, http:\/\/commune-loffre.fr\/wp-content\/uploads\/2019\/12\/Repas-Ain\u00e9s-2019-57-768x576.jpg 768w, http:\/\/commune-loffre.fr\/wp-content\/uploads\/2019\/12\/Repas-Ain\u00e9s-2019-57-624x468.jpg 624w, http:\/\/commune-loffre.fr\/wp-content\/uploads\/2019\/12\/Repas-Ain\u00e9s-2019-57-240x180.jpg 240w\" sizes=\"(max-width: 800px) 100vw, 800px\" \/><\/figure><\/li><li class=\"blocks-gallery-item\"><figure><img loading=\"lazy\" decoding=\"async\" width=\"800\" height=\"600\" src=\"http:\/\/commune-loffre.fr\/wp-content\/uploads\/2019\/12\/Repas-Ain\u00e9s-2019-58.jpg\" alt=\"\" data-id=\"5190\" data-link=\"http:\/\/commune-loffre.fr\/?attachment_id=5190\" class=\"wp-image-5190\" srcset=\"http:\/\/commune-loffre.fr\/wp-content\/uploads\/2019\/12\/Repas-Ain\u00e9s-2019-58.jpg 800w, http:\/\/commune-loffre.fr\/wp-content\/uploads\/2019\/12\/Repas-Ain\u00e9s-2019-58-300x225.jpg 300w, http:\/\/commune-loffre.fr\/wp-content\/uploads\/2019\/12\/Repas-Ain\u00e9s-2019-58-768x576.jpg 768w, http:\/\/commune-loffre.fr\/wp-content\/uploads\/2019\/12\/Repas-Ain\u00e9s-2019-58-624x468.jpg 624w, http:\/\/commune-loffre.fr\/wp-content\/uploads\/2019\/12\/Repas-Ain\u00e9s-2019-58-240x180.jpg 240w\" sizes=\"(max-width: 800px) 100vw, 800px\" \/><\/figure><\/li><li class=\"blocks-gallery-item\"><figure><img loading=\"lazy\" decoding=\"async\" width=\"800\" height=\"600\" src=\"http:\/\/commune-loffre.fr\/wp-content\/uploads\/2019\/12\/Repas-Ain\u00e9s-2019-59.jpg\" alt=\"\" data-id=\"5191\" data-link=\"http:\/\/commune-loffre.fr\/?attachment_id=5191\" class=\"wp-image-5191\" srcset=\"http:\/\/commune-loffre.fr\/wp-content\/uploads\/2019\/12\/Repas-Ain\u00e9s-2019-59.jpg 800w, http:\/\/commune-loffre.fr\/wp-content\/uploads\/2019\/12\/Repas-Ain\u00e9s-2019-59-300x225.jpg 300w, http:\/\/commune-loffre.fr\/wp-content\/uploads\/2019\/12\/Repas-Ain\u00e9s-2019-59-768x576.jpg 768w, http:\/\/commune-loffre.fr\/wp-content\/uploads\/2019\/12\/Repas-Ain\u00e9s-2019-59-624x468.jpg 624w, http:\/\/commune-loffre.fr\/wp-content\/uploads\/2019\/12\/Repas-Ain\u00e9s-2019-59-240x180.jpg 240w\" sizes=\"(max-width: 800px) 100vw, 800px\" \/><\/figure><\/li><\/ul>\n\n\n\n<p>Plus t\u00f4t dans la matin\u00e9e soixante-quatre colis,\ncontenant essentiellement des produits du nord de la France, ont \u00e9t\u00e9\ndistribu\u00e9s, par le conseil municipal, aux a\u00een\u00e9s qui avaient pr\u00e9f\u00e9r\u00e9 cette\nsolution. <\/p>\n","protected":false},"excerpt":{"rendered":"<p>Comme chaque ann\u00e9e, la municipalit\u00e9 a convi\u00e9 les a\u00een\u00e9s de la commune \u00e0 un repas en leur honneur le Dimanche 1er D\u00e9cembre \u00e0 12 h 30 \u00e0 la salle polyvalente&#8230;. <a href=\"http:\/\/commune-loffre.fr\/index.php\/2019\/12\/06\/repas-des-aines-3\/\">Read more &raquo;<\/a><\/p>\n","protected":false},"author":1,"featured_media":5194,"comment_status":"closed","ping_status":"closed","sticky":false,"template":"","format":"standard","meta":{"footnotes":""},"categories":[10],"tags":[],"_links":{"self":[{"href":"http:\/\/commune-loffre.fr\/index.php\/wp-json\/wp\/v2\/posts\/5126"}],"collection":[{"href":"http:\/\/commune-loffre.fr\/index.php\/wp-json\/wp\/v2\/posts"}],"about":[{"href":"http:\/\/commune-loffre.fr\/index.php\/wp-json\/wp\/v2\/types\/post"}],"author":[{"embeddable":true,"href":"http:\/\/commune-loffre.fr\/index.php\/wp-json\/wp\/v2\/users\/1"}],"replies":[{"embeddable":true,"href":"http:\/\/commune-loffre.fr\/index.php\/wp-json\/wp\/v2\/comments?post=5126"}],"version-history":[{"count":1,"href":"http:\/\/commune-loffre.fr\/index.php\/wp-json\/wp\/v2\/posts\/5126\/revisions"}],"predecessor-version":[{"id":5218,"href":"http:\/\/commune-loffre.fr\/index.php\/wp-json\/wp\/v2\/posts\/5126\/revisions\/5218"}],"wp:featuredmedia":[{"embeddable":true,"href":"http:\/\/commune-loffre.fr\/index.php\/wp-json\/wp\/v2\/media\/5194"}],"wp:attachment":[{"href":"http:\/\/commune-loffre.fr\/index.php\/wp-json\/wp\/v2\/media?parent=5126"}],"wp:term":[{"taxonomy":"category","embeddable":true,"href":"http:\/\/commune-loffre.fr\/index.php\/wp-json\/wp\/v2\/categories?post=5126"},{"taxonomy":"post_tag","embeddable":true,"href":"http:\/\/commune-loffre.fr\/index.php\/wp-json\/wp\/v2\/tags?post=5126"}],"curies":[{"name":"wp","href":"https:\/\/api.w.org\/{rel}","templated":true}]}}