{"id":5104,"date":"2019-11-18T19:44:34","date_gmt":"2019-11-18T18:44:34","guid":{"rendered":"http:\/\/commune-loffre.fr\/?p=5104"},"modified":"2019-11-18T19:44:34","modified_gmt":"2019-11-18T18:44:34","slug":"telethon-2019-a-loffre","status":"publish","type":"post","link":"http:\/\/commune-loffre.fr\/index.php\/2019\/11\/18\/telethon-2019-a-loffre\/","title":{"rendered":"T\u00e9l\u00e9thon 2019 \u00e0 Loffre"},"content":{"rendered":"\n<p>LE\nTELETHON est un combat des malades et des parents d\u00e9termin\u00e9s \u00e0 vaincre\nles&nbsp;<a href=\"https:\/\/fr.wikipedia.org\/wiki\/Maladie_g%C3%A9n%C3%A9tique\">maladies g\u00e9n\u00e9tiques<\/a>. Cette action&nbsp;a retenu tout l\u2019int\u00e9r\u00eat de <strong>notre commune et ses Associations<\/strong>. Aussi,\ncomme les ann\u00e9es pr\u00e9c\u00e9dentes, la commune de LOFFRE et ses associations se\nmobilisent <\/p>\n\n\n\n<h2 class=\"wp-block-heading\"><strong>Le samedi 07 d\u00e9cembre \u00e0 18h00<\/strong><strong><\/strong><\/h2>\n\n\n\n<p><strong>Nous accueillerons \u00e0 la salle\npolyvalente de LOFFRE<\/strong>&nbsp;:<\/p>\n\n\n\n<p class=\"has-text-color has-vivid-red-color\"><strong>&nbsp;<\/strong><strong>La chorale des \u00ab&nbsp;Amazones&nbsp;\u00bb de DOUAI Frais-Marais&nbsp;<\/strong><\/p>\n\n\n\n<p class=\"has-text-color has-vivid-red-color\"><strong>La CHORALE \u00ab&nbsp;ch\u0153ur en\ndouaisis&nbsp;\u00bb de DOUAI<\/strong><\/p>\n\n\n\n<p class=\"has-text-color has-vivid-red-color\"><strong>Et la chorale \u00ab&nbsp;la\nTarentelle&nbsp;\u00bb de BUGNICOURT <\/strong><\/p>\n\n\n\n<p>Ces trois chorales ont pr\u00e9par\u00e9<\/p>\n\n\n\n<p><strong>un magnifique concert qui vous\nenchantera durant 1heure15 <\/strong>.<\/p>\n\n\n\n<p>Une boite sera d\u00e9pos\u00e9e \u00e0 l\u2019entr\u00e9e pour recueillir vos\n\u00e9ventuels dons au profit du TELETHON.<\/p>\n\n\n\n<p>A l\u2019entracte une buvette vous sera propos\u00e9e, <\/p>\n\n\n\n<p><strong>Une vente de tartes sal\u00e9es et sucr\u00e9es\nau prix de 6\u20ac au profit du T\u00e9l\u00e9thon sera propos\u00e9e avant le concert \u00e0 partir de\n17h30<\/strong><\/p>\n\n\n\n<p><em>(Les particuliers ou les associations qui auront\nconfectionn\u00e9 des tartes sal\u00e9es ou sucr\u00e9es seront attendus \u00e0 la salle\npolyvalente \u00e0 partir de 17h15 pour d\u00e9poser leurs tartes)<\/em>\n\nVenez nombreux passer un bon moment de convivialit\u00e9 et\nde solidarit\u00e9\n\n\n\n<\/p>\n","protected":false},"excerpt":{"rendered":"<p>LE TELETHON est un combat des malades et des parents d\u00e9termin\u00e9s \u00e0 vaincre les&nbsp;maladies g\u00e9n\u00e9tiques. Cette action&nbsp;a retenu tout l\u2019int\u00e9r\u00eat de notre commune et ses Associations. Aussi, comme les ann\u00e9es&#8230; <a href=\"http:\/\/commune-loffre.fr\/index.php\/2019\/11\/18\/telethon-2019-a-loffre\/\">Read more &raquo;<\/a><\/p>\n","protected":false},"author":1,"featured_media":5105,"comment_status":"closed","ping_status":"closed","sticky":false,"template":"","format":"standard","meta":{"footnotes":""},"categories":[3],"tags":[],"_links":{"self":[{"href":"http:\/\/commune-loffre.fr\/index.php\/wp-json\/wp\/v2\/posts\/5104"}],"collection":[{"href":"http:\/\/commune-loffre.fr\/index.php\/wp-json\/wp\/v2\/posts"}],"about":[{"href":"http:\/\/commune-loffre.fr\/index.php\/wp-json\/wp\/v2\/types\/post"}],"author":[{"embeddable":true,"href":"http:\/\/commune-loffre.fr\/index.php\/wp-json\/wp\/v2\/users\/1"}],"replies":[{"embeddable":true,"href":"http:\/\/commune-loffre.fr\/index.php\/wp-json\/wp\/v2\/comments?post=5104"}],"version-history":[{"count":1,"href":"http:\/\/commune-loffre.fr\/index.php\/wp-json\/wp\/v2\/posts\/5104\/revisions"}],"predecessor-version":[{"id":5106,"href":"http:\/\/commune-loffre.fr\/index.php\/wp-json\/wp\/v2\/posts\/5104\/revisions\/5106"}],"wp:featuredmedia":[{"embeddable":true,"href":"http:\/\/commune-loffre.fr\/index.php\/wp-json\/wp\/v2\/media\/5105"}],"wp:attachment":[{"href":"http:\/\/commune-loffre.fr\/index.php\/wp-json\/wp\/v2\/media?parent=5104"}],"wp:term":[{"taxonomy":"category","embeddable":true,"href":"http:\/\/commune-loffre.fr\/index.php\/wp-json\/wp\/v2\/categories?post=5104"},{"taxonomy":"post_tag","embeddable":true,"href":"http:\/\/commune-loffre.fr\/index.php\/wp-json\/wp\/v2\/tags?post=5104"}],"curies":[{"name":"wp","href":"https:\/\/api.w.org\/{rel}","templated":true}]}}