{"id":5077,"date":"2019-11-15T09:51:50","date_gmt":"2019-11-15T08:51:50","guid":{"rendered":"http:\/\/commune-loffre.fr\/?p=5077"},"modified":"2019-11-15T09:53:12","modified_gmt":"2019-11-15T08:53:12","slug":"commemoration-du-11-novembre-et-remise-dune-medaille-du-travail","status":"publish","type":"post","link":"http:\/\/commune-loffre.fr\/index.php\/2019\/11\/15\/commemoration-du-11-novembre-et-remise-dune-medaille-du-travail\/","title":{"rendered":"Comm\u00e9moration du 11 Novembre et remise d&rsquo;une m\u00e9daille du Travail"},"content":{"rendered":"\n<p>Monsieur le Maire, le conseil municipal,\nles Anciens Combattants de Loffre, les repr\u00e9sentants des associations, Monsieur\nle Directeur et des enfants de l\u2019\u00e9cole Henri MATISSE et de nombreux habitants ont\ncomm\u00e9mor\u00e9 ce 11 Novembre l\u2019armistice de la premi\u00e8re guerre mondiale. <\/p>\n\n\n\n<ul class=\"wp-block-gallery columns-4 is-cropped wp-block-gallery-1 is-layout-flex wp-block-gallery-is-layout-flex\"><li class=\"blocks-gallery-item\"><figure><img loading=\"lazy\" decoding=\"async\" width=\"1024\" height=\"768\" src=\"http:\/\/commune-loffre.fr\/wp-content\/uploads\/2019\/11\/1-1-1024x768.jpg\" alt=\"\" data-id=\"5078\" data-link=\"http:\/\/commune-loffre.fr\/?attachment_id=5078\" class=\"wp-image-5078\" srcset=\"http:\/\/commune-loffre.fr\/wp-content\/uploads\/2019\/11\/1-1-1024x768.jpg 1024w, http:\/\/commune-loffre.fr\/wp-content\/uploads\/2019\/11\/1-1-300x225.jpg 300w, http:\/\/commune-loffre.fr\/wp-content\/uploads\/2019\/11\/1-1-768x576.jpg 768w, http:\/\/commune-loffre.fr\/wp-content\/uploads\/2019\/11\/1-1-624x468.jpg 624w, http:\/\/commune-loffre.fr\/wp-content\/uploads\/2019\/11\/1-1-240x180.jpg 240w\" sizes=\"(max-width: 1024px) 100vw, 1024px\" \/><\/figure><\/li><li class=\"blocks-gallery-item\"><figure><img loading=\"lazy\" decoding=\"async\" width=\"1024\" height=\"768\" src=\"http:\/\/commune-loffre.fr\/wp-content\/uploads\/2019\/11\/1-2-1024x768.jpg\" alt=\"\" data-id=\"5079\" data-link=\"http:\/\/commune-loffre.fr\/?attachment_id=5079\" class=\"wp-image-5079\" srcset=\"http:\/\/commune-loffre.fr\/wp-content\/uploads\/2019\/11\/1-2-1024x768.jpg 1024w, http:\/\/commune-loffre.fr\/wp-content\/uploads\/2019\/11\/1-2-300x225.jpg 300w, http:\/\/commune-loffre.fr\/wp-content\/uploads\/2019\/11\/1-2-768x576.jpg 768w, http:\/\/commune-loffre.fr\/wp-content\/uploads\/2019\/11\/1-2-624x468.jpg 624w, http:\/\/commune-loffre.fr\/wp-content\/uploads\/2019\/11\/1-2-240x180.jpg 240w\" sizes=\"(max-width: 1024px) 100vw, 1024px\" \/><\/figure><\/li><li class=\"blocks-gallery-item\"><figure><img loading=\"lazy\" decoding=\"async\" width=\"1024\" height=\"768\" src=\"http:\/\/commune-loffre.fr\/wp-content\/uploads\/2019\/11\/1-3-1024x768.jpg\" alt=\"\" data-id=\"5080\" data-link=\"http:\/\/commune-loffre.fr\/?attachment_id=5080\" class=\"wp-image-5080\" srcset=\"http:\/\/commune-loffre.fr\/wp-content\/uploads\/2019\/11\/1-3-1024x768.jpg 1024w, http:\/\/commune-loffre.fr\/wp-content\/uploads\/2019\/11\/1-3-300x225.jpg 300w, http:\/\/commune-loffre.fr\/wp-content\/uploads\/2019\/11\/1-3-768x576.jpg 768w, http:\/\/commune-loffre.fr\/wp-content\/uploads\/2019\/11\/1-3-624x468.jpg 624w, http:\/\/commune-loffre.fr\/wp-content\/uploads\/2019\/11\/1-3-240x180.jpg 240w\" sizes=\"(max-width: 1024px) 100vw, 1024px\" \/><\/figure><\/li><li class=\"blocks-gallery-item\"><figure><img loading=\"lazy\" decoding=\"async\" width=\"1024\" height=\"768\" src=\"http:\/\/commune-loffre.fr\/wp-content\/uploads\/2019\/11\/1-4-1024x768.jpg\" alt=\"\" data-id=\"5081\" data-link=\"http:\/\/commune-loffre.fr\/?attachment_id=5081\" class=\"wp-image-5081\" srcset=\"http:\/\/commune-loffre.fr\/wp-content\/uploads\/2019\/11\/1-4-1024x768.jpg 1024w, http:\/\/commune-loffre.fr\/wp-content\/uploads\/2019\/11\/1-4-300x225.jpg 300w, http:\/\/commune-loffre.fr\/wp-content\/uploads\/2019\/11\/1-4-768x576.jpg 768w, http:\/\/commune-loffre.fr\/wp-content\/uploads\/2019\/11\/1-4-624x468.jpg 624w, http:\/\/commune-loffre.fr\/wp-content\/uploads\/2019\/11\/1-4-240x180.jpg 240w\" sizes=\"(max-width: 1024px) 100vw, 1024px\" \/><\/figure><\/li><li class=\"blocks-gallery-item\"><figure><img loading=\"lazy\" decoding=\"async\" width=\"1024\" height=\"768\" src=\"http:\/\/commune-loffre.fr\/wp-content\/uploads\/2019\/11\/1-5-1024x768.jpg\" alt=\"\" data-id=\"5082\" data-link=\"http:\/\/commune-loffre.fr\/?attachment_id=5082\" class=\"wp-image-5082\" srcset=\"http:\/\/commune-loffre.fr\/wp-content\/uploads\/2019\/11\/1-5-1024x768.jpg 1024w, http:\/\/commune-loffre.fr\/wp-content\/uploads\/2019\/11\/1-5-300x225.jpg 300w, http:\/\/commune-loffre.fr\/wp-content\/uploads\/2019\/11\/1-5-768x576.jpg 768w, http:\/\/commune-loffre.fr\/wp-content\/uploads\/2019\/11\/1-5-624x468.jpg 624w, http:\/\/commune-loffre.fr\/wp-content\/uploads\/2019\/11\/1-5-240x180.jpg 240w\" sizes=\"(max-width: 1024px) 100vw, 1024px\" \/><\/figure><\/li><li class=\"blocks-gallery-item\"><figure><img loading=\"lazy\" decoding=\"async\" width=\"1024\" height=\"768\" src=\"http:\/\/commune-loffre.fr\/wp-content\/uploads\/2019\/11\/1-6-1024x768.jpg\" alt=\"\" data-id=\"5083\" data-link=\"http:\/\/commune-loffre.fr\/?attachment_id=5083\" class=\"wp-image-5083\" srcset=\"http:\/\/commune-loffre.fr\/wp-content\/uploads\/2019\/11\/1-6-1024x768.jpg 1024w, http:\/\/commune-loffre.fr\/wp-content\/uploads\/2019\/11\/1-6-300x225.jpg 300w, http:\/\/commune-loffre.fr\/wp-content\/uploads\/2019\/11\/1-6-768x576.jpg 768w, http:\/\/commune-loffre.fr\/wp-content\/uploads\/2019\/11\/1-6-624x468.jpg 624w, http:\/\/commune-loffre.fr\/wp-content\/uploads\/2019\/11\/1-6-240x180.jpg 240w\" sizes=\"(max-width: 1024px) 100vw, 1024px\" \/><\/figure><\/li><li class=\"blocks-gallery-item\"><figure><img loading=\"lazy\" decoding=\"async\" width=\"1024\" height=\"768\" src=\"http:\/\/commune-loffre.fr\/wp-content\/uploads\/2019\/11\/1-7-1024x768.jpg\" alt=\"\" data-id=\"5084\" data-link=\"http:\/\/commune-loffre.fr\/?attachment_id=5084\" class=\"wp-image-5084\" srcset=\"http:\/\/commune-loffre.fr\/wp-content\/uploads\/2019\/11\/1-7-1024x768.jpg 1024w, http:\/\/commune-loffre.fr\/wp-content\/uploads\/2019\/11\/1-7-300x225.jpg 300w, http:\/\/commune-loffre.fr\/wp-content\/uploads\/2019\/11\/1-7-768x576.jpg 768w, http:\/\/commune-loffre.fr\/wp-content\/uploads\/2019\/11\/1-7-624x468.jpg 624w, http:\/\/commune-loffre.fr\/wp-content\/uploads\/2019\/11\/1-7-240x180.jpg 240w\" sizes=\"(max-width: 1024px) 100vw, 1024px\" \/><\/figure><\/li><li class=\"blocks-gallery-item\"><figure><img loading=\"lazy\" decoding=\"async\" width=\"1024\" height=\"768\" src=\"http:\/\/commune-loffre.fr\/wp-content\/uploads\/2019\/11\/1-8-1024x768.jpg\" alt=\"\" data-id=\"5085\" data-link=\"http:\/\/commune-loffre.fr\/?attachment_id=5085\" class=\"wp-image-5085\" srcset=\"http:\/\/commune-loffre.fr\/wp-content\/uploads\/2019\/11\/1-8-1024x768.jpg 1024w, http:\/\/commune-loffre.fr\/wp-content\/uploads\/2019\/11\/1-8-300x225.jpg 300w, http:\/\/commune-loffre.fr\/wp-content\/uploads\/2019\/11\/1-8-768x576.jpg 768w, http:\/\/commune-loffre.fr\/wp-content\/uploads\/2019\/11\/1-8-624x468.jpg 624w, http:\/\/commune-loffre.fr\/wp-content\/uploads\/2019\/11\/1-8-240x180.jpg 240w\" sizes=\"(max-width: 1024px) 100vw, 1024px\" \/><\/figure><\/li><\/ul>\n\n\n\n<p>Monsieur le Maire pronon\u00e7a le\ndiscours de Madame la secr\u00e9taire d\u2019\u00c9tat aupr\u00e8s du ministre des Arm\u00e9es puis en\ncompagnie de Monsieur Jean-Marie CHOEUR, Pr\u00e9sident des Anciens Combattants de\nLoffre, d\u00e9posa une gerbe au monument aux Morts puis proc\u00e9da \u00e0 l\u2019appel aux\nmorts. Pour cl\u00f4turer cette comm\u00e9moration un l\u00e2ch\u00e9 de pigeons a \u00e9t\u00e9 r\u00e9alis\u00e9\napr\u00e8s l\u2019interpr\u00e9tation de l\u2019hymne national par l\u2019harmonie \u00ab&nbsp;La Concorde&nbsp;\u00bb\nde Frais-Marais.<\/p>\n\n\n\n<ul class=\"wp-block-gallery columns-5 is-cropped wp-block-gallery-2 is-layout-flex wp-block-gallery-is-layout-flex\"><li class=\"blocks-gallery-item\"><figure><img loading=\"lazy\" decoding=\"async\" width=\"768\" height=\"1024\" src=\"http:\/\/commune-loffre.fr\/wp-content\/uploads\/2019\/11\/2-1-768x1024.jpg\" alt=\"\" data-id=\"5086\" data-link=\"http:\/\/commune-loffre.fr\/?attachment_id=5086\" class=\"wp-image-5086\" srcset=\"http:\/\/commune-loffre.fr\/wp-content\/uploads\/2019\/11\/2-1-768x1024.jpg 768w, http:\/\/commune-loffre.fr\/wp-content\/uploads\/2019\/11\/2-1-225x300.jpg 225w, http:\/\/commune-loffre.fr\/wp-content\/uploads\/2019\/11\/2-1-624x832.jpg 624w\" sizes=\"(max-width: 768px) 100vw, 768px\" \/><\/figure><\/li><li class=\"blocks-gallery-item\"><figure><img loading=\"lazy\" decoding=\"async\" width=\"1024\" height=\"768\" src=\"http:\/\/commune-loffre.fr\/wp-content\/uploads\/2019\/11\/2-2-1024x768.jpg\" alt=\"\" data-id=\"5087\" data-link=\"http:\/\/commune-loffre.fr\/?attachment_id=5087\" class=\"wp-image-5087\" srcset=\"http:\/\/commune-loffre.fr\/wp-content\/uploads\/2019\/11\/2-2-1024x768.jpg 1024w, http:\/\/commune-loffre.fr\/wp-content\/uploads\/2019\/11\/2-2-300x225.jpg 300w, http:\/\/commune-loffre.fr\/wp-content\/uploads\/2019\/11\/2-2-768x576.jpg 768w, http:\/\/commune-loffre.fr\/wp-content\/uploads\/2019\/11\/2-2-624x468.jpg 624w, http:\/\/commune-loffre.fr\/wp-content\/uploads\/2019\/11\/2-2-240x180.jpg 240w\" sizes=\"(max-width: 1024px) 100vw, 1024px\" \/><\/figure><\/li><li class=\"blocks-gallery-item\"><figure><img loading=\"lazy\" decoding=\"async\" width=\"1024\" height=\"768\" src=\"http:\/\/commune-loffre.fr\/wp-content\/uploads\/2019\/11\/2-3-1024x768.jpg\" alt=\"\" data-id=\"5088\" data-link=\"http:\/\/commune-loffre.fr\/?attachment_id=5088\" class=\"wp-image-5088\" srcset=\"http:\/\/commune-loffre.fr\/wp-content\/uploads\/2019\/11\/2-3-1024x768.jpg 1024w, http:\/\/commune-loffre.fr\/wp-content\/uploads\/2019\/11\/2-3-300x225.jpg 300w, http:\/\/commune-loffre.fr\/wp-content\/uploads\/2019\/11\/2-3-768x576.jpg 768w, http:\/\/commune-loffre.fr\/wp-content\/uploads\/2019\/11\/2-3-624x468.jpg 624w, http:\/\/commune-loffre.fr\/wp-content\/uploads\/2019\/11\/2-3-240x180.jpg 240w\" sizes=\"(max-width: 1024px) 100vw, 1024px\" \/><\/figure><\/li><li class=\"blocks-gallery-item\"><figure><img loading=\"lazy\" decoding=\"async\" width=\"768\" height=\"1024\" src=\"http:\/\/commune-loffre.fr\/wp-content\/uploads\/2019\/11\/2-4-768x1024.jpg\" alt=\"\" data-id=\"5089\" data-link=\"http:\/\/commune-loffre.fr\/?attachment_id=5089\" class=\"wp-image-5089\" srcset=\"http:\/\/commune-loffre.fr\/wp-content\/uploads\/2019\/11\/2-4-768x1024.jpg 768w, http:\/\/commune-loffre.fr\/wp-content\/uploads\/2019\/11\/2-4-225x300.jpg 225w, http:\/\/commune-loffre.fr\/wp-content\/uploads\/2019\/11\/2-4-624x832.jpg 624w\" sizes=\"(max-width: 768px) 100vw, 768px\" \/><\/figure><\/li><li class=\"blocks-gallery-item\"><figure><img loading=\"lazy\" decoding=\"async\" width=\"768\" height=\"1024\" src=\"http:\/\/commune-loffre.fr\/wp-content\/uploads\/2019\/11\/2-5-768x1024.jpg\" alt=\"\" data-id=\"5090\" data-link=\"http:\/\/commune-loffre.fr\/?attachment_id=5090\" class=\"wp-image-5090\" srcset=\"http:\/\/commune-loffre.fr\/wp-content\/uploads\/2019\/11\/2-5-768x1024.jpg 768w, http:\/\/commune-loffre.fr\/wp-content\/uploads\/2019\/11\/2-5-225x300.jpg 225w, http:\/\/commune-loffre.fr\/wp-content\/uploads\/2019\/11\/2-5-624x832.jpg 624w\" sizes=\"(max-width: 768px) 100vw, 768px\" \/><\/figure><\/li><\/ul>\n\n\n\n<p>Afin de poursuivre la\ncomm\u00e9moration, le cort\u00e8ge se dirigea vers la salle polyvalente pour la remise\nde m\u00e9dailles du travail et militaire.<\/p>\n\n\n\n<p><strong>Monsieur le Maire remit une m\u00e9daille du travail \u00e0\u00a0:<\/strong><\/p>\n\n\n\n<ul><li><strong>Monsieur Jean Michel MARLIER<\/strong> pour le dipl\u00f4me correspondant \u00e0 la m\u00e9daille d\u2019honneur r\u00e9gionale, d\u00e9partementale et communale correspondant \u00e0 l\u2019\u00e9chelon Or pour 35 ann\u00e9es de travail en qualit\u00e9 d\u2019agent technique Principal au sein de la commune de LOFFRE.<\/li><\/ul>\n\n\n\n<ul class=\"wp-block-gallery columns-1 is-cropped wp-block-gallery-3 is-layout-flex wp-block-gallery-is-layout-flex\"><li class=\"blocks-gallery-item\"><figure><img loading=\"lazy\" decoding=\"async\" width=\"1024\" height=\"768\" src=\"http:\/\/commune-loffre.fr\/wp-content\/uploads\/2019\/11\/P1010025-1024x768.jpg\" alt=\"\" data-id=\"5091\" data-link=\"http:\/\/commune-loffre.fr\/?attachment_id=5091\" class=\"wp-image-5091\" srcset=\"http:\/\/commune-loffre.fr\/wp-content\/uploads\/2019\/11\/P1010025-1024x768.jpg 1024w, http:\/\/commune-loffre.fr\/wp-content\/uploads\/2019\/11\/P1010025-300x225.jpg 300w, http:\/\/commune-loffre.fr\/wp-content\/uploads\/2019\/11\/P1010025-768x576.jpg 768w, http:\/\/commune-loffre.fr\/wp-content\/uploads\/2019\/11\/P1010025-624x468.jpg 624w, http:\/\/commune-loffre.fr\/wp-content\/uploads\/2019\/11\/P1010025-240x180.jpg 240w\" sizes=\"(max-width: 1024px) 100vw, 1024px\" \/><\/figure><\/li><\/ul>\n\n\n\n<p style=\"font-size:-2px\" class=\"has-text-color has-cyan-bluish-gray-color\"><em>Monsieur le Maire lui adressa ses f\u00e9licitations et au nom du conseil municipal offrit une composition florale au r\u00e9cipiendaire. <\/em><\/p>\n\n\n\n<p>Monsieur le Maire laissa la\nparole \u00e0 Monsieur Jean-Marie CH\u0152UR, pr\u00e9sident des Anciens Combattants de Loffre\nqui donna lecture du message de l\u2019Union Fran\u00e7aise des Associations de\nCombattants et de Victimes de Guerre puis annon\u00e7a \u00e0 la remise de la Croix du\nCombattant par le lieutenant-colonel HERV\u00c9 au sergent Christophe MICQUET.&nbsp;<\/p>\n\n\n\n<ul class=\"wp-block-gallery columns-3 is-cropped wp-block-gallery-4 is-layout-flex wp-block-gallery-is-layout-flex\"><li class=\"blocks-gallery-item\"><figure><img loading=\"lazy\" decoding=\"async\" width=\"1024\" height=\"768\" src=\"http:\/\/commune-loffre.fr\/wp-content\/uploads\/2019\/11\/P1010019-1024x768.jpg\" alt=\"\" data-id=\"5092\" data-link=\"http:\/\/commune-loffre.fr\/?attachment_id=5092\" class=\"wp-image-5092\" srcset=\"http:\/\/commune-loffre.fr\/wp-content\/uploads\/2019\/11\/P1010019-1024x768.jpg 1024w, http:\/\/commune-loffre.fr\/wp-content\/uploads\/2019\/11\/P1010019-300x225.jpg 300w, http:\/\/commune-loffre.fr\/wp-content\/uploads\/2019\/11\/P1010019-768x576.jpg 768w, http:\/\/commune-loffre.fr\/wp-content\/uploads\/2019\/11\/P1010019-624x468.jpg 624w, http:\/\/commune-loffre.fr\/wp-content\/uploads\/2019\/11\/P1010019-240x180.jpg 240w\" sizes=\"(max-width: 1024px) 100vw, 1024px\" \/><\/figure><\/li><li class=\"blocks-gallery-item\"><figure><img loading=\"lazy\" decoding=\"async\" width=\"1024\" height=\"768\" src=\"http:\/\/commune-loffre.fr\/wp-content\/uploads\/2019\/11\/P1010022-1024x768.jpg\" alt=\"\" data-id=\"5093\" data-link=\"http:\/\/commune-loffre.fr\/?attachment_id=5093\" class=\"wp-image-5093\" srcset=\"http:\/\/commune-loffre.fr\/wp-content\/uploads\/2019\/11\/P1010022-1024x768.jpg 1024w, http:\/\/commune-loffre.fr\/wp-content\/uploads\/2019\/11\/P1010022-300x225.jpg 300w, http:\/\/commune-loffre.fr\/wp-content\/uploads\/2019\/11\/P1010022-768x576.jpg 768w, http:\/\/commune-loffre.fr\/wp-content\/uploads\/2019\/11\/P1010022-624x468.jpg 624w, http:\/\/commune-loffre.fr\/wp-content\/uploads\/2019\/11\/P1010022-240x180.jpg 240w\" sizes=\"(max-width: 1024px) 100vw, 1024px\" \/><\/figure><\/li><li class=\"blocks-gallery-item\"><figure><img loading=\"lazy\" decoding=\"async\" width=\"1024\" height=\"768\" src=\"http:\/\/commune-loffre.fr\/wp-content\/uploads\/2019\/11\/P1010024-1024x768.jpg\" alt=\"\" data-id=\"5094\" data-link=\"http:\/\/commune-loffre.fr\/?attachment_id=5094\" class=\"wp-image-5094\" srcset=\"http:\/\/commune-loffre.fr\/wp-content\/uploads\/2019\/11\/P1010024-1024x768.jpg 1024w, http:\/\/commune-loffre.fr\/wp-content\/uploads\/2019\/11\/P1010024-300x225.jpg 300w, http:\/\/commune-loffre.fr\/wp-content\/uploads\/2019\/11\/P1010024-768x576.jpg 768w, http:\/\/commune-loffre.fr\/wp-content\/uploads\/2019\/11\/P1010024-624x468.jpg 624w, http:\/\/commune-loffre.fr\/wp-content\/uploads\/2019\/11\/P1010024-240x180.jpg 240w\" sizes=\"(max-width: 1024px) 100vw, 1024px\" \/><\/figure><\/li><\/ul>\n\n\n\n<p>Pour cl\u00f4turer cette c\u00e9r\u00e9monie le\npublic a partag\u00e9 un moment de convivialit\u00e9 offert par la municipalit\u00e9.<\/p>\n\n\n\n<p>Pr\u00e9alablement, Monsieur le Maire\nremercia pour leur pr\u00e9sence, l\u2019association des anciens combattants et son\npr\u00e9sident Monsieur Jean-Marie CHOEUR pour leur participation, les repr\u00e9sentants\nd\u2019associations pr\u00e9sents, le colombophile qui a pr\u00eat\u00e9 son concours pour le l\u00e2ch\u00e9\nde pigeons, les enfants et le personnel enseignant de l\u2019\u00e9cole Henri MATISSE,\nles membres de l\u2019harmonie&nbsp;\u00bb La Concorde&nbsp;\u00bb de Frais Marais sous la\npr\u00e9sidence d\u2019Iris WISNIEWSKI et la ma\u00eetrise de son chef Jean Marc MAZUKO, le\npersonnel communal pour la pr\u00e9paration de cet hommage et bien s\u00fbr le conseil\nmunicipal.<\/p>\n\n\n\n<ul class=\"wp-block-gallery columns-3 is-cropped wp-block-gallery-5 is-layout-flex wp-block-gallery-is-layout-flex\"><li class=\"blocks-gallery-item\"><figure><img loading=\"lazy\" decoding=\"async\" width=\"1024\" height=\"768\" src=\"http:\/\/commune-loffre.fr\/wp-content\/uploads\/2019\/11\/P1010014-1024x768.jpg\" alt=\"\" data-id=\"5095\" data-link=\"http:\/\/commune-loffre.fr\/?attachment_id=5095\" class=\"wp-image-5095\" srcset=\"http:\/\/commune-loffre.fr\/wp-content\/uploads\/2019\/11\/P1010014-1024x768.jpg 1024w, http:\/\/commune-loffre.fr\/wp-content\/uploads\/2019\/11\/P1010014-300x225.jpg 300w, http:\/\/commune-loffre.fr\/wp-content\/uploads\/2019\/11\/P1010014-768x576.jpg 768w, http:\/\/commune-loffre.fr\/wp-content\/uploads\/2019\/11\/P1010014-624x468.jpg 624w, http:\/\/commune-loffre.fr\/wp-content\/uploads\/2019\/11\/P1010014-240x180.jpg 240w\" sizes=\"(max-width: 1024px) 100vw, 1024px\" \/><\/figure><\/li><li class=\"blocks-gallery-item\"><figure><img loading=\"lazy\" decoding=\"async\" width=\"1024\" height=\"768\" src=\"http:\/\/commune-loffre.fr\/wp-content\/uploads\/2019\/11\/P1010015-1024x768.jpg\" alt=\"\" data-id=\"5096\" data-link=\"http:\/\/commune-loffre.fr\/?attachment_id=5096\" class=\"wp-image-5096\" srcset=\"http:\/\/commune-loffre.fr\/wp-content\/uploads\/2019\/11\/P1010015-1024x768.jpg 1024w, http:\/\/commune-loffre.fr\/wp-content\/uploads\/2019\/11\/P1010015-300x225.jpg 300w, http:\/\/commune-loffre.fr\/wp-content\/uploads\/2019\/11\/P1010015-768x576.jpg 768w, http:\/\/commune-loffre.fr\/wp-content\/uploads\/2019\/11\/P1010015-624x468.jpg 624w, http:\/\/commune-loffre.fr\/wp-content\/uploads\/2019\/11\/P1010015-240x180.jpg 240w\" sizes=\"(max-width: 1024px) 100vw, 1024px\" \/><\/figure><\/li><li class=\"blocks-gallery-item\"><figure><img loading=\"lazy\" decoding=\"async\" width=\"1024\" height=\"768\" src=\"http:\/\/commune-loffre.fr\/wp-content\/uploads\/2019\/11\/P1010016-1024x768.jpg\" alt=\"\" data-id=\"5097\" data-link=\"http:\/\/commune-loffre.fr\/?attachment_id=5097\" class=\"wp-image-5097\" srcset=\"http:\/\/commune-loffre.fr\/wp-content\/uploads\/2019\/11\/P1010016-1024x768.jpg 1024w, http:\/\/commune-loffre.fr\/wp-content\/uploads\/2019\/11\/P1010016-300x225.jpg 300w, http:\/\/commune-loffre.fr\/wp-content\/uploads\/2019\/11\/P1010016-768x576.jpg 768w, http:\/\/commune-loffre.fr\/wp-content\/uploads\/2019\/11\/P1010016-624x468.jpg 624w, http:\/\/commune-loffre.fr\/wp-content\/uploads\/2019\/11\/P1010016-240x180.jpg 240w\" sizes=\"(max-width: 1024px) 100vw, 1024px\" \/><\/figure><\/li><li class=\"blocks-gallery-item\"><figure><img loading=\"lazy\" decoding=\"async\" width=\"1024\" height=\"768\" src=\"http:\/\/commune-loffre.fr\/wp-content\/uploads\/2019\/11\/P1010017-1024x768.jpg\" alt=\"\" data-id=\"5098\" data-link=\"http:\/\/commune-loffre.fr\/?attachment_id=5098\" class=\"wp-image-5098\" srcset=\"http:\/\/commune-loffre.fr\/wp-content\/uploads\/2019\/11\/P1010017-1024x768.jpg 1024w, http:\/\/commune-loffre.fr\/wp-content\/uploads\/2019\/11\/P1010017-300x225.jpg 300w, http:\/\/commune-loffre.fr\/wp-content\/uploads\/2019\/11\/P1010017-768x576.jpg 768w, http:\/\/commune-loffre.fr\/wp-content\/uploads\/2019\/11\/P1010017-624x468.jpg 624w, http:\/\/commune-loffre.fr\/wp-content\/uploads\/2019\/11\/P1010017-240x180.jpg 240w\" sizes=\"(max-width: 1024px) 100vw, 1024px\" \/><\/figure><\/li><li class=\"blocks-gallery-item\"><figure><img loading=\"lazy\" decoding=\"async\" width=\"1024\" height=\"768\" src=\"http:\/\/commune-loffre.fr\/wp-content\/uploads\/2019\/11\/P1010018-1024x768.jpg\" alt=\"\" data-id=\"5099\" data-link=\"http:\/\/commune-loffre.fr\/?attachment_id=5099\" class=\"wp-image-5099\" srcset=\"http:\/\/commune-loffre.fr\/wp-content\/uploads\/2019\/11\/P1010018-1024x768.jpg 1024w, http:\/\/commune-loffre.fr\/wp-content\/uploads\/2019\/11\/P1010018-300x225.jpg 300w, http:\/\/commune-loffre.fr\/wp-content\/uploads\/2019\/11\/P1010018-768x576.jpg 768w, http:\/\/commune-loffre.fr\/wp-content\/uploads\/2019\/11\/P1010018-624x468.jpg 624w, http:\/\/commune-loffre.fr\/wp-content\/uploads\/2019\/11\/P1010018-240x180.jpg 240w\" sizes=\"(max-width: 1024px) 100vw, 1024px\" \/><\/figure><\/li><\/ul>\n","protected":false},"excerpt":{"rendered":"<p>Monsieur le Maire, le conseil municipal, les Anciens Combattants de Loffre, les repr\u00e9sentants des associations, Monsieur le Directeur et des enfants de l\u2019\u00e9cole Henri MATISSE et de nombreux habitants ont&#8230; <a href=\"http:\/\/commune-loffre.fr\/index.php\/2019\/11\/15\/commemoration-du-11-novembre-et-remise-dune-medaille-du-travail\/\">Read more &raquo;<\/a><\/p>\n","protected":false},"author":1,"featured_media":5084,"comment_status":"closed","ping_status":"closed","sticky":false,"template":"","format":"standard","meta":{"footnotes":""},"categories":[17],"tags":[],"_links":{"self":[{"href":"http:\/\/commune-loffre.fr\/index.php\/wp-json\/wp\/v2\/posts\/5077"}],"collection":[{"href":"http:\/\/commune-loffre.fr\/index.php\/wp-json\/wp\/v2\/posts"}],"about":[{"href":"http:\/\/commune-loffre.fr\/index.php\/wp-json\/wp\/v2\/types\/post"}],"author":[{"embeddable":true,"href":"http:\/\/commune-loffre.fr\/index.php\/wp-json\/wp\/v2\/users\/1"}],"replies":[{"embeddable":true,"href":"http:\/\/commune-loffre.fr\/index.php\/wp-json\/wp\/v2\/comments?post=5077"}],"version-history":[{"count":3,"href":"http:\/\/commune-loffre.fr\/index.php\/wp-json\/wp\/v2\/posts\/5077\/revisions"}],"predecessor-version":[{"id":5102,"href":"http:\/\/commune-loffre.fr\/index.php\/wp-json\/wp\/v2\/posts\/5077\/revisions\/5102"}],"wp:featuredmedia":[{"embeddable":true,"href":"http:\/\/commune-loffre.fr\/index.php\/wp-json\/wp\/v2\/media\/5084"}],"wp:attachment":[{"href":"http:\/\/commune-loffre.fr\/index.php\/wp-json\/wp\/v2\/media?parent=5077"}],"wp:term":[{"taxonomy":"category","embeddable":true,"href":"http:\/\/commune-loffre.fr\/index.php\/wp-json\/wp\/v2\/categories?post=5077"},{"taxonomy":"post_tag","embeddable":true,"href":"http:\/\/commune-loffre.fr\/index.php\/wp-json\/wp\/v2\/tags?post=5077"}],"curies":[{"name":"wp","href":"https:\/\/api.w.org\/{rel}","templated":true}]}}