{"id":5073,"date":"2019-11-15T09:32:08","date_gmt":"2019-11-15T08:32:08","guid":{"rendered":"http:\/\/commune-loffre.fr\/?p=5073"},"modified":"2019-11-15T09:32:08","modified_gmt":"2019-11-15T08:32:08","slug":"projet-culturel-communal","status":"publish","type":"post","link":"http:\/\/commune-loffre.fr\/index.php\/2019\/11\/15\/projet-culturel-communal\/","title":{"rendered":"Projet Culturel communal"},"content":{"rendered":"\n<h3 class=\"wp-block-heading\"> Gratuit et ouvert \u00e0 tous les jeunes enfants de 6 mois \u00e0 5 ans. <\/h3>\n\n\n\n<h4 class=\"wp-block-heading\"> <strong>A ne pas manquer pour nos tout-petits\u00a0!<\/strong> <\/h4>\n\n\n\n<p>        En partenariat   avec la <strong>CCCO<\/strong>, la commune de LOFFRE   organise <strong>un projet culturel communal<\/strong> en direction des   jeunes enfants du village.    <strong>Irma et Fran\u00e7ois<\/strong>, artistes de la   compagnie \u00ab\u00a0<em>Dans tous les sens<\/em>\u00a0\u00bb   ont \u00e9t\u00e9 choisis pour captiver nos tout-petits \u00e0 <strong>travers des ateliers de cr\u00e9ation de comptines<\/strong>   <\/p>\n\n\n\n<p>Ce projet comporte plusieurs   rendez-vous\u00a0:   <\/p>\n\n\n\n<p><strong>Le 14 janvier 2020 \u00e0 18h15<\/strong> au   foyer rural <strong>:\u00a0 rencontre PARENTS + ENFANTS<\/strong>  avec les   deux artistes Irma et Fran\u00e7ois, pour expliquer le projet \u00e0  travers un atelier   de chants (dur\u00e9e 30 mn). Atelier intitul\u00e9  \u00ab\u00a0chant-comprendre les   tout-petits\u00a0\u00bb  <\/p>\n\n\n\n<p class=\"has-text-color has-very-dark-gray-color\"> <strong>Le jeudi 23 janvier, le mardi 28   janvier et le jeudi 30 janvier<\/strong>\u00a0:  les enfants scolaris\u00e9s dans la   classe maternelle de Madame PINTHIAUX  recevront dans leur classe, l\u2019artiste   Irma, pour des ateliers de  cr\u00e9ation de comptines   <\/p>\n\n\n\n<p><strong>Le jeudi 23 janvier de 9h30 \u00e0 10h00 et   le mercredi 29 janvier de 10h \u00e0 10h30\u00a0: ateliers RAM<\/strong>  \u00e0 la salle   polyvalente, les b\u00e9b\u00e9s de LOFFRE sont attendus avec leur  assistante   maternelle ou leurs parents pour un atelier contes.  (enfants de 6 mois \u00e0 3   ans)       <\/p>\n\n\n\n<p><strong>Le samedi 08 f\u00e9vrier 2020 \u00e0 la salle polyvalente, sur inscription. Le spectacle \u00ab\u00a0j\u2019m\u2019ennuie quand j\u2019dors\u00a0\u00bb<\/strong><\/p>\n\n\n\n<p>(+ la restitution des ateliers), sera propos\u00e9 gratuitement aux jeunes enfants accompagn\u00e9s de leurs parents ou leurs grands-parents <\/p>\n\n\n\n<ul><li>Enfants de 8 mois \u00e0 3 ans\u00a0: repr\u00e9sentation de 10h00 \u00e0 10h45<\/li><li>Enfants de 3 ans \u00e0 5 ans\u00a0: repr\u00e9sentation de 11h00 \u00e0 11h45<\/li><\/ul>\n\n\n\n<blockquote style=\"text-align:center\" class=\"wp-block-quote\"><p><em>Pour toute information compl\u00e9mentaire, merci de laisser un message en mairie (03 27 80 51 43) \u00e0 l\u2019attention de Sylvie LARIVIERE adjointe \u00e0 la culture ou Marie H\u00e9l\u00e8ne DUPUIS r\u00e9f\u00e9rente jeunesse, elles vous rappelleront. <\/em><\/p><\/blockquote>\n\n\n\n<p class=\"has-text-color has-vivid-red-color\"><strong>Bulletin d\u2019inscription \u00e0 remplir ou \u00e0 recopier et \u00e0 d\u00e9poser en mairie avant le 05 janvier 2020 <\/strong><\/p>\n\n\n\n<p>MERCI\u00a0et ne manquez pas ce rendez-vous culturel loffrien pour les petits et tout-petits !<\/p>\n\n\n\n<ul><li><em>Pour les ateliers en classe \u00e0 l\u2019\u00e9cole Henri Matisse, vous n\u2019avez rien \u00e0\nfaire, vos enfants en profiteront avec leur enseignante<\/em><\/li><\/ul>\n\n\n\n<ul><li><em>Pour les ateliers avec le Relais Assistantes Maternelles, merci de\ncontacter le RAM pour vous inscrire&nbsp;:&nbsp;\n<\/em><a href=\"mailto:raminter59@gmail.com\"><em>raminter59@gmail.com<\/em><\/a><em> ou 03 27 99 13 75<\/em><\/li><\/ul>\n\n\n\n<ul><li><em>Pour l\u2019atelier parents-enfants et pour le spectacle, merci de vous\ninscrire avant le 5&nbsp;janvier.<\/em><\/li><\/ul>\n\n\n\n<p><strong>Tous les jeunes enfants des communes\nvoisines appartenant \u00e0 la CCCO sont les bienvenus <\/strong><strong>sur inscription<\/strong><\/p>\n\n\n\n<ul class=\"wp-block-gallery columns-1 is-cropped wp-block-gallery-1 is-layout-flex wp-block-gallery-is-layout-flex\"><li class=\"blocks-gallery-item\"><figure><img loading=\"lazy\" decoding=\"async\" width=\"867\" height=\"960\" src=\"http:\/\/commune-loffre.fr\/wp-content\/uploads\/2019\/11\/ProjetFlyerLivret_Page_2-1.jpg\" alt=\"\" data-id=\"5075\" data-link=\"http:\/\/commune-loffre.fr\/?attachment_id=5075\" class=\"wp-image-5075\" srcset=\"http:\/\/commune-loffre.fr\/wp-content\/uploads\/2019\/11\/ProjetFlyerLivret_Page_2-1.jpg 867w, http:\/\/commune-loffre.fr\/wp-content\/uploads\/2019\/11\/ProjetFlyerLivret_Page_2-1-271x300.jpg 271w, http:\/\/commune-loffre.fr\/wp-content\/uploads\/2019\/11\/ProjetFlyerLivret_Page_2-1-768x850.jpg 768w, http:\/\/commune-loffre.fr\/wp-content\/uploads\/2019\/11\/ProjetFlyerLivret_Page_2-1-624x691.jpg 624w\" sizes=\"(max-width: 867px) 100vw, 867px\" \/><\/figure><\/li><\/ul>\n","protected":false},"excerpt":{"rendered":"<p>Gratuit et ouvert \u00e0 tous les jeunes enfants de 6 mois \u00e0 5 ans. A ne pas manquer pour nos tout-petits\u00a0! En partenariat avec la CCCO, la commune de LOFFRE&#8230; <a href=\"http:\/\/commune-loffre.fr\/index.php\/2019\/11\/15\/projet-culturel-communal\/\">Read more &raquo;<\/a><\/p>\n","protected":false},"author":1,"featured_media":0,"comment_status":"closed","ping_status":"closed","sticky":false,"template":"","format":"standard","meta":{"footnotes":""},"categories":[18],"tags":[],"_links":{"self":[{"href":"http:\/\/commune-loffre.fr\/index.php\/wp-json\/wp\/v2\/posts\/5073"}],"collection":[{"href":"http:\/\/commune-loffre.fr\/index.php\/wp-json\/wp\/v2\/posts"}],"about":[{"href":"http:\/\/commune-loffre.fr\/index.php\/wp-json\/wp\/v2\/types\/post"}],"author":[{"embeddable":true,"href":"http:\/\/commune-loffre.fr\/index.php\/wp-json\/wp\/v2\/users\/1"}],"replies":[{"embeddable":true,"href":"http:\/\/commune-loffre.fr\/index.php\/wp-json\/wp\/v2\/comments?post=5073"}],"version-history":[{"count":1,"href":"http:\/\/commune-loffre.fr\/index.php\/wp-json\/wp\/v2\/posts\/5073\/revisions"}],"predecessor-version":[{"id":5076,"href":"http:\/\/commune-loffre.fr\/index.php\/wp-json\/wp\/v2\/posts\/5073\/revisions\/5076"}],"wp:attachment":[{"href":"http:\/\/commune-loffre.fr\/index.php\/wp-json\/wp\/v2\/media?parent=5073"}],"wp:term":[{"taxonomy":"category","embeddable":true,"href":"http:\/\/commune-loffre.fr\/index.php\/wp-json\/wp\/v2\/categories?post=5073"},{"taxonomy":"post_tag","embeddable":true,"href":"http:\/\/commune-loffre.fr\/index.php\/wp-json\/wp\/v2\/tags?post=5073"}],"curies":[{"name":"wp","href":"https:\/\/api.w.org\/{rel}","templated":true}]}}