{"id":5052,"date":"2019-11-09T15:24:41","date_gmt":"2019-11-09T14:24:41","guid":{"rendered":"http:\/\/commune-loffre.fr\/?p=5052"},"modified":"2019-11-09T15:31:06","modified_gmt":"2019-11-09T14:31:06","slug":"les-animations-de-la-semaine-bleue","status":"publish","type":"post","link":"http:\/\/commune-loffre.fr\/index.php\/2019\/11\/09\/les-animations-de-la-semaine-bleue\/","title":{"rendered":"Les animations de la semaine Bleue"},"content":{"rendered":"\n<p>A l\u2019occasion de la semaine bleue, semaine nationale\ndes retrait\u00e9s et des ain\u00e9s, la commune a organis\u00e9 des animations sur plusieurs\njourn\u00e9es afin de se divertir, s\u2019informer et se rencontrer dans des ambiances\nconviviales.<\/p>\n\n\n\n<p>La semaine a d\u00e9marr\u00e9 par <strong>un atelier m\u00e9moire interg\u00e9n\u00e9rationnel<\/strong> avec la participation des\n\u00e9l\u00e8ves de la classe CE2-CM1-CM2 de l\u2019\u00e9cole Henri Matisse qui se sont associ\u00e9s\naux a\u00een\u00e9s du village. Cette animation \u00e9tait bas\u00e9e, cette ann\u00e9e, sur la m\u00e9moire\nauditive et a enthousiasm\u00e9 les jeunes et les moins jeunes dans une ambiance\ntr\u00e8s d\u00e9tendue.<\/p>\n\n\n\n<ul class=\"wp-block-gallery columns-4 is-cropped wp-block-gallery-1 is-layout-flex wp-block-gallery-is-layout-flex\"><li class=\"blocks-gallery-item\"><figure><img loading=\"lazy\" decoding=\"async\" width=\"1024\" height=\"577\" src=\"http:\/\/commune-loffre.fr\/wp-content\/uploads\/2019\/11\/72486502_2714952155235623_5472063728407019520_o-1-1024x577.jpg\" alt=\"\" data-id=\"5058\" data-link=\"http:\/\/commune-loffre.fr\/index.php\/2019\/11\/09\/les-animations-de-la-semaine-bleue\/72486502_2714952155235623_5472063728407019520_o-1\/\" class=\"wp-image-5058\" srcset=\"http:\/\/commune-loffre.fr\/wp-content\/uploads\/2019\/11\/72486502_2714952155235623_5472063728407019520_o-1-1024x577.jpg 1024w, http:\/\/commune-loffre.fr\/wp-content\/uploads\/2019\/11\/72486502_2714952155235623_5472063728407019520_o-1-300x169.jpg 300w, http:\/\/commune-loffre.fr\/wp-content\/uploads\/2019\/11\/72486502_2714952155235623_5472063728407019520_o-1-768x433.jpg 768w, http:\/\/commune-loffre.fr\/wp-content\/uploads\/2019\/11\/72486502_2714952155235623_5472063728407019520_o-1-624x351.jpg 624w, http:\/\/commune-loffre.fr\/wp-content\/uploads\/2019\/11\/72486502_2714952155235623_5472063728407019520_o-1.jpg 1944w\" sizes=\"(max-width: 1024px) 100vw, 1024px\" \/><\/figure><\/li><li class=\"blocks-gallery-item\"><figure><img loading=\"lazy\" decoding=\"async\" width=\"1024\" height=\"577\" src=\"http:\/\/commune-loffre.fr\/wp-content\/uploads\/2019\/11\/72489672_2714952115235627_7978177003889098752_o-1-1024x577.jpg\" alt=\"\" data-id=\"5059\" data-link=\"http:\/\/commune-loffre.fr\/index.php\/2019\/11\/09\/les-animations-de-la-semaine-bleue\/72489672_2714952115235627_7978177003889098752_o-1\/\" class=\"wp-image-5059\" srcset=\"http:\/\/commune-loffre.fr\/wp-content\/uploads\/2019\/11\/72489672_2714952115235627_7978177003889098752_o-1-1024x577.jpg 1024w, http:\/\/commune-loffre.fr\/wp-content\/uploads\/2019\/11\/72489672_2714952115235627_7978177003889098752_o-1-300x169.jpg 300w, http:\/\/commune-loffre.fr\/wp-content\/uploads\/2019\/11\/72489672_2714952115235627_7978177003889098752_o-1-768x433.jpg 768w, http:\/\/commune-loffre.fr\/wp-content\/uploads\/2019\/11\/72489672_2714952115235627_7978177003889098752_o-1-624x351.jpg 624w, http:\/\/commune-loffre.fr\/wp-content\/uploads\/2019\/11\/72489672_2714952115235627_7978177003889098752_o-1.jpg 1944w\" sizes=\"(max-width: 1024px) 100vw, 1024px\" \/><\/figure><\/li><li class=\"blocks-gallery-item\"><figure><img loading=\"lazy\" decoding=\"async\" width=\"960\" height=\"540\" src=\"http:\/\/commune-loffre.fr\/wp-content\/uploads\/2019\/11\/74226631_2714951991902306_1489838573464059904_n-1.jpg\" alt=\"\" data-id=\"5060\" data-link=\"http:\/\/commune-loffre.fr\/index.php\/2019\/11\/09\/les-animations-de-la-semaine-bleue\/74226631_2714951991902306_1489838573464059904_n-1\/\" class=\"wp-image-5060\" srcset=\"http:\/\/commune-loffre.fr\/wp-content\/uploads\/2019\/11\/74226631_2714951991902306_1489838573464059904_n-1.jpg 960w, http:\/\/commune-loffre.fr\/wp-content\/uploads\/2019\/11\/74226631_2714951991902306_1489838573464059904_n-1-300x169.jpg 300w, http:\/\/commune-loffre.fr\/wp-content\/uploads\/2019\/11\/74226631_2714951991902306_1489838573464059904_n-1-768x432.jpg 768w, http:\/\/commune-loffre.fr\/wp-content\/uploads\/2019\/11\/74226631_2714951991902306_1489838573464059904_n-1-624x351.jpg 624w\" sizes=\"(max-width: 960px) 100vw, 960px\" \/><\/figure><\/li><li class=\"blocks-gallery-item\"><figure><img loading=\"lazy\" decoding=\"async\" width=\"960\" height=\"720\" src=\"http:\/\/commune-loffre.fr\/wp-content\/uploads\/2019\/11\/IMG_2439-1.jpg\" alt=\"\" data-id=\"5061\" data-link=\"http:\/\/commune-loffre.fr\/index.php\/2019\/11\/09\/les-animations-de-la-semaine-bleue\/img_2439-1\/\" class=\"wp-image-5061\" srcset=\"http:\/\/commune-loffre.fr\/wp-content\/uploads\/2019\/11\/IMG_2439-1.jpg 960w, http:\/\/commune-loffre.fr\/wp-content\/uploads\/2019\/11\/IMG_2439-1-300x225.jpg 300w, http:\/\/commune-loffre.fr\/wp-content\/uploads\/2019\/11\/IMG_2439-1-768x576.jpg 768w, http:\/\/commune-loffre.fr\/wp-content\/uploads\/2019\/11\/IMG_2439-1-624x468.jpg 624w, http:\/\/commune-loffre.fr\/wp-content\/uploads\/2019\/11\/IMG_2439-1-240x180.jpg 240w\" sizes=\"(max-width: 960px) 100vw, 960px\" \/><\/figure><\/li><li class=\"blocks-gallery-item\"><figure><img loading=\"lazy\" decoding=\"async\" width=\"1024\" height=\"683\" src=\"http:\/\/commune-loffre.fr\/wp-content\/uploads\/2019\/11\/IMG_6198-1024x683.jpg\" alt=\"\" data-id=\"5064\" data-link=\"http:\/\/commune-loffre.fr\/index.php\/2019\/11\/09\/les-animations-de-la-semaine-bleue\/img_6198\/\" class=\"wp-image-5064\" srcset=\"http:\/\/commune-loffre.fr\/wp-content\/uploads\/2019\/11\/IMG_6198-1024x683.jpg 1024w, http:\/\/commune-loffre.fr\/wp-content\/uploads\/2019\/11\/IMG_6198-300x200.jpg 300w, http:\/\/commune-loffre.fr\/wp-content\/uploads\/2019\/11\/IMG_6198-768x512.jpg 768w, http:\/\/commune-loffre.fr\/wp-content\/uploads\/2019\/11\/IMG_6198-624x416.jpg 624w\" sizes=\"(max-width: 1024px) 100vw, 1024px\" \/><\/figure><\/li><li class=\"blocks-gallery-item\"><figure><img loading=\"lazy\" decoding=\"async\" width=\"1024\" height=\"683\" src=\"http:\/\/commune-loffre.fr\/wp-content\/uploads\/2019\/11\/IMG_6201-1-1024x683.jpg\" alt=\"\" data-id=\"5065\" data-link=\"http:\/\/commune-loffre.fr\/index.php\/2019\/11\/09\/les-animations-de-la-semaine-bleue\/img_6201-1\/\" class=\"wp-image-5065\" srcset=\"http:\/\/commune-loffre.fr\/wp-content\/uploads\/2019\/11\/IMG_6201-1-1024x683.jpg 1024w, http:\/\/commune-loffre.fr\/wp-content\/uploads\/2019\/11\/IMG_6201-1-300x200.jpg 300w, http:\/\/commune-loffre.fr\/wp-content\/uploads\/2019\/11\/IMG_6201-1-768x512.jpg 768w, http:\/\/commune-loffre.fr\/wp-content\/uploads\/2019\/11\/IMG_6201-1-624x416.jpg 624w\" sizes=\"(max-width: 1024px) 100vw, 1024px\" \/><\/figure><\/li><li class=\"blocks-gallery-item\"><figure><img loading=\"lazy\" decoding=\"async\" width=\"1024\" height=\"683\" src=\"http:\/\/commune-loffre.fr\/wp-content\/uploads\/2019\/11\/IMG_6208-1024x683.jpg\" alt=\"\" data-id=\"5066\" data-link=\"http:\/\/commune-loffre.fr\/index.php\/2019\/11\/09\/les-animations-de-la-semaine-bleue\/img_6208\/\" class=\"wp-image-5066\" srcset=\"http:\/\/commune-loffre.fr\/wp-content\/uploads\/2019\/11\/IMG_6208-1024x683.jpg 1024w, http:\/\/commune-loffre.fr\/wp-content\/uploads\/2019\/11\/IMG_6208-300x200.jpg 300w, http:\/\/commune-loffre.fr\/wp-content\/uploads\/2019\/11\/IMG_6208-768x512.jpg 768w, http:\/\/commune-loffre.fr\/wp-content\/uploads\/2019\/11\/IMG_6208-624x416.jpg 624w\" sizes=\"(max-width: 1024px) 100vw, 1024px\" \/><\/figure><\/li><\/ul>\n\n\n\n<p>Le mercredi 16 octobre, les ain\u00e9s \u00e9taient nombreux\n\u00e0 participer \u00e0 <strong>l\u2019atelier d\u2019information\njuridique<\/strong> anim\u00e9 par Monsieur ANDRE Notaire \u00e0 Pecquencourt et son\ncollaborateur Monsieur DRANSART. Les questions autour de la transmission de son\npatrimoine, les donations, les testaments, la place des assurances vie dans les\nsuccessions \u2026et d\u2019autres informations ont \u00e9t\u00e9 largement pr\u00e9sent\u00e9es. Les 32\nparticipants loffriens ont pu ainsi \u00eatre inform\u00e9s pour anticiper des d\u00e9cisions\n\u00e0 prendre et obtenir des r\u00e9ponses \u00e0 leurs questions.<\/p>\n\n\n\n<p><strong>La\n\u00ab&nbsp;cantine des a\u00een\u00e9s&nbsp;\u00bb<\/strong> a ensuite accueilli en toute simplicit\u00e9 et\nconvivialit\u00e9 une trentaine de participants qui ont \u00e9t\u00e9 ravis de partager avec\nles copains et les copines le menu propos\u00e9 par la restauration API. Chaque\nconvive est reparti avec une bouteille de jus de pommes du terroir en cadeau. <\/p>\n\n\n\n<p>L\u2019Association \u00ab&nbsp;LOFFRE LOISIRS&nbsp;\u00bb a\npoursuivi la journ\u00e9e par <strong>une apr\u00e8s-midi\nludique<\/strong> autour du partage de jeux de cartes et jeux de soci\u00e9t\u00e9.<\/p>\n\n\n\n<p>Le lendemain de 9h00 \u00e0 10h00, les ain\u00e9s ont pu\nparticiper ou d\u00e9couvrir <strong>l\u2019atelier des\nActivit\u00e9s Physiques Adapt\u00e9es<\/strong> anim\u00e9 par Benjamin, Coach sportif, dans le but\nde conserver une souplesse et une bonne sant\u00e9&nbsp;! <\/p>\n","protected":false},"excerpt":{"rendered":"<p>A l\u2019occasion de la semaine bleue, semaine nationale des retrait\u00e9s et des ain\u00e9s, la commune a organis\u00e9 des animations sur plusieurs journ\u00e9es afin de se divertir, s\u2019informer et se rencontrer&#8230; <a href=\"http:\/\/commune-loffre.fr\/index.php\/2019\/11\/09\/les-animations-de-la-semaine-bleue\/\">Read more &raquo;<\/a><\/p>\n","protected":false},"author":1,"featured_media":5061,"comment_status":"closed","ping_status":"closed","sticky":false,"template":"","format":"standard","meta":{"footnotes":""},"categories":[3,10],"tags":[],"_links":{"self":[{"href":"http:\/\/commune-loffre.fr\/index.php\/wp-json\/wp\/v2\/posts\/5052"}],"collection":[{"href":"http:\/\/commune-loffre.fr\/index.php\/wp-json\/wp\/v2\/posts"}],"about":[{"href":"http:\/\/commune-loffre.fr\/index.php\/wp-json\/wp\/v2\/types\/post"}],"author":[{"embeddable":true,"href":"http:\/\/commune-loffre.fr\/index.php\/wp-json\/wp\/v2\/users\/1"}],"replies":[{"embeddable":true,"href":"http:\/\/commune-loffre.fr\/index.php\/wp-json\/wp\/v2\/comments?post=5052"}],"version-history":[{"count":3,"href":"http:\/\/commune-loffre.fr\/index.php\/wp-json\/wp\/v2\/posts\/5052\/revisions"}],"predecessor-version":[{"id":5067,"href":"http:\/\/commune-loffre.fr\/index.php\/wp-json\/wp\/v2\/posts\/5052\/revisions\/5067"}],"wp:featuredmedia":[{"embeddable":true,"href":"http:\/\/commune-loffre.fr\/index.php\/wp-json\/wp\/v2\/media\/5061"}],"wp:attachment":[{"href":"http:\/\/commune-loffre.fr\/index.php\/wp-json\/wp\/v2\/media?parent=5052"}],"wp:term":[{"taxonomy":"category","embeddable":true,"href":"http:\/\/commune-loffre.fr\/index.php\/wp-json\/wp\/v2\/categories?post=5052"},{"taxonomy":"post_tag","embeddable":true,"href":"http:\/\/commune-loffre.fr\/index.php\/wp-json\/wp\/v2\/tags?post=5052"}],"curies":[{"name":"wp","href":"https:\/\/api.w.org\/{rel}","templated":true}]}}