{"id":5036,"date":"2019-11-07T11:08:54","date_gmt":"2019-11-07T10:08:54","guid":{"rendered":"http:\/\/commune-loffre.fr\/?p=5036"},"modified":"2019-11-07T11:08:54","modified_gmt":"2019-11-07T10:08:54","slug":"sas-stb-materiaux","status":"publish","type":"post","link":"http:\/\/commune-loffre.fr\/index.php\/2019\/11\/07\/sas-stb-materiaux\/","title":{"rendered":"SAS STB Mat\u00e9riaux"},"content":{"rendered":"\n<p>La Pr\u00e9fecture du Nord a pris un\narr\u00eat\u00e9 pr\u00e9fectoral en date du 24 octobre 2019 de refus d\u2019enregistrement de la\ndemande pr\u00e9sent\u00e9e par la SAS STB MATERIAUX relative \u00e0 l\u2019exploitation d\u2019une\ninstallation de stockage de d\u00e9chets inertes sur le territoire de la commune de\nLOFFRE.<\/p>\n\n\n\n<p>Je remercie&nbsp;\nparticuli\u00e8rement&nbsp; et sinc\u00e8rement:<\/p>\n\n\n\n<p>&#8211; pour leur mobilisation la\npopulation loffrienne, l\u2019association \u00ab&nbsp;la brigade verte loffrienne&nbsp;\u00bb\net l\u2019\u00e9quipe municipale,<\/p>\n\n\n\n<p>-pour leurs avis d\u00e9favorables \u00e0\nla consultation dans leur conseil municipal respectif&nbsp;: les \u00e9lus des\ncommunes limitrophes de MONTIGNY EN OSTREVENT, MASNY, GUESNAIN et LEWARDE,<\/p>\n\n\n\n<p>&#8211; et pour leur soutien politique\nM. BRUNEEL D\u00e9put\u00e9, M. DELANNOY Pr\u00e9sident de la Communaut\u00e9 de commune, M.\nBEAUCHAMP Conseiller D\u00e9partemental, Mme GAUTHIEZ Maire de Masny, M. MICHALAK\nMaire de Lewarde et ses Adjoints M. LEGER et M. DUBRUNQUEZ, M. LAHSEN Adjoint\nau Maire de Guesnain et M. SZPERKA Adjoint au Maire de Montigny en Ostrevent.<\/p>\n\n\n\n<p>&nbsp;&nbsp;&nbsp;&nbsp;&nbsp;&nbsp;&nbsp;&nbsp;&nbsp;&nbsp;&nbsp;&nbsp;&nbsp;&nbsp;&nbsp;&nbsp;&nbsp;&nbsp;&nbsp;&nbsp;&nbsp;&nbsp;&nbsp;&nbsp;&nbsp;&nbsp;&nbsp;&nbsp;&nbsp;&nbsp;&nbsp;&nbsp;&nbsp;&nbsp;&nbsp;&nbsp;&nbsp;&nbsp;&nbsp;&nbsp;&nbsp;&nbsp;&nbsp;&nbsp;&nbsp;&nbsp;&nbsp;&nbsp;&nbsp;&nbsp;&nbsp;&nbsp;&nbsp;&nbsp;&nbsp;&nbsp;&nbsp;&nbsp;&nbsp;&nbsp;&nbsp;&nbsp;&nbsp;&nbsp;&nbsp;&nbsp;&nbsp;&nbsp;&nbsp;&nbsp;&nbsp;&nbsp;&nbsp;&nbsp;&nbsp;&nbsp;&nbsp;&nbsp;&nbsp;&nbsp;&nbsp;&nbsp;&nbsp;&nbsp;&nbsp;&nbsp;&nbsp;&nbsp;&nbsp;&nbsp;&nbsp;&nbsp;&nbsp;&nbsp;&nbsp;&nbsp;&nbsp;&nbsp;&nbsp;&nbsp;&nbsp;&nbsp;&nbsp;&nbsp;&nbsp;&nbsp;&nbsp;&nbsp;&nbsp; Le\nMaire<\/p>\n\n\n\n<p>&nbsp;&nbsp;&nbsp;&nbsp;&nbsp;&nbsp;&nbsp;&nbsp;&nbsp;&nbsp;&nbsp;&nbsp;&nbsp;&nbsp;&nbsp;&nbsp;&nbsp;&nbsp;&nbsp;&nbsp;&nbsp;&nbsp;&nbsp;&nbsp;&nbsp;&nbsp;&nbsp;&nbsp;&nbsp;&nbsp;&nbsp;&nbsp;&nbsp;&nbsp;&nbsp;&nbsp;&nbsp;&nbsp;&nbsp;&nbsp;&nbsp;&nbsp;&nbsp;&nbsp;&nbsp;&nbsp;&nbsp;&nbsp;&nbsp;&nbsp;&nbsp;&nbsp;&nbsp;&nbsp;&nbsp;&nbsp;&nbsp;&nbsp;&nbsp;&nbsp;&nbsp;&nbsp;&nbsp;&nbsp;&nbsp;&nbsp;&nbsp;&nbsp;&nbsp;&nbsp;&nbsp;&nbsp;&nbsp;&nbsp;&nbsp;&nbsp;&nbsp;&nbsp;&nbsp;&nbsp;&nbsp;&nbsp;&nbsp;&nbsp;&nbsp;&nbsp;&nbsp;&nbsp;&nbsp;&nbsp;&nbsp;&nbsp;&nbsp;&nbsp;&nbsp;&nbsp;&nbsp;&nbsp;&nbsp;&nbsp;&nbsp;&nbsp;&nbsp;&nbsp;&nbsp;&nbsp;&nbsp;&nbsp;&nbsp; Eric\nGOUY<\/p>\n","protected":false},"excerpt":{"rendered":"<p>La Pr\u00e9fecture du Nord a pris un arr\u00eat\u00e9 pr\u00e9fectoral en date du 24 octobre 2019 de refus d\u2019enregistrement de la demande pr\u00e9sent\u00e9e par la SAS STB MATERIAUX relative \u00e0 l\u2019exploitation&#8230; <a href=\"http:\/\/commune-loffre.fr\/index.php\/2019\/11\/07\/sas-stb-materiaux\/\">Read more &raquo;<\/a><\/p>\n","protected":false},"author":1,"featured_media":0,"comment_status":"closed","ping_status":"closed","sticky":false,"template":"","format":"standard","meta":{"footnotes":""},"categories":[9],"tags":[],"_links":{"self":[{"href":"http:\/\/commune-loffre.fr\/index.php\/wp-json\/wp\/v2\/posts\/5036"}],"collection":[{"href":"http:\/\/commune-loffre.fr\/index.php\/wp-json\/wp\/v2\/posts"}],"about":[{"href":"http:\/\/commune-loffre.fr\/index.php\/wp-json\/wp\/v2\/types\/post"}],"author":[{"embeddable":true,"href":"http:\/\/commune-loffre.fr\/index.php\/wp-json\/wp\/v2\/users\/1"}],"replies":[{"embeddable":true,"href":"http:\/\/commune-loffre.fr\/index.php\/wp-json\/wp\/v2\/comments?post=5036"}],"version-history":[{"count":1,"href":"http:\/\/commune-loffre.fr\/index.php\/wp-json\/wp\/v2\/posts\/5036\/revisions"}],"predecessor-version":[{"id":5037,"href":"http:\/\/commune-loffre.fr\/index.php\/wp-json\/wp\/v2\/posts\/5036\/revisions\/5037"}],"wp:attachment":[{"href":"http:\/\/commune-loffre.fr\/index.php\/wp-json\/wp\/v2\/media?parent=5036"}],"wp:term":[{"taxonomy":"category","embeddable":true,"href":"http:\/\/commune-loffre.fr\/index.php\/wp-json\/wp\/v2\/categories?post=5036"},{"taxonomy":"post_tag","embeddable":true,"href":"http:\/\/commune-loffre.fr\/index.php\/wp-json\/wp\/v2\/tags?post=5036"}],"curies":[{"name":"wp","href":"https:\/\/api.w.org\/{rel}","templated":true}]}}