{"id":5013,"date":"2019-09-19T17:48:22","date_gmt":"2019-09-19T16:48:22","guid":{"rendered":"http:\/\/commune-loffre.fr\/?p=5013"},"modified":"2019-09-19T17:50:05","modified_gmt":"2019-09-19T16:50:05","slug":"atelier-des-saveurs-2","status":"publish","type":"post","link":"http:\/\/commune-loffre.fr\/index.php\/2019\/09\/19\/atelier-des-saveurs-2\/","title":{"rendered":"Atelier des saveurs"},"content":{"rendered":"\n<h2 class=\"wp-block-heading\">\nAu profit du T\u00e9l\u00e9thon\n\n<\/h2>\n\n\n\n<p><\/p>\n\n\n\n<p><strong>Rendez-vous \u00e0 la salle des\nf\u00eates d\u00e8s 9 heures le samedi 19 octobre&nbsp;\n2019<\/strong><\/p>\n\n\n\n<p><strong>Pour l\u2019\u00e9laboration des plats<\/strong><\/p>\n\n\n\n<p><strong>Menu&nbsp;:<\/strong><strong> &nbsp;&nbsp;&nbsp;&nbsp;&nbsp; Couscous maison<\/strong><\/p>\n\n\n\n<h3 class=\"wp-block-heading\">&nbsp;&nbsp;&nbsp;&nbsp;&nbsp;&nbsp;&nbsp;&nbsp;&nbsp;&nbsp;&nbsp;&nbsp;&nbsp;&nbsp;&nbsp;&nbsp;&nbsp;&nbsp; Salade de fruits\nmaison<\/h3>\n\n\n\n<p><strong>Le\nnombre de menus \u00e9tant limit\u00e9 \u00e0 20, r\u00e9servez rapidement.<\/strong><\/p>\n\n\n\n<p><strong>D\u00e9p\u00f4t\ndes bons de commande et r\u00e8glements dans la bo\u00eete \u00e0 lettres de la mairie.<\/strong><\/p>\n\n\n\n<p><strong>Retrait\ndes repas le 19 octobre &nbsp;2019 d\u00e8s 11\nheures \u00e0 la salle des f\u00eates.<\/strong><\/p>\n\n\n\n<figure class=\"wp-block-image\"><img loading=\"lazy\" decoding=\"async\" width=\"1024\" height=\"731\" src=\"http:\/\/commune-loffre.fr\/wp-content\/uploads\/2019\/09\/Atelier-19-10-1024x731.jpg\" alt=\"\" class=\"wp-image-5015\" srcset=\"http:\/\/commune-loffre.fr\/wp-content\/uploads\/2019\/09\/Atelier-19-10-1024x731.jpg 1024w, http:\/\/commune-loffre.fr\/wp-content\/uploads\/2019\/09\/Atelier-19-10-300x214.jpg 300w, http:\/\/commune-loffre.fr\/wp-content\/uploads\/2019\/09\/Atelier-19-10-768x548.jpg 768w, http:\/\/commune-loffre.fr\/wp-content\/uploads\/2019\/09\/Atelier-19-10-624x445.jpg 624w, http:\/\/commune-loffre.fr\/wp-content\/uploads\/2019\/09\/Atelier-19-10.jpg 1241w\" sizes=\"(max-width: 1024px) 100vw, 1024px\" \/><\/figure>\n","protected":false},"excerpt":{"rendered":"<p>Au profit du T\u00e9l\u00e9thon Rendez-vous \u00e0 la salle des f\u00eates d\u00e8s 9 heures le samedi 19 octobre&nbsp; 2019 Pour l\u2019\u00e9laboration des plats Menu&nbsp;: &nbsp;&nbsp;&nbsp;&nbsp;&nbsp; Couscous maison &nbsp;&nbsp;&nbsp;&nbsp;&nbsp;&nbsp;&nbsp;&nbsp;&nbsp;&nbsp;&nbsp;&nbsp;&nbsp;&nbsp;&nbsp;&nbsp;&nbsp;&nbsp; Salade de fruits&#8230; <a href=\"http:\/\/commune-loffre.fr\/index.php\/2019\/09\/19\/atelier-des-saveurs-2\/\">Read more &raquo;<\/a><\/p>\n","protected":false},"author":1,"featured_media":0,"comment_status":"closed","ping_status":"closed","sticky":false,"template":"","format":"standard","meta":{"footnotes":""},"categories":[1],"tags":[],"_links":{"self":[{"href":"http:\/\/commune-loffre.fr\/index.php\/wp-json\/wp\/v2\/posts\/5013"}],"collection":[{"href":"http:\/\/commune-loffre.fr\/index.php\/wp-json\/wp\/v2\/posts"}],"about":[{"href":"http:\/\/commune-loffre.fr\/index.php\/wp-json\/wp\/v2\/types\/post"}],"author":[{"embeddable":true,"href":"http:\/\/commune-loffre.fr\/index.php\/wp-json\/wp\/v2\/users\/1"}],"replies":[{"embeddable":true,"href":"http:\/\/commune-loffre.fr\/index.php\/wp-json\/wp\/v2\/comments?post=5013"}],"version-history":[{"count":2,"href":"http:\/\/commune-loffre.fr\/index.php\/wp-json\/wp\/v2\/posts\/5013\/revisions"}],"predecessor-version":[{"id":5016,"href":"http:\/\/commune-loffre.fr\/index.php\/wp-json\/wp\/v2\/posts\/5013\/revisions\/5016"}],"wp:attachment":[{"href":"http:\/\/commune-loffre.fr\/index.php\/wp-json\/wp\/v2\/media?parent=5013"}],"wp:term":[{"taxonomy":"category","embeddable":true,"href":"http:\/\/commune-loffre.fr\/index.php\/wp-json\/wp\/v2\/categories?post=5013"},{"taxonomy":"post_tag","embeddable":true,"href":"http:\/\/commune-loffre.fr\/index.php\/wp-json\/wp\/v2\/tags?post=5013"}],"curies":[{"name":"wp","href":"https:\/\/api.w.org\/{rel}","templated":true}]}}