{"id":4847,"date":"2019-09-01T15:24:01","date_gmt":"2019-09-01T14:24:01","guid":{"rendered":"http:\/\/commune-loffre.fr\/?p=4847"},"modified":"2019-09-01T15:32:29","modified_gmt":"2019-09-01T14:32:29","slug":"participer-a-lenquete-publique-sur-la-revision-du-scot-grand-douaisis-du-19-aout-au-23-septembre","status":"publish","type":"post","link":"http:\/\/commune-loffre.fr\/index.php\/2019\/09\/01\/participer-a-lenquete-publique-sur-la-revision-du-scot-grand-douaisis-du-19-aout-au-23-septembre\/","title":{"rendered":"Participer \u00e0 l&rsquo;enquete publique sur la r\u00e9vision du SCoT Grand Douaisis"},"content":{"rendered":"\n<h2 class=\"wp-block-heading\">du 19 Aout au 23 Septembre !<\/h2>\n\n\n\n<p>Participer \u00e0 l\u2019enqu\u00eate publique sur la r\u00e9vision du SCoT Grand Douaisis du 19 ao\u00fbt au 23 septembre !<br>\nMon environnement ? Mes d\u00e9placements ? Mon logement ? Mes commerces ? Mon cadre de vie ? Comment tout cela se r\u00e9gule ? C\u2019est au travers d\u2019un document appel\u00e9 SCoT, pour Sch\u00e9ma de Coh\u00e9rence Territoriale que nous y r\u00e9pondons. L\u2019objectif du SCoT est de rendre coh\u00e9rent les politiques publiques d\u2019am\u00e9nagement \u00e0 l\u2019\u00e9chelle d\u2019un grand territoire, pour nous le Grand Douaisis qui r\u00e9unit la Communaut\u00e9 de Communes de Coeur d\u2019Ostrevent et Douaisis Agglo.<br>\nVous avez particip\u00e9 \u00e0 l\u2019\u00e9laboration du nouveau SCoT ? Vous souhaitez prendre connaissance des travaux de r\u00e9vision du SCoT ? Donnez votre avis sur le projet de r\u00e9vision du SCoT lors de l\u2019enqu\u00eate publique !<br>\nPour cela plusieurs moyens sont \u00e0 votre disposition :<\/p>\n\n\n\n<ul><li>Le registre num\u00e9rique \u00e0 cette adresse : <a rel=\"noreferrer noopener\" aria-label=\"https:\/\/www.registre-numerique.fr\/revision-scot-grand-douaisis (s\u2019ouvre dans un nouvel onglet)\" href=\"https:\/\/www.registre-numerique.fr\/revision-scot-grand-douaisis\" target=\"_blank\">https:\/\/www.registre-numerique.fr\/revision-scot-grand-douaisis<\/a><\/li><li>Le mail : <em>revision-scot-grand-douaisis@mail.registre-numerique.fr<\/em><\/li><li>Lors des permanences :<br> samedi 24 aout 2019 de 08h30 \u00e0 11h30 \u00e0 la mairie d\u2019Arleux ;<br> lundi 26 aout 2019 de 13h30 \u00e0 16h30 \u00e0 la mairie de Douai ;<br> vendredi 30 aout 2019 de 14h00 \u00e0 17h00 \u00e0 la mairie d\u2019Arleux ;<br> vendredi 06 septembre 2019 de 16h00 \u00e0 19h00 \u00e0 la mairie de Somain;<br> samedi 07 septembre 2019 de 9h00 \u00e0 12h00 \u00e0 la mairie de Sin-Le-Noble<br> lundi 09 septembre 2019 de 13h30 \u00e0 16h30 \u00e0 la mairie de Douai ;<br> samedi14 septembre 2019 de 9h00 \u00e0 12h00 \u00e0 la mairie d\u2019Aniche;<br> lundi 16 septembre de 9h00 \u00e0 12h00 \u00e0 a mairie de Somain<br> vendredi 20 septembre 2019 de 14h00 \u00e0 17h00 \u00e0 la mairie d\u2019Arleux.<br> En compl\u00e9ment de la proc\u00e9dure de concertation organis\u00e9e tout au long de l&rsquo;\u00e9laboration du projet de r\u00e9vision du SCoT, le Code de l&rsquo;environnement pr\u00e9voit l&rsquo;information et la participation du public dans le cadre de l&rsquo;enqu\u00eate publique. Cette proc\u00e9dure est un temps fort de l&rsquo;\u00e9laboration du SCoT, car elle permet de consulter le public sur la base d\u2019un dossier d&rsquo;enqu\u00eate contenant :<br> Le r\u00e9sum\u00e9 non technique, le rapport de pr\u00e9sentation, le PADD (Projet d&rsquo;Am\u00e9nagement et de D\u00e9veloppement Durable), le DOO (document d&rsquo;orientation et d&rsquo;objectifs) &amp; DAAC (Document d&rsquo;Am\u00e9nagement Artisanal et Commercial), le bilan de la concertation, les avis formul\u00e9s par les collectivit\u00e9s et organismes associ\u00e9s ou consult\u00e9s dont l\u2019avis de l&rsquo;autorit\u00e9 environnementale rendu au titre de l&rsquo;\u00e9valuation environnementale du projet de SCoT\u2026<br> L\u2019enqu\u00eate publique est conduite par une commission d\u2019enqu\u00eate ind\u00e9pendante et impartiale charg\u00e9e de veiller au bon d\u00e9roulement de la proc\u00e9dure. Elle se d\u00e9roule du lundi 19 ao\u00fbt 2019 au lundi 23 septembre 2019 et fera l\u2019objet d\u2019un rapport au sein duquel la commission d\u2019enqu\u00eate relatera le d\u00e9roulement de l&rsquo;enqu\u00eate et fera part de ses conclusions.<br> Cet avis permettra au Syndicat Mixte du SCoT Grand Douaisis, autorit\u00e9 comp\u00e9tente d\u2019approuver le SCoT et d\u2019\u00e9clairer sa d\u00e9cision. Suite \u00e0 l&rsquo;examen des avis formul\u00e9s par les collectivit\u00e9s et organismes associ\u00e9s ou consult\u00e9s et des conclusions de la commission d\u2019enqu\u00eate des modifications du projet de r\u00e9vision du SCoT pourront \u00eatre r\u00e9alis\u00e9es avant son approbation par d\u00e9lib\u00e9ration du comit\u00e9 syndical.<br> L&rsquo;enqu\u00eate publique est ouverte \u00e0 tous et l&rsquo;avis d&rsquo;ouverture d&rsquo;enqu\u00eate fait l&rsquo;objet d&rsquo;une large information par voie d&rsquo;affichage dans les mairies et si\u00e8ges des intercommunalit\u00e9s du Grand Douaisis, par voie d&rsquo;annonces l\u00e9gales dans la Voix du Nord et l\u2019Observateur du Douaisis, ainsi que par voie num\u00e9rique sur le registre num\u00e9rique pr\u00e9c\u00e9demment cit\u00e9 et le site internet du Grand Douaisis : <a href=\"https:\/\/grand-douaisis.com\/\" target=\"_blank\" rel=\"noreferrer noopener\" aria-label=\"https:\/\/grand-douaisis.com\/ (s\u2019ouvre dans un nouvel onglet)\">https:\/\/grand-douaisis.com\/<\/a><\/li><\/ul>\n","protected":false},"excerpt":{"rendered":"<p>du 19 Aout au 23 Septembre ! Participer \u00e0 l\u2019enqu\u00eate publique sur la r\u00e9vision du SCoT Grand Douaisis du 19 ao\u00fbt au 23 septembre ! Mon environnement ? Mes d\u00e9placements&#8230; <a href=\"http:\/\/commune-loffre.fr\/index.php\/2019\/09\/01\/participer-a-lenquete-publique-sur-la-revision-du-scot-grand-douaisis-du-19-aout-au-23-septembre\/\">Read more &raquo;<\/a><\/p>\n","protected":false},"author":1,"featured_media":4852,"comment_status":"closed","ping_status":"closed","sticky":false,"template":"","format":"standard","meta":{"footnotes":""},"categories":[1],"tags":[],"_links":{"self":[{"href":"http:\/\/commune-loffre.fr\/index.php\/wp-json\/wp\/v2\/posts\/4847"}],"collection":[{"href":"http:\/\/commune-loffre.fr\/index.php\/wp-json\/wp\/v2\/posts"}],"about":[{"href":"http:\/\/commune-loffre.fr\/index.php\/wp-json\/wp\/v2\/types\/post"}],"author":[{"embeddable":true,"href":"http:\/\/commune-loffre.fr\/index.php\/wp-json\/wp\/v2\/users\/1"}],"replies":[{"embeddable":true,"href":"http:\/\/commune-loffre.fr\/index.php\/wp-json\/wp\/v2\/comments?post=4847"}],"version-history":[{"count":5,"href":"http:\/\/commune-loffre.fr\/index.php\/wp-json\/wp\/v2\/posts\/4847\/revisions"}],"predecessor-version":[{"id":4854,"href":"http:\/\/commune-loffre.fr\/index.php\/wp-json\/wp\/v2\/posts\/4847\/revisions\/4854"}],"wp:featuredmedia":[{"embeddable":true,"href":"http:\/\/commune-loffre.fr\/index.php\/wp-json\/wp\/v2\/media\/4852"}],"wp:attachment":[{"href":"http:\/\/commune-loffre.fr\/index.php\/wp-json\/wp\/v2\/media?parent=4847"}],"wp:term":[{"taxonomy":"category","embeddable":true,"href":"http:\/\/commune-loffre.fr\/index.php\/wp-json\/wp\/v2\/categories?post=4847"},{"taxonomy":"post_tag","embeddable":true,"href":"http:\/\/commune-loffre.fr\/index.php\/wp-json\/wp\/v2\/tags?post=4847"}],"curies":[{"name":"wp","href":"https:\/\/api.w.org\/{rel}","templated":true}]}}