{"id":4830,"date":"2019-08-16T08:09:24","date_gmt":"2019-08-16T07:09:24","guid":{"rendered":"http:\/\/commune-loffre.fr\/?p=4830"},"modified":"2019-08-16T08:09:24","modified_gmt":"2019-08-16T07:09:24","slug":"rafraichissement-des-peintures-de-lecole-henri-matisse-durant-les-vacances-scolaires-dete","status":"publish","type":"post","link":"http:\/\/commune-loffre.fr\/index.php\/2019\/08\/16\/rafraichissement-des-peintures-de-lecole-henri-matisse-durant-les-vacances-scolaires-dete\/","title":{"rendered":"Rafraichissement des peintures de l\u2019\u00e9cole Henri MATISSE durant les vacances scolaires d\u2019\u00e9t\u00e9"},"content":{"rendered":"<p>Les agents du service technique de la commune, ont profit\u00e9 du calme des\u00a0vacances d\u2019\u00e9t\u00e9 de la belle luminosit\u00e9 du mois d\u2019ao\u00fbt,\u00a0pour\u00a0rafra\u00eechir\u00a0les\u00a0peintures\u00a0du hall d\u2019entr\u00e9e des classes de l\u2019\u00e9cole primaire, les sanitaires et la classe informatique.<\/p>\n\n\t\t<style type=\"text\/css\">\n\t\t\t#gallery-1 {\n\t\t\t\tmargin: auto;\n\t\t\t}\n\t\t\t#gallery-1 .gallery-item {\n\t\t\t\tfloat: left;\n\t\t\t\tmargin-top: 10px;\n\t\t\t\ttext-align: center;\n\t\t\t\twidth: 33%;\n\t\t\t}\n\t\t\t#gallery-1 img {\n\t\t\t\tborder: 2px solid #cfcfcf;\n\t\t\t}\n\t\t\t#gallery-1 .gallery-caption {\n\t\t\t\tmargin-left: 0;\n\t\t\t}\n\t\t\t\/* see gallery_shortcode() in wp-includes\/media.php *\/\n\t\t<\/style>\n\t\t<div id='gallery-1' class='gallery galleryid-4830 gallery-columns-3 gallery-size-thumbnail'><dl class='gallery-item'>\n\t\t\t<dt class='gallery-icon landscape'>\n\t\t\t\t<a href='http:\/\/commune-loffre.fr\/index.php\/2019\/08\/16\/rafraichissement-des-peintures-de-lecole-henri-matisse-durant-les-vacances-scolaires-dete\/travaux-2019-1\/'><img loading=\"lazy\" decoding=\"async\" width=\"150\" height=\"150\" src=\"http:\/\/commune-loffre.fr\/wp-content\/uploads\/2019\/08\/Travaux-2019-1-150x150.jpg\" class=\"attachment-thumbnail size-thumbnail\" alt=\"\" srcset=\"http:\/\/commune-loffre.fr\/wp-content\/uploads\/2019\/08\/Travaux-2019-1-150x150.jpg 150w, http:\/\/commune-loffre.fr\/wp-content\/uploads\/2019\/08\/Travaux-2019-1-180x180.jpg 180w, http:\/\/commune-loffre.fr\/wp-content\/uploads\/2019\/08\/Travaux-2019-1-60x60.jpg 60w\" sizes=\"(max-width: 150px) 100vw, 150px\" \/><\/a>\n\t\t\t<\/dt><\/dl><dl class='gallery-item'>\n\t\t\t<dt class='gallery-icon portrait'>\n\t\t\t\t<a href='http:\/\/commune-loffre.fr\/index.php\/2019\/08\/16\/rafraichissement-des-peintures-de-lecole-henri-matisse-durant-les-vacances-scolaires-dete\/travaux-2019-2\/'><img loading=\"lazy\" decoding=\"async\" width=\"150\" height=\"150\" src=\"http:\/\/commune-loffre.fr\/wp-content\/uploads\/2019\/08\/Travaux-2019-2-150x150.jpg\" class=\"attachment-thumbnail size-thumbnail\" alt=\"\" srcset=\"http:\/\/commune-loffre.fr\/wp-content\/uploads\/2019\/08\/Travaux-2019-2-150x150.jpg 150w, http:\/\/commune-loffre.fr\/wp-content\/uploads\/2019\/08\/Travaux-2019-2-180x180.jpg 180w, http:\/\/commune-loffre.fr\/wp-content\/uploads\/2019\/08\/Travaux-2019-2-60x60.jpg 60w\" sizes=\"(max-width: 150px) 100vw, 150px\" \/><\/a>\n\t\t\t<\/dt><\/dl><dl class='gallery-item'>\n\t\t\t<dt class='gallery-icon landscape'>\n\t\t\t\t<a href='http:\/\/commune-loffre.fr\/index.php\/2019\/08\/16\/rafraichissement-des-peintures-de-lecole-henri-matisse-durant-les-vacances-scolaires-dete\/travaux-2019-3\/'><img loading=\"lazy\" decoding=\"async\" width=\"150\" height=\"150\" src=\"http:\/\/commune-loffre.fr\/wp-content\/uploads\/2019\/08\/Travaux-2019-3-150x150.jpg\" class=\"attachment-thumbnail size-thumbnail\" alt=\"\" srcset=\"http:\/\/commune-loffre.fr\/wp-content\/uploads\/2019\/08\/Travaux-2019-3-150x150.jpg 150w, http:\/\/commune-loffre.fr\/wp-content\/uploads\/2019\/08\/Travaux-2019-3-180x180.jpg 180w, http:\/\/commune-loffre.fr\/wp-content\/uploads\/2019\/08\/Travaux-2019-3-60x60.jpg 60w\" sizes=\"(max-width: 150px) 100vw, 150px\" \/><\/a>\n\t\t\t<\/dt><\/dl><br style=\"clear: both\" \/>\n\t\t<\/div>\n\n<p>Ces travaux ont permis d\u2019offrir aux \u00e9l\u00e8ves et aux enseignants des conditions d\u2019apprentissage optimales pour la rentr\u00e9e scolaire 2019\/2020.<\/p>\n","protected":false},"excerpt":{"rendered":"<p>Les agents du service technique de la commune, ont profit\u00e9 du calme des\u00a0vacances d\u2019\u00e9t\u00e9 de la belle luminosit\u00e9 du mois d\u2019ao\u00fbt,\u00a0pour\u00a0rafra\u00eechir\u00a0les\u00a0peintures\u00a0du hall d\u2019entr\u00e9e des classes de l\u2019\u00e9cole primaire, les sanitaires&#8230; <a href=\"http:\/\/commune-loffre.fr\/index.php\/2019\/08\/16\/rafraichissement-des-peintures-de-lecole-henri-matisse-durant-les-vacances-scolaires-dete\/\">Read more &raquo;<\/a><\/p>\n","protected":false},"author":1,"featured_media":0,"comment_status":"closed","ping_status":"closed","sticky":false,"template":"","format":"standard","meta":{"footnotes":""},"categories":[4,7],"tags":[],"_links":{"self":[{"href":"http:\/\/commune-loffre.fr\/index.php\/wp-json\/wp\/v2\/posts\/4830"}],"collection":[{"href":"http:\/\/commune-loffre.fr\/index.php\/wp-json\/wp\/v2\/posts"}],"about":[{"href":"http:\/\/commune-loffre.fr\/index.php\/wp-json\/wp\/v2\/types\/post"}],"author":[{"embeddable":true,"href":"http:\/\/commune-loffre.fr\/index.php\/wp-json\/wp\/v2\/users\/1"}],"replies":[{"embeddable":true,"href":"http:\/\/commune-loffre.fr\/index.php\/wp-json\/wp\/v2\/comments?post=4830"}],"version-history":[{"count":1,"href":"http:\/\/commune-loffre.fr\/index.php\/wp-json\/wp\/v2\/posts\/4830\/revisions"}],"predecessor-version":[{"id":4834,"href":"http:\/\/commune-loffre.fr\/index.php\/wp-json\/wp\/v2\/posts\/4830\/revisions\/4834"}],"wp:attachment":[{"href":"http:\/\/commune-loffre.fr\/index.php\/wp-json\/wp\/v2\/media?parent=4830"}],"wp:term":[{"taxonomy":"category","embeddable":true,"href":"http:\/\/commune-loffre.fr\/index.php\/wp-json\/wp\/v2\/categories?post=4830"},{"taxonomy":"post_tag","embeddable":true,"href":"http:\/\/commune-loffre.fr\/index.php\/wp-json\/wp\/v2\/tags?post=4830"}],"curies":[{"name":"wp","href":"https:\/\/api.w.org\/{rel}","templated":true}]}}