{"id":4814,"date":"2019-08-16T07:39:44","date_gmt":"2019-08-16T06:39:44","guid":{"rendered":"http:\/\/commune-loffre.fr\/?p=4814"},"modified":"2019-08-16T07:40:55","modified_gmt":"2019-08-16T06:40:55","slug":"concours-national-des-ecoles-fleuries","status":"publish","type":"post","link":"http:\/\/commune-loffre.fr\/index.php\/2019\/08\/16\/concours-national-des-ecoles-fleuries\/","title":{"rendered":"Concours national des \u00e9coles fleuries"},"content":{"rendered":"<p>Pour la deuxi\u00e8me ann\u00e9e les enfants de l\u2019\u00e9cole, aid\u00e9s de l\u2019\u00e9quipe enseignante et des agents techniques communaux, ont particip\u00e9 au concours national des \u00e9coles fleuries. Le jury s\u2019est d\u00e9plac\u00e9 au mois de juin \u00a0pour \u00e9valuer le travail effectu\u00e9 et a remis le Prix d\u2019Excellence pour le travail accompli pour la deuxi\u00e8me ann\u00e9e cons\u00e9cutive.<\/p>\n\n\t\t<style type=\"text\/css\">\n\t\t\t#gallery-1 {\n\t\t\t\tmargin: auto;\n\t\t\t}\n\t\t\t#gallery-1 .gallery-item {\n\t\t\t\tfloat: left;\n\t\t\t\tmargin-top: 10px;\n\t\t\t\ttext-align: center;\n\t\t\t\twidth: 33%;\n\t\t\t}\n\t\t\t#gallery-1 img {\n\t\t\t\tborder: 2px solid #cfcfcf;\n\t\t\t}\n\t\t\t#gallery-1 .gallery-caption {\n\t\t\t\tmargin-left: 0;\n\t\t\t}\n\t\t\t\/* see gallery_shortcode() in wp-includes\/media.php *\/\n\t\t<\/style>\n\t\t<div id='gallery-1' class='gallery galleryid-4814 gallery-columns-3 gallery-size-thumbnail'><dl class='gallery-item'>\n\t\t\t<dt class='gallery-icon landscape'>\n\t\t\t\t<a href='http:\/\/commune-loffre.fr\/index.php\/2019\/08\/16\/concours-national-des-ecoles-fleuries\/20190703_151546-copie\/'><img loading=\"lazy\" decoding=\"async\" width=\"150\" height=\"150\" src=\"http:\/\/commune-loffre.fr\/wp-content\/uploads\/2019\/08\/20190703_151546-copie-150x150.jpg\" class=\"attachment-thumbnail size-thumbnail\" alt=\"\" srcset=\"http:\/\/commune-loffre.fr\/wp-content\/uploads\/2019\/08\/20190703_151546-copie-150x150.jpg 150w, http:\/\/commune-loffre.fr\/wp-content\/uploads\/2019\/08\/20190703_151546-copie-180x180.jpg 180w, http:\/\/commune-loffre.fr\/wp-content\/uploads\/2019\/08\/20190703_151546-copie-60x60.jpg 60w\" sizes=\"(max-width: 150px) 100vw, 150px\" \/><\/a>\n\t\t\t<\/dt><\/dl><dl class='gallery-item'>\n\t\t\t<dt class='gallery-icon landscape'>\n\t\t\t\t<a href='http:\/\/commune-loffre.fr\/index.php\/2019\/08\/16\/concours-national-des-ecoles-fleuries\/20190703_151651-copie\/'><img loading=\"lazy\" decoding=\"async\" width=\"150\" height=\"150\" src=\"http:\/\/commune-loffre.fr\/wp-content\/uploads\/2019\/08\/20190703_151651-copie-150x150.jpg\" class=\"attachment-thumbnail size-thumbnail\" alt=\"\" srcset=\"http:\/\/commune-loffre.fr\/wp-content\/uploads\/2019\/08\/20190703_151651-copie-150x150.jpg 150w, http:\/\/commune-loffre.fr\/wp-content\/uploads\/2019\/08\/20190703_151651-copie-180x180.jpg 180w, http:\/\/commune-loffre.fr\/wp-content\/uploads\/2019\/08\/20190703_151651-copie-60x60.jpg 60w\" sizes=\"(max-width: 150px) 100vw, 150px\" \/><\/a>\n\t\t\t<\/dt><\/dl><dl class='gallery-item'>\n\t\t\t<dt class='gallery-icon landscape'>\n\t\t\t\t<a href='http:\/\/commune-loffre.fr\/index.php\/2019\/08\/16\/concours-national-des-ecoles-fleuries\/20190703_151930-copie\/'><img loading=\"lazy\" decoding=\"async\" width=\"150\" height=\"150\" src=\"http:\/\/commune-loffre.fr\/wp-content\/uploads\/2019\/08\/20190703_151930-copie-150x150.jpg\" class=\"attachment-thumbnail size-thumbnail\" alt=\"\" srcset=\"http:\/\/commune-loffre.fr\/wp-content\/uploads\/2019\/08\/20190703_151930-copie-150x150.jpg 150w, http:\/\/commune-loffre.fr\/wp-content\/uploads\/2019\/08\/20190703_151930-copie-180x180.jpg 180w, http:\/\/commune-loffre.fr\/wp-content\/uploads\/2019\/08\/20190703_151930-copie-60x60.jpg 60w\" sizes=\"(max-width: 150px) 100vw, 150px\" \/><\/a>\n\t\t\t<\/dt><\/dl><br style=\"clear: both\" \/>\n\t\t<\/div>\n\n<p>Monsieur le Maire et le conseil municipal adressent leurs f\u00e9licitations aux enfants, \u00e0 l\u2019\u00e9quipe enseignante et aux agents techniques communaux.<\/p>\n<p>&nbsp;<\/p>\n","protected":false},"excerpt":{"rendered":"<p>Pour la deuxi\u00e8me ann\u00e9e les enfants de l\u2019\u00e9cole, aid\u00e9s de l\u2019\u00e9quipe enseignante et des agents techniques communaux, ont particip\u00e9 au concours national des \u00e9coles fleuries. Le jury s\u2019est d\u00e9plac\u00e9 au&#8230; <a href=\"http:\/\/commune-loffre.fr\/index.php\/2019\/08\/16\/concours-national-des-ecoles-fleuries\/\">Read more &raquo;<\/a><\/p>\n","protected":false},"author":1,"featured_media":4817,"comment_status":"closed","ping_status":"closed","sticky":false,"template":"","format":"standard","meta":{"footnotes":""},"categories":[10],"tags":[],"_links":{"self":[{"href":"http:\/\/commune-loffre.fr\/index.php\/wp-json\/wp\/v2\/posts\/4814"}],"collection":[{"href":"http:\/\/commune-loffre.fr\/index.php\/wp-json\/wp\/v2\/posts"}],"about":[{"href":"http:\/\/commune-loffre.fr\/index.php\/wp-json\/wp\/v2\/types\/post"}],"author":[{"embeddable":true,"href":"http:\/\/commune-loffre.fr\/index.php\/wp-json\/wp\/v2\/users\/1"}],"replies":[{"embeddable":true,"href":"http:\/\/commune-loffre.fr\/index.php\/wp-json\/wp\/v2\/comments?post=4814"}],"version-history":[{"count":1,"href":"http:\/\/commune-loffre.fr\/index.php\/wp-json\/wp\/v2\/posts\/4814\/revisions"}],"predecessor-version":[{"id":4818,"href":"http:\/\/commune-loffre.fr\/index.php\/wp-json\/wp\/v2\/posts\/4814\/revisions\/4818"}],"wp:featuredmedia":[{"embeddable":true,"href":"http:\/\/commune-loffre.fr\/index.php\/wp-json\/wp\/v2\/media\/4817"}],"wp:attachment":[{"href":"http:\/\/commune-loffre.fr\/index.php\/wp-json\/wp\/v2\/media?parent=4814"}],"wp:term":[{"taxonomy":"category","embeddable":true,"href":"http:\/\/commune-loffre.fr\/index.php\/wp-json\/wp\/v2\/categories?post=4814"},{"taxonomy":"post_tag","embeddable":true,"href":"http:\/\/commune-loffre.fr\/index.php\/wp-json\/wp\/v2\/tags?post=4814"}],"curies":[{"name":"wp","href":"https:\/\/api.w.org\/{rel}","templated":true}]}}