{"id":4804,"date":"2019-08-16T07:33:48","date_gmt":"2019-08-16T06:33:48","guid":{"rendered":"http:\/\/commune-loffre.fr\/?p=4804"},"modified":"2019-08-16T07:33:48","modified_gmt":"2019-08-16T06:33:48","slug":"sejour-2019-a-lalsh-de-loffre","status":"publish","type":"post","link":"http:\/\/commune-loffre.fr\/index.php\/2019\/08\/16\/sejour-2019-a-lalsh-de-loffre\/","title":{"rendered":"S\u00e9jour 2019 \u00e0 l\u2019ALSH de LOFFRE"},"content":{"rendered":"<p>L\u2019accueil de loisirs de LOFFRE a ouvert ses portes le lundi 08 juillet et s\u2019est termin\u00e9 le mercredi 31 juillet. Durant ce s\u00e9jour, <strong>les 38 enfants de 4 ans \u00e0 13 ans<\/strong> ont \u00e9t\u00e9 accueillis, dans les locaux municipaux, dont 25 enfants avec une inscription \u00e0 la journ\u00e9e de 9h00 \u00e0 17h30 et une garderie gratuite \u00e0 partir de 8h30 et jusque 18h00.<\/p>\n\n\t\t<style type=\"text\/css\">\n\t\t\t#gallery-1 {\n\t\t\t\tmargin: auto;\n\t\t\t}\n\t\t\t#gallery-1 .gallery-item {\n\t\t\t\tfloat: left;\n\t\t\t\tmargin-top: 10px;\n\t\t\t\ttext-align: center;\n\t\t\t\twidth: 25%;\n\t\t\t}\n\t\t\t#gallery-1 img {\n\t\t\t\tborder: 2px solid #cfcfcf;\n\t\t\t}\n\t\t\t#gallery-1 .gallery-caption {\n\t\t\t\tmargin-left: 0;\n\t\t\t}\n\t\t\t\/* see gallery_shortcode() in wp-includes\/media.php *\/\n\t\t<\/style>\n\t\t<div id='gallery-1' class='gallery galleryid-4804 gallery-columns-4 gallery-size-thumbnail'><dl class='gallery-item'>\n\t\t\t<dt class='gallery-icon landscape'>\n\t\t\t\t<a href='http:\/\/commune-loffre.fr\/index.php\/2019\/08\/16\/sejour-2019-a-lalsh-de-loffre\/centre-aere-2019-1\/'><img loading=\"lazy\" decoding=\"async\" width=\"150\" height=\"150\" src=\"http:\/\/commune-loffre.fr\/wp-content\/uploads\/2019\/08\/Centre-a\u00e9r\u00e9-2019-1-150x150.jpg\" class=\"attachment-thumbnail size-thumbnail\" alt=\"\" srcset=\"http:\/\/commune-loffre.fr\/wp-content\/uploads\/2019\/08\/Centre-a\u00e9r\u00e9-2019-1-150x150.jpg 150w, http:\/\/commune-loffre.fr\/wp-content\/uploads\/2019\/08\/Centre-a\u00e9r\u00e9-2019-1-180x180.jpg 180w, http:\/\/commune-loffre.fr\/wp-content\/uploads\/2019\/08\/Centre-a\u00e9r\u00e9-2019-1-60x60.jpg 60w\" sizes=\"(max-width: 150px) 100vw, 150px\" \/><\/a>\n\t\t\t<\/dt><\/dl><dl class='gallery-item'>\n\t\t\t<dt class='gallery-icon landscape'>\n\t\t\t\t<a href='http:\/\/commune-loffre.fr\/index.php\/2019\/08\/16\/sejour-2019-a-lalsh-de-loffre\/centre-aere-2019-2\/'><img loading=\"lazy\" decoding=\"async\" width=\"150\" height=\"150\" src=\"http:\/\/commune-loffre.fr\/wp-content\/uploads\/2019\/08\/Centre-a\u00e9r\u00e9-2019-2-150x150.jpg\" class=\"attachment-thumbnail size-thumbnail\" alt=\"\" srcset=\"http:\/\/commune-loffre.fr\/wp-content\/uploads\/2019\/08\/Centre-a\u00e9r\u00e9-2019-2-150x150.jpg 150w, http:\/\/commune-loffre.fr\/wp-content\/uploads\/2019\/08\/Centre-a\u00e9r\u00e9-2019-2-180x180.jpg 180w, http:\/\/commune-loffre.fr\/wp-content\/uploads\/2019\/08\/Centre-a\u00e9r\u00e9-2019-2-60x60.jpg 60w\" sizes=\"(max-width: 150px) 100vw, 150px\" \/><\/a>\n\t\t\t<\/dt><\/dl><dl class='gallery-item'>\n\t\t\t<dt class='gallery-icon landscape'>\n\t\t\t\t<a href='http:\/\/commune-loffre.fr\/index.php\/2019\/08\/16\/sejour-2019-a-lalsh-de-loffre\/centre-aere-2019-3\/'><img loading=\"lazy\" decoding=\"async\" width=\"150\" height=\"150\" src=\"http:\/\/commune-loffre.fr\/wp-content\/uploads\/2019\/08\/Centre-a\u00e9r\u00e9-2019-3-150x150.jpg\" class=\"attachment-thumbnail size-thumbnail\" alt=\"\" srcset=\"http:\/\/commune-loffre.fr\/wp-content\/uploads\/2019\/08\/Centre-a\u00e9r\u00e9-2019-3-150x150.jpg 150w, http:\/\/commune-loffre.fr\/wp-content\/uploads\/2019\/08\/Centre-a\u00e9r\u00e9-2019-3-180x180.jpg 180w, http:\/\/commune-loffre.fr\/wp-content\/uploads\/2019\/08\/Centre-a\u00e9r\u00e9-2019-3-60x60.jpg 60w\" sizes=\"(max-width: 150px) 100vw, 150px\" \/><\/a>\n\t\t\t<\/dt><\/dl><dl class='gallery-item'>\n\t\t\t<dt class='gallery-icon landscape'>\n\t\t\t\t<a href='http:\/\/commune-loffre.fr\/index.php\/2019\/08\/16\/sejour-2019-a-lalsh-de-loffre\/centre-aere-2019-4\/'><img loading=\"lazy\" decoding=\"async\" width=\"150\" height=\"150\" src=\"http:\/\/commune-loffre.fr\/wp-content\/uploads\/2019\/08\/Centre-a\u00e9r\u00e9-2019-4-150x150.jpg\" class=\"attachment-thumbnail size-thumbnail\" alt=\"\" srcset=\"http:\/\/commune-loffre.fr\/wp-content\/uploads\/2019\/08\/Centre-a\u00e9r\u00e9-2019-4-150x150.jpg 150w, http:\/\/commune-loffre.fr\/wp-content\/uploads\/2019\/08\/Centre-a\u00e9r\u00e9-2019-4-180x180.jpg 180w, http:\/\/commune-loffre.fr\/wp-content\/uploads\/2019\/08\/Centre-a\u00e9r\u00e9-2019-4-60x60.jpg 60w\" sizes=\"(max-width: 150px) 100vw, 150px\" \/><\/a>\n\t\t\t<\/dt><\/dl><br style=\"clear: both\" \/><dl class='gallery-item'>\n\t\t\t<dt class='gallery-icon portrait'>\n\t\t\t\t<a href='http:\/\/commune-loffre.fr\/index.php\/2019\/08\/16\/sejour-2019-a-lalsh-de-loffre\/centre-aere-2019-5\/'><img loading=\"lazy\" decoding=\"async\" width=\"150\" height=\"150\" src=\"http:\/\/commune-loffre.fr\/wp-content\/uploads\/2019\/08\/Centre-a\u00e9r\u00e9-2019-5-150x150.jpg\" class=\"attachment-thumbnail size-thumbnail\" alt=\"\" srcset=\"http:\/\/commune-loffre.fr\/wp-content\/uploads\/2019\/08\/Centre-a\u00e9r\u00e9-2019-5-150x150.jpg 150w, http:\/\/commune-loffre.fr\/wp-content\/uploads\/2019\/08\/Centre-a\u00e9r\u00e9-2019-5-180x180.jpg 180w, http:\/\/commune-loffre.fr\/wp-content\/uploads\/2019\/08\/Centre-a\u00e9r\u00e9-2019-5-60x60.jpg 60w\" sizes=\"(max-width: 150px) 100vw, 150px\" \/><\/a>\n\t\t\t<\/dt><\/dl><dl class='gallery-item'>\n\t\t\t<dt class='gallery-icon portrait'>\n\t\t\t\t<a href='http:\/\/commune-loffre.fr\/index.php\/2019\/08\/16\/sejour-2019-a-lalsh-de-loffre\/centre-aere-2019-6\/'><img loading=\"lazy\" decoding=\"async\" width=\"150\" height=\"150\" src=\"http:\/\/commune-loffre.fr\/wp-content\/uploads\/2019\/08\/Centre-a\u00e9r\u00e9-2019-6-150x150.jpg\" class=\"attachment-thumbnail size-thumbnail\" alt=\"\" srcset=\"http:\/\/commune-loffre.fr\/wp-content\/uploads\/2019\/08\/Centre-a\u00e9r\u00e9-2019-6-150x150.jpg 150w, http:\/\/commune-loffre.fr\/wp-content\/uploads\/2019\/08\/Centre-a\u00e9r\u00e9-2019-6-180x180.jpg 180w, http:\/\/commune-loffre.fr\/wp-content\/uploads\/2019\/08\/Centre-a\u00e9r\u00e9-2019-6-60x60.jpg 60w\" sizes=\"(max-width: 150px) 100vw, 150px\" \/><\/a>\n\t\t\t<\/dt><\/dl><dl class='gallery-item'>\n\t\t\t<dt class='gallery-icon portrait'>\n\t\t\t\t<a href='http:\/\/commune-loffre.fr\/index.php\/2019\/08\/16\/sejour-2019-a-lalsh-de-loffre\/centre-aere-2019-7\/'><img loading=\"lazy\" decoding=\"async\" width=\"150\" height=\"150\" src=\"http:\/\/commune-loffre.fr\/wp-content\/uploads\/2019\/08\/Centre-a\u00e9r\u00e9-2019-7-150x150.jpg\" class=\"attachment-thumbnail size-thumbnail\" alt=\"\" srcset=\"http:\/\/commune-loffre.fr\/wp-content\/uploads\/2019\/08\/Centre-a\u00e9r\u00e9-2019-7-150x150.jpg 150w, http:\/\/commune-loffre.fr\/wp-content\/uploads\/2019\/08\/Centre-a\u00e9r\u00e9-2019-7-180x180.jpg 180w, http:\/\/commune-loffre.fr\/wp-content\/uploads\/2019\/08\/Centre-a\u00e9r\u00e9-2019-7-60x60.jpg 60w\" sizes=\"(max-width: 150px) 100vw, 150px\" \/><\/a>\n\t\t\t<\/dt><\/dl><dl class='gallery-item'>\n\t\t\t<dt class='gallery-icon portrait'>\n\t\t\t\t<a href='http:\/\/commune-loffre.fr\/index.php\/2019\/08\/16\/sejour-2019-a-lalsh-de-loffre\/centre-aere-2019-8\/'><img loading=\"lazy\" decoding=\"async\" width=\"150\" height=\"150\" src=\"http:\/\/commune-loffre.fr\/wp-content\/uploads\/2019\/08\/Centre-a\u00e9r\u00e9-2019-8-150x150.jpg\" class=\"attachment-thumbnail size-thumbnail\" alt=\"\" srcset=\"http:\/\/commune-loffre.fr\/wp-content\/uploads\/2019\/08\/Centre-a\u00e9r\u00e9-2019-8-150x150.jpg 150w, http:\/\/commune-loffre.fr\/wp-content\/uploads\/2019\/08\/Centre-a\u00e9r\u00e9-2019-8-180x180.jpg 180w, http:\/\/commune-loffre.fr\/wp-content\/uploads\/2019\/08\/Centre-a\u00e9r\u00e9-2019-8-60x60.jpg 60w\" sizes=\"(max-width: 150px) 100vw, 150px\" \/><\/a>\n\t\t\t<\/dt><\/dl><br style=\"clear: both\" \/>\n\t\t<\/div>\n\n<p>Pour accueillir et encadrer cette joyeuse troupe, une \u00e9quipe de 7 encadrantes ont assur\u00e9 l\u2019animation et la s\u00e9curit\u00e9\u00a0: une directrice, 4 animatrices dipl\u00f4m\u00e9es du BAFA et 2 aides-animatrices b\u00e9n\u00e9voles.<\/p>\n<p>Le th\u00e8me retenu par l\u2019\u00e9quipe \u00e9tait pour cette saison 2019 \u00ab\u00a0Il \u00e9tait une fois, contes et l\u00e9gendes\u00a0\u00bb, les animations ont \u00e9t\u00e9 organis\u00e9es en fonction du th\u00e8me.<\/p>\n<p>Les activit\u00e9s propos\u00e9es ont \u00e9t\u00e9 nombreuses et vari\u00e9es\u00a0dont un grand jeu \u00ab\u00a0enqu\u00eate polici\u00e8re\u00a0\u00bb, des d\u00e9fis, des jeux d\u2019int\u00e9rieur et d\u2019ext\u00e9rieur, des chants, des danses, des activit\u00e9s manuelles, des activit\u00e9s sportives,\u00a0 <em>(\u00ab\u00a0Les Olympiades\u00a0\u00bb au stade Fran\u00e7ois Hudry ont \u00e9t\u00e9 annul\u00e9es pour cause de fortes chaleurs<\/em>)&#8230; une veill\u00e9e costum\u00e9e des enfants \u00ab\u00a0bal au ch\u00e2teau\u00a0\u00bb et le grand banquet ext\u00e9rieur parents-enfants pour clore la f\u00eate du Centre &#8230; Les sorties ont \u00e9t\u00e9 appr\u00e9ci\u00e9es\u00a0: sortie p\u00e9destre et en bus de ligne pour les plus jeunes au Centre \u00e9questre de Montigny en Ostrevent avec pratique du poney\u00a0; sortie au parc \u00ab\u00a0Le Fleury\u00a0\u00bb \u00e0 Wavrechain sous Faulx\u00a0; journ\u00e9e au parc de jeux \u00ab\u00a0ASTERIX\u00a0\u00bb \u00e0 Paris\u00a0; Sortie au parc d\u2019HOLAIN avec le parcours dans les filets et le mini-golf.<\/p>\n<p>Les enfants ont pass\u00e9 un agr\u00e9able s\u00e9jour de vacances \u00e0 l\u2019ALSH en compagnie de leurs amis, une ambiance joyeuse et dynamique s\u2019est ressentie tout au long du Centre avec un respect de l\u2019enfant et de l\u2019environnement. Le Conseil Municipal, organisateur,\u00a0 remercie l\u2019\u00e9quipe d\u2019animation.<\/p>\n","protected":false},"excerpt":{"rendered":"<p>L\u2019accueil de loisirs de LOFFRE a ouvert ses portes le lundi 08 juillet et s\u2019est termin\u00e9 le mercredi 31 juillet. Durant ce s\u00e9jour, les 38 enfants de 4 ans \u00e0&#8230; <a href=\"http:\/\/commune-loffre.fr\/index.php\/2019\/08\/16\/sejour-2019-a-lalsh-de-loffre\/\">Read more &raquo;<\/a><\/p>\n","protected":false},"author":1,"featured_media":4805,"comment_status":"closed","ping_status":"closed","sticky":false,"template":"","format":"standard","meta":{"footnotes":""},"categories":[6],"tags":[],"_links":{"self":[{"href":"http:\/\/commune-loffre.fr\/index.php\/wp-json\/wp\/v2\/posts\/4804"}],"collection":[{"href":"http:\/\/commune-loffre.fr\/index.php\/wp-json\/wp\/v2\/posts"}],"about":[{"href":"http:\/\/commune-loffre.fr\/index.php\/wp-json\/wp\/v2\/types\/post"}],"author":[{"embeddable":true,"href":"http:\/\/commune-loffre.fr\/index.php\/wp-json\/wp\/v2\/users\/1"}],"replies":[{"embeddable":true,"href":"http:\/\/commune-loffre.fr\/index.php\/wp-json\/wp\/v2\/comments?post=4804"}],"version-history":[{"count":1,"href":"http:\/\/commune-loffre.fr\/index.php\/wp-json\/wp\/v2\/posts\/4804\/revisions"}],"predecessor-version":[{"id":4813,"href":"http:\/\/commune-loffre.fr\/index.php\/wp-json\/wp\/v2\/posts\/4804\/revisions\/4813"}],"wp:featuredmedia":[{"embeddable":true,"href":"http:\/\/commune-loffre.fr\/index.php\/wp-json\/wp\/v2\/media\/4805"}],"wp:attachment":[{"href":"http:\/\/commune-loffre.fr\/index.php\/wp-json\/wp\/v2\/media?parent=4804"}],"wp:term":[{"taxonomy":"category","embeddable":true,"href":"http:\/\/commune-loffre.fr\/index.php\/wp-json\/wp\/v2\/categories?post=4804"},{"taxonomy":"post_tag","embeddable":true,"href":"http:\/\/commune-loffre.fr\/index.php\/wp-json\/wp\/v2\/tags?post=4804"}],"curies":[{"name":"wp","href":"https:\/\/api.w.org\/{rel}","templated":true}]}}