{"id":4790,"date":"2019-08-06T19:02:38","date_gmt":"2019-08-06T18:02:38","guid":{"rendered":"http:\/\/commune-loffre.fr\/?p=4790"},"modified":"2019-08-06T19:02:38","modified_gmt":"2019-08-06T18:02:38","slug":"carte-grise","status":"publish","type":"post","link":"http:\/\/commune-loffre.fr\/index.php\/2019\/08\/06\/carte-grise\/","title":{"rendered":"CARTE GRISE"},"content":{"rendered":"<p>La pr\u00e9fecture n&rsquo;accepte plus aucune demande de carte grise.<br \/>\nL&rsquo;ensemble des d\u00e9marches pour le certificat d&rsquo;immatriculation &#8211; commun\u00e9ment appel\u00e9 carte grise &#8211; sont \u00e0 effectuer par l&rsquo;un des deux moyens suivants :<br \/>\nSur le dite internet officiel : https:\/\/immatriculation.ants.gouv.fr<br \/>\nsi vous rencontrez des difficult\u00e9s \u00e0 effectuer les d\u00e9marches en ligne, un professionnel de l\u2019automobile habilit\u00e9 au SIV (Service Immatriculation des V\u00e9hicules) pourra vous accompagner.<br \/>\nPour en savoir plus sur cette nouvelle proc\u00e9dure, vous pouvez consulter <a href=\"https:\/\/www.vroomly.com\/blog\/comment-faire-sa-carte-grise\/\">ce guide<\/a>.<\/p>\n\n\t\t<style type=\"text\/css\">\n\t\t\t#gallery-1 {\n\t\t\t\tmargin: auto;\n\t\t\t}\n\t\t\t#gallery-1 .gallery-item {\n\t\t\t\tfloat: left;\n\t\t\t\tmargin-top: 10px;\n\t\t\t\ttext-align: center;\n\t\t\t\twidth: 100%;\n\t\t\t}\n\t\t\t#gallery-1 img {\n\t\t\t\tborder: 2px solid #cfcfcf;\n\t\t\t}\n\t\t\t#gallery-1 .gallery-caption {\n\t\t\t\tmargin-left: 0;\n\t\t\t}\n\t\t\t\/* see gallery_shortcode() in wp-includes\/media.php *\/\n\t\t<\/style>\n\t\t<div id='gallery-1' class='gallery galleryid-4790 gallery-columns-1 gallery-size-large'><dl class='gallery-item'>\n\t\t\t<dt class='gallery-icon portrait'>\n\t\t\t\t<a href='http:\/\/commune-loffre.fr\/index.php\/2019\/08\/06\/carte-grise\/carte-grise\/'><img loading=\"lazy\" decoding=\"async\" width=\"625\" height=\"888\" src=\"http:\/\/commune-loffre.fr\/wp-content\/uploads\/2019\/08\/carte-grise-721x1024.jpg\" class=\"attachment-large size-large\" alt=\"\" srcset=\"http:\/\/commune-loffre.fr\/wp-content\/uploads\/2019\/08\/carte-grise-721x1024.jpg 721w, http:\/\/commune-loffre.fr\/wp-content\/uploads\/2019\/08\/carte-grise-211x300.jpg 211w, http:\/\/commune-loffre.fr\/wp-content\/uploads\/2019\/08\/carte-grise-768x1090.jpg 768w, http:\/\/commune-loffre.fr\/wp-content\/uploads\/2019\/08\/carte-grise-624x886.jpg 624w, http:\/\/commune-loffre.fr\/wp-content\/uploads\/2019\/08\/carte-grise.jpg 851w\" sizes=\"(max-width: 625px) 100vw, 625px\" \/><\/a>\n\t\t\t<\/dt><\/dl><br style=\"clear: both\" \/>\n\t\t<\/div>\n\n","protected":false},"excerpt":{"rendered":"<p>La pr\u00e9fecture n&rsquo;accepte plus aucune demande de carte grise. L&rsquo;ensemble des d\u00e9marches pour le certificat d&rsquo;immatriculation &#8211; commun\u00e9ment appel\u00e9 carte grise &#8211; sont \u00e0 effectuer par l&rsquo;un des deux moyens&#8230; <a href=\"http:\/\/commune-loffre.fr\/index.php\/2019\/08\/06\/carte-grise\/\">Read more &raquo;<\/a><\/p>\n","protected":false},"author":1,"featured_media":4791,"comment_status":"closed","ping_status":"closed","sticky":false,"template":"","format":"standard","meta":{"footnotes":""},"categories":[5],"tags":[],"_links":{"self":[{"href":"http:\/\/commune-loffre.fr\/index.php\/wp-json\/wp\/v2\/posts\/4790"}],"collection":[{"href":"http:\/\/commune-loffre.fr\/index.php\/wp-json\/wp\/v2\/posts"}],"about":[{"href":"http:\/\/commune-loffre.fr\/index.php\/wp-json\/wp\/v2\/types\/post"}],"author":[{"embeddable":true,"href":"http:\/\/commune-loffre.fr\/index.php\/wp-json\/wp\/v2\/users\/1"}],"replies":[{"embeddable":true,"href":"http:\/\/commune-loffre.fr\/index.php\/wp-json\/wp\/v2\/comments?post=4790"}],"version-history":[{"count":1,"href":"http:\/\/commune-loffre.fr\/index.php\/wp-json\/wp\/v2\/posts\/4790\/revisions"}],"predecessor-version":[{"id":4792,"href":"http:\/\/commune-loffre.fr\/index.php\/wp-json\/wp\/v2\/posts\/4790\/revisions\/4792"}],"wp:featuredmedia":[{"embeddable":true,"href":"http:\/\/commune-loffre.fr\/index.php\/wp-json\/wp\/v2\/media\/4791"}],"wp:attachment":[{"href":"http:\/\/commune-loffre.fr\/index.php\/wp-json\/wp\/v2\/media?parent=4790"}],"wp:term":[{"taxonomy":"category","embeddable":true,"href":"http:\/\/commune-loffre.fr\/index.php\/wp-json\/wp\/v2\/categories?post=4790"},{"taxonomy":"post_tag","embeddable":true,"href":"http:\/\/commune-loffre.fr\/index.php\/wp-json\/wp\/v2\/tags?post=4790"}],"curies":[{"name":"wp","href":"https:\/\/api.w.org\/{rel}","templated":true}]}}