{"id":4667,"date":"2019-06-22T18:54:33","date_gmt":"2019-06-22T17:54:33","guid":{"rendered":"http:\/\/commune-loffre.fr\/?p=4667"},"modified":"2019-06-22T18:54:33","modified_gmt":"2019-06-22T17:54:33","slug":"fete-des-peres-3","status":"publish","type":"post","link":"http:\/\/commune-loffre.fr\/index.php\/2019\/06\/22\/fete-des-peres-3\/","title":{"rendered":"F\u00eate des P\u00e8res"},"content":{"rendered":"<p>Comme chaque ann\u00e9e, Monsieur le Maire et le conseil municipal ont convi\u00e9, le dimanche 16 juin \u00e0 11 heures 30, au foyer rural, les papas du village afin de partager un moment de convivialit\u00e9 \u00e0 l\u2019occasion de la f\u00eate des p\u00e8res.<\/p>\n\n\t\t<style type=\"text\/css\">\n\t\t\t#gallery-1 {\n\t\t\t\tmargin: auto;\n\t\t\t}\n\t\t\t#gallery-1 .gallery-item {\n\t\t\t\tfloat: left;\n\t\t\t\tmargin-top: 10px;\n\t\t\t\ttext-align: center;\n\t\t\t\twidth: 16%;\n\t\t\t}\n\t\t\t#gallery-1 img {\n\t\t\t\tborder: 2px solid #cfcfcf;\n\t\t\t}\n\t\t\t#gallery-1 .gallery-caption {\n\t\t\t\tmargin-left: 0;\n\t\t\t}\n\t\t\t\/* see gallery_shortcode() in wp-includes\/media.php *\/\n\t\t<\/style>\n\t\t<div id='gallery-1' class='gallery galleryid-4667 gallery-columns-6 gallery-size-thumbnail'><dl class='gallery-item'>\n\t\t\t<dt class='gallery-icon landscape'>\n\t\t\t\t<a href='http:\/\/commune-loffre.fr\/index.php\/2019\/06\/22\/fete-des-peres-3\/fete-de-peres-2019-1\/'><img loading=\"lazy\" decoding=\"async\" width=\"150\" height=\"150\" src=\"http:\/\/commune-loffre.fr\/wp-content\/uploads\/2019\/06\/Fete-de-Peres-2019-1-150x150.jpg\" class=\"attachment-thumbnail size-thumbnail\" alt=\"\" srcset=\"http:\/\/commune-loffre.fr\/wp-content\/uploads\/2019\/06\/Fete-de-Peres-2019-1-150x150.jpg 150w, http:\/\/commune-loffre.fr\/wp-content\/uploads\/2019\/06\/Fete-de-Peres-2019-1-180x180.jpg 180w, http:\/\/commune-loffre.fr\/wp-content\/uploads\/2019\/06\/Fete-de-Peres-2019-1-60x60.jpg 60w\" sizes=\"(max-width: 150px) 100vw, 150px\" \/><\/a>\n\t\t\t<\/dt><\/dl><dl class='gallery-item'>\n\t\t\t<dt class='gallery-icon landscape'>\n\t\t\t\t<a href='http:\/\/commune-loffre.fr\/index.php\/2019\/06\/22\/fete-des-peres-3\/fete-de-peres-2019-2\/'><img loading=\"lazy\" decoding=\"async\" width=\"150\" height=\"150\" src=\"http:\/\/commune-loffre.fr\/wp-content\/uploads\/2019\/06\/Fete-de-Peres-2019-2-150x150.jpg\" class=\"attachment-thumbnail size-thumbnail\" alt=\"\" srcset=\"http:\/\/commune-loffre.fr\/wp-content\/uploads\/2019\/06\/Fete-de-Peres-2019-2-150x150.jpg 150w, http:\/\/commune-loffre.fr\/wp-content\/uploads\/2019\/06\/Fete-de-Peres-2019-2-180x180.jpg 180w, http:\/\/commune-loffre.fr\/wp-content\/uploads\/2019\/06\/Fete-de-Peres-2019-2-60x60.jpg 60w\" sizes=\"(max-width: 150px) 100vw, 150px\" \/><\/a>\n\t\t\t<\/dt><\/dl><dl class='gallery-item'>\n\t\t\t<dt class='gallery-icon landscape'>\n\t\t\t\t<a href='http:\/\/commune-loffre.fr\/index.php\/2019\/06\/22\/fete-des-peres-3\/fete-de-peres-2019-3\/'><img loading=\"lazy\" decoding=\"async\" width=\"150\" height=\"150\" src=\"http:\/\/commune-loffre.fr\/wp-content\/uploads\/2019\/06\/Fete-de-Peres-2019-3-150x150.jpg\" class=\"attachment-thumbnail size-thumbnail\" alt=\"\" srcset=\"http:\/\/commune-loffre.fr\/wp-content\/uploads\/2019\/06\/Fete-de-Peres-2019-3-150x150.jpg 150w, http:\/\/commune-loffre.fr\/wp-content\/uploads\/2019\/06\/Fete-de-Peres-2019-3-180x180.jpg 180w, http:\/\/commune-loffre.fr\/wp-content\/uploads\/2019\/06\/Fete-de-Peres-2019-3-60x60.jpg 60w\" sizes=\"(max-width: 150px) 100vw, 150px\" \/><\/a>\n\t\t\t<\/dt><\/dl><dl class='gallery-item'>\n\t\t\t<dt class='gallery-icon landscape'>\n\t\t\t\t<a href='http:\/\/commune-loffre.fr\/index.php\/2019\/06\/22\/fete-des-peres-3\/fete-de-peres-2019-4\/'><img loading=\"lazy\" decoding=\"async\" width=\"150\" height=\"150\" src=\"http:\/\/commune-loffre.fr\/wp-content\/uploads\/2019\/06\/Fete-de-Peres-2019-4-150x150.jpg\" class=\"attachment-thumbnail size-thumbnail\" alt=\"\" srcset=\"http:\/\/commune-loffre.fr\/wp-content\/uploads\/2019\/06\/Fete-de-Peres-2019-4-150x150.jpg 150w, http:\/\/commune-loffre.fr\/wp-content\/uploads\/2019\/06\/Fete-de-Peres-2019-4-180x180.jpg 180w, http:\/\/commune-loffre.fr\/wp-content\/uploads\/2019\/06\/Fete-de-Peres-2019-4-60x60.jpg 60w\" sizes=\"(max-width: 150px) 100vw, 150px\" \/><\/a>\n\t\t\t<\/dt><\/dl><dl class='gallery-item'>\n\t\t\t<dt class='gallery-icon landscape'>\n\t\t\t\t<a href='http:\/\/commune-loffre.fr\/index.php\/2019\/06\/22\/fete-des-peres-3\/fete-de-peres-2019-5\/'><img loading=\"lazy\" decoding=\"async\" width=\"150\" height=\"150\" src=\"http:\/\/commune-loffre.fr\/wp-content\/uploads\/2019\/06\/Fete-de-Peres-2019-5-150x150.jpg\" class=\"attachment-thumbnail size-thumbnail\" alt=\"\" srcset=\"http:\/\/commune-loffre.fr\/wp-content\/uploads\/2019\/06\/Fete-de-Peres-2019-5-150x150.jpg 150w, http:\/\/commune-loffre.fr\/wp-content\/uploads\/2019\/06\/Fete-de-Peres-2019-5-180x180.jpg 180w, http:\/\/commune-loffre.fr\/wp-content\/uploads\/2019\/06\/Fete-de-Peres-2019-5-60x60.jpg 60w\" sizes=\"(max-width: 150px) 100vw, 150px\" \/><\/a>\n\t\t\t<\/dt><\/dl><dl class='gallery-item'>\n\t\t\t<dt class='gallery-icon landscape'>\n\t\t\t\t<a href='http:\/\/commune-loffre.fr\/index.php\/2019\/06\/22\/fete-des-peres-3\/fete-de-peres-2019-6\/'><img loading=\"lazy\" decoding=\"async\" width=\"150\" height=\"150\" src=\"http:\/\/commune-loffre.fr\/wp-content\/uploads\/2019\/06\/Fete-de-Peres-2019-6-150x150.jpg\" class=\"attachment-thumbnail size-thumbnail\" alt=\"\" srcset=\"http:\/\/commune-loffre.fr\/wp-content\/uploads\/2019\/06\/Fete-de-Peres-2019-6-150x150.jpg 150w, http:\/\/commune-loffre.fr\/wp-content\/uploads\/2019\/06\/Fete-de-Peres-2019-6-180x180.jpg 180w, http:\/\/commune-loffre.fr\/wp-content\/uploads\/2019\/06\/Fete-de-Peres-2019-6-60x60.jpg 60w\" sizes=\"(max-width: 150px) 100vw, 150px\" \/><\/a>\n\t\t\t<\/dt><\/dl><br style=\"clear: both\" \/><dl class='gallery-item'>\n\t\t\t<dt class='gallery-icon landscape'>\n\t\t\t\t<a href='http:\/\/commune-loffre.fr\/index.php\/2019\/06\/22\/fete-des-peres-3\/fete-de-peres-2019-7\/'><img loading=\"lazy\" decoding=\"async\" width=\"150\" height=\"150\" src=\"http:\/\/commune-loffre.fr\/wp-content\/uploads\/2019\/06\/Fete-de-Peres-2019-7-150x150.jpg\" class=\"attachment-thumbnail size-thumbnail\" alt=\"\" srcset=\"http:\/\/commune-loffre.fr\/wp-content\/uploads\/2019\/06\/Fete-de-Peres-2019-7-150x150.jpg 150w, http:\/\/commune-loffre.fr\/wp-content\/uploads\/2019\/06\/Fete-de-Peres-2019-7-180x180.jpg 180w, http:\/\/commune-loffre.fr\/wp-content\/uploads\/2019\/06\/Fete-de-Peres-2019-7-60x60.jpg 60w\" sizes=\"(max-width: 150px) 100vw, 150px\" \/><\/a>\n\t\t\t<\/dt><\/dl><dl class='gallery-item'>\n\t\t\t<dt class='gallery-icon landscape'>\n\t\t\t\t<a href='http:\/\/commune-loffre.fr\/index.php\/2019\/06\/22\/fete-des-peres-3\/fete-de-peres-2019-8\/'><img loading=\"lazy\" decoding=\"async\" width=\"150\" height=\"150\" src=\"http:\/\/commune-loffre.fr\/wp-content\/uploads\/2019\/06\/Fete-de-Peres-2019-8-150x150.jpg\" class=\"attachment-thumbnail size-thumbnail\" alt=\"\" srcset=\"http:\/\/commune-loffre.fr\/wp-content\/uploads\/2019\/06\/Fete-de-Peres-2019-8-150x150.jpg 150w, http:\/\/commune-loffre.fr\/wp-content\/uploads\/2019\/06\/Fete-de-Peres-2019-8-180x180.jpg 180w, http:\/\/commune-loffre.fr\/wp-content\/uploads\/2019\/06\/Fete-de-Peres-2019-8-60x60.jpg 60w\" sizes=\"(max-width: 150px) 100vw, 150px\" \/><\/a>\n\t\t\t<\/dt><\/dl><dl class='gallery-item'>\n\t\t\t<dt class='gallery-icon landscape'>\n\t\t\t\t<a href='http:\/\/commune-loffre.fr\/index.php\/2019\/06\/22\/fete-des-peres-3\/fete-de-peres-2019-9\/'><img loading=\"lazy\" decoding=\"async\" width=\"150\" height=\"150\" src=\"http:\/\/commune-loffre.fr\/wp-content\/uploads\/2019\/06\/Fete-de-Peres-2019-9-150x150.jpg\" class=\"attachment-thumbnail size-thumbnail\" alt=\"\" srcset=\"http:\/\/commune-loffre.fr\/wp-content\/uploads\/2019\/06\/Fete-de-Peres-2019-9-150x150.jpg 150w, http:\/\/commune-loffre.fr\/wp-content\/uploads\/2019\/06\/Fete-de-Peres-2019-9-180x180.jpg 180w, http:\/\/commune-loffre.fr\/wp-content\/uploads\/2019\/06\/Fete-de-Peres-2019-9-60x60.jpg 60w\" sizes=\"(max-width: 150px) 100vw, 150px\" \/><\/a>\n\t\t\t<\/dt><\/dl><dl class='gallery-item'>\n\t\t\t<dt class='gallery-icon landscape'>\n\t\t\t\t<a href='http:\/\/commune-loffre.fr\/index.php\/2019\/06\/22\/fete-des-peres-3\/fete-de-peres-2019-10\/'><img loading=\"lazy\" decoding=\"async\" width=\"150\" height=\"150\" src=\"http:\/\/commune-loffre.fr\/wp-content\/uploads\/2019\/06\/Fete-de-Peres-2019-10-150x150.jpg\" class=\"attachment-thumbnail size-thumbnail\" alt=\"\" srcset=\"http:\/\/commune-loffre.fr\/wp-content\/uploads\/2019\/06\/Fete-de-Peres-2019-10-150x150.jpg 150w, http:\/\/commune-loffre.fr\/wp-content\/uploads\/2019\/06\/Fete-de-Peres-2019-10-180x180.jpg 180w, http:\/\/commune-loffre.fr\/wp-content\/uploads\/2019\/06\/Fete-de-Peres-2019-10-60x60.jpg 60w\" sizes=\"(max-width: 150px) 100vw, 150px\" \/><\/a>\n\t\t\t<\/dt><\/dl><dl class='gallery-item'>\n\t\t\t<dt class='gallery-icon landscape'>\n\t\t\t\t<a href='http:\/\/commune-loffre.fr\/index.php\/2019\/06\/22\/fete-des-peres-3\/fete-de-peres-2019-11\/'><img loading=\"lazy\" decoding=\"async\" width=\"150\" height=\"150\" src=\"http:\/\/commune-loffre.fr\/wp-content\/uploads\/2019\/06\/Fete-de-Peres-2019-11-150x150.jpg\" class=\"attachment-thumbnail size-thumbnail\" alt=\"\" srcset=\"http:\/\/commune-loffre.fr\/wp-content\/uploads\/2019\/06\/Fete-de-Peres-2019-11-150x150.jpg 150w, http:\/\/commune-loffre.fr\/wp-content\/uploads\/2019\/06\/Fete-de-Peres-2019-11-180x180.jpg 180w, http:\/\/commune-loffre.fr\/wp-content\/uploads\/2019\/06\/Fete-de-Peres-2019-11-60x60.jpg 60w\" sizes=\"(max-width: 150px) 100vw, 150px\" \/><\/a>\n\t\t\t<\/dt><\/dl>\n\t\t\t<br style='clear: both' \/>\n\t\t<\/div>\n\n<p>Chacun a pu profiter de cet instant chaleureux et commenter les matches de football f\u00e9minin de l\u2019\u00e9quipe de France \u00e0 l\u2019occasion du mondial !<\/p>\n<p>Pour cette occasion, la municipalit\u00e9 a offert aux papas pr\u00e9sents une bouteille de bi\u00e8re. <em>(A consommer avec mod\u00e9ration<\/em>)<\/p>\n","protected":false},"excerpt":{"rendered":"<p>Comme chaque ann\u00e9e, Monsieur le Maire et le conseil municipal ont convi\u00e9, le dimanche 16 juin \u00e0 11 heures 30, au foyer rural, les papas du village afin de partager&#8230; <a href=\"http:\/\/commune-loffre.fr\/index.php\/2019\/06\/22\/fete-des-peres-3\/\">Read more &raquo;<\/a><\/p>\n","protected":false},"author":1,"featured_media":4673,"comment_status":"closed","ping_status":"closed","sticky":false,"template":"","format":"standard","meta":{"footnotes":""},"categories":[10],"tags":[],"_links":{"self":[{"href":"http:\/\/commune-loffre.fr\/index.php\/wp-json\/wp\/v2\/posts\/4667"}],"collection":[{"href":"http:\/\/commune-loffre.fr\/index.php\/wp-json\/wp\/v2\/posts"}],"about":[{"href":"http:\/\/commune-loffre.fr\/index.php\/wp-json\/wp\/v2\/types\/post"}],"author":[{"embeddable":true,"href":"http:\/\/commune-loffre.fr\/index.php\/wp-json\/wp\/v2\/users\/1"}],"replies":[{"embeddable":true,"href":"http:\/\/commune-loffre.fr\/index.php\/wp-json\/wp\/v2\/comments?post=4667"}],"version-history":[{"count":1,"href":"http:\/\/commune-loffre.fr\/index.php\/wp-json\/wp\/v2\/posts\/4667\/revisions"}],"predecessor-version":[{"id":4679,"href":"http:\/\/commune-loffre.fr\/index.php\/wp-json\/wp\/v2\/posts\/4667\/revisions\/4679"}],"wp:featuredmedia":[{"embeddable":true,"href":"http:\/\/commune-loffre.fr\/index.php\/wp-json\/wp\/v2\/media\/4673"}],"wp:attachment":[{"href":"http:\/\/commune-loffre.fr\/index.php\/wp-json\/wp\/v2\/media?parent=4667"}],"wp:term":[{"taxonomy":"category","embeddable":true,"href":"http:\/\/commune-loffre.fr\/index.php\/wp-json\/wp\/v2\/categories?post=4667"},{"taxonomy":"post_tag","embeddable":true,"href":"http:\/\/commune-loffre.fr\/index.php\/wp-json\/wp\/v2\/tags?post=4667"}],"curies":[{"name":"wp","href":"https:\/\/api.w.org\/{rel}","templated":true}]}}