{"id":4660,"date":"2019-06-22T18:51:17","date_gmt":"2019-06-22T17:51:17","guid":{"rendered":"http:\/\/commune-loffre.fr\/?p=4660"},"modified":"2019-06-22T18:51:17","modified_gmt":"2019-06-22T17:51:17","slug":"ceremonie-de-la-journee-nationale-dhommage-aux-morts-pour-la-france-en-indochine-2","status":"publish","type":"post","link":"http:\/\/commune-loffre.fr\/index.php\/2019\/06\/22\/ceremonie-de-la-journee-nationale-dhommage-aux-morts-pour-la-france-en-indochine-2\/","title":{"rendered":"C\u00e9r\u00e9monie de la journ\u00e9e nationale d&rsquo;hommage aux morts pour la France en Indochine"},"content":{"rendered":"<p>Le jeudi 13 juin \u00e0 18h00, le conseil municipal et les Anciens Combattants de Loffre se sont rendus au monument aux Morts afin de comm\u00e9morer la journ\u00e9e nationale d\u2019hommage aux morts pour la France en Indochine.<\/p>\n\n\t\t<style type=\"text\/css\">\n\t\t\t#gallery-1 {\n\t\t\t\tmargin: auto;\n\t\t\t}\n\t\t\t#gallery-1 .gallery-item {\n\t\t\t\tfloat: left;\n\t\t\t\tmargin-top: 10px;\n\t\t\t\ttext-align: center;\n\t\t\t\twidth: 20%;\n\t\t\t}\n\t\t\t#gallery-1 img {\n\t\t\t\tborder: 2px solid #cfcfcf;\n\t\t\t}\n\t\t\t#gallery-1 .gallery-caption {\n\t\t\t\tmargin-left: 0;\n\t\t\t}\n\t\t\t\/* see gallery_shortcode() in wp-includes\/media.php *\/\n\t\t<\/style>\n\t\t<div id='gallery-1' class='gallery galleryid-4660 gallery-columns-5 gallery-size-thumbnail'><dl class='gallery-item'>\n\t\t\t<dt class='gallery-icon landscape'>\n\t\t\t\t<a href='http:\/\/commune-loffre.fr\/index.php\/2019\/06\/22\/ceremonie-de-la-journee-nationale-dhommage-aux-morts-pour-la-france-en-indochine-2\/8-juin-2019-1\/'><img loading=\"lazy\" decoding=\"async\" width=\"150\" height=\"150\" src=\"http:\/\/commune-loffre.fr\/wp-content\/uploads\/2019\/06\/8-Juin-2019-1-150x150.jpg\" class=\"attachment-thumbnail size-thumbnail\" alt=\"\" srcset=\"http:\/\/commune-loffre.fr\/wp-content\/uploads\/2019\/06\/8-Juin-2019-1-150x150.jpg 150w, http:\/\/commune-loffre.fr\/wp-content\/uploads\/2019\/06\/8-Juin-2019-1-180x180.jpg 180w, http:\/\/commune-loffre.fr\/wp-content\/uploads\/2019\/06\/8-Juin-2019-1-60x60.jpg 60w\" sizes=\"(max-width: 150px) 100vw, 150px\" \/><\/a>\n\t\t\t<\/dt><\/dl><dl class='gallery-item'>\n\t\t\t<dt class='gallery-icon landscape'>\n\t\t\t\t<a href='http:\/\/commune-loffre.fr\/index.php\/2019\/06\/22\/ceremonie-de-la-journee-nationale-dhommage-aux-morts-pour-la-france-en-indochine-2\/8-juin-2019-2\/'><img loading=\"lazy\" decoding=\"async\" width=\"150\" height=\"150\" src=\"http:\/\/commune-loffre.fr\/wp-content\/uploads\/2019\/06\/8-Juin-2019-2-150x150.jpg\" class=\"attachment-thumbnail size-thumbnail\" alt=\"\" srcset=\"http:\/\/commune-loffre.fr\/wp-content\/uploads\/2019\/06\/8-Juin-2019-2-150x150.jpg 150w, http:\/\/commune-loffre.fr\/wp-content\/uploads\/2019\/06\/8-Juin-2019-2-180x180.jpg 180w, http:\/\/commune-loffre.fr\/wp-content\/uploads\/2019\/06\/8-Juin-2019-2-60x60.jpg 60w\" sizes=\"(max-width: 150px) 100vw, 150px\" \/><\/a>\n\t\t\t<\/dt><\/dl><dl class='gallery-item'>\n\t\t\t<dt class='gallery-icon portrait'>\n\t\t\t\t<a href='http:\/\/commune-loffre.fr\/index.php\/2019\/06\/22\/ceremonie-de-la-journee-nationale-dhommage-aux-morts-pour-la-france-en-indochine-2\/8-juin-2019-3\/'><img loading=\"lazy\" decoding=\"async\" width=\"150\" height=\"150\" src=\"http:\/\/commune-loffre.fr\/wp-content\/uploads\/2019\/06\/8-Juin-2019-3-150x150.jpg\" class=\"attachment-thumbnail size-thumbnail\" alt=\"\" srcset=\"http:\/\/commune-loffre.fr\/wp-content\/uploads\/2019\/06\/8-Juin-2019-3-150x150.jpg 150w, http:\/\/commune-loffre.fr\/wp-content\/uploads\/2019\/06\/8-Juin-2019-3-180x180.jpg 180w, http:\/\/commune-loffre.fr\/wp-content\/uploads\/2019\/06\/8-Juin-2019-3-60x60.jpg 60w\" sizes=\"(max-width: 150px) 100vw, 150px\" \/><\/a>\n\t\t\t<\/dt><\/dl><dl class='gallery-item'>\n\t\t\t<dt class='gallery-icon landscape'>\n\t\t\t\t<a href='http:\/\/commune-loffre.fr\/index.php\/2019\/06\/22\/ceremonie-de-la-journee-nationale-dhommage-aux-morts-pour-la-france-en-indochine-2\/8-juin-2019-4\/'><img loading=\"lazy\" decoding=\"async\" width=\"150\" height=\"150\" src=\"http:\/\/commune-loffre.fr\/wp-content\/uploads\/2019\/06\/8-Juin-2019-4-150x150.jpg\" class=\"attachment-thumbnail size-thumbnail\" alt=\"\" srcset=\"http:\/\/commune-loffre.fr\/wp-content\/uploads\/2019\/06\/8-Juin-2019-4-150x150.jpg 150w, http:\/\/commune-loffre.fr\/wp-content\/uploads\/2019\/06\/8-Juin-2019-4-180x180.jpg 180w, http:\/\/commune-loffre.fr\/wp-content\/uploads\/2019\/06\/8-Juin-2019-4-60x60.jpg 60w\" sizes=\"(max-width: 150px) 100vw, 150px\" \/><\/a>\n\t\t\t<\/dt><\/dl><dl class='gallery-item'>\n\t\t\t<dt class='gallery-icon landscape'>\n\t\t\t\t<a href='http:\/\/commune-loffre.fr\/index.php\/2019\/06\/22\/ceremonie-de-la-journee-nationale-dhommage-aux-morts-pour-la-france-en-indochine-2\/8-juin-2019-5\/'><img loading=\"lazy\" decoding=\"async\" width=\"150\" height=\"150\" src=\"http:\/\/commune-loffre.fr\/wp-content\/uploads\/2019\/06\/8-Juin-2019-5-150x150.jpg\" class=\"attachment-thumbnail size-thumbnail\" alt=\"\" srcset=\"http:\/\/commune-loffre.fr\/wp-content\/uploads\/2019\/06\/8-Juin-2019-5-150x150.jpg 150w, http:\/\/commune-loffre.fr\/wp-content\/uploads\/2019\/06\/8-Juin-2019-5-180x180.jpg 180w, http:\/\/commune-loffre.fr\/wp-content\/uploads\/2019\/06\/8-Juin-2019-5-60x60.jpg 60w\" sizes=\"(max-width: 150px) 100vw, 150px\" \/><\/a>\n\t\t\t<\/dt><\/dl><br style=\"clear: both\" \/>\n\t\t<\/div>\n\n<p>Apr\u00e8s le d\u00e9p\u00f4t d\u2019une gerbe par Monsieur Jean-Marie CH\u0152UR, Pr\u00e9sident des Anciens Combattants de Loffre, une minute de silence a \u00e9t\u00e9 respect\u00e9e. A la suite, Monsieur Jean-Marie CH\u0152UR donna lecture du discours de Madame la Secr\u00e9taire d\u2019Etat aupr\u00e8s de Madame la Ministre des Arm\u00e9es. Pour terminer cette c\u00e9r\u00e9monie, l\u2019ensemble du public a \u00e9t\u00e9 invit\u00e9 par le conseil municipal \u00e0 partager le verre de l\u2019amiti\u00e9 en mairie.<\/p>\n","protected":false},"excerpt":{"rendered":"<p>Le jeudi 13 juin \u00e0 18h00, le conseil municipal et les Anciens Combattants de Loffre se sont rendus au monument aux Morts afin de comm\u00e9morer la journ\u00e9e nationale d\u2019hommage aux&#8230; <a href=\"http:\/\/commune-loffre.fr\/index.php\/2019\/06\/22\/ceremonie-de-la-journee-nationale-dhommage-aux-morts-pour-la-france-en-indochine-2\/\">Read more &raquo;<\/a><\/p>\n","protected":false},"author":1,"featured_media":4663,"comment_status":"closed","ping_status":"closed","sticky":false,"template":"","format":"standard","meta":{"footnotes":""},"categories":[17],"tags":[],"_links":{"self":[{"href":"http:\/\/commune-loffre.fr\/index.php\/wp-json\/wp\/v2\/posts\/4660"}],"collection":[{"href":"http:\/\/commune-loffre.fr\/index.php\/wp-json\/wp\/v2\/posts"}],"about":[{"href":"http:\/\/commune-loffre.fr\/index.php\/wp-json\/wp\/v2\/types\/post"}],"author":[{"embeddable":true,"href":"http:\/\/commune-loffre.fr\/index.php\/wp-json\/wp\/v2\/users\/1"}],"replies":[{"embeddable":true,"href":"http:\/\/commune-loffre.fr\/index.php\/wp-json\/wp\/v2\/comments?post=4660"}],"version-history":[{"count":1,"href":"http:\/\/commune-loffre.fr\/index.php\/wp-json\/wp\/v2\/posts\/4660\/revisions"}],"predecessor-version":[{"id":4666,"href":"http:\/\/commune-loffre.fr\/index.php\/wp-json\/wp\/v2\/posts\/4660\/revisions\/4666"}],"wp:featuredmedia":[{"embeddable":true,"href":"http:\/\/commune-loffre.fr\/index.php\/wp-json\/wp\/v2\/media\/4663"}],"wp:attachment":[{"href":"http:\/\/commune-loffre.fr\/index.php\/wp-json\/wp\/v2\/media?parent=4660"}],"wp:term":[{"taxonomy":"category","embeddable":true,"href":"http:\/\/commune-loffre.fr\/index.php\/wp-json\/wp\/v2\/categories?post=4660"},{"taxonomy":"post_tag","embeddable":true,"href":"http:\/\/commune-loffre.fr\/index.php\/wp-json\/wp\/v2\/tags?post=4660"}],"curies":[{"name":"wp","href":"https:\/\/api.w.org\/{rel}","templated":true}]}}