{"id":4597,"date":"2019-05-26T15:38:04","date_gmt":"2019-05-26T14:38:04","guid":{"rendered":"http:\/\/commune-loffre.fr\/?p=4597"},"modified":"2019-05-26T15:38:04","modified_gmt":"2019-05-26T14:38:04","slug":"permanence-service-sociale-departemental-en-mairie","status":"publish","type":"post","link":"http:\/\/commune-loffre.fr\/index.php\/2019\/05\/26\/permanence-service-sociale-departemental-en-mairie\/","title":{"rendered":"Permanence Service Sociale D\u00e9partemental en Mairie"},"content":{"rendered":"<p><strong>Besoin de conseils ? Besoin d\u2019aide ?<\/strong><\/p>\n<p><strong><span style=\"color: #ff0000;\">\u00a0\u00a0 \u00a0NOUVEAU \u00e0 partir de janvier 2019<\/span><\/strong><br \/>\n<strong>Madame CARTIGNY, Assistante Sociale du service social d\u00e9partemental (SSD)<\/strong> recevra les loffriennes et loffriens \u00e0 sa permanence qui se d\u00e9roulera en mairie <span style=\"text-decoration: underline;\"><strong>le 3\u00e8me vendredi de chaque mois de 14h \u00e0 16h30.<\/strong><\/span><\/p>\n<p>Pour les personnes int\u00e9ress\u00e9es, il est n\u00e9cessaire de prendre rendez-vous au pr\u00e9alable en t\u00e9l\u00e9phonant au 03.59.73.19.30 (Unit\u00e9 Territoriale de Guesnain).<\/p>\n<p>L\u2019assistante sociale est l\u00e0 pour rechercher avec vous les r\u00e9ponses adapt\u00e9es \u00e0 votre situation :<br \/>\nLes relations avec les administrations : aide \u00e0 la constitution de vos dossiers et dans vos d\u00e9marches<br \/>\nConseils et aides dans la gestion de votre vie quotidienne : le logement, l\u2019acc\u00e8s aux soins, l\u2019alimentation, le budget &#8230;<br \/>\nAccompagnement lors d\u2019\u00e9v\u00e8nements familiaux : naissance, scolarit\u00e9, \u00e9ducation, adolescence, vie de couple, divorce, d\u00e9c\u00e8s &#8230;<br \/>\nLa pr\u00e9vention et la protection des personnes vuln\u00e9rables : les enfants ou les adultes porteurs de handicap,\u00a0 les enfants ou les adultes victimes de violences ou de maltraitances<\/p>\n","protected":false},"excerpt":{"rendered":"<p>Besoin de conseils ? Besoin d\u2019aide ? \u00a0\u00a0 \u00a0NOUVEAU \u00e0 partir de janvier 2019 Madame CARTIGNY, Assistante Sociale du service social d\u00e9partemental (SSD) recevra les loffriennes et loffriens \u00e0 sa&#8230; <a href=\"http:\/\/commune-loffre.fr\/index.php\/2019\/05\/26\/permanence-service-sociale-departemental-en-mairie\/\">Read more &raquo;<\/a><\/p>\n","protected":false},"author":1,"featured_media":0,"comment_status":"closed","ping_status":"closed","sticky":false,"template":"","format":"standard","meta":{"footnotes":""},"categories":[7],"tags":[],"_links":{"self":[{"href":"http:\/\/commune-loffre.fr\/index.php\/wp-json\/wp\/v2\/posts\/4597"}],"collection":[{"href":"http:\/\/commune-loffre.fr\/index.php\/wp-json\/wp\/v2\/posts"}],"about":[{"href":"http:\/\/commune-loffre.fr\/index.php\/wp-json\/wp\/v2\/types\/post"}],"author":[{"embeddable":true,"href":"http:\/\/commune-loffre.fr\/index.php\/wp-json\/wp\/v2\/users\/1"}],"replies":[{"embeddable":true,"href":"http:\/\/commune-loffre.fr\/index.php\/wp-json\/wp\/v2\/comments?post=4597"}],"version-history":[{"count":1,"href":"http:\/\/commune-loffre.fr\/index.php\/wp-json\/wp\/v2\/posts\/4597\/revisions"}],"predecessor-version":[{"id":4598,"href":"http:\/\/commune-loffre.fr\/index.php\/wp-json\/wp\/v2\/posts\/4597\/revisions\/4598"}],"wp:attachment":[{"href":"http:\/\/commune-loffre.fr\/index.php\/wp-json\/wp\/v2\/media?parent=4597"}],"wp:term":[{"taxonomy":"category","embeddable":true,"href":"http:\/\/commune-loffre.fr\/index.php\/wp-json\/wp\/v2\/categories?post=4597"},{"taxonomy":"post_tag","embeddable":true,"href":"http:\/\/commune-loffre.fr\/index.php\/wp-json\/wp\/v2\/tags?post=4597"}],"curies":[{"name":"wp","href":"https:\/\/api.w.org\/{rel}","templated":true}]}}