{"id":4559,"date":"2019-05-13T09:18:45","date_gmt":"2019-05-13T08:18:45","guid":{"rendered":"http:\/\/commune-loffre.fr\/?p=4559"},"modified":"2019-05-13T09:18:45","modified_gmt":"2019-05-13T08:18:45","slug":"commemoration-de-larmistice-du-8-mai-1945-4","status":"publish","type":"post","link":"http:\/\/commune-loffre.fr\/index.php\/2019\/05\/13\/commemoration-de-larmistice-du-8-mai-1945-4\/","title":{"rendered":"Comm\u00e9moration de l&rsquo;ARMISTICE DU 8 Mai 1945"},"content":{"rendered":"<p>Monsieur le Maire, le conseil municipal, les associations et les enfants du village, le corps enseignant de l\u2019\u00e9cole Henri Matisse ainsi que l\u2019harmonie la Concorde de Frais-Marais se sont rendus au Monument aux Morts, le mercredi 8 Mai, afin de comm\u00e9morer l\u2019Armistice du 8 mai 1945. Monsieur le Maire donna lecture du discours de Madame la secr\u00e9taire d\u2019\u00c9tat aupr\u00e8s du ministre des Arm\u00e9es puis d\u00e9posa une gerbe accompagn\u00e9e de Monsieur Jean-Marie CH\u0152UR, Pr\u00e9sident des Anciens Combattants de Loffre.<\/p>\n\n\t\t<style type=\"text\/css\">\n\t\t\t#gallery-1 {\n\t\t\t\tmargin: auto;\n\t\t\t}\n\t\t\t#gallery-1 .gallery-item {\n\t\t\t\tfloat: left;\n\t\t\t\tmargin-top: 10px;\n\t\t\t\ttext-align: center;\n\t\t\t\twidth: 12%;\n\t\t\t}\n\t\t\t#gallery-1 img {\n\t\t\t\tborder: 2px solid #cfcfcf;\n\t\t\t}\n\t\t\t#gallery-1 .gallery-caption {\n\t\t\t\tmargin-left: 0;\n\t\t\t}\n\t\t\t\/* see gallery_shortcode() in wp-includes\/media.php *\/\n\t\t<\/style>\n\t\t<div id='gallery-1' class='gallery galleryid-4559 gallery-columns-8 gallery-size-thumbnail'><dl class='gallery-item'>\n\t\t\t<dt class='gallery-icon landscape'>\n\t\t\t\t<a href='http:\/\/commune-loffre.fr\/index.php\/2019\/05\/13\/commemoration-de-larmistice-du-8-mai-1945-4\/p1010001-copie-22\/'><img loading=\"lazy\" decoding=\"async\" width=\"150\" height=\"150\" src=\"http:\/\/commune-loffre.fr\/wp-content\/uploads\/2019\/05\/P1010001-copie-150x150.jpg\" class=\"attachment-thumbnail size-thumbnail\" alt=\"\" srcset=\"http:\/\/commune-loffre.fr\/wp-content\/uploads\/2019\/05\/P1010001-copie-150x150.jpg 150w, http:\/\/commune-loffre.fr\/wp-content\/uploads\/2019\/05\/P1010001-copie-180x180.jpg 180w, http:\/\/commune-loffre.fr\/wp-content\/uploads\/2019\/05\/P1010001-copie-60x60.jpg 60w\" sizes=\"(max-width: 150px) 100vw, 150px\" \/><\/a>\n\t\t\t<\/dt><\/dl><dl class='gallery-item'>\n\t\t\t<dt class='gallery-icon landscape'>\n\t\t\t\t<a href='http:\/\/commune-loffre.fr\/index.php\/2019\/05\/13\/commemoration-de-larmistice-du-8-mai-1945-4\/p1010002-copie-25\/'><img loading=\"lazy\" decoding=\"async\" width=\"150\" height=\"150\" src=\"http:\/\/commune-loffre.fr\/wp-content\/uploads\/2019\/05\/P1010002-copie-150x150.jpg\" class=\"attachment-thumbnail size-thumbnail\" alt=\"\" srcset=\"http:\/\/commune-loffre.fr\/wp-content\/uploads\/2019\/05\/P1010002-copie-150x150.jpg 150w, http:\/\/commune-loffre.fr\/wp-content\/uploads\/2019\/05\/P1010002-copie-180x180.jpg 180w, http:\/\/commune-loffre.fr\/wp-content\/uploads\/2019\/05\/P1010002-copie-60x60.jpg 60w\" sizes=\"(max-width: 150px) 100vw, 150px\" \/><\/a>\n\t\t\t<\/dt><\/dl><dl class='gallery-item'>\n\t\t\t<dt class='gallery-icon landscape'>\n\t\t\t\t<a href='http:\/\/commune-loffre.fr\/index.php\/2019\/05\/13\/commemoration-de-larmistice-du-8-mai-1945-4\/p1010003-copie-25\/'><img loading=\"lazy\" decoding=\"async\" width=\"150\" height=\"150\" src=\"http:\/\/commune-loffre.fr\/wp-content\/uploads\/2019\/05\/P1010003-copie-150x150.jpg\" class=\"attachment-thumbnail size-thumbnail\" alt=\"\" srcset=\"http:\/\/commune-loffre.fr\/wp-content\/uploads\/2019\/05\/P1010003-copie-150x150.jpg 150w, http:\/\/commune-loffre.fr\/wp-content\/uploads\/2019\/05\/P1010003-copie-180x180.jpg 180w, http:\/\/commune-loffre.fr\/wp-content\/uploads\/2019\/05\/P1010003-copie-60x60.jpg 60w\" sizes=\"(max-width: 150px) 100vw, 150px\" \/><\/a>\n\t\t\t<\/dt><\/dl><dl class='gallery-item'>\n\t\t\t<dt class='gallery-icon portrait'>\n\t\t\t\t<a href='http:\/\/commune-loffre.fr\/index.php\/2019\/05\/13\/commemoration-de-larmistice-du-8-mai-1945-4\/p1010005-copie-23\/'><img loading=\"lazy\" decoding=\"async\" width=\"150\" height=\"150\" src=\"http:\/\/commune-loffre.fr\/wp-content\/uploads\/2019\/05\/P1010005-copie-150x150.jpg\" class=\"attachment-thumbnail size-thumbnail\" alt=\"\" srcset=\"http:\/\/commune-loffre.fr\/wp-content\/uploads\/2019\/05\/P1010005-copie-150x150.jpg 150w, http:\/\/commune-loffre.fr\/wp-content\/uploads\/2019\/05\/P1010005-copie-180x180.jpg 180w, http:\/\/commune-loffre.fr\/wp-content\/uploads\/2019\/05\/P1010005-copie-60x60.jpg 60w\" sizes=\"(max-width: 150px) 100vw, 150px\" \/><\/a>\n\t\t\t<\/dt><\/dl><dl class='gallery-item'>\n\t\t\t<dt class='gallery-icon landscape'>\n\t\t\t\t<a href='http:\/\/commune-loffre.fr\/index.php\/2019\/05\/13\/commemoration-de-larmistice-du-8-mai-1945-4\/p1010007-copie-26\/'><img loading=\"lazy\" decoding=\"async\" width=\"150\" height=\"150\" src=\"http:\/\/commune-loffre.fr\/wp-content\/uploads\/2019\/05\/P1010007-copie-150x150.jpg\" class=\"attachment-thumbnail size-thumbnail\" alt=\"\" srcset=\"http:\/\/commune-loffre.fr\/wp-content\/uploads\/2019\/05\/P1010007-copie-150x150.jpg 150w, http:\/\/commune-loffre.fr\/wp-content\/uploads\/2019\/05\/P1010007-copie-180x180.jpg 180w, http:\/\/commune-loffre.fr\/wp-content\/uploads\/2019\/05\/P1010007-copie-60x60.jpg 60w\" sizes=\"(max-width: 150px) 100vw, 150px\" \/><\/a>\n\t\t\t<\/dt><\/dl><dl class='gallery-item'>\n\t\t\t<dt class='gallery-icon landscape'>\n\t\t\t\t<a href='http:\/\/commune-loffre.fr\/index.php\/2019\/05\/13\/commemoration-de-larmistice-du-8-mai-1945-4\/p1010011-copie-19\/'><img loading=\"lazy\" decoding=\"async\" width=\"150\" height=\"150\" src=\"http:\/\/commune-loffre.fr\/wp-content\/uploads\/2019\/05\/P1010011-copie-150x150.jpg\" class=\"attachment-thumbnail size-thumbnail\" alt=\"\" srcset=\"http:\/\/commune-loffre.fr\/wp-content\/uploads\/2019\/05\/P1010011-copie-150x150.jpg 150w, http:\/\/commune-loffre.fr\/wp-content\/uploads\/2019\/05\/P1010011-copie-180x180.jpg 180w, http:\/\/commune-loffre.fr\/wp-content\/uploads\/2019\/05\/P1010011-copie-60x60.jpg 60w\" sizes=\"(max-width: 150px) 100vw, 150px\" \/><\/a>\n\t\t\t<\/dt><\/dl><dl class='gallery-item'>\n\t\t\t<dt class='gallery-icon landscape'>\n\t\t\t\t<a href='http:\/\/commune-loffre.fr\/index.php\/2019\/05\/13\/commemoration-de-larmistice-du-8-mai-1945-4\/p1010012-copie-16\/'><img loading=\"lazy\" decoding=\"async\" width=\"150\" height=\"150\" src=\"http:\/\/commune-loffre.fr\/wp-content\/uploads\/2019\/05\/P1010012-copie-150x150.jpg\" class=\"attachment-thumbnail size-thumbnail\" alt=\"\" srcset=\"http:\/\/commune-loffre.fr\/wp-content\/uploads\/2019\/05\/P1010012-copie-150x150.jpg 150w, http:\/\/commune-loffre.fr\/wp-content\/uploads\/2019\/05\/P1010012-copie-180x180.jpg 180w, http:\/\/commune-loffre.fr\/wp-content\/uploads\/2019\/05\/P1010012-copie-60x60.jpg 60w\" sizes=\"(max-width: 150px) 100vw, 150px\" \/><\/a>\n\t\t\t<\/dt><\/dl><dl class='gallery-item'>\n\t\t\t<dt class='gallery-icon landscape'>\n\t\t\t\t<a href='http:\/\/commune-loffre.fr\/index.php\/2019\/05\/13\/commemoration-de-larmistice-du-8-mai-1945-4\/p1010013-copie-13\/'><img loading=\"lazy\" decoding=\"async\" width=\"150\" height=\"150\" src=\"http:\/\/commune-loffre.fr\/wp-content\/uploads\/2019\/05\/P1010013-copie-150x150.jpg\" class=\"attachment-thumbnail size-thumbnail\" alt=\"\" srcset=\"http:\/\/commune-loffre.fr\/wp-content\/uploads\/2019\/05\/P1010013-copie-150x150.jpg 150w, http:\/\/commune-loffre.fr\/wp-content\/uploads\/2019\/05\/P1010013-copie-180x180.jpg 180w, http:\/\/commune-loffre.fr\/wp-content\/uploads\/2019\/05\/P1010013-copie-60x60.jpg 60w\" sizes=\"(max-width: 150px) 100vw, 150px\" \/><\/a>\n\t\t\t<\/dt><\/dl><br style=\"clear: both\" \/>\n\t\t<\/div>\n\n<p>La chorale \u00ab\u00a0le Ch\u0153ur Loffriens\u00a0\u00bb constitu\u00e9e d\u2019habitants, membres d\u2019associations et des enfants de l\u2019\u00e9cole, a interpr\u00e9t\u00e9 l\u2019Hymne National, le chant des Partisans et L\u2019Ode \u00e0 la Joie.<\/p>\n\n\t\t<style type=\"text\/css\">\n\t\t\t#gallery-2 {\n\t\t\t\tmargin: auto;\n\t\t\t}\n\t\t\t#gallery-2 .gallery-item {\n\t\t\t\tfloat: left;\n\t\t\t\tmargin-top: 10px;\n\t\t\t\ttext-align: center;\n\t\t\t\twidth: 14%;\n\t\t\t}\n\t\t\t#gallery-2 img {\n\t\t\t\tborder: 2px solid #cfcfcf;\n\t\t\t}\n\t\t\t#gallery-2 .gallery-caption {\n\t\t\t\tmargin-left: 0;\n\t\t\t}\n\t\t\t\/* see gallery_shortcode() in wp-includes\/media.php *\/\n\t\t<\/style>\n\t\t<div id='gallery-2' class='gallery galleryid-4559 gallery-columns-7 gallery-size-thumbnail'><dl class='gallery-item'>\n\t\t\t<dt class='gallery-icon landscape'>\n\t\t\t\t<a href='http:\/\/commune-loffre.fr\/index.php\/2019\/05\/13\/commemoration-de-larmistice-du-8-mai-1945-4\/img_4667-copie\/'><img loading=\"lazy\" decoding=\"async\" width=\"150\" height=\"150\" src=\"http:\/\/commune-loffre.fr\/wp-content\/uploads\/2019\/05\/IMG_4667-copie-150x150.jpg\" class=\"attachment-thumbnail size-thumbnail\" alt=\"\" srcset=\"http:\/\/commune-loffre.fr\/wp-content\/uploads\/2019\/05\/IMG_4667-copie-150x150.jpg 150w, http:\/\/commune-loffre.fr\/wp-content\/uploads\/2019\/05\/IMG_4667-copie-180x180.jpg 180w, http:\/\/commune-loffre.fr\/wp-content\/uploads\/2019\/05\/IMG_4667-copie-60x60.jpg 60w\" sizes=\"(max-width: 150px) 100vw, 150px\" \/><\/a>\n\t\t\t<\/dt><\/dl><dl class='gallery-item'>\n\t\t\t<dt class='gallery-icon landscape'>\n\t\t\t\t<a href='http:\/\/commune-loffre.fr\/index.php\/2019\/05\/13\/commemoration-de-larmistice-du-8-mai-1945-4\/p1010004-copie-23\/'><img loading=\"lazy\" decoding=\"async\" width=\"150\" height=\"150\" src=\"http:\/\/commune-loffre.fr\/wp-content\/uploads\/2019\/05\/P1010004-copie-150x150.jpg\" class=\"attachment-thumbnail size-thumbnail\" alt=\"\" srcset=\"http:\/\/commune-loffre.fr\/wp-content\/uploads\/2019\/05\/P1010004-copie-150x150.jpg 150w, http:\/\/commune-loffre.fr\/wp-content\/uploads\/2019\/05\/P1010004-copie-180x180.jpg 180w, http:\/\/commune-loffre.fr\/wp-content\/uploads\/2019\/05\/P1010004-copie-60x60.jpg 60w\" sizes=\"(max-width: 150px) 100vw, 150px\" \/><\/a>\n\t\t\t<\/dt><\/dl><dl class='gallery-item'>\n\t\t\t<dt class='gallery-icon landscape'>\n\t\t\t\t<a href='http:\/\/commune-loffre.fr\/index.php\/2019\/05\/13\/commemoration-de-larmistice-du-8-mai-1945-4\/p1010009-copie-23\/'><img loading=\"lazy\" decoding=\"async\" width=\"150\" height=\"150\" src=\"http:\/\/commune-loffre.fr\/wp-content\/uploads\/2019\/05\/P1010009-copie-150x150.jpg\" class=\"attachment-thumbnail size-thumbnail\" alt=\"\" srcset=\"http:\/\/commune-loffre.fr\/wp-content\/uploads\/2019\/05\/P1010009-copie-150x150.jpg 150w, http:\/\/commune-loffre.fr\/wp-content\/uploads\/2019\/05\/P1010009-copie-180x180.jpg 180w, http:\/\/commune-loffre.fr\/wp-content\/uploads\/2019\/05\/P1010009-copie-60x60.jpg 60w\" sizes=\"(max-width: 150px) 100vw, 150px\" \/><\/a>\n\t\t\t<\/dt><\/dl><dl class='gallery-item'>\n\t\t\t<dt class='gallery-icon landscape'>\n\t\t\t\t<a href='http:\/\/commune-loffre.fr\/index.php\/2019\/05\/13\/commemoration-de-larmistice-du-8-mai-1945-4\/p1010010-copie-21\/'><img loading=\"lazy\" decoding=\"async\" width=\"150\" height=\"150\" src=\"http:\/\/commune-loffre.fr\/wp-content\/uploads\/2019\/05\/P1010010-copie-150x150.jpg\" class=\"attachment-thumbnail size-thumbnail\" alt=\"\" srcset=\"http:\/\/commune-loffre.fr\/wp-content\/uploads\/2019\/05\/P1010010-copie-150x150.jpg 150w, http:\/\/commune-loffre.fr\/wp-content\/uploads\/2019\/05\/P1010010-copie-180x180.jpg 180w, http:\/\/commune-loffre.fr\/wp-content\/uploads\/2019\/05\/P1010010-copie-60x60.jpg 60w\" sizes=\"(max-width: 150px) 100vw, 150px\" \/><\/a>\n\t\t\t<\/dt><\/dl><dl class='gallery-item'>\n\t\t\t<dt class='gallery-icon landscape'>\n\t\t\t\t<a href='http:\/\/commune-loffre.fr\/index.php\/2019\/05\/13\/commemoration-de-larmistice-du-8-mai-1945-4\/p1010015-copie-15\/'><img loading=\"lazy\" decoding=\"async\" width=\"150\" height=\"150\" src=\"http:\/\/commune-loffre.fr\/wp-content\/uploads\/2019\/05\/P1010015-copie-150x150.jpg\" class=\"attachment-thumbnail size-thumbnail\" alt=\"\" srcset=\"http:\/\/commune-loffre.fr\/wp-content\/uploads\/2019\/05\/P1010015-copie-150x150.jpg 150w, http:\/\/commune-loffre.fr\/wp-content\/uploads\/2019\/05\/P1010015-copie-180x180.jpg 180w, http:\/\/commune-loffre.fr\/wp-content\/uploads\/2019\/05\/P1010015-copie-60x60.jpg 60w\" sizes=\"(max-width: 150px) 100vw, 150px\" \/><\/a>\n\t\t\t<\/dt><\/dl><dl class='gallery-item'>\n\t\t\t<dt class='gallery-icon landscape'>\n\t\t\t\t<a href='http:\/\/commune-loffre.fr\/index.php\/2019\/05\/13\/commemoration-de-larmistice-du-8-mai-1945-4\/p1010016-copie-14\/'><img loading=\"lazy\" decoding=\"async\" width=\"150\" height=\"150\" src=\"http:\/\/commune-loffre.fr\/wp-content\/uploads\/2019\/05\/P1010016-copie-150x150.jpg\" class=\"attachment-thumbnail size-thumbnail\" alt=\"\" srcset=\"http:\/\/commune-loffre.fr\/wp-content\/uploads\/2019\/05\/P1010016-copie-150x150.jpg 150w, http:\/\/commune-loffre.fr\/wp-content\/uploads\/2019\/05\/P1010016-copie-180x180.jpg 180w, http:\/\/commune-loffre.fr\/wp-content\/uploads\/2019\/05\/P1010016-copie-60x60.jpg 60w\" sizes=\"(max-width: 150px) 100vw, 150px\" \/><\/a>\n\t\t\t<\/dt><\/dl><dl class='gallery-item'>\n\t\t\t<dt class='gallery-icon landscape'>\n\t\t\t\t<a href='http:\/\/commune-loffre.fr\/index.php\/2019\/05\/13\/commemoration-de-larmistice-du-8-mai-1945-4\/p1010017-copie-12\/'><img loading=\"lazy\" decoding=\"async\" width=\"150\" height=\"150\" src=\"http:\/\/commune-loffre.fr\/wp-content\/uploads\/2019\/05\/P1010017-copie-150x150.jpg\" class=\"attachment-thumbnail size-thumbnail\" alt=\"\" srcset=\"http:\/\/commune-loffre.fr\/wp-content\/uploads\/2019\/05\/P1010017-copie-150x150.jpg 150w, http:\/\/commune-loffre.fr\/wp-content\/uploads\/2019\/05\/P1010017-copie-180x180.jpg 180w, http:\/\/commune-loffre.fr\/wp-content\/uploads\/2019\/05\/P1010017-copie-60x60.jpg 60w\" sizes=\"(max-width: 150px) 100vw, 150px\" \/><\/a>\n\t\t\t<\/dt><\/dl><br style=\"clear: both\" \/><dl class='gallery-item'>\n\t\t\t<dt class='gallery-icon landscape'>\n\t\t\t\t<a href='http:\/\/commune-loffre.fr\/index.php\/2019\/05\/13\/commemoration-de-larmistice-du-8-mai-1945-4\/p1010018-copie-13\/'><img loading=\"lazy\" decoding=\"async\" width=\"150\" height=\"150\" src=\"http:\/\/commune-loffre.fr\/wp-content\/uploads\/2019\/05\/P1010018-copie-150x150.jpg\" class=\"attachment-thumbnail size-thumbnail\" alt=\"\" srcset=\"http:\/\/commune-loffre.fr\/wp-content\/uploads\/2019\/05\/P1010018-copie-150x150.jpg 150w, http:\/\/commune-loffre.fr\/wp-content\/uploads\/2019\/05\/P1010018-copie-180x180.jpg 180w, http:\/\/commune-loffre.fr\/wp-content\/uploads\/2019\/05\/P1010018-copie-60x60.jpg 60w\" sizes=\"(max-width: 150px) 100vw, 150px\" \/><\/a>\n\t\t\t<\/dt><\/dl><dl class='gallery-item'>\n\t\t\t<dt class='gallery-icon landscape'>\n\t\t\t\t<a href='http:\/\/commune-loffre.fr\/index.php\/2019\/05\/13\/commemoration-de-larmistice-du-8-mai-1945-4\/p1010019-copie-15\/'><img loading=\"lazy\" decoding=\"async\" width=\"150\" height=\"150\" src=\"http:\/\/commune-loffre.fr\/wp-content\/uploads\/2019\/05\/P1010019-copie-150x150.jpg\" class=\"attachment-thumbnail size-thumbnail\" alt=\"\" srcset=\"http:\/\/commune-loffre.fr\/wp-content\/uploads\/2019\/05\/P1010019-copie-150x150.jpg 150w, http:\/\/commune-loffre.fr\/wp-content\/uploads\/2019\/05\/P1010019-copie-180x180.jpg 180w, http:\/\/commune-loffre.fr\/wp-content\/uploads\/2019\/05\/P1010019-copie-60x60.jpg 60w\" sizes=\"(max-width: 150px) 100vw, 150px\" \/><\/a>\n\t\t\t<\/dt><\/dl><dl class='gallery-item'>\n\t\t\t<dt class='gallery-icon landscape'>\n\t\t\t\t<a href='http:\/\/commune-loffre.fr\/index.php\/2019\/05\/13\/commemoration-de-larmistice-du-8-mai-1945-4\/p1010020-copie-14\/'><img loading=\"lazy\" decoding=\"async\" width=\"150\" height=\"150\" src=\"http:\/\/commune-loffre.fr\/wp-content\/uploads\/2019\/05\/P1010020-copie-150x150.jpg\" class=\"attachment-thumbnail size-thumbnail\" alt=\"\" srcset=\"http:\/\/commune-loffre.fr\/wp-content\/uploads\/2019\/05\/P1010020-copie-150x150.jpg 150w, http:\/\/commune-loffre.fr\/wp-content\/uploads\/2019\/05\/P1010020-copie-180x180.jpg 180w, http:\/\/commune-loffre.fr\/wp-content\/uploads\/2019\/05\/P1010020-copie-60x60.jpg 60w\" sizes=\"(max-width: 150px) 100vw, 150px\" \/><\/a>\n\t\t\t<\/dt><\/dl><dl class='gallery-item'>\n\t\t\t<dt class='gallery-icon landscape'>\n\t\t\t\t<a href='http:\/\/commune-loffre.fr\/index.php\/2019\/05\/13\/commemoration-de-larmistice-du-8-mai-1945-4\/p1010021-copie-11\/'><img loading=\"lazy\" decoding=\"async\" width=\"150\" height=\"150\" src=\"http:\/\/commune-loffre.fr\/wp-content\/uploads\/2019\/05\/P1010021-copie-150x150.jpg\" class=\"attachment-thumbnail size-thumbnail\" alt=\"\" srcset=\"http:\/\/commune-loffre.fr\/wp-content\/uploads\/2019\/05\/P1010021-copie-150x150.jpg 150w, http:\/\/commune-loffre.fr\/wp-content\/uploads\/2019\/05\/P1010021-copie-180x180.jpg 180w, http:\/\/commune-loffre.fr\/wp-content\/uploads\/2019\/05\/P1010021-copie-60x60.jpg 60w\" sizes=\"(max-width: 150px) 100vw, 150px\" \/><\/a>\n\t\t\t<\/dt><\/dl><dl class='gallery-item'>\n\t\t\t<dt class='gallery-icon landscape'>\n\t\t\t\t<a href='http:\/\/commune-loffre.fr\/index.php\/2019\/05\/13\/commemoration-de-larmistice-du-8-mai-1945-4\/p1010022-copie-12\/'><img loading=\"lazy\" decoding=\"async\" width=\"150\" height=\"150\" src=\"http:\/\/commune-loffre.fr\/wp-content\/uploads\/2019\/05\/P1010022-copie-150x150.jpg\" class=\"attachment-thumbnail size-thumbnail\" alt=\"\" srcset=\"http:\/\/commune-loffre.fr\/wp-content\/uploads\/2019\/05\/P1010022-copie-150x150.jpg 150w, http:\/\/commune-loffre.fr\/wp-content\/uploads\/2019\/05\/P1010022-copie-180x180.jpg 180w, http:\/\/commune-loffre.fr\/wp-content\/uploads\/2019\/05\/P1010022-copie-60x60.jpg 60w\" sizes=\"(max-width: 150px) 100vw, 150px\" \/><\/a>\n\t\t\t<\/dt><\/dl><dl class='gallery-item'>\n\t\t\t<dt class='gallery-icon landscape'>\n\t\t\t\t<a href='http:\/\/commune-loffre.fr\/index.php\/2019\/05\/13\/commemoration-de-larmistice-du-8-mai-1945-4\/p1010023-copie-10\/'><img loading=\"lazy\" decoding=\"async\" width=\"150\" height=\"150\" src=\"http:\/\/commune-loffre.fr\/wp-content\/uploads\/2019\/05\/P1010023-copie-150x150.jpg\" class=\"attachment-thumbnail size-thumbnail\" alt=\"\" srcset=\"http:\/\/commune-loffre.fr\/wp-content\/uploads\/2019\/05\/P1010023-copie-150x150.jpg 150w, http:\/\/commune-loffre.fr\/wp-content\/uploads\/2019\/05\/P1010023-copie-180x180.jpg 180w, http:\/\/commune-loffre.fr\/wp-content\/uploads\/2019\/05\/P1010023-copie-60x60.jpg 60w\" sizes=\"(max-width: 150px) 100vw, 150px\" \/><\/a>\n\t\t\t<\/dt><\/dl>\n\t\t\t<br style='clear: both' \/>\n\t\t<\/div>\n\n<p>Apr\u00e8s le respect d\u2019une minute de silence et l\u2019interpr\u00e9tation de l\u2019Hymne National par l\u2019harmonie la Concorde, l\u2019ensemble du cort\u00e8ge se rendit \u00e0 la salle polyvalente pour la remise des m\u00e9dailles du travail par Monsieur le Maire \u00e0\u00a0:<\/p>\n\n\t\t<style type=\"text\/css\">\n\t\t\t#gallery-3 {\n\t\t\t\tmargin: auto;\n\t\t\t}\n\t\t\t#gallery-3 .gallery-item {\n\t\t\t\tfloat: left;\n\t\t\t\tmargin-top: 10px;\n\t\t\t\ttext-align: center;\n\t\t\t\twidth: 16%;\n\t\t\t}\n\t\t\t#gallery-3 img {\n\t\t\t\tborder: 2px solid #cfcfcf;\n\t\t\t}\n\t\t\t#gallery-3 .gallery-caption {\n\t\t\t\tmargin-left: 0;\n\t\t\t}\n\t\t\t\/* see gallery_shortcode() in wp-includes\/media.php *\/\n\t\t<\/style>\n\t\t<div id='gallery-3' class='gallery galleryid-4559 gallery-columns-6 gallery-size-thumbnail'><dl class='gallery-item'>\n\t\t\t<dt class='gallery-icon landscape'>\n\t\t\t\t<a href='http:\/\/commune-loffre.fr\/index.php\/2019\/05\/13\/commemoration-de-larmistice-du-8-mai-1945-4\/img_4679-copie\/'><img loading=\"lazy\" decoding=\"async\" width=\"150\" height=\"150\" src=\"http:\/\/commune-loffre.fr\/wp-content\/uploads\/2019\/05\/IMG_4679-copie-150x150.jpg\" class=\"attachment-thumbnail size-thumbnail\" alt=\"\" srcset=\"http:\/\/commune-loffre.fr\/wp-content\/uploads\/2019\/05\/IMG_4679-copie-150x150.jpg 150w, http:\/\/commune-loffre.fr\/wp-content\/uploads\/2019\/05\/IMG_4679-copie-180x180.jpg 180w, http:\/\/commune-loffre.fr\/wp-content\/uploads\/2019\/05\/IMG_4679-copie-60x60.jpg 60w\" sizes=\"(max-width: 150px) 100vw, 150px\" \/><\/a>\n\t\t\t<\/dt><\/dl><dl class='gallery-item'>\n\t\t\t<dt class='gallery-icon landscape'>\n\t\t\t\t<a href='http:\/\/commune-loffre.fr\/index.php\/2019\/05\/13\/commemoration-de-larmistice-du-8-mai-1945-4\/p1010024-copie-6\/'><img loading=\"lazy\" decoding=\"async\" width=\"150\" height=\"150\" src=\"http:\/\/commune-loffre.fr\/wp-content\/uploads\/2019\/05\/P1010024-copie-150x150.jpg\" class=\"attachment-thumbnail size-thumbnail\" alt=\"\" srcset=\"http:\/\/commune-loffre.fr\/wp-content\/uploads\/2019\/05\/P1010024-copie-150x150.jpg 150w, http:\/\/commune-loffre.fr\/wp-content\/uploads\/2019\/05\/P1010024-copie-180x180.jpg 180w, http:\/\/commune-loffre.fr\/wp-content\/uploads\/2019\/05\/P1010024-copie-60x60.jpg 60w\" sizes=\"(max-width: 150px) 100vw, 150px\" \/><\/a>\n\t\t\t<\/dt><\/dl><dl class='gallery-item'>\n\t\t\t<dt class='gallery-icon landscape'>\n\t\t\t\t<a href='http:\/\/commune-loffre.fr\/index.php\/2019\/05\/13\/commemoration-de-larmistice-du-8-mai-1945-4\/p1010025-copie-9\/'><img loading=\"lazy\" decoding=\"async\" width=\"150\" height=\"150\" src=\"http:\/\/commune-loffre.fr\/wp-content\/uploads\/2019\/05\/P1010025-copie-150x150.jpg\" class=\"attachment-thumbnail size-thumbnail\" alt=\"\" srcset=\"http:\/\/commune-loffre.fr\/wp-content\/uploads\/2019\/05\/P1010025-copie-150x150.jpg 150w, http:\/\/commune-loffre.fr\/wp-content\/uploads\/2019\/05\/P1010025-copie-180x180.jpg 180w, http:\/\/commune-loffre.fr\/wp-content\/uploads\/2019\/05\/P1010025-copie-60x60.jpg 60w\" sizes=\"(max-width: 150px) 100vw, 150px\" \/><\/a>\n\t\t\t<\/dt><\/dl><dl class='gallery-item'>\n\t\t\t<dt class='gallery-icon landscape'>\n\t\t\t\t<a href='http:\/\/commune-loffre.fr\/index.php\/2019\/05\/13\/commemoration-de-larmistice-du-8-mai-1945-4\/p1010030-copie-7\/'><img loading=\"lazy\" decoding=\"async\" width=\"150\" height=\"150\" src=\"http:\/\/commune-loffre.fr\/wp-content\/uploads\/2019\/05\/P1010030-copie-150x150.jpg\" class=\"attachment-thumbnail size-thumbnail\" alt=\"\" srcset=\"http:\/\/commune-loffre.fr\/wp-content\/uploads\/2019\/05\/P1010030-copie-150x150.jpg 150w, http:\/\/commune-loffre.fr\/wp-content\/uploads\/2019\/05\/P1010030-copie-180x180.jpg 180w, http:\/\/commune-loffre.fr\/wp-content\/uploads\/2019\/05\/P1010030-copie-60x60.jpg 60w\" sizes=\"(max-width: 150px) 100vw, 150px\" \/><\/a>\n\t\t\t<\/dt><\/dl><dl class='gallery-item'>\n\t\t\t<dt class='gallery-icon landscape'>\n\t\t\t\t<a href='http:\/\/commune-loffre.fr\/index.php\/2019\/05\/13\/commemoration-de-larmistice-du-8-mai-1945-4\/p1010031-copie-6\/'><img loading=\"lazy\" decoding=\"async\" width=\"150\" height=\"150\" src=\"http:\/\/commune-loffre.fr\/wp-content\/uploads\/2019\/05\/P1010031-copie-150x150.jpg\" class=\"attachment-thumbnail size-thumbnail\" alt=\"\" srcset=\"http:\/\/commune-loffre.fr\/wp-content\/uploads\/2019\/05\/P1010031-copie-150x150.jpg 150w, http:\/\/commune-loffre.fr\/wp-content\/uploads\/2019\/05\/P1010031-copie-180x180.jpg 180w, http:\/\/commune-loffre.fr\/wp-content\/uploads\/2019\/05\/P1010031-copie-60x60.jpg 60w\" sizes=\"(max-width: 150px) 100vw, 150px\" \/><\/a>\n\t\t\t<\/dt><\/dl><dl class='gallery-item'>\n\t\t\t<dt class='gallery-icon landscape'>\n\t\t\t\t<a href='http:\/\/commune-loffre.fr\/index.php\/2019\/05\/13\/commemoration-de-larmistice-du-8-mai-1945-4\/p1010032-copie-7\/'><img loading=\"lazy\" decoding=\"async\" width=\"150\" height=\"150\" src=\"http:\/\/commune-loffre.fr\/wp-content\/uploads\/2019\/05\/P1010032-copie-150x150.jpg\" class=\"attachment-thumbnail size-thumbnail\" alt=\"\" srcset=\"http:\/\/commune-loffre.fr\/wp-content\/uploads\/2019\/05\/P1010032-copie-150x150.jpg 150w, http:\/\/commune-loffre.fr\/wp-content\/uploads\/2019\/05\/P1010032-copie-180x180.jpg 180w, http:\/\/commune-loffre.fr\/wp-content\/uploads\/2019\/05\/P1010032-copie-60x60.jpg 60w\" sizes=\"(max-width: 150px) 100vw, 150px\" \/><\/a>\n\t\t\t<\/dt><\/dl><br style=\"clear: both\" \/>\n\t\t<\/div>\n\n<ul>\n<li>Monsieur Claude DUPUIS pour le dipl\u00f4me correspondant \u00e0 la m\u00e9daille d\u2019honneur du travail Grand Or en r\u00e9compense de 40 ans de services comme monteur \u00e0 l\u2019usine RENAULT de DOUAI.<\/li>\n<li>Monsieur Yves LECENNE pour le dipl\u00f4me correspondant \u00e0 la m\u00e9daille d\u2019honneur du travail Grand Or en r\u00e9compense de 40 ans de services en tant qu\u2019op\u00e9rateur de conditionnement aux raffineries IMPERATOR de BAISIEUX.<\/li>\n<li>Monsieur Jean-Michel PIETRSZYNSKI pour le dipl\u00f4me correspondant \u00e0 la m\u00e9daille d\u2019honneur d\u2019Or du travail en r\u00e9compense de 35 ans de services comme technicien \u00e0 la soci\u00e9t\u00e9 DALKIA France \u00e0 SAINT ANDRE.<\/li>\n<li>Monsieur Fr\u00e9d\u00e9ric VIREMOUNEIX pour le dipl\u00f4me correspondant \u00e0 la m\u00e9daille d\u2019honneur d\u2019Argent du travail en r\u00e9compense de 20 ans de services comme technicien de maintenance au sein de la soci\u00e9t\u00e9 SKF AERO ENGINE \u00e0 VALENCIENNES.<\/li>\n<\/ul>\n<p>Puis Monsieur Jean-Marie CH\u0152UR informa l\u2019assembl\u00e9e de la remise de m\u00e9dailles par le Lieutenant-Colonel Herv\u00e9 PLAISANT, pour\u00a0:<\/p>\n<ul>\n<li>La Croix du Combattant au Caporal-Chef Jean JEDREJEWSKI pour un s\u00e9jour en Alg\u00e9rie du 20 Ao\u00fbt 1963 au 30 Mai 1964,<\/li>\n<li>La Croix du Combattant au Brigadier G\u00e9rard VAN EECLOO pour un s\u00e9jour en Alg\u00e9rie du 20 Octobre 1963 au 19 Mai 1964,<\/li>\n<li>L\u2019une des plus jeunes porte-drapeaux de l\u2019arrondissement depuis trois ans, Mademoiselle Florence DUPUIS.\n\t\t<style type=\"text\/css\">\n\t\t\t#gallery-4 {\n\t\t\t\tmargin: auto;\n\t\t\t}\n\t\t\t#gallery-4 .gallery-item {\n\t\t\t\tfloat: left;\n\t\t\t\tmargin-top: 10px;\n\t\t\t\ttext-align: center;\n\t\t\t\twidth: 20%;\n\t\t\t}\n\t\t\t#gallery-4 img {\n\t\t\t\tborder: 2px solid #cfcfcf;\n\t\t\t}\n\t\t\t#gallery-4 .gallery-caption {\n\t\t\t\tmargin-left: 0;\n\t\t\t}\n\t\t\t\/* see gallery_shortcode() in wp-includes\/media.php *\/\n\t\t<\/style>\n\t\t<div id='gallery-4' class='gallery galleryid-4559 gallery-columns-5 gallery-size-thumbnail'><dl class='gallery-item'>\n\t\t\t<dt class='gallery-icon landscape'>\n\t\t\t\t<a href='http:\/\/commune-loffre.fr\/index.php\/2019\/05\/13\/commemoration-de-larmistice-du-8-mai-1945-4\/p1010029-copie-8\/'><img loading=\"lazy\" decoding=\"async\" width=\"150\" height=\"150\" src=\"http:\/\/commune-loffre.fr\/wp-content\/uploads\/2019\/05\/P1010029-copie-150x150.jpg\" class=\"attachment-thumbnail size-thumbnail\" alt=\"\" srcset=\"http:\/\/commune-loffre.fr\/wp-content\/uploads\/2019\/05\/P1010029-copie-150x150.jpg 150w, http:\/\/commune-loffre.fr\/wp-content\/uploads\/2019\/05\/P1010029-copie-180x180.jpg 180w, http:\/\/commune-loffre.fr\/wp-content\/uploads\/2019\/05\/P1010029-copie-60x60.jpg 60w\" sizes=\"(max-width: 150px) 100vw, 150px\" \/><\/a>\n\t\t\t<\/dt><\/dl><dl class='gallery-item'>\n\t\t\t<dt class='gallery-icon landscape'>\n\t\t\t\t<a href='http:\/\/commune-loffre.fr\/index.php\/2019\/05\/13\/commemoration-de-larmistice-du-8-mai-1945-4\/p1010028-copie-8\/'><img loading=\"lazy\" decoding=\"async\" width=\"150\" height=\"150\" src=\"http:\/\/commune-loffre.fr\/wp-content\/uploads\/2019\/05\/P1010028-copie-150x150.jpg\" class=\"attachment-thumbnail size-thumbnail\" alt=\"\" srcset=\"http:\/\/commune-loffre.fr\/wp-content\/uploads\/2019\/05\/P1010028-copie-150x150.jpg 150w, http:\/\/commune-loffre.fr\/wp-content\/uploads\/2019\/05\/P1010028-copie-180x180.jpg 180w, http:\/\/commune-loffre.fr\/wp-content\/uploads\/2019\/05\/P1010028-copie-60x60.jpg 60w\" sizes=\"(max-width: 150px) 100vw, 150px\" \/><\/a>\n\t\t\t<\/dt><\/dl><dl class='gallery-item'>\n\t\t\t<dt class='gallery-icon landscape'>\n\t\t\t\t<a href='http:\/\/commune-loffre.fr\/index.php\/2019\/05\/13\/commemoration-de-larmistice-du-8-mai-1945-4\/p1010027-copie-7\/'><img loading=\"lazy\" decoding=\"async\" width=\"150\" height=\"150\" src=\"http:\/\/commune-loffre.fr\/wp-content\/uploads\/2019\/05\/P1010027-copie-150x150.jpg\" class=\"attachment-thumbnail size-thumbnail\" alt=\"\" srcset=\"http:\/\/commune-loffre.fr\/wp-content\/uploads\/2019\/05\/P1010027-copie-150x150.jpg 150w, http:\/\/commune-loffre.fr\/wp-content\/uploads\/2019\/05\/P1010027-copie-180x180.jpg 180w, http:\/\/commune-loffre.fr\/wp-content\/uploads\/2019\/05\/P1010027-copie-60x60.jpg 60w\" sizes=\"(max-width: 150px) 100vw, 150px\" \/><\/a>\n\t\t\t<\/dt><\/dl><dl class='gallery-item'>\n\t\t\t<dt class='gallery-icon landscape'>\n\t\t\t\t<a href='http:\/\/commune-loffre.fr\/index.php\/2019\/05\/13\/commemoration-de-larmistice-du-8-mai-1945-4\/img_4686-copie\/'><img loading=\"lazy\" decoding=\"async\" width=\"150\" height=\"150\" src=\"http:\/\/commune-loffre.fr\/wp-content\/uploads\/2019\/05\/IMG_4686-copie-150x150.jpg\" class=\"attachment-thumbnail size-thumbnail\" alt=\"\" srcset=\"http:\/\/commune-loffre.fr\/wp-content\/uploads\/2019\/05\/IMG_4686-copie-150x150.jpg 150w, http:\/\/commune-loffre.fr\/wp-content\/uploads\/2019\/05\/IMG_4686-copie-180x180.jpg 180w, http:\/\/commune-loffre.fr\/wp-content\/uploads\/2019\/05\/IMG_4686-copie-60x60.jpg 60w\" sizes=\"(max-width: 150px) 100vw, 150px\" \/><\/a>\n\t\t\t<\/dt><\/dl><dl class='gallery-item'>\n\t\t\t<dt class='gallery-icon landscape'>\n\t\t\t\t<a href='http:\/\/commune-loffre.fr\/index.php\/2019\/05\/13\/commemoration-de-larmistice-du-8-mai-1945-4\/img_4677-copie\/'><img loading=\"lazy\" decoding=\"async\" width=\"150\" height=\"150\" src=\"http:\/\/commune-loffre.fr\/wp-content\/uploads\/2019\/05\/IMG_4677-copie-150x150.jpg\" class=\"attachment-thumbnail size-thumbnail\" alt=\"\" srcset=\"http:\/\/commune-loffre.fr\/wp-content\/uploads\/2019\/05\/IMG_4677-copie-150x150.jpg 150w, http:\/\/commune-loffre.fr\/wp-content\/uploads\/2019\/05\/IMG_4677-copie-180x180.jpg 180w, http:\/\/commune-loffre.fr\/wp-content\/uploads\/2019\/05\/IMG_4677-copie-60x60.jpg 60w\" sizes=\"(max-width: 150px) 100vw, 150px\" \/><\/a>\n\t\t\t<\/dt><\/dl><br style=\"clear: both\" \/>\n\t\t<\/div>\n<\/li>\n<\/ul>\n<p>Monsieur le Maire remercia chaleureusement le public pr\u00e9sent ainsi que l\u2019association des anciens combattants et son pr\u00e9sident Monsieur Jean-Marie CH\u0152UR pour leur participation, les enfants pr\u00e9sents et le personnel enseignant de l\u2019\u00e9cole Henri Matisse, les membres de l\u2019harmonie La Concorde\u00a0de Frais Marais sous la pr\u00e9sidence de Mme Iris WISNIEWSKI\u00a0 et son Chef M. Jean Marc MAZUCCO, le ch\u0153ur loffrien, le personnel communal pour la pr\u00e9paration de cet hommage et bien s\u00fbr les membres du conseil municipal.<\/p>\n<p>La c\u00e9r\u00e9monie se termina autour d\u2019un moment de convivialit\u00e9 offert par la municipalit\u00e9.<\/p>\n\n\t\t<style type=\"text\/css\">\n\t\t\t#gallery-5 {\n\t\t\t\tmargin: auto;\n\t\t\t}\n\t\t\t#gallery-5 .gallery-item {\n\t\t\t\tfloat: left;\n\t\t\t\tmargin-top: 10px;\n\t\t\t\ttext-align: center;\n\t\t\t\twidth: 50%;\n\t\t\t}\n\t\t\t#gallery-5 img {\n\t\t\t\tborder: 2px solid #cfcfcf;\n\t\t\t}\n\t\t\t#gallery-5 .gallery-caption {\n\t\t\t\tmargin-left: 0;\n\t\t\t}\n\t\t\t\/* see gallery_shortcode() in wp-includes\/media.php *\/\n\t\t<\/style>\n\t\t<div id='gallery-5' class='gallery galleryid-4559 gallery-columns-2 gallery-size-medium'><dl class='gallery-item'>\n\t\t\t<dt class='gallery-icon landscape'>\n\t\t\t\t<a href='http:\/\/commune-loffre.fr\/index.php\/2019\/05\/13\/commemoration-de-larmistice-du-8-mai-1945-4\/p1010033-copie-8\/'><img loading=\"lazy\" decoding=\"async\" width=\"300\" height=\"225\" src=\"http:\/\/commune-loffre.fr\/wp-content\/uploads\/2019\/05\/P1010033-copie-300x225.jpg\" class=\"attachment-medium size-medium\" alt=\"\" srcset=\"http:\/\/commune-loffre.fr\/wp-content\/uploads\/2019\/05\/P1010033-copie-300x225.jpg 300w, http:\/\/commune-loffre.fr\/wp-content\/uploads\/2019\/05\/P1010033-copie-768x576.jpg 768w, http:\/\/commune-loffre.fr\/wp-content\/uploads\/2019\/05\/P1010033-copie-624x468.jpg 624w, http:\/\/commune-loffre.fr\/wp-content\/uploads\/2019\/05\/P1010033-copie-240x180.jpg 240w, http:\/\/commune-loffre.fr\/wp-content\/uploads\/2019\/05\/P1010033-copie.jpg 800w\" sizes=\"(max-width: 300px) 100vw, 300px\" \/><\/a>\n\t\t\t<\/dt><\/dl><dl class='gallery-item'>\n\t\t\t<dt class='gallery-icon landscape'>\n\t\t\t\t<a href='http:\/\/commune-loffre.fr\/index.php\/2019\/05\/13\/commemoration-de-larmistice-du-8-mai-1945-4\/p1010034-copie-7\/'><img loading=\"lazy\" decoding=\"async\" width=\"300\" height=\"225\" src=\"http:\/\/commune-loffre.fr\/wp-content\/uploads\/2019\/05\/P1010034-copie-300x225.jpg\" class=\"attachment-medium size-medium\" alt=\"\" srcset=\"http:\/\/commune-loffre.fr\/wp-content\/uploads\/2019\/05\/P1010034-copie-300x225.jpg 300w, http:\/\/commune-loffre.fr\/wp-content\/uploads\/2019\/05\/P1010034-copie-768x576.jpg 768w, http:\/\/commune-loffre.fr\/wp-content\/uploads\/2019\/05\/P1010034-copie-624x468.jpg 624w, http:\/\/commune-loffre.fr\/wp-content\/uploads\/2019\/05\/P1010034-copie-240x180.jpg 240w, http:\/\/commune-loffre.fr\/wp-content\/uploads\/2019\/05\/P1010034-copie.jpg 800w\" sizes=\"(max-width: 300px) 100vw, 300px\" \/><\/a>\n\t\t\t<\/dt><\/dl><br style=\"clear: both\" \/>\n\t\t<\/div>\n\n","protected":false},"excerpt":{"rendered":"<p>Monsieur le Maire, le conseil municipal, les associations et les enfants du village, le corps enseignant de l\u2019\u00e9cole Henri Matisse ainsi que l\u2019harmonie la Concorde de Frais-Marais se sont rendus&#8230; <a href=\"http:\/\/commune-loffre.fr\/index.php\/2019\/05\/13\/commemoration-de-larmistice-du-8-mai-1945-4\/\">Read more &raquo;<\/a><\/p>\n","protected":false},"author":1,"featured_media":4584,"comment_status":"closed","ping_status":"closed","sticky":false,"template":"","format":"standard","meta":{"footnotes":""},"categories":[17],"tags":[],"_links":{"self":[{"href":"http:\/\/commune-loffre.fr\/index.php\/wp-json\/wp\/v2\/posts\/4559"}],"collection":[{"href":"http:\/\/commune-loffre.fr\/index.php\/wp-json\/wp\/v2\/posts"}],"about":[{"href":"http:\/\/commune-loffre.fr\/index.php\/wp-json\/wp\/v2\/types\/post"}],"author":[{"embeddable":true,"href":"http:\/\/commune-loffre.fr\/index.php\/wp-json\/wp\/v2\/users\/1"}],"replies":[{"embeddable":true,"href":"http:\/\/commune-loffre.fr\/index.php\/wp-json\/wp\/v2\/comments?post=4559"}],"version-history":[{"count":1,"href":"http:\/\/commune-loffre.fr\/index.php\/wp-json\/wp\/v2\/posts\/4559\/revisions"}],"predecessor-version":[{"id":4595,"href":"http:\/\/commune-loffre.fr\/index.php\/wp-json\/wp\/v2\/posts\/4559\/revisions\/4595"}],"wp:featuredmedia":[{"embeddable":true,"href":"http:\/\/commune-loffre.fr\/index.php\/wp-json\/wp\/v2\/media\/4584"}],"wp:attachment":[{"href":"http:\/\/commune-loffre.fr\/index.php\/wp-json\/wp\/v2\/media?parent=4559"}],"wp:term":[{"taxonomy":"category","embeddable":true,"href":"http:\/\/commune-loffre.fr\/index.php\/wp-json\/wp\/v2\/categories?post=4559"},{"taxonomy":"post_tag","embeddable":true,"href":"http:\/\/commune-loffre.fr\/index.php\/wp-json\/wp\/v2\/tags?post=4559"}],"curies":[{"name":"wp","href":"https:\/\/api.w.org\/{rel}","templated":true}]}}