{"id":4540,"date":"2019-04-24T18:47:27","date_gmt":"2019-04-24T17:47:27","guid":{"rendered":"http:\/\/commune-loffre.fr\/?p=4540"},"modified":"2019-04-24T18:47:27","modified_gmt":"2019-04-24T17:47:27","slug":"lalsh-2019","status":"publish","type":"post","link":"http:\/\/commune-loffre.fr\/index.php\/2019\/04\/24\/lalsh-2019\/","title":{"rendered":"L&rsquo;ALSH 2019"},"content":{"rendered":"<p>L&rsquo;ALSH 2019, c&rsquo;est parti ! Voici la premi\u00e8re photo officielle de notre \u00e9quipe de choc, compos\u00e9e par Florence, Guerline, C\u00e9line, Fr\u00e9d\u00e9rique, Mathilde, Om\u00e9rine et Marie-H\u00e9l\u00e8ne, Directrice \u00a0! Une \u00e9quipe 100% f\u00e9minine et remplie d&rsquo;id\u00e9es !<\/p>\n\n\t\t<style type=\"text\/css\">\n\t\t\t#gallery-1 {\n\t\t\t\tmargin: auto;\n\t\t\t}\n\t\t\t#gallery-1 .gallery-item {\n\t\t\t\tfloat: left;\n\t\t\t\tmargin-top: 10px;\n\t\t\t\ttext-align: center;\n\t\t\t\twidth: 100%;\n\t\t\t}\n\t\t\t#gallery-1 img {\n\t\t\t\tborder: 2px solid #cfcfcf;\n\t\t\t}\n\t\t\t#gallery-1 .gallery-caption {\n\t\t\t\tmargin-left: 0;\n\t\t\t}\n\t\t\t\/* see gallery_shortcode() in wp-includes\/media.php *\/\n\t\t<\/style>\n\t\t<div id='gallery-1' class='gallery galleryid-4540 gallery-columns-1 gallery-size-medium'><dl class='gallery-item'>\n\t\t\t<dt class='gallery-icon landscape'>\n\t\t\t\t<a href='http:\/\/commune-loffre.fr\/index.php\/2019\/04\/24\/lalsh-2019\/dsc_0448\/'><img loading=\"lazy\" decoding=\"async\" width=\"300\" height=\"206\" src=\"http:\/\/commune-loffre.fr\/wp-content\/uploads\/2019\/04\/DSC_0448-300x206.jpg\" class=\"attachment-medium size-medium\" alt=\"\" srcset=\"http:\/\/commune-loffre.fr\/wp-content\/uploads\/2019\/04\/DSC_0448-300x206.jpg 300w, http:\/\/commune-loffre.fr\/wp-content\/uploads\/2019\/04\/DSC_0448-768x526.jpg 768w, http:\/\/commune-loffre.fr\/wp-content\/uploads\/2019\/04\/DSC_0448-1024x702.jpg 1024w, http:\/\/commune-loffre.fr\/wp-content\/uploads\/2019\/04\/DSC_0448-624x428.jpg 624w\" sizes=\"(max-width: 300px) 100vw, 300px\" \/><\/a>\n\t\t\t<\/dt><\/dl><br style=\"clear: both\" \/>\n\t\t<\/div>\n\n<p>L&rsquo;ALSH 2019 ouvrira ses portes le lundi 08 juillet<\/p>\n","protected":false},"excerpt":{"rendered":"<p>L&rsquo;ALSH 2019, c&rsquo;est parti ! Voici la premi\u00e8re photo officielle de notre \u00e9quipe de choc, compos\u00e9e par Florence, Guerline, C\u00e9line, Fr\u00e9d\u00e9rique, Mathilde, Om\u00e9rine et Marie-H\u00e9l\u00e8ne, Directrice \u00a0! Une \u00e9quipe 100%&#8230; <a href=\"http:\/\/commune-loffre.fr\/index.php\/2019\/04\/24\/lalsh-2019\/\">Read more &raquo;<\/a><\/p>\n","protected":false},"author":1,"featured_media":4541,"comment_status":"closed","ping_status":"closed","sticky":false,"template":"","format":"standard","meta":{"footnotes":""},"categories":[6],"tags":[],"_links":{"self":[{"href":"http:\/\/commune-loffre.fr\/index.php\/wp-json\/wp\/v2\/posts\/4540"}],"collection":[{"href":"http:\/\/commune-loffre.fr\/index.php\/wp-json\/wp\/v2\/posts"}],"about":[{"href":"http:\/\/commune-loffre.fr\/index.php\/wp-json\/wp\/v2\/types\/post"}],"author":[{"embeddable":true,"href":"http:\/\/commune-loffre.fr\/index.php\/wp-json\/wp\/v2\/users\/1"}],"replies":[{"embeddable":true,"href":"http:\/\/commune-loffre.fr\/index.php\/wp-json\/wp\/v2\/comments?post=4540"}],"version-history":[{"count":1,"href":"http:\/\/commune-loffre.fr\/index.php\/wp-json\/wp\/v2\/posts\/4540\/revisions"}],"predecessor-version":[{"id":4542,"href":"http:\/\/commune-loffre.fr\/index.php\/wp-json\/wp\/v2\/posts\/4540\/revisions\/4542"}],"wp:featuredmedia":[{"embeddable":true,"href":"http:\/\/commune-loffre.fr\/index.php\/wp-json\/wp\/v2\/media\/4541"}],"wp:attachment":[{"href":"http:\/\/commune-loffre.fr\/index.php\/wp-json\/wp\/v2\/media?parent=4540"}],"wp:term":[{"taxonomy":"category","embeddable":true,"href":"http:\/\/commune-loffre.fr\/index.php\/wp-json\/wp\/v2\/categories?post=4540"},{"taxonomy":"post_tag","embeddable":true,"href":"http:\/\/commune-loffre.fr\/index.php\/wp-json\/wp\/v2\/tags?post=4540"}],"curies":[{"name":"wp","href":"https:\/\/api.w.org\/{rel}","templated":true}]}}