{"id":4512,"date":"2019-04-08T22:34:03","date_gmt":"2019-04-08T21:34:03","guid":{"rendered":"http:\/\/commune-loffre.fr\/?p=4512"},"modified":"2019-04-08T22:34:03","modified_gmt":"2019-04-08T21:34:03","slug":"atelier-des-saveurs","status":"publish","type":"post","link":"http:\/\/commune-loffre.fr\/index.php\/2019\/04\/08\/atelier-des-saveurs\/","title":{"rendered":"Atelier des saveurs"},"content":{"rendered":"<p>La brigade culinaire de Loffre s\u2019est donn\u00e9e rendez-vous le samedi 23 Mars de 9 h 00 \u00e0 11 h 00 dans la cuisine de la salle polyvalente pour concocter un menu international compos\u00e9 d\u2019une quiche au parmesan, de lasagnes et de crostata. La vente de ce menu s\u2019est faite au profit du T\u00e9l\u00e9thon.<\/p>\n\n\t\t<style type=\"text\/css\">\n\t\t\t#gallery-1 {\n\t\t\t\tmargin: auto;\n\t\t\t}\n\t\t\t#gallery-1 .gallery-item {\n\t\t\t\tfloat: left;\n\t\t\t\tmargin-top: 10px;\n\t\t\t\ttext-align: center;\n\t\t\t\twidth: 20%;\n\t\t\t}\n\t\t\t#gallery-1 img {\n\t\t\t\tborder: 2px solid #cfcfcf;\n\t\t\t}\n\t\t\t#gallery-1 .gallery-caption {\n\t\t\t\tmargin-left: 0;\n\t\t\t}\n\t\t\t\/* see gallery_shortcode() in wp-includes\/media.php *\/\n\t\t<\/style>\n\t\t<div id='gallery-1' class='gallery galleryid-4512 gallery-columns-5 gallery-size-thumbnail'><dl class='gallery-item'>\n\t\t\t<dt class='gallery-icon landscape'>\n\t\t\t\t<a href='http:\/\/commune-loffre.fr\/index.php\/2019\/04\/08\/atelier-des-saveurs\/20190323_110050-copie-2\/'><img loading=\"lazy\" decoding=\"async\" width=\"150\" height=\"150\" src=\"http:\/\/commune-loffre.fr\/wp-content\/uploads\/2019\/04\/20190323_110050-copie-1-150x150.jpg\" class=\"attachment-thumbnail size-thumbnail\" alt=\"\" srcset=\"http:\/\/commune-loffre.fr\/wp-content\/uploads\/2019\/04\/20190323_110050-copie-1-150x150.jpg 150w, http:\/\/commune-loffre.fr\/wp-content\/uploads\/2019\/04\/20190323_110050-copie-1-180x180.jpg 180w, http:\/\/commune-loffre.fr\/wp-content\/uploads\/2019\/04\/20190323_110050-copie-1-60x60.jpg 60w\" sizes=\"(max-width: 150px) 100vw, 150px\" \/><\/a>\n\t\t\t<\/dt><\/dl><dl class='gallery-item'>\n\t\t\t<dt class='gallery-icon portrait'>\n\t\t\t\t<a href='http:\/\/commune-loffre.fr\/index.php\/2019\/04\/08\/atelier-des-saveurs\/img_20190323_094735-copie\/'><img loading=\"lazy\" decoding=\"async\" width=\"150\" height=\"150\" src=\"http:\/\/commune-loffre.fr\/wp-content\/uploads\/2019\/04\/IMG_20190323_094735-copie-1-150x150.jpg\" class=\"attachment-thumbnail size-thumbnail\" alt=\"\" srcset=\"http:\/\/commune-loffre.fr\/wp-content\/uploads\/2019\/04\/IMG_20190323_094735-copie-1-150x150.jpg 150w, http:\/\/commune-loffre.fr\/wp-content\/uploads\/2019\/04\/IMG_20190323_094735-copie-1-180x180.jpg 180w, http:\/\/commune-loffre.fr\/wp-content\/uploads\/2019\/04\/IMG_20190323_094735-copie-1-60x60.jpg 60w\" sizes=\"(max-width: 150px) 100vw, 150px\" \/><\/a>\n\t\t\t<\/dt><\/dl><dl class='gallery-item'>\n\t\t\t<dt class='gallery-icon portrait'>\n\t\t\t\t<a href='http:\/\/commune-loffre.fr\/index.php\/2019\/04\/08\/atelier-des-saveurs\/img_20190323_094911-copie\/'><img loading=\"lazy\" decoding=\"async\" width=\"150\" height=\"150\" src=\"http:\/\/commune-loffre.fr\/wp-content\/uploads\/2019\/04\/IMG_20190323_094911-copie-1-150x150.jpg\" class=\"attachment-thumbnail size-thumbnail\" alt=\"\" srcset=\"http:\/\/commune-loffre.fr\/wp-content\/uploads\/2019\/04\/IMG_20190323_094911-copie-1-150x150.jpg 150w, http:\/\/commune-loffre.fr\/wp-content\/uploads\/2019\/04\/IMG_20190323_094911-copie-1-180x180.jpg 180w, http:\/\/commune-loffre.fr\/wp-content\/uploads\/2019\/04\/IMG_20190323_094911-copie-1-60x60.jpg 60w\" sizes=\"(max-width: 150px) 100vw, 150px\" \/><\/a>\n\t\t\t<\/dt><\/dl><dl class='gallery-item'>\n\t\t\t<dt class='gallery-icon portrait'>\n\t\t\t\t<a href='http:\/\/commune-loffre.fr\/index.php\/2019\/04\/08\/atelier-des-saveurs\/img_20190323_100939-copie\/'><img loading=\"lazy\" decoding=\"async\" width=\"150\" height=\"150\" src=\"http:\/\/commune-loffre.fr\/wp-content\/uploads\/2019\/04\/IMG_20190323_100939-copie-1-150x150.jpg\" class=\"attachment-thumbnail size-thumbnail\" alt=\"\" srcset=\"http:\/\/commune-loffre.fr\/wp-content\/uploads\/2019\/04\/IMG_20190323_100939-copie-1-150x150.jpg 150w, http:\/\/commune-loffre.fr\/wp-content\/uploads\/2019\/04\/IMG_20190323_100939-copie-1-180x180.jpg 180w, http:\/\/commune-loffre.fr\/wp-content\/uploads\/2019\/04\/IMG_20190323_100939-copie-1-60x60.jpg 60w\" sizes=\"(max-width: 150px) 100vw, 150px\" \/><\/a>\n\t\t\t<\/dt><\/dl><dl class='gallery-item'>\n\t\t\t<dt class='gallery-icon portrait'>\n\t\t\t\t<a href='http:\/\/commune-loffre.fr\/index.php\/2019\/04\/08\/atelier-des-saveurs\/img_20190323_104835-copie\/'><img loading=\"lazy\" decoding=\"async\" width=\"150\" height=\"150\" src=\"http:\/\/commune-loffre.fr\/wp-content\/uploads\/2019\/04\/IMG_20190323_104835-copie-1-150x150.jpg\" class=\"attachment-thumbnail size-thumbnail\" alt=\"\" srcset=\"http:\/\/commune-loffre.fr\/wp-content\/uploads\/2019\/04\/IMG_20190323_104835-copie-1-150x150.jpg 150w, http:\/\/commune-loffre.fr\/wp-content\/uploads\/2019\/04\/IMG_20190323_104835-copie-1-180x180.jpg 180w, http:\/\/commune-loffre.fr\/wp-content\/uploads\/2019\/04\/IMG_20190323_104835-copie-1-60x60.jpg 60w\" sizes=\"(max-width: 150px) 100vw, 150px\" \/><\/a>\n\t\t\t<\/dt><\/dl><br style=\"clear: both\" \/>\n\t\t<\/div>\n\n<p>&nbsp;<\/p>\n","protected":false},"excerpt":{"rendered":"<p>La brigade culinaire de Loffre s\u2019est donn\u00e9e rendez-vous le samedi 23 Mars de 9 h 00 \u00e0 11 h 00 dans la cuisine de la salle polyvalente pour concocter un&#8230; <a href=\"http:\/\/commune-loffre.fr\/index.php\/2019\/04\/08\/atelier-des-saveurs\/\">Read more &raquo;<\/a><\/p>\n","protected":false},"author":1,"featured_media":4518,"comment_status":"closed","ping_status":"closed","sticky":false,"template":"","format":"standard","meta":{"footnotes":""},"categories":[3,19],"tags":[],"_links":{"self":[{"href":"http:\/\/commune-loffre.fr\/index.php\/wp-json\/wp\/v2\/posts\/4512"}],"collection":[{"href":"http:\/\/commune-loffre.fr\/index.php\/wp-json\/wp\/v2\/posts"}],"about":[{"href":"http:\/\/commune-loffre.fr\/index.php\/wp-json\/wp\/v2\/types\/post"}],"author":[{"embeddable":true,"href":"http:\/\/commune-loffre.fr\/index.php\/wp-json\/wp\/v2\/users\/1"}],"replies":[{"embeddable":true,"href":"http:\/\/commune-loffre.fr\/index.php\/wp-json\/wp\/v2\/comments?post=4512"}],"version-history":[{"count":1,"href":"http:\/\/commune-loffre.fr\/index.php\/wp-json\/wp\/v2\/posts\/4512\/revisions"}],"predecessor-version":[{"id":4523,"href":"http:\/\/commune-loffre.fr\/index.php\/wp-json\/wp\/v2\/posts\/4512\/revisions\/4523"}],"wp:featuredmedia":[{"embeddable":true,"href":"http:\/\/commune-loffre.fr\/index.php\/wp-json\/wp\/v2\/media\/4518"}],"wp:attachment":[{"href":"http:\/\/commune-loffre.fr\/index.php\/wp-json\/wp\/v2\/media?parent=4512"}],"wp:term":[{"taxonomy":"category","embeddable":true,"href":"http:\/\/commune-loffre.fr\/index.php\/wp-json\/wp\/v2\/categories?post=4512"},{"taxonomy":"post_tag","embeddable":true,"href":"http:\/\/commune-loffre.fr\/index.php\/wp-json\/wp\/v2\/tags?post=4512"}],"curies":[{"name":"wp","href":"https:\/\/api.w.org\/{rel}","templated":true}]}}