{"id":4476,"date":"2019-03-25T20:49:16","date_gmt":"2019-03-25T19:49:16","guid":{"rendered":"http:\/\/commune-loffre.fr\/?p=4476"},"modified":"2019-03-25T20:49:35","modified_gmt":"2019-03-25T19:49:35","slug":"assemblee-generale-des-anciens-combattants-de-loffre-2","status":"publish","type":"post","link":"http:\/\/commune-loffre.fr\/index.php\/2019\/03\/25\/assemblee-generale-des-anciens-combattants-de-loffre-2\/","title":{"rendered":"Assembl\u00e9e G\u00e9n\u00e9rale des Anciens Combattants de Loffre"},"content":{"rendered":"<p>L\u2019assembl\u00e9e g\u00e9n\u00e9rale des Anciens Combattants de Loffre s\u2019est d\u00e9roul\u00e9e le Dimanche 17 Mars 2019 au foyer rural sous la pr\u00e9sidence de Monsieur Jean-Marie CH\u0152UR. Assistaient \u00e9galement, Monsieur le Maire, Madame la conseill\u00e8re d\u00e9partementale Maryline LUCAS et Monsieur le d\u00e9put\u00e9 Alain BRUNEEL.<\/p>\n\n\t\t<style type=\"text\/css\">\n\t\t\t#gallery-1 {\n\t\t\t\tmargin: auto;\n\t\t\t}\n\t\t\t#gallery-1 .gallery-item {\n\t\t\t\tfloat: left;\n\t\t\t\tmargin-top: 10px;\n\t\t\t\ttext-align: center;\n\t\t\t\twidth: 14%;\n\t\t\t}\n\t\t\t#gallery-1 img {\n\t\t\t\tborder: 2px solid #cfcfcf;\n\t\t\t}\n\t\t\t#gallery-1 .gallery-caption {\n\t\t\t\tmargin-left: 0;\n\t\t\t}\n\t\t\t\/* see gallery_shortcode() in wp-includes\/media.php *\/\n\t\t<\/style>\n\t\t<div id='gallery-1' class='gallery galleryid-4476 gallery-columns-7 gallery-size-thumbnail'><dl class='gallery-item'>\n\t\t\t<dt class='gallery-icon landscape'>\n\t\t\t\t<a href='http:\/\/commune-loffre.fr\/index.php\/2019\/03\/25\/assemblee-generale-des-anciens-combattants-de-loffre-2\/p1010001-copie-20\/'><img loading=\"lazy\" decoding=\"async\" width=\"150\" height=\"150\" src=\"http:\/\/commune-loffre.fr\/wp-content\/uploads\/2019\/03\/P1010001-copie-1-150x150.jpg\" class=\"attachment-thumbnail size-thumbnail\" alt=\"\" srcset=\"http:\/\/commune-loffre.fr\/wp-content\/uploads\/2019\/03\/P1010001-copie-1-150x150.jpg 150w, http:\/\/commune-loffre.fr\/wp-content\/uploads\/2019\/03\/P1010001-copie-1-180x180.jpg 180w, http:\/\/commune-loffre.fr\/wp-content\/uploads\/2019\/03\/P1010001-copie-1-60x60.jpg 60w\" sizes=\"(max-width: 150px) 100vw, 150px\" \/><\/a>\n\t\t\t<\/dt><\/dl><dl class='gallery-item'>\n\t\t\t<dt class='gallery-icon landscape'>\n\t\t\t\t<a href='http:\/\/commune-loffre.fr\/index.php\/2019\/03\/25\/assemblee-generale-des-anciens-combattants-de-loffre-2\/p1010002-copie-23\/'><img loading=\"lazy\" decoding=\"async\" width=\"150\" height=\"150\" src=\"http:\/\/commune-loffre.fr\/wp-content\/uploads\/2019\/03\/P1010002-copie-1-150x150.jpg\" class=\"attachment-thumbnail size-thumbnail\" alt=\"\" srcset=\"http:\/\/commune-loffre.fr\/wp-content\/uploads\/2019\/03\/P1010002-copie-1-150x150.jpg 150w, http:\/\/commune-loffre.fr\/wp-content\/uploads\/2019\/03\/P1010002-copie-1-180x180.jpg 180w, http:\/\/commune-loffre.fr\/wp-content\/uploads\/2019\/03\/P1010002-copie-1-60x60.jpg 60w\" sizes=\"(max-width: 150px) 100vw, 150px\" \/><\/a>\n\t\t\t<\/dt><\/dl><dl class='gallery-item'>\n\t\t\t<dt class='gallery-icon landscape'>\n\t\t\t\t<a href='http:\/\/commune-loffre.fr\/index.php\/2019\/03\/25\/assemblee-generale-des-anciens-combattants-de-loffre-2\/p1010003-copie-23\/'><img loading=\"lazy\" decoding=\"async\" width=\"150\" height=\"150\" src=\"http:\/\/commune-loffre.fr\/wp-content\/uploads\/2019\/03\/P1010003-copie-1-150x150.jpg\" class=\"attachment-thumbnail size-thumbnail\" alt=\"\" srcset=\"http:\/\/commune-loffre.fr\/wp-content\/uploads\/2019\/03\/P1010003-copie-1-150x150.jpg 150w, http:\/\/commune-loffre.fr\/wp-content\/uploads\/2019\/03\/P1010003-copie-1-180x180.jpg 180w, http:\/\/commune-loffre.fr\/wp-content\/uploads\/2019\/03\/P1010003-copie-1-60x60.jpg 60w\" sizes=\"(max-width: 150px) 100vw, 150px\" \/><\/a>\n\t\t\t<\/dt><\/dl><dl class='gallery-item'>\n\t\t\t<dt class='gallery-icon landscape'>\n\t\t\t\t<a href='http:\/\/commune-loffre.fr\/index.php\/2019\/03\/25\/assemblee-generale-des-anciens-combattants-de-loffre-2\/p1010004-copie-21\/'><img loading=\"lazy\" decoding=\"async\" width=\"150\" height=\"150\" src=\"http:\/\/commune-loffre.fr\/wp-content\/uploads\/2019\/03\/P1010004-copie-1-150x150.jpg\" class=\"attachment-thumbnail size-thumbnail\" alt=\"\" srcset=\"http:\/\/commune-loffre.fr\/wp-content\/uploads\/2019\/03\/P1010004-copie-1-150x150.jpg 150w, http:\/\/commune-loffre.fr\/wp-content\/uploads\/2019\/03\/P1010004-copie-1-180x180.jpg 180w, http:\/\/commune-loffre.fr\/wp-content\/uploads\/2019\/03\/P1010004-copie-1-60x60.jpg 60w\" sizes=\"(max-width: 150px) 100vw, 150px\" \/><\/a>\n\t\t\t<\/dt><\/dl><dl class='gallery-item'>\n\t\t\t<dt class='gallery-icon landscape'>\n\t\t\t\t<a href='http:\/\/commune-loffre.fr\/index.php\/2019\/03\/25\/assemblee-generale-des-anciens-combattants-de-loffre-2\/p1010005-copie-21\/'><img loading=\"lazy\" decoding=\"async\" width=\"150\" height=\"150\" src=\"http:\/\/commune-loffre.fr\/wp-content\/uploads\/2019\/03\/P1010005-copie-1-150x150.jpg\" class=\"attachment-thumbnail size-thumbnail\" alt=\"\" srcset=\"http:\/\/commune-loffre.fr\/wp-content\/uploads\/2019\/03\/P1010005-copie-1-150x150.jpg 150w, http:\/\/commune-loffre.fr\/wp-content\/uploads\/2019\/03\/P1010005-copie-1-180x180.jpg 180w, http:\/\/commune-loffre.fr\/wp-content\/uploads\/2019\/03\/P1010005-copie-1-60x60.jpg 60w\" sizes=\"(max-width: 150px) 100vw, 150px\" \/><\/a>\n\t\t\t<\/dt><\/dl><dl class='gallery-item'>\n\t\t\t<dt class='gallery-icon landscape'>\n\t\t\t\t<a href='http:\/\/commune-loffre.fr\/index.php\/2019\/03\/25\/assemblee-generale-des-anciens-combattants-de-loffre-2\/p1010006-copie-25\/'><img loading=\"lazy\" decoding=\"async\" width=\"150\" height=\"150\" src=\"http:\/\/commune-loffre.fr\/wp-content\/uploads\/2019\/03\/P1010006-copie-1-150x150.jpg\" class=\"attachment-thumbnail size-thumbnail\" alt=\"\" srcset=\"http:\/\/commune-loffre.fr\/wp-content\/uploads\/2019\/03\/P1010006-copie-1-150x150.jpg 150w, http:\/\/commune-loffre.fr\/wp-content\/uploads\/2019\/03\/P1010006-copie-1-180x180.jpg 180w, http:\/\/commune-loffre.fr\/wp-content\/uploads\/2019\/03\/P1010006-copie-1-60x60.jpg 60w\" sizes=\"(max-width: 150px) 100vw, 150px\" \/><\/a>\n\t\t\t<\/dt><\/dl><dl class='gallery-item'>\n\t\t\t<dt class='gallery-icon landscape'>\n\t\t\t\t<a href='http:\/\/commune-loffre.fr\/index.php\/2019\/03\/25\/assemblee-generale-des-anciens-combattants-de-loffre-2\/p1010007-copie-24\/'><img loading=\"lazy\" decoding=\"async\" width=\"150\" height=\"150\" src=\"http:\/\/commune-loffre.fr\/wp-content\/uploads\/2019\/03\/P1010007-copie-150x150.jpg\" class=\"attachment-thumbnail size-thumbnail\" alt=\"\" srcset=\"http:\/\/commune-loffre.fr\/wp-content\/uploads\/2019\/03\/P1010007-copie-150x150.jpg 150w, http:\/\/commune-loffre.fr\/wp-content\/uploads\/2019\/03\/P1010007-copie-180x180.jpg 180w, http:\/\/commune-loffre.fr\/wp-content\/uploads\/2019\/03\/P1010007-copie-60x60.jpg 60w\" sizes=\"(max-width: 150px) 100vw, 150px\" \/><\/a>\n\t\t\t<\/dt><\/dl><br style=\"clear: both\" \/>\n\t\t<\/div>\n\n<p>Pr\u00e9alablement \u00e0 l\u2019ouverture de l\u2019assembl\u00e9e g\u00e9n\u00e9rale, Monsieur le Pr\u00e9sident Jean-Marie Ch\u0153ur, demanda une minute de silence \u00e0 la m\u00e9moire de Mesdames Viviane MICHALSKI, Th\u00e9r\u00e8se BUGELLI et Monsieur Jean-Marie DESMARETZ. Avant de laisser la parole \u00e0 Monsieur le Maire, Monsieur CH\u0152UR remercia le premier magistrat de la commune pour son accueil.<\/p>\n<p>Dans son allocution, Monsieur le Maire, souligna le dynamisme de l\u2019association par son engagement communal au travers des actions relatives aux expositions, de 2014 \u00e0 2018, sur le parcours de poilus loffriens, \u00e0 la f\u00eate du village et au soutien du T\u00e9l\u00e9thon.<\/p>\n<p>Avant la lecture du rapport d\u2019activit\u00e9s et financier, Monsieur le Pr\u00e9sident Jean-Marie CH\u0152UR, pr\u00e9senta le rapport moral de l\u2019association qui a mis en \u00e9vidence les nombreuses activit\u00e9s de l\u2019ann\u00e9e 2018 et l\u2019agenda pour l\u2019ann\u00e9e 2019.<\/p>\n<p>Ensuite, les rapports d\u2019activit\u00e9s, financier et moral ont \u00e9t\u00e9 pr\u00e9sent\u00e9s et approuv\u00e9s par les adh\u00e9rents.<\/p>\n<p>L\u2019assembl\u00e9e g\u00e9n\u00e9rale a \u00e9t\u00e9 l\u2019occasion de renouveler le tr\u00e9sorier de l\u2019association et Madame Jacqueline BOULANGER a \u00e9t\u00e9 \u00e9lue \u00e0 l\u2019unanimit\u00e9 des membres pr\u00e9sents.<\/p>\n<p>Monsieur le Pr\u00e9sident Jean-Marie CH\u0152UR laissa la parole au G\u00e9n\u00e9ral Alain VERON qui pr\u00e9senta au public l\u2019organisation et le programme du 100<sup>\u00e8me<\/sup> anniversaire de l\u2019attribution de la L\u00e9gion d\u2019Honneur \u00e0 la ville de Douai qui se d\u00e9roulera du 14 au 20 septembre 2019 (exposition gratuite du 14 au 18 septembre 2019 \u00e0 la salle des f\u00eates de l\u2019h\u00f4tel de ville de Douai, Prise d\u2019Armes le samedi 14 septembre \u00e0 Douai (place d\u2019Armes) et spectacle cabaret &amp; soir\u00e9e dansante \u00e0 Gayant Expo le vendredi 20 septembre)<\/p>\n<p>A la suite de l\u2019assembl\u00e9e, une vingtaine de personnes ont profit\u00e9 d\u2019un moment de convivialit\u00e9 autour d\u2019un repas.<\/p>\n","protected":false},"excerpt":{"rendered":"<p>L\u2019assembl\u00e9e g\u00e9n\u00e9rale des Anciens Combattants de Loffre s\u2019est d\u00e9roul\u00e9e le Dimanche 17 Mars 2019 au foyer rural sous la pr\u00e9sidence de Monsieur Jean-Marie CH\u0152UR. Assistaient \u00e9galement, Monsieur le Maire, Madame&#8230; <a href=\"http:\/\/commune-loffre.fr\/index.php\/2019\/03\/25\/assemblee-generale-des-anciens-combattants-de-loffre-2\/\">Read more &raquo;<\/a><\/p>\n","protected":false},"author":1,"featured_media":4482,"comment_status":"closed","ping_status":"closed","sticky":false,"template":"","format":"standard","meta":{"footnotes":""},"categories":[17],"tags":[],"_links":{"self":[{"href":"http:\/\/commune-loffre.fr\/index.php\/wp-json\/wp\/v2\/posts\/4476"}],"collection":[{"href":"http:\/\/commune-loffre.fr\/index.php\/wp-json\/wp\/v2\/posts"}],"about":[{"href":"http:\/\/commune-loffre.fr\/index.php\/wp-json\/wp\/v2\/types\/post"}],"author":[{"embeddable":true,"href":"http:\/\/commune-loffre.fr\/index.php\/wp-json\/wp\/v2\/users\/1"}],"replies":[{"embeddable":true,"href":"http:\/\/commune-loffre.fr\/index.php\/wp-json\/wp\/v2\/comments?post=4476"}],"version-history":[{"count":1,"href":"http:\/\/commune-loffre.fr\/index.php\/wp-json\/wp\/v2\/posts\/4476\/revisions"}],"predecessor-version":[{"id":4484,"href":"http:\/\/commune-loffre.fr\/index.php\/wp-json\/wp\/v2\/posts\/4476\/revisions\/4484"}],"wp:featuredmedia":[{"embeddable":true,"href":"http:\/\/commune-loffre.fr\/index.php\/wp-json\/wp\/v2\/media\/4482"}],"wp:attachment":[{"href":"http:\/\/commune-loffre.fr\/index.php\/wp-json\/wp\/v2\/media?parent=4476"}],"wp:term":[{"taxonomy":"category","embeddable":true,"href":"http:\/\/commune-loffre.fr\/index.php\/wp-json\/wp\/v2\/categories?post=4476"},{"taxonomy":"post_tag","embeddable":true,"href":"http:\/\/commune-loffre.fr\/index.php\/wp-json\/wp\/v2\/tags?post=4476"}],"curies":[{"name":"wp","href":"https:\/\/api.w.org\/{rel}","templated":true}]}}