{"id":4468,"date":"2019-03-25T20:46:50","date_gmt":"2019-03-25T19:46:50","guid":{"rendered":"http:\/\/commune-loffre.fr\/?p=4468"},"modified":"2019-03-25T20:46:50","modified_gmt":"2019-03-25T19:46:50","slug":"commemoration-du-19-mars","status":"publish","type":"post","link":"http:\/\/commune-loffre.fr\/index.php\/2019\/03\/25\/commemoration-du-19-mars\/","title":{"rendered":"Comm\u00e9moration du 19 mars"},"content":{"rendered":"<p>Mardi 19 mars \u00e0 18 h 30, Monsieur le Maire, le conseil Municipal et l\u2019association des Anciens Combattants de Loffre se sont rendus au monument aux Morts afin de comm\u00e9morer la fin de la guerre d\u2019Alg\u00e9rie avec l\u2019hommage aux victimes civiles et militaires.<\/p>\n\n\t\t<style type=\"text\/css\">\n\t\t\t#gallery-1 {\n\t\t\t\tmargin: auto;\n\t\t\t}\n\t\t\t#gallery-1 .gallery-item {\n\t\t\t\tfloat: left;\n\t\t\t\tmargin-top: 10px;\n\t\t\t\ttext-align: center;\n\t\t\t\twidth: 16%;\n\t\t\t}\n\t\t\t#gallery-1 img {\n\t\t\t\tborder: 2px solid #cfcfcf;\n\t\t\t}\n\t\t\t#gallery-1 .gallery-caption {\n\t\t\t\tmargin-left: 0;\n\t\t\t}\n\t\t\t\/* see gallery_shortcode() in wp-includes\/media.php *\/\n\t\t<\/style>\n\t\t<div id='gallery-1' class='gallery galleryid-4468 gallery-columns-6 gallery-size-thumbnail'><dl class='gallery-item'>\n\t\t\t<dt class='gallery-icon landscape'>\n\t\t\t\t<a href='http:\/\/commune-loffre.fr\/index.php\/2019\/03\/25\/commemoration-du-19-mars\/p1010001-copie-19\/'><img loading=\"lazy\" decoding=\"async\" width=\"150\" height=\"150\" src=\"http:\/\/commune-loffre.fr\/wp-content\/uploads\/2019\/03\/P1010001-copie-150x150.jpg\" class=\"attachment-thumbnail size-thumbnail\" alt=\"\" srcset=\"http:\/\/commune-loffre.fr\/wp-content\/uploads\/2019\/03\/P1010001-copie-150x150.jpg 150w, http:\/\/commune-loffre.fr\/wp-content\/uploads\/2019\/03\/P1010001-copie-180x180.jpg 180w, http:\/\/commune-loffre.fr\/wp-content\/uploads\/2019\/03\/P1010001-copie-60x60.jpg 60w\" sizes=\"(max-width: 150px) 100vw, 150px\" \/><\/a>\n\t\t\t<\/dt><\/dl><dl class='gallery-item'>\n\t\t\t<dt class='gallery-icon landscape'>\n\t\t\t\t<a href='http:\/\/commune-loffre.fr\/index.php\/2019\/03\/25\/commemoration-du-19-mars\/p1010002-copie-22\/'><img loading=\"lazy\" decoding=\"async\" width=\"150\" height=\"150\" src=\"http:\/\/commune-loffre.fr\/wp-content\/uploads\/2019\/03\/P1010002-copie-150x150.jpg\" class=\"attachment-thumbnail size-thumbnail\" alt=\"\" srcset=\"http:\/\/commune-loffre.fr\/wp-content\/uploads\/2019\/03\/P1010002-copie-150x150.jpg 150w, http:\/\/commune-loffre.fr\/wp-content\/uploads\/2019\/03\/P1010002-copie-180x180.jpg 180w, http:\/\/commune-loffre.fr\/wp-content\/uploads\/2019\/03\/P1010002-copie-60x60.jpg 60w\" sizes=\"(max-width: 150px) 100vw, 150px\" \/><\/a>\n\t\t\t<\/dt><\/dl><dl class='gallery-item'>\n\t\t\t<dt class='gallery-icon landscape'>\n\t\t\t\t<a href='http:\/\/commune-loffre.fr\/index.php\/2019\/03\/25\/commemoration-du-19-mars\/p1010003-copie-22\/'><img loading=\"lazy\" decoding=\"async\" width=\"150\" height=\"150\" src=\"http:\/\/commune-loffre.fr\/wp-content\/uploads\/2019\/03\/P1010003-copie-150x150.jpg\" class=\"attachment-thumbnail size-thumbnail\" alt=\"\" srcset=\"http:\/\/commune-loffre.fr\/wp-content\/uploads\/2019\/03\/P1010003-copie-150x150.jpg 150w, http:\/\/commune-loffre.fr\/wp-content\/uploads\/2019\/03\/P1010003-copie-180x180.jpg 180w, http:\/\/commune-loffre.fr\/wp-content\/uploads\/2019\/03\/P1010003-copie-60x60.jpg 60w\" sizes=\"(max-width: 150px) 100vw, 150px\" \/><\/a>\n\t\t\t<\/dt><\/dl><dl class='gallery-item'>\n\t\t\t<dt class='gallery-icon portrait'>\n\t\t\t\t<a href='http:\/\/commune-loffre.fr\/index.php\/2019\/03\/25\/commemoration-du-19-mars\/p1010004-copie-20\/'><img loading=\"lazy\" decoding=\"async\" width=\"150\" height=\"150\" src=\"http:\/\/commune-loffre.fr\/wp-content\/uploads\/2019\/03\/P1010004-copie-150x150.jpg\" class=\"attachment-thumbnail size-thumbnail\" alt=\"\" srcset=\"http:\/\/commune-loffre.fr\/wp-content\/uploads\/2019\/03\/P1010004-copie-150x150.jpg 150w, http:\/\/commune-loffre.fr\/wp-content\/uploads\/2019\/03\/P1010004-copie-180x180.jpg 180w, http:\/\/commune-loffre.fr\/wp-content\/uploads\/2019\/03\/P1010004-copie-60x60.jpg 60w\" sizes=\"(max-width: 150px) 100vw, 150px\" \/><\/a>\n\t\t\t<\/dt><\/dl><dl class='gallery-item'>\n\t\t\t<dt class='gallery-icon landscape'>\n\t\t\t\t<a href='http:\/\/commune-loffre.fr\/index.php\/2019\/03\/25\/commemoration-du-19-mars\/p1010005-copie-20\/'><img loading=\"lazy\" decoding=\"async\" width=\"150\" height=\"150\" src=\"http:\/\/commune-loffre.fr\/wp-content\/uploads\/2019\/03\/P1010005-copie-150x150.jpg\" class=\"attachment-thumbnail size-thumbnail\" alt=\"\" srcset=\"http:\/\/commune-loffre.fr\/wp-content\/uploads\/2019\/03\/P1010005-copie-150x150.jpg 150w, http:\/\/commune-loffre.fr\/wp-content\/uploads\/2019\/03\/P1010005-copie-180x180.jpg 180w, http:\/\/commune-loffre.fr\/wp-content\/uploads\/2019\/03\/P1010005-copie-60x60.jpg 60w\" sizes=\"(max-width: 150px) 100vw, 150px\" \/><\/a>\n\t\t\t<\/dt><\/dl><dl class='gallery-item'>\n\t\t\t<dt class='gallery-icon landscape'>\n\t\t\t\t<a href='http:\/\/commune-loffre.fr\/index.php\/2019\/03\/25\/commemoration-du-19-mars\/p1010006-copie-24\/'><img loading=\"lazy\" decoding=\"async\" width=\"150\" height=\"150\" src=\"http:\/\/commune-loffre.fr\/wp-content\/uploads\/2019\/03\/P1010006-copie-150x150.jpg\" class=\"attachment-thumbnail size-thumbnail\" alt=\"\" srcset=\"http:\/\/commune-loffre.fr\/wp-content\/uploads\/2019\/03\/P1010006-copie-150x150.jpg 150w, http:\/\/commune-loffre.fr\/wp-content\/uploads\/2019\/03\/P1010006-copie-180x180.jpg 180w, http:\/\/commune-loffre.fr\/wp-content\/uploads\/2019\/03\/P1010006-copie-60x60.jpg 60w\" sizes=\"(max-width: 150px) 100vw, 150px\" \/><\/a>\n\t\t\t<\/dt><\/dl><br style=\"clear: both\" \/>\n\t\t<\/div>\n\n<p>Apr\u00e8s le d\u00e9p\u00f4t d\u2019une gerbe par Monsieur le Maire et Monsieur CH\u0152UR, pr\u00e9sident des Anciens Combattants de Loffre, une minute de silence a \u00e9t\u00e9 respect\u00e9e. Apr\u00e8s avoir entendu la lecture par Monsieur le Maire du message de Madame Genevi\u00e8ve DARRIEUSSECQ, Secr\u00e9taire d\u2019\u00c9TAT aupr\u00e8s de la Ministre des Arm\u00e9es et l\u2019ordre du jour n\u00b011 du G\u00e9n\u00e9ral AILLERET par Monsieur CH\u0152UR, le cort\u00e8ge s\u2019est rendu \u00e0 la mairie afin de partager un moment de convivialit\u00e9.<\/p>\n","protected":false},"excerpt":{"rendered":"<p>Mardi 19 mars \u00e0 18 h 30, Monsieur le Maire, le conseil Municipal et l\u2019association des Anciens Combattants de Loffre se sont rendus au monument aux Morts afin de comm\u00e9morer&#8230; <a href=\"http:\/\/commune-loffre.fr\/index.php\/2019\/03\/25\/commemoration-du-19-mars\/\">Read more &raquo;<\/a><\/p>\n","protected":false},"author":1,"featured_media":4471,"comment_status":"closed","ping_status":"closed","sticky":false,"template":"","format":"standard","meta":{"footnotes":""},"categories":[17],"tags":[],"_links":{"self":[{"href":"http:\/\/commune-loffre.fr\/index.php\/wp-json\/wp\/v2\/posts\/4468"}],"collection":[{"href":"http:\/\/commune-loffre.fr\/index.php\/wp-json\/wp\/v2\/posts"}],"about":[{"href":"http:\/\/commune-loffre.fr\/index.php\/wp-json\/wp\/v2\/types\/post"}],"author":[{"embeddable":true,"href":"http:\/\/commune-loffre.fr\/index.php\/wp-json\/wp\/v2\/users\/1"}],"replies":[{"embeddable":true,"href":"http:\/\/commune-loffre.fr\/index.php\/wp-json\/wp\/v2\/comments?post=4468"}],"version-history":[{"count":1,"href":"http:\/\/commune-loffre.fr\/index.php\/wp-json\/wp\/v2\/posts\/4468\/revisions"}],"predecessor-version":[{"id":4475,"href":"http:\/\/commune-loffre.fr\/index.php\/wp-json\/wp\/v2\/posts\/4468\/revisions\/4475"}],"wp:featuredmedia":[{"embeddable":true,"href":"http:\/\/commune-loffre.fr\/index.php\/wp-json\/wp\/v2\/media\/4471"}],"wp:attachment":[{"href":"http:\/\/commune-loffre.fr\/index.php\/wp-json\/wp\/v2\/media?parent=4468"}],"wp:term":[{"taxonomy":"category","embeddable":true,"href":"http:\/\/commune-loffre.fr\/index.php\/wp-json\/wp\/v2\/categories?post=4468"},{"taxonomy":"post_tag","embeddable":true,"href":"http:\/\/commune-loffre.fr\/index.php\/wp-json\/wp\/v2\/tags?post=4468"}],"curies":[{"name":"wp","href":"https:\/\/api.w.org\/{rel}","templated":true}]}}