{"id":4458,"date":"2019-03-18T19:37:36","date_gmt":"2019-03-18T18:37:36","guid":{"rendered":"http:\/\/commune-loffre.fr\/?p=4458"},"modified":"2019-03-19T23:57:39","modified_gmt":"2019-03-19T22:57:39","slug":"le-maire-et-le-conseil-municipal-farouchement-opposes-au-stockage-de-dechets-inertes-sur-la-commune","status":"publish","type":"post","link":"http:\/\/commune-loffre.fr\/index.php\/2019\/03\/18\/le-maire-et-le-conseil-municipal-farouchement-opposes-au-stockage-de-dechets-inertes-sur-la-commune\/","title":{"rendered":"Le Maire et le conseil municipal farouchement oppos\u00e9s au stockage de d\u00e9chets inertes sur la commune"},"content":{"rendered":"<p>La soci\u00e9t\u00e9 STB Mat\u00e9riaux a exploit\u00e9 durant de nombreuses ann\u00e9es, sur le territoire communal, du sablon et du limon conform\u00e9ment aux dispositions d\u2019un arr\u00eat\u00e9 pr\u00e9fectoral de Monsieur le Pr\u00e9fet du Nord.<\/p>\n\n\t\t<style type=\"text\/css\">\n\t\t\t#gallery-1 {\n\t\t\t\tmargin: auto;\n\t\t\t}\n\t\t\t#gallery-1 .gallery-item {\n\t\t\t\tfloat: left;\n\t\t\t\tmargin-top: 10px;\n\t\t\t\ttext-align: center;\n\t\t\t\twidth: 100%;\n\t\t\t}\n\t\t\t#gallery-1 img {\n\t\t\t\tborder: 2px solid #cfcfcf;\n\t\t\t}\n\t\t\t#gallery-1 .gallery-caption {\n\t\t\t\tmargin-left: 0;\n\t\t\t}\n\t\t\t\/* see gallery_shortcode() in wp-includes\/media.php *\/\n\t\t<\/style>\n\t\t<div id='gallery-1' class='gallery galleryid-4458 gallery-columns-1 gallery-size-medium'><dl class='gallery-item'>\n\t\t\t<dt class='gallery-icon portrait'>\n\t\t\t\t<a href='http:\/\/commune-loffre.fr\/index.php\/2019\/03\/18\/le-maire-et-le-conseil-municipal-farouchement-opposes-au-stockage-de-dechets-inertes-sur-la-commune\/vdn-2\/'><img loading=\"lazy\" decoding=\"async\" width=\"212\" height=\"300\" src=\"http:\/\/commune-loffre.fr\/wp-content\/uploads\/2019\/03\/vdn-212x300.jpg\" class=\"attachment-medium size-medium\" alt=\"\" srcset=\"http:\/\/commune-loffre.fr\/wp-content\/uploads\/2019\/03\/vdn-212x300.jpg 212w, http:\/\/commune-loffre.fr\/wp-content\/uploads\/2019\/03\/vdn.jpg 577w\" sizes=\"(max-width: 212px) 100vw, 212px\" \/><\/a>\n\t\t\t<\/dt><\/dl><br style=\"clear: both\" \/>\n\t\t<\/div>\n\n<p>Malheureusement, cette exploitation a servi \u00e9galement au stockage de d\u00e9chets inertes en <strong><u>toute ill\u00e9galit\u00e9,<\/u><\/strong> ce qui a d\u2019ailleurs \u00e9t\u00e9 constat\u00e9 par les services de l\u2019Etat, apr\u00e8s l\u2019insistance du conseil municipal.<\/p>\n<p>Ces activit\u00e9s engendrent pour les habitants de la commune des nuisances telles que le passage r\u00e9gulier de poids lourds et d\u2019un engin de chantier dans la rue des Moines (qui pour ce dernier d\u00e9bute \u00e0 6h30 chaque matin du lundi au vendredi\u00a0!), la souillure de la voirie en p\u00e9riode hivernale et la dangerosit\u00e9 au niveau de l&rsquo;entr\u00e9e du site STB sur le CD 135 entre LOFFRE et LEWARDE.<\/p>\n<p>Aujourd\u2019hui, la soci\u00e9t\u00e9 STB souhaite r\u00e9gulariser de mani\u00e8re administrative l\u2019activit\u00e9 de stockage de d\u00e9chets inertes.<\/p>\n<p>Mais comment s\u2019assurer, au regard des contr\u00f4les peu fr\u00e9quents des services de l\u2019Etat, que la nature des d\u00e9chets qui y seront stock\u00e9s, ne seront pas nocifs pour l\u2019environnement\u00a0? Comment va s\u2019op\u00e9rer le contr\u00f4le du d\u00e9chargement d\u2019un poids lourds de 32 tonnes\u00a0? au visuel des salari\u00e9s de la soci\u00e9t\u00e9 STB\u00a0? Donc, sans trop d\u2019exigences\u00a0?<\/p>\n<p>Comment faire confiance au dirigeant de la soci\u00e9t\u00e9 STB Mat\u00e9riaux dans la mesure o\u00f9 celui-ci a profit\u00e9 de son autorisation d\u2019exploitation l\u00e9gale pour exercer une autre activit\u00e9 non d\u00e9clar\u00e9e et donc non contr\u00f4l\u00e9e par les services de l\u2019Etat\u00a0?<\/p>\n<p>Ne devons-nous pas d\u00e9j\u00e0 nous inqui\u00e9ter de l\u2019\u00e9ventuelle pollution des sols engendr\u00e9e par ce stockage de d\u00e9chets inertes non d\u00e9clar\u00e9\u00a0?<\/p>\n<p>Pour ces motifs, Monsieur le maire et le conseil municipal <strong><u>s\u2019opposent farouchement<\/u><\/strong> \u00e0 la r\u00e9gularisation de cette activit\u00e9 de stockage de d\u00e9chets inertes et vous invitent \u00e0 vous manifester lors de la consultation publique qui se tiendra prochainement pour une dur\u00e9e d\u2019un mois. D\u00e8s la publication par la Pr\u00e9fecture du Nord de l\u2019avis de consultation publique, celui-ci sera affich\u00e9 en mairie.<\/p>\n<p>Monsieur le Maire et le conseil municipal s\u2019associent aux \u00e9crits et \u00e0 la p\u00e9tition du collectif pour <strong><em>un Loffre o\u00f9 il fait bon vivre.<\/em><\/strong><\/p>\n","protected":false},"excerpt":{"rendered":"<p>La soci\u00e9t\u00e9 STB Mat\u00e9riaux a exploit\u00e9 durant de nombreuses ann\u00e9es, sur le territoire communal, du sablon et du limon conform\u00e9ment aux dispositions d\u2019un arr\u00eat\u00e9 pr\u00e9fectoral de Monsieur le Pr\u00e9fet du&#8230; <a href=\"http:\/\/commune-loffre.fr\/index.php\/2019\/03\/18\/le-maire-et-le-conseil-municipal-farouchement-opposes-au-stockage-de-dechets-inertes-sur-la-commune\/\">Read more &raquo;<\/a><\/p>\n","protected":false},"author":1,"featured_media":4461,"comment_status":"closed","ping_status":"closed","sticky":false,"template":"","format":"standard","meta":{"footnotes":""},"categories":[9,5,7],"tags":[],"_links":{"self":[{"href":"http:\/\/commune-loffre.fr\/index.php\/wp-json\/wp\/v2\/posts\/4458"}],"collection":[{"href":"http:\/\/commune-loffre.fr\/index.php\/wp-json\/wp\/v2\/posts"}],"about":[{"href":"http:\/\/commune-loffre.fr\/index.php\/wp-json\/wp\/v2\/types\/post"}],"author":[{"embeddable":true,"href":"http:\/\/commune-loffre.fr\/index.php\/wp-json\/wp\/v2\/users\/1"}],"replies":[{"embeddable":true,"href":"http:\/\/commune-loffre.fr\/index.php\/wp-json\/wp\/v2\/comments?post=4458"}],"version-history":[{"count":4,"href":"http:\/\/commune-loffre.fr\/index.php\/wp-json\/wp\/v2\/posts\/4458\/revisions"}],"predecessor-version":[{"id":4466,"href":"http:\/\/commune-loffre.fr\/index.php\/wp-json\/wp\/v2\/posts\/4458\/revisions\/4466"}],"wp:featuredmedia":[{"embeddable":true,"href":"http:\/\/commune-loffre.fr\/index.php\/wp-json\/wp\/v2\/media\/4461"}],"wp:attachment":[{"href":"http:\/\/commune-loffre.fr\/index.php\/wp-json\/wp\/v2\/media?parent=4458"}],"wp:term":[{"taxonomy":"category","embeddable":true,"href":"http:\/\/commune-loffre.fr\/index.php\/wp-json\/wp\/v2\/categories?post=4458"},{"taxonomy":"post_tag","embeddable":true,"href":"http:\/\/commune-loffre.fr\/index.php\/wp-json\/wp\/v2\/tags?post=4458"}],"curies":[{"name":"wp","href":"https:\/\/api.w.org\/{rel}","templated":true}]}}