{"id":4426,"date":"2019-02-19T19:22:37","date_gmt":"2019-02-19T18:22:37","guid":{"rendered":"http:\/\/commune-loffre.fr\/?p=4426"},"modified":"2019-02-19T19:22:37","modified_gmt":"2019-02-19T18:22:37","slug":"sortie-collective-au-cinema-pour-les-enfants-de-la-commune-de-loffre","status":"publish","type":"post","link":"http:\/\/commune-loffre.fr\/index.php\/2019\/02\/19\/sortie-collective-au-cinema-pour-les-enfants-de-la-commune-de-loffre\/","title":{"rendered":"Sortie collective au cin\u00e9ma pour les enfants de la commune de LOFFRE"},"content":{"rendered":"<p>Dans le cadre des actions culturelles communales, la municipalit\u00e9 de LOFFRE a offert aux enfants de la commune \u00e2g\u00e9s de 5 \u00e0 10 ans, \u00a0et aux enfants qui fr\u00e9quentent l\u2019\u00e9cole de LOFFRE, une s\u00e9ance de cin\u00e9ma durant les vacances scolaires de f\u00e9vrier.<\/p>\n\n\t\t<style type=\"text\/css\">\n\t\t\t#gallery-1 {\n\t\t\t\tmargin: auto;\n\t\t\t}\n\t\t\t#gallery-1 .gallery-item {\n\t\t\t\tfloat: left;\n\t\t\t\tmargin-top: 10px;\n\t\t\t\ttext-align: center;\n\t\t\t\twidth: 25%;\n\t\t\t}\n\t\t\t#gallery-1 img {\n\t\t\t\tborder: 2px solid #cfcfcf;\n\t\t\t}\n\t\t\t#gallery-1 .gallery-caption {\n\t\t\t\tmargin-left: 0;\n\t\t\t}\n\t\t\t\/* see gallery_shortcode() in wp-includes\/media.php *\/\n\t\t<\/style>\n\t\t<div id='gallery-1' class='gallery galleryid-4426 gallery-columns-4 gallery-size-thumbnail'><dl class='gallery-item'>\n\t\t\t<dt class='gallery-icon landscape'>\n\t\t\t\t<a href='http:\/\/commune-loffre.fr\/index.php\/2019\/02\/19\/sortie-collective-au-cinema-pour-les-enfants-de-la-commune-de-loffre\/img_19031-copie\/'><img loading=\"lazy\" decoding=\"async\" width=\"150\" height=\"150\" src=\"http:\/\/commune-loffre.fr\/wp-content\/uploads\/2019\/02\/IMG_19031-copie-150x150.jpg\" class=\"attachment-thumbnail size-thumbnail\" alt=\"\" srcset=\"http:\/\/commune-loffre.fr\/wp-content\/uploads\/2019\/02\/IMG_19031-copie-150x150.jpg 150w, http:\/\/commune-loffre.fr\/wp-content\/uploads\/2019\/02\/IMG_19031-copie-180x180.jpg 180w, http:\/\/commune-loffre.fr\/wp-content\/uploads\/2019\/02\/IMG_19031-copie-60x60.jpg 60w\" sizes=\"(max-width: 150px) 100vw, 150px\" \/><\/a>\n\t\t\t<\/dt><\/dl><dl class='gallery-item'>\n\t\t\t<dt class='gallery-icon portrait'>\n\t\t\t\t<a href='http:\/\/commune-loffre.fr\/index.php\/2019\/02\/19\/sortie-collective-au-cinema-pour-les-enfants-de-la-commune-de-loffre\/img_1909-copie\/'><img loading=\"lazy\" decoding=\"async\" width=\"150\" height=\"150\" src=\"http:\/\/commune-loffre.fr\/wp-content\/uploads\/2019\/02\/IMG_1909-copie-150x150.jpg\" class=\"attachment-thumbnail size-thumbnail\" alt=\"\" srcset=\"http:\/\/commune-loffre.fr\/wp-content\/uploads\/2019\/02\/IMG_1909-copie-150x150.jpg 150w, http:\/\/commune-loffre.fr\/wp-content\/uploads\/2019\/02\/IMG_1909-copie-180x180.jpg 180w, http:\/\/commune-loffre.fr\/wp-content\/uploads\/2019\/02\/IMG_1909-copie-60x60.jpg 60w\" sizes=\"(max-width: 150px) 100vw, 150px\" \/><\/a>\n\t\t\t<\/dt><\/dl><dl class='gallery-item'>\n\t\t\t<dt class='gallery-icon portrait'>\n\t\t\t\t<a href='http:\/\/commune-loffre.fr\/index.php\/2019\/02\/19\/sortie-collective-au-cinema-pour-les-enfants-de-la-commune-de-loffre\/img_1912-copie\/'><img loading=\"lazy\" decoding=\"async\" width=\"150\" height=\"150\" src=\"http:\/\/commune-loffre.fr\/wp-content\/uploads\/2019\/02\/IMG_1912-copie-150x150.jpg\" class=\"attachment-thumbnail size-thumbnail\" alt=\"\" srcset=\"http:\/\/commune-loffre.fr\/wp-content\/uploads\/2019\/02\/IMG_1912-copie-150x150.jpg 150w, http:\/\/commune-loffre.fr\/wp-content\/uploads\/2019\/02\/IMG_1912-copie-180x180.jpg 180w, http:\/\/commune-loffre.fr\/wp-content\/uploads\/2019\/02\/IMG_1912-copie-60x60.jpg 60w\" sizes=\"(max-width: 150px) 100vw, 150px\" \/><\/a>\n\t\t\t<\/dt><\/dl><dl class='gallery-item'>\n\t\t\t<dt class='gallery-icon landscape'>\n\t\t\t\t<a href='http:\/\/commune-loffre.fr\/index.php\/2019\/02\/19\/sortie-collective-au-cinema-pour-les-enfants-de-la-commune-de-loffre\/img_19191-copie\/'><img loading=\"lazy\" decoding=\"async\" width=\"150\" height=\"150\" src=\"http:\/\/commune-loffre.fr\/wp-content\/uploads\/2019\/02\/IMG_19191-copie-150x150.jpg\" class=\"attachment-thumbnail size-thumbnail\" alt=\"\" srcset=\"http:\/\/commune-loffre.fr\/wp-content\/uploads\/2019\/02\/IMG_19191-copie-150x150.jpg 150w, http:\/\/commune-loffre.fr\/wp-content\/uploads\/2019\/02\/IMG_19191-copie-180x180.jpg 180w, http:\/\/commune-loffre.fr\/wp-content\/uploads\/2019\/02\/IMG_19191-copie-60x60.jpg 60w\" sizes=\"(max-width: 150px) 100vw, 150px\" \/><\/a>\n\t\t\t<\/dt><\/dl><br style=\"clear: both\" \/>\n\t\t<\/div>\n\n<p>Apr\u00e8s un transport en autocar, toujours tr\u00e8s anim\u00e9 et appr\u00e9ci\u00e9 entre copains et copines, les plus jeunes ont \u00e9t\u00e9 enchant\u00e9s par \u00ab Minuscule 2-Les Mandibules du Bout du Monde\u00a0\u00bb et les plus grands ont appr\u00e9ci\u00e9 les aventures de \u00ab\u00a0RALPH 2.0\u00bb. Le co\u00fbt int\u00e9gral de cet apr\u00e8s-midi r\u00e9cr\u00e9ative pour les 35 enfants inscrits \u00e9tait pris en charge par le budget communal.<\/p>\n","protected":false},"excerpt":{"rendered":"<p>Dans le cadre des actions culturelles communales, la municipalit\u00e9 de LOFFRE a offert aux enfants de la commune \u00e2g\u00e9s de 5 \u00e0 10 ans, \u00a0et aux enfants qui fr\u00e9quentent l\u2019\u00e9cole&#8230; <a href=\"http:\/\/commune-loffre.fr\/index.php\/2019\/02\/19\/sortie-collective-au-cinema-pour-les-enfants-de-la-commune-de-loffre\/\">Read more &raquo;<\/a><\/p>\n","protected":false},"author":1,"featured_media":0,"comment_status":"closed","ping_status":"closed","sticky":false,"template":"","format":"standard","meta":{"footnotes":""},"categories":[18],"tags":[],"_links":{"self":[{"href":"http:\/\/commune-loffre.fr\/index.php\/wp-json\/wp\/v2\/posts\/4426"}],"collection":[{"href":"http:\/\/commune-loffre.fr\/index.php\/wp-json\/wp\/v2\/posts"}],"about":[{"href":"http:\/\/commune-loffre.fr\/index.php\/wp-json\/wp\/v2\/types\/post"}],"author":[{"embeddable":true,"href":"http:\/\/commune-loffre.fr\/index.php\/wp-json\/wp\/v2\/users\/1"}],"replies":[{"embeddable":true,"href":"http:\/\/commune-loffre.fr\/index.php\/wp-json\/wp\/v2\/comments?post=4426"}],"version-history":[{"count":1,"href":"http:\/\/commune-loffre.fr\/index.php\/wp-json\/wp\/v2\/posts\/4426\/revisions"}],"predecessor-version":[{"id":4431,"href":"http:\/\/commune-loffre.fr\/index.php\/wp-json\/wp\/v2\/posts\/4426\/revisions\/4431"}],"wp:attachment":[{"href":"http:\/\/commune-loffre.fr\/index.php\/wp-json\/wp\/v2\/media?parent=4426"}],"wp:term":[{"taxonomy":"category","embeddable":true,"href":"http:\/\/commune-loffre.fr\/index.php\/wp-json\/wp\/v2\/categories?post=4426"},{"taxonomy":"post_tag","embeddable":true,"href":"http:\/\/commune-loffre.fr\/index.php\/wp-json\/wp\/v2\/tags?post=4426"}],"curies":[{"name":"wp","href":"https:\/\/api.w.org\/{rel}","templated":true}]}}