{"id":4418,"date":"2019-02-19T19:15:37","date_gmt":"2019-02-19T18:15:37","guid":{"rendered":"http:\/\/commune-loffre.fr\/?p=4418"},"modified":"2019-02-19T19:19:49","modified_gmt":"2019-02-19T18:19:49","slug":"marche-aux-plants","status":"publish","type":"post","link":"http:\/\/commune-loffre.fr\/index.php\/2019\/02\/19\/marche-aux-plants\/","title":{"rendered":"March\u00e9 aux plants"},"content":{"rendered":"<p><strong>La vente se d\u00e9roulera dans la cour de l\u2019\u00e9cole H Matisse le Dimanche 05 Mai de 9h \u00e0 12h.<\/strong><\/p>\n<p>Si vous souhaitez r\u00e9server un emplacement, remplissez le bon ci-dessous et d\u00e9posez le \u00e0 la mairie de Loffre<\/p>\n\n\t\t<style type=\"text\/css\">\n\t\t\t#gallery-1 {\n\t\t\t\tmargin: auto;\n\t\t\t}\n\t\t\t#gallery-1 .gallery-item {\n\t\t\t\tfloat: left;\n\t\t\t\tmargin-top: 10px;\n\t\t\t\ttext-align: center;\n\t\t\t\twidth: 100%;\n\t\t\t}\n\t\t\t#gallery-1 img {\n\t\t\t\tborder: 2px solid #cfcfcf;\n\t\t\t}\n\t\t\t#gallery-1 .gallery-caption {\n\t\t\t\tmargin-left: 0;\n\t\t\t}\n\t\t\t\/* see gallery_shortcode() in wp-includes\/media.php *\/\n\t\t<\/style>\n\t\t<div id='gallery-1' class='gallery galleryid-4418 gallery-columns-1 gallery-size-large'><dl class='gallery-item'>\n\t\t\t<dt class='gallery-icon landscape'>\n\t\t\t\t<a href='http:\/\/commune-loffre.fr\/index.php\/2019\/02\/19\/marche-aux-plants\/fleurs\/'><img loading=\"lazy\" decoding=\"async\" width=\"625\" height=\"481\" src=\"http:\/\/commune-loffre.fr\/wp-content\/uploads\/2019\/02\/FLEURS-1024x788.jpg\" class=\"attachment-large size-large\" alt=\"\" srcset=\"http:\/\/commune-loffre.fr\/wp-content\/uploads\/2019\/02\/FLEURS-1024x788.jpg 1024w, http:\/\/commune-loffre.fr\/wp-content\/uploads\/2019\/02\/FLEURS-300x231.jpg 300w, http:\/\/commune-loffre.fr\/wp-content\/uploads\/2019\/02\/FLEURS-768x591.jpg 768w, http:\/\/commune-loffre.fr\/wp-content\/uploads\/2019\/02\/FLEURS-624x480.jpg 624w, http:\/\/commune-loffre.fr\/wp-content\/uploads\/2019\/02\/FLEURS.jpg 1307w\" sizes=\"(max-width: 625px) 100vw, 625px\" \/><\/a>\n\t\t\t<\/dt><\/dl><br style=\"clear: both\" \/>\n\t\t<\/div>\n\n","protected":false},"excerpt":{"rendered":"<p>La vente se d\u00e9roulera dans la cour de l\u2019\u00e9cole H Matisse le Dimanche 05 Mai de 9h \u00e0 12h. Si vous souhaitez r\u00e9server un emplacement, remplissez le bon ci-dessous et&#8230; <a href=\"http:\/\/commune-loffre.fr\/index.php\/2019\/02\/19\/marche-aux-plants\/\">Read more &raquo;<\/a><\/p>\n","protected":false},"author":1,"featured_media":4425,"comment_status":"closed","ping_status":"closed","sticky":false,"template":"","format":"standard","meta":{"footnotes":""},"categories":[3,9],"tags":[],"_links":{"self":[{"href":"http:\/\/commune-loffre.fr\/index.php\/wp-json\/wp\/v2\/posts\/4418"}],"collection":[{"href":"http:\/\/commune-loffre.fr\/index.php\/wp-json\/wp\/v2\/posts"}],"about":[{"href":"http:\/\/commune-loffre.fr\/index.php\/wp-json\/wp\/v2\/types\/post"}],"author":[{"embeddable":true,"href":"http:\/\/commune-loffre.fr\/index.php\/wp-json\/wp\/v2\/users\/1"}],"replies":[{"embeddable":true,"href":"http:\/\/commune-loffre.fr\/index.php\/wp-json\/wp\/v2\/comments?post=4418"}],"version-history":[{"count":4,"href":"http:\/\/commune-loffre.fr\/index.php\/wp-json\/wp\/v2\/posts\/4418\/revisions"}],"predecessor-version":[{"id":4423,"href":"http:\/\/commune-loffre.fr\/index.php\/wp-json\/wp\/v2\/posts\/4418\/revisions\/4423"}],"wp:featuredmedia":[{"embeddable":true,"href":"http:\/\/commune-loffre.fr\/index.php\/wp-json\/wp\/v2\/media\/4425"}],"wp:attachment":[{"href":"http:\/\/commune-loffre.fr\/index.php\/wp-json\/wp\/v2\/media?parent=4418"}],"wp:term":[{"taxonomy":"category","embeddable":true,"href":"http:\/\/commune-loffre.fr\/index.php\/wp-json\/wp\/v2\/categories?post=4418"},{"taxonomy":"post_tag","embeddable":true,"href":"http:\/\/commune-loffre.fr\/index.php\/wp-json\/wp\/v2\/tags?post=4418"}],"curies":[{"name":"wp","href":"https:\/\/api.w.org\/{rel}","templated":true}]}}