{"id":4409,"date":"2019-02-06T19:53:30","date_gmt":"2019-02-06T18:53:30","guid":{"rendered":"http:\/\/commune-loffre.fr\/?p=4409"},"modified":"2019-02-06T19:53:30","modified_gmt":"2019-02-06T18:53:30","slug":"confection-et-installation-dun-hotel-a-insectes","status":"publish","type":"post","link":"http:\/\/commune-loffre.fr\/index.php\/2019\/02\/06\/confection-et-installation-dun-hotel-a-insectes\/","title":{"rendered":"Confection et installation d&rsquo;un h\u00f4tel \u00e0 insectes"},"content":{"rendered":"<p>Confectionn\u00e9 par Jo\u00ebl des services techniques et install\u00e9, rue de Lewarde, par Jean-Michel et Emmanuel avec la participation de Monsieur SROGA pr\u00e9sident de l&rsquo;association \u00ab\u00a0la brigade verte\u00a0\u00bb<\/p>\n\n\t\t<style type=\"text\/css\">\n\t\t\t#gallery-1 {\n\t\t\t\tmargin: auto;\n\t\t\t}\n\t\t\t#gallery-1 .gallery-item {\n\t\t\t\tfloat: left;\n\t\t\t\tmargin-top: 10px;\n\t\t\t\ttext-align: center;\n\t\t\t\twidth: 100%;\n\t\t\t}\n\t\t\t#gallery-1 img {\n\t\t\t\tborder: 2px solid #cfcfcf;\n\t\t\t}\n\t\t\t#gallery-1 .gallery-caption {\n\t\t\t\tmargin-left: 0;\n\t\t\t}\n\t\t\t\/* see gallery_shortcode() in wp-includes\/media.php *\/\n\t\t<\/style>\n\t\t<div id='gallery-1' class='gallery galleryid-4409 gallery-columns-1 gallery-size-medium'><dl class='gallery-item'>\n\t\t\t<dt class='gallery-icon portrait'>\n\t\t\t\t<a href='http:\/\/commune-loffre.fr\/index.php\/2019\/02\/06\/confection-et-installation-dun-hotel-a-insectes\/img_1890\/'><img loading=\"lazy\" decoding=\"async\" width=\"225\" height=\"300\" src=\"http:\/\/commune-loffre.fr\/wp-content\/uploads\/2019\/02\/IMG_1890-225x300.jpg\" class=\"attachment-medium size-medium\" alt=\"\" srcset=\"http:\/\/commune-loffre.fr\/wp-content\/uploads\/2019\/02\/IMG_1890-225x300.jpg 225w, http:\/\/commune-loffre.fr\/wp-content\/uploads\/2019\/02\/IMG_1890.jpg 480w\" sizes=\"(max-width: 225px) 100vw, 225px\" \/><\/a>\n\t\t\t<\/dt><\/dl><br style=\"clear: both\" \/>\n\t\t<\/div>\n\n","protected":false},"excerpt":{"rendered":"<p>Confectionn\u00e9 par Jo\u00ebl des services techniques et install\u00e9, rue de Lewarde, par Jean-Michel et Emmanuel avec la participation de Monsieur SROGA pr\u00e9sident de l&rsquo;association \u00ab\u00a0la brigade verte\u00a0\u00bb<\/p>\n","protected":false},"author":1,"featured_media":4410,"comment_status":"closed","ping_status":"closed","sticky":false,"template":"","format":"standard","meta":{"footnotes":""},"categories":[3,9],"tags":[],"_links":{"self":[{"href":"http:\/\/commune-loffre.fr\/index.php\/wp-json\/wp\/v2\/posts\/4409"}],"collection":[{"href":"http:\/\/commune-loffre.fr\/index.php\/wp-json\/wp\/v2\/posts"}],"about":[{"href":"http:\/\/commune-loffre.fr\/index.php\/wp-json\/wp\/v2\/types\/post"}],"author":[{"embeddable":true,"href":"http:\/\/commune-loffre.fr\/index.php\/wp-json\/wp\/v2\/users\/1"}],"replies":[{"embeddable":true,"href":"http:\/\/commune-loffre.fr\/index.php\/wp-json\/wp\/v2\/comments?post=4409"}],"version-history":[{"count":1,"href":"http:\/\/commune-loffre.fr\/index.php\/wp-json\/wp\/v2\/posts\/4409\/revisions"}],"predecessor-version":[{"id":4411,"href":"http:\/\/commune-loffre.fr\/index.php\/wp-json\/wp\/v2\/posts\/4409\/revisions\/4411"}],"wp:featuredmedia":[{"embeddable":true,"href":"http:\/\/commune-loffre.fr\/index.php\/wp-json\/wp\/v2\/media\/4410"}],"wp:attachment":[{"href":"http:\/\/commune-loffre.fr\/index.php\/wp-json\/wp\/v2\/media?parent=4409"}],"wp:term":[{"taxonomy":"category","embeddable":true,"href":"http:\/\/commune-loffre.fr\/index.php\/wp-json\/wp\/v2\/categories?post=4409"},{"taxonomy":"post_tag","embeddable":true,"href":"http:\/\/commune-loffre.fr\/index.php\/wp-json\/wp\/v2\/tags?post=4409"}],"curies":[{"name":"wp","href":"https:\/\/api.w.org\/{rel}","templated":true}]}}