{"id":4367,"date":"2019-01-27T19:30:21","date_gmt":"2019-01-27T18:30:21","guid":{"rendered":"http:\/\/commune-loffre.fr\/?p=4367"},"modified":"2019-01-27T19:31:17","modified_gmt":"2019-01-27T18:31:17","slug":"voeux-de-lannee-2019","status":"publish","type":"post","link":"http:\/\/commune-loffre.fr\/index.php\/2019\/01\/27\/voeux-de-lannee-2019\/","title":{"rendered":"V\u0153ux de l&rsquo;ann\u00e9e 2019"},"content":{"rendered":"<p>Monsieur le Maire et le conseil municipal avaient invit\u00e9 les habitants de la commune ce samedi 26 janvier 2019 pour la traditionnelle c\u00e9r\u00e9monie des v\u0153ux.<\/p>\n\n\t\t<style type=\"text\/css\">\n\t\t\t#gallery-1 {\n\t\t\t\tmargin: auto;\n\t\t\t}\n\t\t\t#gallery-1 .gallery-item {\n\t\t\t\tfloat: left;\n\t\t\t\tmargin-top: 10px;\n\t\t\t\ttext-align: center;\n\t\t\t\twidth: 12%;\n\t\t\t}\n\t\t\t#gallery-1 img {\n\t\t\t\tborder: 2px solid #cfcfcf;\n\t\t\t}\n\t\t\t#gallery-1 .gallery-caption {\n\t\t\t\tmargin-left: 0;\n\t\t\t}\n\t\t\t\/* see gallery_shortcode() in wp-includes\/media.php *\/\n\t\t<\/style>\n\t\t<div id='gallery-1' class='gallery galleryid-4367 gallery-columns-8 gallery-size-thumbnail'><dl class='gallery-item'>\n\t\t\t<dt class='gallery-icon landscape'>\n\t\t\t\t<a href='http:\/\/commune-loffre.fr\/index.php\/2019\/01\/27\/voeux-de-lannee-2019\/img_3742-copie-2\/'><img loading=\"lazy\" decoding=\"async\" width=\"150\" height=\"150\" src=\"http:\/\/commune-loffre.fr\/wp-content\/uploads\/2019\/01\/IMG_3742-copie-1-150x150.jpg\" class=\"attachment-thumbnail size-thumbnail\" alt=\"\" srcset=\"http:\/\/commune-loffre.fr\/wp-content\/uploads\/2019\/01\/IMG_3742-copie-1-150x150.jpg 150w, http:\/\/commune-loffre.fr\/wp-content\/uploads\/2019\/01\/IMG_3742-copie-1-180x180.jpg 180w, http:\/\/commune-loffre.fr\/wp-content\/uploads\/2019\/01\/IMG_3742-copie-1-60x60.jpg 60w\" sizes=\"(max-width: 150px) 100vw, 150px\" \/><\/a>\n\t\t\t<\/dt><\/dl><dl class='gallery-item'>\n\t\t\t<dt class='gallery-icon landscape'>\n\t\t\t\t<a href='http:\/\/commune-loffre.fr\/index.php\/2019\/01\/27\/voeux-de-lannee-2019\/img_3745-copie-2\/'><img loading=\"lazy\" decoding=\"async\" width=\"150\" height=\"150\" src=\"http:\/\/commune-loffre.fr\/wp-content\/uploads\/2019\/01\/IMG_3745-copie-1-150x150.jpg\" class=\"attachment-thumbnail size-thumbnail\" alt=\"\" srcset=\"http:\/\/commune-loffre.fr\/wp-content\/uploads\/2019\/01\/IMG_3745-copie-1-150x150.jpg 150w, http:\/\/commune-loffre.fr\/wp-content\/uploads\/2019\/01\/IMG_3745-copie-1-180x180.jpg 180w, http:\/\/commune-loffre.fr\/wp-content\/uploads\/2019\/01\/IMG_3745-copie-1-60x60.jpg 60w\" sizes=\"(max-width: 150px) 100vw, 150px\" \/><\/a>\n\t\t\t<\/dt><\/dl><dl class='gallery-item'>\n\t\t\t<dt class='gallery-icon landscape'>\n\t\t\t\t<a href='http:\/\/commune-loffre.fr\/index.php\/2019\/01\/27\/voeux-de-lannee-2019\/img_3750-copie-2\/'><img loading=\"lazy\" decoding=\"async\" width=\"150\" height=\"150\" src=\"http:\/\/commune-loffre.fr\/wp-content\/uploads\/2019\/01\/IMG_3750-copie-1-150x150.jpg\" class=\"attachment-thumbnail size-thumbnail\" alt=\"\" srcset=\"http:\/\/commune-loffre.fr\/wp-content\/uploads\/2019\/01\/IMG_3750-copie-1-150x150.jpg 150w, http:\/\/commune-loffre.fr\/wp-content\/uploads\/2019\/01\/IMG_3750-copie-1-180x180.jpg 180w, http:\/\/commune-loffre.fr\/wp-content\/uploads\/2019\/01\/IMG_3750-copie-1-60x60.jpg 60w\" sizes=\"(max-width: 150px) 100vw, 150px\" \/><\/a>\n\t\t\t<\/dt><\/dl><dl class='gallery-item'>\n\t\t\t<dt class='gallery-icon landscape'>\n\t\t\t\t<a href='http:\/\/commune-loffre.fr\/index.php\/2019\/01\/27\/voeux-de-lannee-2019\/img_3753-copie-2\/'><img loading=\"lazy\" decoding=\"async\" width=\"150\" height=\"150\" src=\"http:\/\/commune-loffre.fr\/wp-content\/uploads\/2019\/01\/IMG_3753-copie-1-150x150.jpg\" class=\"attachment-thumbnail size-thumbnail\" alt=\"\" srcset=\"http:\/\/commune-loffre.fr\/wp-content\/uploads\/2019\/01\/IMG_3753-copie-1-150x150.jpg 150w, http:\/\/commune-loffre.fr\/wp-content\/uploads\/2019\/01\/IMG_3753-copie-1-180x180.jpg 180w, http:\/\/commune-loffre.fr\/wp-content\/uploads\/2019\/01\/IMG_3753-copie-1-60x60.jpg 60w\" sizes=\"(max-width: 150px) 100vw, 150px\" \/><\/a>\n\t\t\t<\/dt><\/dl><dl class='gallery-item'>\n\t\t\t<dt class='gallery-icon landscape'>\n\t\t\t\t<a href='http:\/\/commune-loffre.fr\/index.php\/2019\/01\/27\/voeux-de-lannee-2019\/img_3755-copie-2\/'><img loading=\"lazy\" decoding=\"async\" width=\"150\" height=\"150\" src=\"http:\/\/commune-loffre.fr\/wp-content\/uploads\/2019\/01\/IMG_3755-copie-1-150x150.jpg\" class=\"attachment-thumbnail size-thumbnail\" alt=\"\" srcset=\"http:\/\/commune-loffre.fr\/wp-content\/uploads\/2019\/01\/IMG_3755-copie-1-150x150.jpg 150w, http:\/\/commune-loffre.fr\/wp-content\/uploads\/2019\/01\/IMG_3755-copie-1-180x180.jpg 180w, http:\/\/commune-loffre.fr\/wp-content\/uploads\/2019\/01\/IMG_3755-copie-1-60x60.jpg 60w\" sizes=\"(max-width: 150px) 100vw, 150px\" \/><\/a>\n\t\t\t<\/dt><\/dl><dl class='gallery-item'>\n\t\t\t<dt class='gallery-icon landscape'>\n\t\t\t\t<a href='http:\/\/commune-loffre.fr\/index.php\/2019\/01\/27\/voeux-de-lannee-2019\/p1010001-copie-18\/'><img loading=\"lazy\" decoding=\"async\" width=\"150\" height=\"150\" src=\"http:\/\/commune-loffre.fr\/wp-content\/uploads\/2019\/01\/P1010001-copie-1-150x150.jpg\" class=\"attachment-thumbnail size-thumbnail\" alt=\"\" srcset=\"http:\/\/commune-loffre.fr\/wp-content\/uploads\/2019\/01\/P1010001-copie-1-150x150.jpg 150w, http:\/\/commune-loffre.fr\/wp-content\/uploads\/2019\/01\/P1010001-copie-1-180x180.jpg 180w, http:\/\/commune-loffre.fr\/wp-content\/uploads\/2019\/01\/P1010001-copie-1-60x60.jpg 60w\" sizes=\"(max-width: 150px) 100vw, 150px\" \/><\/a>\n\t\t\t<\/dt><\/dl><dl class='gallery-item'>\n\t\t\t<dt class='gallery-icon landscape'>\n\t\t\t\t<a href='http:\/\/commune-loffre.fr\/index.php\/2019\/01\/27\/voeux-de-lannee-2019\/p1010002-copie-21\/'><img loading=\"lazy\" decoding=\"async\" width=\"150\" height=\"150\" src=\"http:\/\/commune-loffre.fr\/wp-content\/uploads\/2019\/01\/P1010002-copie-1-150x150.jpg\" class=\"attachment-thumbnail size-thumbnail\" alt=\"\" srcset=\"http:\/\/commune-loffre.fr\/wp-content\/uploads\/2019\/01\/P1010002-copie-1-150x150.jpg 150w, http:\/\/commune-loffre.fr\/wp-content\/uploads\/2019\/01\/P1010002-copie-1-180x180.jpg 180w, http:\/\/commune-loffre.fr\/wp-content\/uploads\/2019\/01\/P1010002-copie-1-60x60.jpg 60w\" sizes=\"(max-width: 150px) 100vw, 150px\" \/><\/a>\n\t\t\t<\/dt><\/dl><dl class='gallery-item'>\n\t\t\t<dt class='gallery-icon portrait'>\n\t\t\t\t<a href='http:\/\/commune-loffre.fr\/index.php\/2019\/01\/27\/voeux-de-lannee-2019\/p1010004-copie-19\/'><img loading=\"lazy\" decoding=\"async\" width=\"150\" height=\"150\" src=\"http:\/\/commune-loffre.fr\/wp-content\/uploads\/2019\/01\/P1010004-copie-1-150x150.jpg\" class=\"attachment-thumbnail size-thumbnail\" alt=\"\" srcset=\"http:\/\/commune-loffre.fr\/wp-content\/uploads\/2019\/01\/P1010004-copie-1-150x150.jpg 150w, http:\/\/commune-loffre.fr\/wp-content\/uploads\/2019\/01\/P1010004-copie-1-180x180.jpg 180w, http:\/\/commune-loffre.fr\/wp-content\/uploads\/2019\/01\/P1010004-copie-1-60x60.jpg 60w\" sizes=\"(max-width: 150px) 100vw, 150px\" \/><\/a>\n\t\t\t<\/dt><\/dl><br style=\"clear: both\" \/><dl class='gallery-item'>\n\t\t\t<dt class='gallery-icon landscape'>\n\t\t\t\t<a href='http:\/\/commune-loffre.fr\/index.php\/2019\/01\/27\/voeux-de-lannee-2019\/p1010005-copie-19\/'><img loading=\"lazy\" decoding=\"async\" width=\"150\" height=\"150\" src=\"http:\/\/commune-loffre.fr\/wp-content\/uploads\/2019\/01\/P1010005-copie-1-150x150.jpg\" class=\"attachment-thumbnail size-thumbnail\" alt=\"\" srcset=\"http:\/\/commune-loffre.fr\/wp-content\/uploads\/2019\/01\/P1010005-copie-1-150x150.jpg 150w, http:\/\/commune-loffre.fr\/wp-content\/uploads\/2019\/01\/P1010005-copie-1-180x180.jpg 180w, http:\/\/commune-loffre.fr\/wp-content\/uploads\/2019\/01\/P1010005-copie-1-60x60.jpg 60w\" sizes=\"(max-width: 150px) 100vw, 150px\" \/><\/a>\n\t\t\t<\/dt><\/dl><dl class='gallery-item'>\n\t\t\t<dt class='gallery-icon landscape'>\n\t\t\t\t<a href='http:\/\/commune-loffre.fr\/index.php\/2019\/01\/27\/voeux-de-lannee-2019\/p1010006-copie-23\/'><img loading=\"lazy\" decoding=\"async\" width=\"150\" height=\"150\" src=\"http:\/\/commune-loffre.fr\/wp-content\/uploads\/2019\/01\/P1010006-copie-1-150x150.jpg\" class=\"attachment-thumbnail size-thumbnail\" alt=\"\" srcset=\"http:\/\/commune-loffre.fr\/wp-content\/uploads\/2019\/01\/P1010006-copie-1-150x150.jpg 150w, http:\/\/commune-loffre.fr\/wp-content\/uploads\/2019\/01\/P1010006-copie-1-180x180.jpg 180w, http:\/\/commune-loffre.fr\/wp-content\/uploads\/2019\/01\/P1010006-copie-1-60x60.jpg 60w\" sizes=\"(max-width: 150px) 100vw, 150px\" \/><\/a>\n\t\t\t<\/dt><\/dl><dl class='gallery-item'>\n\t\t\t<dt class='gallery-icon landscape'>\n\t\t\t\t<a href='http:\/\/commune-loffre.fr\/index.php\/2019\/01\/27\/voeux-de-lannee-2019\/p1010007-copie-23\/'><img loading=\"lazy\" decoding=\"async\" width=\"150\" height=\"150\" src=\"http:\/\/commune-loffre.fr\/wp-content\/uploads\/2019\/01\/P1010007-copie-1-150x150.jpg\" class=\"attachment-thumbnail size-thumbnail\" alt=\"\" srcset=\"http:\/\/commune-loffre.fr\/wp-content\/uploads\/2019\/01\/P1010007-copie-1-150x150.jpg 150w, http:\/\/commune-loffre.fr\/wp-content\/uploads\/2019\/01\/P1010007-copie-1-180x180.jpg 180w, http:\/\/commune-loffre.fr\/wp-content\/uploads\/2019\/01\/P1010007-copie-1-60x60.jpg 60w\" sizes=\"(max-width: 150px) 100vw, 150px\" \/><\/a>\n\t\t\t<\/dt><\/dl><dl class='gallery-item'>\n\t\t\t<dt class='gallery-icon landscape'>\n\t\t\t\t<a href='http:\/\/commune-loffre.fr\/index.php\/2019\/01\/27\/voeux-de-lannee-2019\/p1010008-copie-21\/'><img loading=\"lazy\" decoding=\"async\" width=\"150\" height=\"150\" src=\"http:\/\/commune-loffre.fr\/wp-content\/uploads\/2019\/01\/P1010008-copie-1-150x150.jpg\" class=\"attachment-thumbnail size-thumbnail\" alt=\"\" srcset=\"http:\/\/commune-loffre.fr\/wp-content\/uploads\/2019\/01\/P1010008-copie-1-150x150.jpg 150w, http:\/\/commune-loffre.fr\/wp-content\/uploads\/2019\/01\/P1010008-copie-1-180x180.jpg 180w, http:\/\/commune-loffre.fr\/wp-content\/uploads\/2019\/01\/P1010008-copie-1-60x60.jpg 60w\" sizes=\"(max-width: 150px) 100vw, 150px\" \/><\/a>\n\t\t\t<\/dt><\/dl><dl class='gallery-item'>\n\t\t\t<dt class='gallery-icon landscape'>\n\t\t\t\t<a href='http:\/\/commune-loffre.fr\/index.php\/2019\/01\/27\/voeux-de-lannee-2019\/p1010009-copie-21\/'><img loading=\"lazy\" decoding=\"async\" width=\"150\" height=\"150\" src=\"http:\/\/commune-loffre.fr\/wp-content\/uploads\/2019\/01\/P1010009-copie-1-150x150.jpg\" class=\"attachment-thumbnail size-thumbnail\" alt=\"\" srcset=\"http:\/\/commune-loffre.fr\/wp-content\/uploads\/2019\/01\/P1010009-copie-1-150x150.jpg 150w, http:\/\/commune-loffre.fr\/wp-content\/uploads\/2019\/01\/P1010009-copie-1-180x180.jpg 180w, http:\/\/commune-loffre.fr\/wp-content\/uploads\/2019\/01\/P1010009-copie-1-60x60.jpg 60w\" sizes=\"(max-width: 150px) 100vw, 150px\" \/><\/a>\n\t\t\t<\/dt><\/dl><dl class='gallery-item'>\n\t\t\t<dt class='gallery-icon landscape'>\n\t\t\t\t<a href='http:\/\/commune-loffre.fr\/index.php\/2019\/01\/27\/voeux-de-lannee-2019\/p1010010-copie-19\/'><img loading=\"lazy\" decoding=\"async\" width=\"150\" height=\"150\" src=\"http:\/\/commune-loffre.fr\/wp-content\/uploads\/2019\/01\/P1010010-copie-1-150x150.jpg\" class=\"attachment-thumbnail size-thumbnail\" alt=\"\" srcset=\"http:\/\/commune-loffre.fr\/wp-content\/uploads\/2019\/01\/P1010010-copie-1-150x150.jpg 150w, http:\/\/commune-loffre.fr\/wp-content\/uploads\/2019\/01\/P1010010-copie-1-180x180.jpg 180w, http:\/\/commune-loffre.fr\/wp-content\/uploads\/2019\/01\/P1010010-copie-1-60x60.jpg 60w\" sizes=\"(max-width: 150px) 100vw, 150px\" \/><\/a>\n\t\t\t<\/dt><\/dl><dl class='gallery-item'>\n\t\t\t<dt class='gallery-icon portrait'>\n\t\t\t\t<a href='http:\/\/commune-loffre.fr\/index.php\/2019\/01\/27\/voeux-de-lannee-2019\/p1010012-copie-15\/'><img loading=\"lazy\" decoding=\"async\" width=\"150\" height=\"150\" src=\"http:\/\/commune-loffre.fr\/wp-content\/uploads\/2019\/01\/P1010012-copie-1-150x150.jpg\" class=\"attachment-thumbnail size-thumbnail\" alt=\"\" srcset=\"http:\/\/commune-loffre.fr\/wp-content\/uploads\/2019\/01\/P1010012-copie-1-150x150.jpg 150w, http:\/\/commune-loffre.fr\/wp-content\/uploads\/2019\/01\/P1010012-copie-1-180x180.jpg 180w, http:\/\/commune-loffre.fr\/wp-content\/uploads\/2019\/01\/P1010012-copie-1-60x60.jpg 60w\" sizes=\"(max-width: 150px) 100vw, 150px\" \/><\/a>\n\t\t\t<\/dt><\/dl><dl class='gallery-item'>\n\t\t\t<dt class='gallery-icon landscape'>\n\t\t\t\t<a href='http:\/\/commune-loffre.fr\/index.php\/2019\/01\/27\/voeux-de-lannee-2019\/p1010013-copie-12\/'><img loading=\"lazy\" decoding=\"async\" width=\"150\" height=\"150\" src=\"http:\/\/commune-loffre.fr\/wp-content\/uploads\/2019\/01\/P1010013-copie-1-150x150.jpg\" class=\"attachment-thumbnail size-thumbnail\" alt=\"\" srcset=\"http:\/\/commune-loffre.fr\/wp-content\/uploads\/2019\/01\/P1010013-copie-1-150x150.jpg 150w, http:\/\/commune-loffre.fr\/wp-content\/uploads\/2019\/01\/P1010013-copie-1-180x180.jpg 180w, http:\/\/commune-loffre.fr\/wp-content\/uploads\/2019\/01\/P1010013-copie-1-60x60.jpg 60w\" sizes=\"(max-width: 150px) 100vw, 150px\" \/><\/a>\n\t\t\t<\/dt><\/dl><br style=\"clear: both\" \/>\n\t\t<\/div>\n\n<p>Apr\u00e8s avoir chaleureusement accueilli la population et le public, Monsieur le Maire d\u00e9buta la c\u00e9r\u00e9monie en remerciant la population et les repr\u00e9sentants des associations d\u2019avoir accept\u00e9 l\u2019invitation du conseil municipal. Monsieur le Maire remercia \u00e9galement de leur pr\u00e9sence, Monsieur le S\u00e9nateur WATTEBLED, Monsieur BEAUCHAMP Conseiller d\u00e9partemental et Madame LUCAS sa suppl\u00e9ante, Maire de GUESNAIN, Monsieur le Pr\u00e9sident de la Communaut\u00e9 de Communes de C\u0153ur d\u2019Ostrevent, Monsieur DELANNOY, conseiller D\u00e9partemental et Maire d\u2019HORNAING, les maires, de FENAIN, Madame DUPILET, de LEWARDE Monsieur MICHALAK et de PECQUENCOURT, Monsieur PIERRACHE.<\/p>\n<p>Monsieur le Maire informa le public des excuses de Monsieur le Sous-Pr\u00e9fet, retenu par ses fonctions, et Monsieur le D\u00e9put\u00e9 Monsieur BRUNEEL.<\/p>\n<p>Apr\u00e8s cet exercice p\u00e9rilleux (car il ne faut oublier personne\u00a0!) Monsieur le Maire souhaita la bienvenue au public et adressa ses meilleurs v\u0153ux ainsi que ceux de l\u2019\u00e9quipe municipale \u00e0 l\u2019ensemble des loffriens, sans oublier les personnes souffrantes ou isol\u00e9es.<\/p>\n<p>Monsieur le Maire souligna l\u2019importance de la solidarit\u00e9 intracommunautaire qui selon lui ne doit pas s\u2019exprimer en sens unique. Il formula, au nom de l\u2019\u00e9quipe municipale, le souhait que le projet d\u2019enfouissement des r\u00e9seaux a\u00e9riens \u00e9lectriques puisse voir le jour et ne se transforme pas en Arl\u00e9sienne. Si rien ne bouge, Monsieur le Maire proposera au conseil municipal de reprendre la main sur ce dossier en annulant la d\u00e9l\u00e9gation de ma\u00eetrise d\u2019ouvrage confi\u00e9e \u00e0 C\u0153ur d\u2019Ostrevent.<\/p>\n<p>Du c\u00f4t\u00e9 des finances, Monsieur le Maire rappela la situation tr\u00e8s saine de la commune. Une bonne gestion qui permet d\u2019investir sans augmenter l\u2019imposition. A cet effet, Monsieur le Maire s\u2019engagea sur le maintien des taux actuels pour la taxe fonci\u00e8re et d\u2019habitation.<\/p>\n<p>Monsieur le Maire \u00e9voqua \u00e9galement les travaux de l\u2019ann\u00e9e \u00e9coul\u00e9e r\u00e9alis\u00e9s par les agents communaux ou par les entreprises, le premier prix de la commue pour une premi\u00e8re participation au label des villes et villages fleuris, le prix d\u2019excellence au concours des \u00e9coles fleuries pour une premi\u00e8re inscription, l\u2019am\u00e9lioration du cadre de vie gr\u00e2ce \u00e0 la Brigade Verte et aux agents techniques municipaux qui fleurissent et entretiennent de concert notre village et l\u2019installation de deux distributeurs automatiques l\u2019un pour du pain et viennoiseries et l\u2019autre pour des produits laitiers.<\/p>\n<p>Avant de laisser la parole \u00e0 Madame Sylvie LARIVIERE, adjointe aux affaires sociales, scolaires et \u00e0 la culture, Monsieur le Maire \u00e9num\u00e9ra les deux grands projets 2019, bien \u00e9videmment en rappelant l\u2019enfouissement des r\u00e9seaux a\u00e9riens \u00e9lectriques mais aussi le projet de lotissement-b\u00e9guinage qui \u00e9volue et qui pourrait trouver une issue favorable cette ann\u00e9e.<\/p>\n<p>Madame Sylvie LARIVIERE remercia \u00e9galement le public et les repr\u00e9sentants des associations de s\u2019\u00eatre d\u00e9plac\u00e9s et souhaita \u00e0 chacun d\u2019entre nous une tr\u00e8s bonne ann\u00e9e 2019. Madame LARIVIERE d\u00e9montra qu\u2019il faisait bon vivre \u00e0 Loffre, avec une petite pointe d\u2019humour, dans la mesure o\u00f9 les habitants pouvaient profiter d\u2019un supermarch\u00e9 (les distributeurs), une fiscalit\u00e9 communale tr\u00e8s douce, un milieu associatif tr\u00e8s dynamique, une \u00e9cole avec sa cantine et sa garderie dont l\u2019amplitude de fonctionnement a \u00e9t\u00e9 augment\u00e9e en 2018 et un centre a\u00e9r\u00e9 chaque \u00e9t\u00e9 durant le mois de juillet. Madame LARIVIERE souligna la solidarit\u00e9 interg\u00e9n\u00e9rationnelle qui existe dans la commune mais aussi lors de manifestations comme le T\u00e9l\u00e9thon o\u00f9 cette ann\u00e9e gr\u00e2ce aux associations loffriennes et habitants du village, 1\u00a0500 \u20ac avaient \u00e9t\u00e9 remis \u00e0 l\u2019association.<\/p>\n<p>&nbsp;<\/p>\n<p>Pour conclure et avant de poursuivre la soir\u00e9e autour d\u2019un moment de convivialit\u00e9, Monsieur le Maire remercia son \u00e9quipe municipale mais aussi l\u2019ensemble des agents communaux qui assurent au quotidien leur difficile mission de service public et de service au public.<\/p>\n","protected":false},"excerpt":{"rendered":"<p>Monsieur le Maire et le conseil municipal avaient invit\u00e9 les habitants de la commune ce samedi 26 janvier 2019 pour la traditionnelle c\u00e9r\u00e9monie des v\u0153ux. Apr\u00e8s avoir chaleureusement accueilli la&#8230; <a href=\"http:\/\/commune-loffre.fr\/index.php\/2019\/01\/27\/voeux-de-lannee-2019\/\">Read more &raquo;<\/a><\/p>\n","protected":false},"author":1,"featured_media":4386,"comment_status":"closed","ping_status":"closed","sticky":false,"template":"","format":"standard","meta":{"footnotes":""},"categories":[1],"tags":[],"_links":{"self":[{"href":"http:\/\/commune-loffre.fr\/index.php\/wp-json\/wp\/v2\/posts\/4367"}],"collection":[{"href":"http:\/\/commune-loffre.fr\/index.php\/wp-json\/wp\/v2\/posts"}],"about":[{"href":"http:\/\/commune-loffre.fr\/index.php\/wp-json\/wp\/v2\/types\/post"}],"author":[{"embeddable":true,"href":"http:\/\/commune-loffre.fr\/index.php\/wp-json\/wp\/v2\/users\/1"}],"replies":[{"embeddable":true,"href":"http:\/\/commune-loffre.fr\/index.php\/wp-json\/wp\/v2\/comments?post=4367"}],"version-history":[{"count":2,"href":"http:\/\/commune-loffre.fr\/index.php\/wp-json\/wp\/v2\/posts\/4367\/revisions"}],"predecessor-version":[{"id":4401,"href":"http:\/\/commune-loffre.fr\/index.php\/wp-json\/wp\/v2\/posts\/4367\/revisions\/4401"}],"wp:featuredmedia":[{"embeddable":true,"href":"http:\/\/commune-loffre.fr\/index.php\/wp-json\/wp\/v2\/media\/4386"}],"wp:attachment":[{"href":"http:\/\/commune-loffre.fr\/index.php\/wp-json\/wp\/v2\/media?parent=4367"}],"wp:term":[{"taxonomy":"category","embeddable":true,"href":"http:\/\/commune-loffre.fr\/index.php\/wp-json\/wp\/v2\/categories?post=4367"},{"taxonomy":"post_tag","embeddable":true,"href":"http:\/\/commune-loffre.fr\/index.php\/wp-json\/wp\/v2\/tags?post=4367"}],"curies":[{"name":"wp","href":"https:\/\/api.w.org\/{rel}","templated":true}]}}