{"id":4298,"date":"2018-12-13T21:22:17","date_gmt":"2018-12-13T20:22:17","guid":{"rendered":"http:\/\/commune-loffre.fr\/?p=4298"},"modified":"2018-12-13T21:22:17","modified_gmt":"2018-12-13T20:22:17","slug":"la-commune-de-loffre-et-ses-associations-ensemble-pour-le-telethon","status":"publish","type":"post","link":"http:\/\/commune-loffre.fr\/index.php\/2018\/12\/13\/la-commune-de-loffre-et-ses-associations-ensemble-pour-le-telethon\/","title":{"rendered":"La commune de LOFFRE et ses Associations \u00ab ENSEMBLE POUR LE T\u00c9L\u00c9THON \u00bb"},"content":{"rendered":"<p>\u00ab\u00a0Les actions solidaires sont des \u00e9v\u00e8nements de r\u00e9conciliation lorsque les \u00e9v\u00e8nements sociaux peuvent diviser\u00a0\u00bb, c\u2019est avec cette phrase fort \u00e0 propos en ce d\u00e9but du mois de d\u00e9cembre que Madame LARIVIERE adjointe au Maire de LOFFRE aux Affaires Sociales a accueilli les tr\u00e8s nombreux spectateurs venus ce samedi \u00e9couter le concert de \u00ab\u00a0la Chorale des Mineurs Polonais\u00a0\u00bb de DOUAI.<\/p>\n\n\t\t<style type=\"text\/css\">\n\t\t\t#gallery-1 {\n\t\t\t\tmargin: auto;\n\t\t\t}\n\t\t\t#gallery-1 .gallery-item {\n\t\t\t\tfloat: left;\n\t\t\t\tmargin-top: 10px;\n\t\t\t\ttext-align: center;\n\t\t\t\twidth: 11%;\n\t\t\t}\n\t\t\t#gallery-1 img {\n\t\t\t\tborder: 2px solid #cfcfcf;\n\t\t\t}\n\t\t\t#gallery-1 .gallery-caption {\n\t\t\t\tmargin-left: 0;\n\t\t\t}\n\t\t\t\/* see gallery_shortcode() in wp-includes\/media.php *\/\n\t\t<\/style>\n\t\t<div id='gallery-1' class='gallery galleryid-4298 gallery-columns-9 gallery-size-thumbnail'><dl class='gallery-item'>\n\t\t\t<dt class='gallery-icon landscape'>\n\t\t\t\t<a href='http:\/\/commune-loffre.fr\/index.php\/2018\/12\/13\/la-commune-de-loffre-et-ses-associations-ensemble-pour-le-telethon\/p1010088-copie-3\/'><img loading=\"lazy\" decoding=\"async\" width=\"150\" height=\"150\" src=\"http:\/\/commune-loffre.fr\/wp-content\/uploads\/2018\/12\/P1010088-copie-3-150x150.jpg\" class=\"attachment-thumbnail size-thumbnail\" alt=\"\" srcset=\"http:\/\/commune-loffre.fr\/wp-content\/uploads\/2018\/12\/P1010088-copie-3-150x150.jpg 150w, http:\/\/commune-loffre.fr\/wp-content\/uploads\/2018\/12\/P1010088-copie-3-180x180.jpg 180w, http:\/\/commune-loffre.fr\/wp-content\/uploads\/2018\/12\/P1010088-copie-3-60x60.jpg 60w\" sizes=\"(max-width: 150px) 100vw, 150px\" \/><\/a>\n\t\t\t<\/dt><\/dl><dl class='gallery-item'>\n\t\t\t<dt class='gallery-icon landscape'>\n\t\t\t\t<a href='http:\/\/commune-loffre.fr\/index.php\/2018\/12\/13\/la-commune-de-loffre-et-ses-associations-ensemble-pour-le-telethon\/p1010089-copie-2\/'><img loading=\"lazy\" decoding=\"async\" width=\"150\" height=\"150\" src=\"http:\/\/commune-loffre.fr\/wp-content\/uploads\/2018\/12\/P1010089-copie-3-150x150.jpg\" class=\"attachment-thumbnail size-thumbnail\" alt=\"\" srcset=\"http:\/\/commune-loffre.fr\/wp-content\/uploads\/2018\/12\/P1010089-copie-3-150x150.jpg 150w, http:\/\/commune-loffre.fr\/wp-content\/uploads\/2018\/12\/P1010089-copie-3-180x180.jpg 180w, http:\/\/commune-loffre.fr\/wp-content\/uploads\/2018\/12\/P1010089-copie-3-60x60.jpg 60w\" sizes=\"(max-width: 150px) 100vw, 150px\" \/><\/a>\n\t\t\t<\/dt><\/dl><dl class='gallery-item'>\n\t\t\t<dt class='gallery-icon portrait'>\n\t\t\t\t<a href='http:\/\/commune-loffre.fr\/index.php\/2018\/12\/13\/la-commune-de-loffre-et-ses-associations-ensemble-pour-le-telethon\/p1010090-copie-3\/'><img loading=\"lazy\" decoding=\"async\" width=\"150\" height=\"150\" src=\"http:\/\/commune-loffre.fr\/wp-content\/uploads\/2018\/12\/P1010090-copie-3-150x150.jpg\" class=\"attachment-thumbnail size-thumbnail\" alt=\"\" srcset=\"http:\/\/commune-loffre.fr\/wp-content\/uploads\/2018\/12\/P1010090-copie-3-150x150.jpg 150w, http:\/\/commune-loffre.fr\/wp-content\/uploads\/2018\/12\/P1010090-copie-3-180x180.jpg 180w, http:\/\/commune-loffre.fr\/wp-content\/uploads\/2018\/12\/P1010090-copie-3-60x60.jpg 60w\" sizes=\"(max-width: 150px) 100vw, 150px\" \/><\/a>\n\t\t\t<\/dt><\/dl><dl class='gallery-item'>\n\t\t\t<dt class='gallery-icon landscape'>\n\t\t\t\t<a href='http:\/\/commune-loffre.fr\/index.php\/2018\/12\/13\/la-commune-de-loffre-et-ses-associations-ensemble-pour-le-telethon\/p1010092-copie-2\/'><img loading=\"lazy\" decoding=\"async\" width=\"150\" height=\"150\" src=\"http:\/\/commune-loffre.fr\/wp-content\/uploads\/2018\/12\/P1010092-copie-3-150x150.jpg\" class=\"attachment-thumbnail size-thumbnail\" alt=\"\" srcset=\"http:\/\/commune-loffre.fr\/wp-content\/uploads\/2018\/12\/P1010092-copie-3-150x150.jpg 150w, http:\/\/commune-loffre.fr\/wp-content\/uploads\/2018\/12\/P1010092-copie-3-180x180.jpg 180w, http:\/\/commune-loffre.fr\/wp-content\/uploads\/2018\/12\/P1010092-copie-3-60x60.jpg 60w\" sizes=\"(max-width: 150px) 100vw, 150px\" \/><\/a>\n\t\t\t<\/dt><\/dl><dl class='gallery-item'>\n\t\t\t<dt class='gallery-icon landscape'>\n\t\t\t\t<a href='http:\/\/commune-loffre.fr\/index.php\/2018\/12\/13\/la-commune-de-loffre-et-ses-associations-ensemble-pour-le-telethon\/p1010093-copie-2\/'><img loading=\"lazy\" decoding=\"async\" width=\"150\" height=\"150\" src=\"http:\/\/commune-loffre.fr\/wp-content\/uploads\/2018\/12\/P1010093-copie-3-150x150.jpg\" class=\"attachment-thumbnail size-thumbnail\" alt=\"\" srcset=\"http:\/\/commune-loffre.fr\/wp-content\/uploads\/2018\/12\/P1010093-copie-3-150x150.jpg 150w, http:\/\/commune-loffre.fr\/wp-content\/uploads\/2018\/12\/P1010093-copie-3-180x180.jpg 180w, http:\/\/commune-loffre.fr\/wp-content\/uploads\/2018\/12\/P1010093-copie-3-60x60.jpg 60w\" sizes=\"(max-width: 150px) 100vw, 150px\" \/><\/a>\n\t\t\t<\/dt><\/dl><dl class='gallery-item'>\n\t\t\t<dt class='gallery-icon landscape'>\n\t\t\t\t<a href='http:\/\/commune-loffre.fr\/index.php\/2018\/12\/13\/la-commune-de-loffre-et-ses-associations-ensemble-pour-le-telethon\/p1010094-copie-2\/'><img loading=\"lazy\" decoding=\"async\" width=\"150\" height=\"150\" src=\"http:\/\/commune-loffre.fr\/wp-content\/uploads\/2018\/12\/P1010094-copie-3-150x150.jpg\" class=\"attachment-thumbnail size-thumbnail\" alt=\"\" srcset=\"http:\/\/commune-loffre.fr\/wp-content\/uploads\/2018\/12\/P1010094-copie-3-150x150.jpg 150w, http:\/\/commune-loffre.fr\/wp-content\/uploads\/2018\/12\/P1010094-copie-3-180x180.jpg 180w, http:\/\/commune-loffre.fr\/wp-content\/uploads\/2018\/12\/P1010094-copie-3-60x60.jpg 60w\" sizes=\"(max-width: 150px) 100vw, 150px\" \/><\/a>\n\t\t\t<\/dt><\/dl><dl class='gallery-item'>\n\t\t\t<dt class='gallery-icon landscape'>\n\t\t\t\t<a href='http:\/\/commune-loffre.fr\/index.php\/2018\/12\/13\/la-commune-de-loffre-et-ses-associations-ensemble-pour-le-telethon\/p1010095-copie-3\/'><img loading=\"lazy\" decoding=\"async\" width=\"150\" height=\"150\" src=\"http:\/\/commune-loffre.fr\/wp-content\/uploads\/2018\/12\/P1010095-copie-3-150x150.jpg\" class=\"attachment-thumbnail size-thumbnail\" alt=\"\" srcset=\"http:\/\/commune-loffre.fr\/wp-content\/uploads\/2018\/12\/P1010095-copie-3-150x150.jpg 150w, http:\/\/commune-loffre.fr\/wp-content\/uploads\/2018\/12\/P1010095-copie-3-180x180.jpg 180w, http:\/\/commune-loffre.fr\/wp-content\/uploads\/2018\/12\/P1010095-copie-3-60x60.jpg 60w\" sizes=\"(max-width: 150px) 100vw, 150px\" \/><\/a>\n\t\t\t<\/dt><\/dl><dl class='gallery-item'>\n\t\t\t<dt class='gallery-icon landscape'>\n\t\t\t\t<a href='http:\/\/commune-loffre.fr\/index.php\/2018\/12\/13\/la-commune-de-loffre-et-ses-associations-ensemble-pour-le-telethon\/p1010096-copie-2\/'><img loading=\"lazy\" decoding=\"async\" width=\"150\" height=\"150\" src=\"http:\/\/commune-loffre.fr\/wp-content\/uploads\/2018\/12\/P1010096-copie-3-150x150.jpg\" class=\"attachment-thumbnail size-thumbnail\" alt=\"\" srcset=\"http:\/\/commune-loffre.fr\/wp-content\/uploads\/2018\/12\/P1010096-copie-3-150x150.jpg 150w, http:\/\/commune-loffre.fr\/wp-content\/uploads\/2018\/12\/P1010096-copie-3-180x180.jpg 180w, http:\/\/commune-loffre.fr\/wp-content\/uploads\/2018\/12\/P1010096-copie-3-60x60.jpg 60w\" sizes=\"(max-width: 150px) 100vw, 150px\" \/><\/a>\n\t\t\t<\/dt><\/dl><dl class='gallery-item'>\n\t\t\t<dt class='gallery-icon portrait'>\n\t\t\t\t<a href='http:\/\/commune-loffre.fr\/index.php\/2018\/12\/13\/la-commune-de-loffre-et-ses-associations-ensemble-pour-le-telethon\/p1010097-copie-2\/'><img loading=\"lazy\" decoding=\"async\" width=\"150\" height=\"150\" src=\"http:\/\/commune-loffre.fr\/wp-content\/uploads\/2018\/12\/P1010097-copie-3-150x150.jpg\" class=\"attachment-thumbnail size-thumbnail\" alt=\"\" srcset=\"http:\/\/commune-loffre.fr\/wp-content\/uploads\/2018\/12\/P1010097-copie-3-150x150.jpg 150w, http:\/\/commune-loffre.fr\/wp-content\/uploads\/2018\/12\/P1010097-copie-3-180x180.jpg 180w, http:\/\/commune-loffre.fr\/wp-content\/uploads\/2018\/12\/P1010097-copie-3-60x60.jpg 60w\" sizes=\"(max-width: 150px) 100vw, 150px\" \/><\/a>\n\t\t\t<\/dt><\/dl><br style=\"clear: both\" \/><dl class='gallery-item'>\n\t\t\t<dt class='gallery-icon landscape'>\n\t\t\t\t<a href='http:\/\/commune-loffre.fr\/index.php\/2018\/12\/13\/la-commune-de-loffre-et-ses-associations-ensemble-pour-le-telethon\/p1010098-copie-2\/'><img loading=\"lazy\" decoding=\"async\" width=\"150\" height=\"150\" src=\"http:\/\/commune-loffre.fr\/wp-content\/uploads\/2018\/12\/P1010098-copie-3-150x150.jpg\" class=\"attachment-thumbnail size-thumbnail\" alt=\"\" srcset=\"http:\/\/commune-loffre.fr\/wp-content\/uploads\/2018\/12\/P1010098-copie-3-150x150.jpg 150w, http:\/\/commune-loffre.fr\/wp-content\/uploads\/2018\/12\/P1010098-copie-3-180x180.jpg 180w, http:\/\/commune-loffre.fr\/wp-content\/uploads\/2018\/12\/P1010098-copie-3-60x60.jpg 60w\" sizes=\"(max-width: 150px) 100vw, 150px\" \/><\/a>\n\t\t\t<\/dt><\/dl><dl class='gallery-item'>\n\t\t\t<dt class='gallery-icon landscape'>\n\t\t\t\t<a href='http:\/\/commune-loffre.fr\/index.php\/2018\/12\/13\/la-commune-de-loffre-et-ses-associations-ensemble-pour-le-telethon\/p1010099-copie-2\/'><img loading=\"lazy\" decoding=\"async\" width=\"150\" height=\"150\" src=\"http:\/\/commune-loffre.fr\/wp-content\/uploads\/2018\/12\/P1010099-copie-3-150x150.jpg\" class=\"attachment-thumbnail size-thumbnail\" alt=\"\" srcset=\"http:\/\/commune-loffre.fr\/wp-content\/uploads\/2018\/12\/P1010099-copie-3-150x150.jpg 150w, http:\/\/commune-loffre.fr\/wp-content\/uploads\/2018\/12\/P1010099-copie-3-180x180.jpg 180w, http:\/\/commune-loffre.fr\/wp-content\/uploads\/2018\/12\/P1010099-copie-3-60x60.jpg 60w\" sizes=\"(max-width: 150px) 100vw, 150px\" \/><\/a>\n\t\t\t<\/dt><\/dl><dl class='gallery-item'>\n\t\t\t<dt class='gallery-icon landscape'>\n\t\t\t\t<a href='http:\/\/commune-loffre.fr\/index.php\/2018\/12\/13\/la-commune-de-loffre-et-ses-associations-ensemble-pour-le-telethon\/p1010100-copie-3\/'><img loading=\"lazy\" decoding=\"async\" width=\"150\" height=\"150\" src=\"http:\/\/commune-loffre.fr\/wp-content\/uploads\/2018\/12\/P1010100-copie-3-150x150.jpg\" class=\"attachment-thumbnail size-thumbnail\" alt=\"\" srcset=\"http:\/\/commune-loffre.fr\/wp-content\/uploads\/2018\/12\/P1010100-copie-3-150x150.jpg 150w, http:\/\/commune-loffre.fr\/wp-content\/uploads\/2018\/12\/P1010100-copie-3-180x180.jpg 180w, http:\/\/commune-loffre.fr\/wp-content\/uploads\/2018\/12\/P1010100-copie-3-60x60.jpg 60w\" sizes=\"(max-width: 150px) 100vw, 150px\" \/><\/a>\n\t\t\t<\/dt><\/dl><dl class='gallery-item'>\n\t\t\t<dt class='gallery-icon landscape'>\n\t\t\t\t<a href='http:\/\/commune-loffre.fr\/index.php\/2018\/12\/13\/la-commune-de-loffre-et-ses-associations-ensemble-pour-le-telethon\/p1010101-copie-3\/'><img loading=\"lazy\" decoding=\"async\" width=\"150\" height=\"150\" src=\"http:\/\/commune-loffre.fr\/wp-content\/uploads\/2018\/12\/P1010101-copie-3-150x150.jpg\" class=\"attachment-thumbnail size-thumbnail\" alt=\"\" srcset=\"http:\/\/commune-loffre.fr\/wp-content\/uploads\/2018\/12\/P1010101-copie-3-150x150.jpg 150w, http:\/\/commune-loffre.fr\/wp-content\/uploads\/2018\/12\/P1010101-copie-3-180x180.jpg 180w, http:\/\/commune-loffre.fr\/wp-content\/uploads\/2018\/12\/P1010101-copie-3-60x60.jpg 60w\" sizes=\"(max-width: 150px) 100vw, 150px\" \/><\/a>\n\t\t\t<\/dt><\/dl><dl class='gallery-item'>\n\t\t\t<dt class='gallery-icon portrait'>\n\t\t\t\t<a href='http:\/\/commune-loffre.fr\/index.php\/2018\/12\/13\/la-commune-de-loffre-et-ses-associations-ensemble-pour-le-telethon\/p1010102-copie-3\/'><img loading=\"lazy\" decoding=\"async\" width=\"150\" height=\"150\" src=\"http:\/\/commune-loffre.fr\/wp-content\/uploads\/2018\/12\/P1010102-copie-3-150x150.jpg\" class=\"attachment-thumbnail size-thumbnail\" alt=\"\" srcset=\"http:\/\/commune-loffre.fr\/wp-content\/uploads\/2018\/12\/P1010102-copie-3-150x150.jpg 150w, http:\/\/commune-loffre.fr\/wp-content\/uploads\/2018\/12\/P1010102-copie-3-180x180.jpg 180w, http:\/\/commune-loffre.fr\/wp-content\/uploads\/2018\/12\/P1010102-copie-3-60x60.jpg 60w\" sizes=\"(max-width: 150px) 100vw, 150px\" \/><\/a>\n\t\t\t<\/dt><\/dl><dl class='gallery-item'>\n\t\t\t<dt class='gallery-icon landscape'>\n\t\t\t\t<a href='http:\/\/commune-loffre.fr\/index.php\/2018\/12\/13\/la-commune-de-loffre-et-ses-associations-ensemble-pour-le-telethon\/p1010103-copie-3\/'><img loading=\"lazy\" decoding=\"async\" width=\"150\" height=\"150\" src=\"http:\/\/commune-loffre.fr\/wp-content\/uploads\/2018\/12\/P1010103-copie-3-150x150.jpg\" class=\"attachment-thumbnail size-thumbnail\" alt=\"\" srcset=\"http:\/\/commune-loffre.fr\/wp-content\/uploads\/2018\/12\/P1010103-copie-3-150x150.jpg 150w, http:\/\/commune-loffre.fr\/wp-content\/uploads\/2018\/12\/P1010103-copie-3-180x180.jpg 180w, http:\/\/commune-loffre.fr\/wp-content\/uploads\/2018\/12\/P1010103-copie-3-60x60.jpg 60w\" sizes=\"(max-width: 150px) 100vw, 150px\" \/><\/a>\n\t\t\t<\/dt><\/dl><dl class='gallery-item'>\n\t\t\t<dt class='gallery-icon landscape'>\n\t\t\t\t<a href='http:\/\/commune-loffre.fr\/index.php\/2018\/12\/13\/la-commune-de-loffre-et-ses-associations-ensemble-pour-le-telethon\/p1010104-copie-2\/'><img loading=\"lazy\" decoding=\"async\" width=\"150\" height=\"150\" src=\"http:\/\/commune-loffre.fr\/wp-content\/uploads\/2018\/12\/P1010104-copie-3-150x150.jpg\" class=\"attachment-thumbnail size-thumbnail\" alt=\"\" srcset=\"http:\/\/commune-loffre.fr\/wp-content\/uploads\/2018\/12\/P1010104-copie-3-150x150.jpg 150w, http:\/\/commune-loffre.fr\/wp-content\/uploads\/2018\/12\/P1010104-copie-3-180x180.jpg 180w, http:\/\/commune-loffre.fr\/wp-content\/uploads\/2018\/12\/P1010104-copie-3-60x60.jpg 60w\" sizes=\"(max-width: 150px) 100vw, 150px\" \/><\/a>\n\t\t\t<\/dt><\/dl><dl class='gallery-item'>\n\t\t\t<dt class='gallery-icon landscape'>\n\t\t\t\t<a href='http:\/\/commune-loffre.fr\/index.php\/2018\/12\/13\/la-commune-de-loffre-et-ses-associations-ensemble-pour-le-telethon\/p1010105-copie-3\/'><img loading=\"lazy\" decoding=\"async\" width=\"150\" height=\"150\" src=\"http:\/\/commune-loffre.fr\/wp-content\/uploads\/2018\/12\/P1010105-copie-3-150x150.jpg\" class=\"attachment-thumbnail size-thumbnail\" alt=\"\" srcset=\"http:\/\/commune-loffre.fr\/wp-content\/uploads\/2018\/12\/P1010105-copie-3-150x150.jpg 150w, http:\/\/commune-loffre.fr\/wp-content\/uploads\/2018\/12\/P1010105-copie-3-180x180.jpg 180w, http:\/\/commune-loffre.fr\/wp-content\/uploads\/2018\/12\/P1010105-copie-3-60x60.jpg 60w\" sizes=\"(max-width: 150px) 100vw, 150px\" \/><\/a>\n\t\t\t<\/dt><\/dl>\n\t\t\t<br style='clear: both' \/>\n\t\t<\/div>\n\n<p>Elle a pu aussi rappeler que Le t\u00e9l\u00e9thon \u00e0 lui seul n\u2019est bien \u00e9videment pas suffisant mais c\u2019est un levier et les petits dons sont les plus forts et les plus symboliques pour financer la recherche et c\u2019est exactement ce que le village de Loffre r\u00e9alise\u00a0: des actions \u00e0 sa mesure. Quelques heures avant le d\u00e9but du concert, une premi\u00e8re action au profit du TELETHON \u00e9tait men\u00e9e par <strong>\u00ab\u00a0l\u2019Association des randonneurs de LOFFRE<\/strong>\u00a0\u00bb \u00e0 savoir une randonn\u00e9e familiale de 4 kms, la m\u00e9t\u00e9o pluvieuse n\u2019a pas d\u00e9courag\u00e9 la quarantaine de courageux qui se sont lanc\u00e9s dans l\u2019aventure. Les b\u00e9n\u00e9voles ont organis\u00e9 une vente de tartes sal\u00e9es, de p\u00e2tisseries et de confitures confectionn\u00e9es par les habitants de la commune et\/ou les adh\u00e9rents des associations du village. Enfin le concert choral sous la direction de <strong>Monsieur THIBAULT VAXIN nouveau chef de ch\u0153ur<\/strong> a plong\u00e9 le public dans un moment suspendu de bien \u00eatre et d\u2019enchantement. La culture rassemble et elle rapproche encore plus lorsqu\u2019elle est mise \u00e0 profit d\u2019une cause g\u00e9n\u00e9reuse et solidaire. Cette ann\u00e9e 2018, les diff\u00e9rentes actions men\u00e9es par la commune, les associations et les b\u00e9n\u00e9voles ont permis de recueillir la somme de 1\u00a0500\u20ac au profit du TELETHON.<\/p>\n","protected":false},"excerpt":{"rendered":"<p>\u00ab\u00a0Les actions solidaires sont des \u00e9v\u00e8nements de r\u00e9conciliation lorsque les \u00e9v\u00e8nements sociaux peuvent diviser\u00a0\u00bb, c\u2019est avec cette phrase fort \u00e0 propos en ce d\u00e9but du mois de d\u00e9cembre que Madame&#8230; <a href=\"http:\/\/commune-loffre.fr\/index.php\/2018\/12\/13\/la-commune-de-loffre-et-ses-associations-ensemble-pour-le-telethon\/\">Read more &raquo;<\/a><\/p>\n","protected":false},"author":1,"featured_media":0,"comment_status":"closed","ping_status":"closed","sticky":false,"template":"","format":"standard","meta":{"footnotes":""},"categories":[1],"tags":[],"_links":{"self":[{"href":"http:\/\/commune-loffre.fr\/index.php\/wp-json\/wp\/v2\/posts\/4298"}],"collection":[{"href":"http:\/\/commune-loffre.fr\/index.php\/wp-json\/wp\/v2\/posts"}],"about":[{"href":"http:\/\/commune-loffre.fr\/index.php\/wp-json\/wp\/v2\/types\/post"}],"author":[{"embeddable":true,"href":"http:\/\/commune-loffre.fr\/index.php\/wp-json\/wp\/v2\/users\/1"}],"replies":[{"embeddable":true,"href":"http:\/\/commune-loffre.fr\/index.php\/wp-json\/wp\/v2\/comments?post=4298"}],"version-history":[{"count":1,"href":"http:\/\/commune-loffre.fr\/index.php\/wp-json\/wp\/v2\/posts\/4298\/revisions"}],"predecessor-version":[{"id":4316,"href":"http:\/\/commune-loffre.fr\/index.php\/wp-json\/wp\/v2\/posts\/4298\/revisions\/4316"}],"wp:attachment":[{"href":"http:\/\/commune-loffre.fr\/index.php\/wp-json\/wp\/v2\/media?parent=4298"}],"wp:term":[{"taxonomy":"category","embeddable":true,"href":"http:\/\/commune-loffre.fr\/index.php\/wp-json\/wp\/v2\/categories?post=4298"},{"taxonomy":"post_tag","embeddable":true,"href":"http:\/\/commune-loffre.fr\/index.php\/wp-json\/wp\/v2\/tags?post=4298"}],"curies":[{"name":"wp","href":"https:\/\/api.w.org\/{rel}","templated":true}]}}