{"id":4292,"date":"2018-12-11T19:49:41","date_gmt":"2018-12-11T18:49:41","guid":{"rendered":"http:\/\/commune-loffre.fr\/?p=4292"},"modified":"2018-12-11T19:49:41","modified_gmt":"2018-12-11T18:49:41","slug":"concours-des-villes-et-villages-fleuris","status":"publish","type":"post","link":"http:\/\/commune-loffre.fr\/index.php\/2018\/12\/11\/concours-des-villes-et-villages-fleuris\/","title":{"rendered":"Concours des villes et villages fleuris"},"content":{"rendered":"<p>La municipalit\u00e9 a d\u00e9cid\u00e9 de s\u2019inscrire pour la premi\u00e8re fois au concours des villes et villages fleuris pour tenter de d\u00e9crocher le c\u00e9l\u00e8bre label. Mais le chemin qui permet d\u2019obtenir une fleur est complexe dans la mesure o\u00f9 il ne suffit pas simplement de fleurir les espaces publics.<\/p>\n\n\t\t<style type=\"text\/css\">\n\t\t\t#gallery-1 {\n\t\t\t\tmargin: auto;\n\t\t\t}\n\t\t\t#gallery-1 .gallery-item {\n\t\t\t\tfloat: left;\n\t\t\t\tmargin-top: 10px;\n\t\t\t\ttext-align: center;\n\t\t\t\twidth: 100%;\n\t\t\t}\n\t\t\t#gallery-1 img {\n\t\t\t\tborder: 2px solid #cfcfcf;\n\t\t\t}\n\t\t\t#gallery-1 .gallery-caption {\n\t\t\t\tmargin-left: 0;\n\t\t\t}\n\t\t\t\/* see gallery_shortcode() in wp-includes\/media.php *\/\n\t\t<\/style>\n\t\t<div id='gallery-1' class='gallery galleryid-4292 gallery-columns-1 gallery-size-medium'><dl class='gallery-item'>\n\t\t\t<dt class='gallery-icon landscape'>\n\t\t\t\t<a href='http:\/\/commune-loffre.fr\/index.php\/2018\/12\/11\/concours-des-villes-et-villages-fleuris\/villes-et-villages-fleuries-2\/'><img loading=\"lazy\" decoding=\"async\" width=\"300\" height=\"212\" src=\"http:\/\/commune-loffre.fr\/wp-content\/uploads\/2018\/12\/villes-et-villages-fleuries-2-300x212.jpg\" class=\"attachment-medium size-medium\" alt=\"\" srcset=\"http:\/\/commune-loffre.fr\/wp-content\/uploads\/2018\/12\/villes-et-villages-fleuries-2-300x212.jpg 300w, http:\/\/commune-loffre.fr\/wp-content\/uploads\/2018\/12\/villes-et-villages-fleuries-2-768x543.jpg 768w, http:\/\/commune-loffre.fr\/wp-content\/uploads\/2018\/12\/villes-et-villages-fleuries-2-1024x724.jpg 1024w, http:\/\/commune-loffre.fr\/wp-content\/uploads\/2018\/12\/villes-et-villages-fleuries-2-624x441.jpg 624w\" sizes=\"(max-width: 300px) 100vw, 300px\" \/><\/a>\n\t\t\t<\/dt><\/dl><br style=\"clear: both\" \/>\n\t\t<\/div>\n\n<p>En effet, le dossier \u00e0 pr\u00e9senter doit faire ressortir notamment\u00a0:<\/p>\n<ul>\n<li>Notre d\u00e9marche de valorisation (motivation, strat\u00e9gie d\u2019am\u00e9nagement et de gestion),<\/li>\n<li>L\u2019animation et la promotion de la d\u00e9marche (aupr\u00e8s de la population, des touristes, les services municipaux et les autres gestionnaires de l\u2019espace public)<\/li>\n<li>Le patrimoine v\u00e9g\u00e9tal et le fleurissement (arbres, pelouses, fleurissement),<\/li>\n<li>La gestion environnementale et la qualit\u00e9 de l\u2019espace public, (ma\u00eetrise de la publicit\u00e9 et des enseignes, r\u00e9novation et entretien des fa\u00e7ades, effacement des r\u00e9seaux, int\u00e9gration du mobilier urbain, qualit\u00e9 de la voirie et des circulations)<\/li>\n<li>La pertinence de l\u2019am\u00e9nagement paysager et de la gestion (entr\u00e9es de la commune, centre de la commune et quartiers d\u2019habitations)<\/li>\n<\/ul>\n<p>Une visite du jury s\u2019est d\u00e9roul\u00e9e au cours du mois de juillet afin d\u2019\u00e9valuer le dossier de la commune et les r\u00e9sultats ont \u00e9t\u00e9 communiqu\u00e9s en cette fin d\u2019ann\u00e9e. Pour une premi\u00e8re participation, notre commune a obtenu le dipl\u00f4me d\u2019honneur \u00ab\u00a0prix de la premi\u00e8re participation\u00a0\u00bb dans la cat\u00e9gorie commune de 500 \u00e0 1\u00a0100 habitants.<\/p>\n<p>Le conseil municipal adresse ses f\u00e9licitations aux agents techniques en charge de la d\u00e9marche et en particulier \u00e0 Monsieur Emmanuel DURIEZ qui a pilot\u00e9 le dossier avec Monsieur le Maire.<\/p>\n","protected":false},"excerpt":{"rendered":"<p>La municipalit\u00e9 a d\u00e9cid\u00e9 de s\u2019inscrire pour la premi\u00e8re fois au concours des villes et villages fleuris pour tenter de d\u00e9crocher le c\u00e9l\u00e8bre label. Mais le chemin qui permet d\u2019obtenir&#8230; <a href=\"http:\/\/commune-loffre.fr\/index.php\/2018\/12\/11\/concours-des-villes-et-villages-fleuris\/\">Read more &raquo;<\/a><\/p>\n","protected":false},"author":1,"featured_media":0,"comment_status":"closed","ping_status":"closed","sticky":false,"template":"","format":"standard","meta":{"footnotes":""},"categories":[3],"tags":[],"_links":{"self":[{"href":"http:\/\/commune-loffre.fr\/index.php\/wp-json\/wp\/v2\/posts\/4292"}],"collection":[{"href":"http:\/\/commune-loffre.fr\/index.php\/wp-json\/wp\/v2\/posts"}],"about":[{"href":"http:\/\/commune-loffre.fr\/index.php\/wp-json\/wp\/v2\/types\/post"}],"author":[{"embeddable":true,"href":"http:\/\/commune-loffre.fr\/index.php\/wp-json\/wp\/v2\/users\/1"}],"replies":[{"embeddable":true,"href":"http:\/\/commune-loffre.fr\/index.php\/wp-json\/wp\/v2\/comments?post=4292"}],"version-history":[{"count":1,"href":"http:\/\/commune-loffre.fr\/index.php\/wp-json\/wp\/v2\/posts\/4292\/revisions"}],"predecessor-version":[{"id":4294,"href":"http:\/\/commune-loffre.fr\/index.php\/wp-json\/wp\/v2\/posts\/4292\/revisions\/4294"}],"wp:attachment":[{"href":"http:\/\/commune-loffre.fr\/index.php\/wp-json\/wp\/v2\/media?parent=4292"}],"wp:term":[{"taxonomy":"category","embeddable":true,"href":"http:\/\/commune-loffre.fr\/index.php\/wp-json\/wp\/v2\/categories?post=4292"},{"taxonomy":"post_tag","embeddable":true,"href":"http:\/\/commune-loffre.fr\/index.php\/wp-json\/wp\/v2\/tags?post=4292"}],"curies":[{"name":"wp","href":"https:\/\/api.w.org\/{rel}","templated":true}]}}