{"id":420,"date":"2016-05-08T19:57:34","date_gmt":"2016-05-08T18:57:34","guid":{"rendered":"http:\/\/commune-loffre.fr\/?p=420"},"modified":"2016-05-08T19:57:34","modified_gmt":"2016-05-08T18:57:34","slug":"commemoration-de-larmistice-du-8-mai-1945","status":"publish","type":"post","link":"http:\/\/commune-loffre.fr\/index.php\/2016\/05\/08\/commemoration-de-larmistice-du-8-mai-1945\/","title":{"rendered":"Comm\u00e9moration de l\u2019Armistice du 8 Mai 1945"},"content":{"rendered":"<p><a href=\"http:\/\/commune-loffre.fr\/index.php\/galerie\/\">Les photos ..<\/a><\/p>\n<p>En ce Dimanche 8 Mai 2016 \u00e0 12 h 30 \u00e0 la salle polyvalente, le Conseil Municipal et les anciens combattants de Loffre ont donn\u00e9 rendez-vous, aux responsables d\u2019associations, habitants, \u00e0 Monsieur le Directeur de l\u2019\u00e9cole Henri Matisse et aux enfants du village afin de comm\u00e9morer le soixante et onzi\u00e8me anniversaire de la victoire des alli\u00e9s.\u00a0 Les participants se sont donc rendus au monument aux Morts pour cet hommage. Monsieur le Maire et Monsieur Joseph BOUREL, Pr\u00e9sident des Anciens Combattants de Loffre, y ont d\u00e9pos\u00e9 une gerbe. Puis Monsieur le Maire donna lecture du discours de Monsieur Jean-Marc TODESCHINI, Secr\u00e9taire d&rsquo;Etat aux anciens combattants et \u00e0 la m\u00e9moire. Pr\u00e9alablement, une minute de silence avait \u00e9t\u00e9 respect\u00e9e. L\u2019harmonie municipale de Montigny en Ostrevent, \u00ab\u00a0Les amis r\u00e9unis\u00a0\u00bb a accompagn\u00e9 la c\u00e9r\u00e9monie par l\u2019interpr\u00e9tation de l\u2019hymne nationale et d\u2019autres musiques lors du retour \u00e0 la salle polyvalente.<\/p>\n<p>Ce Dimanche a \u00e9t\u00e9 aussi l\u2019occasion, pour Monsieur le Maire, de remettre les m\u00e9dailles du travail\u00a0:<\/p>\n<p>Monsieur Didier PIGULA, pour le dipl\u00f4me correspondant \u00e0 la m\u00e9daille d\u2019honneur du travail d\u2019Argent en r\u00e9compense de 20 ans de services comme agent de fabrication \u00e0 la soci\u00e9t\u00e9 SEVELNORD \u00e0 SAINT AMAND.<\/p>\n<p>Madame Maryse ROGEZ, pour le dipl\u00f4me correspondant \u00e0 la m\u00e9daille d\u2019honneur r\u00e9gionale, d\u00e9partementale et communale de Vermeil en r\u00e9compense de 30 ans de services comme Directrice G\u00e9n\u00e9rale des Services \u00e0 la Mairie de LOFFRE.<\/p>\n<p>Monsieur Herv\u00e9 BAUDUIN, pour la m\u00e9daille d\u2019honneur du travail \u00e9chelon vermeil en tant que cadre \u00e0 la banque de France \u00e0 ROUBAIX,<\/p>\n<p>Madame Nathalie DELHAYE, pour la m\u00e9daille d\u2019honneur du travail \u00e9chelon argent comme agent de fabrication \u00e0 la soci\u00e9t\u00e9 TITAGAHR WAGONS AFR \u00e0 DOUAI.<\/p>\n<p>Ces deux derniers r\u00e9cipiendaires n\u2019ont pu assister \u00e0 la c\u00e9r\u00e9monie pour la remise de leur dipl\u00f4me.<\/p>\n<p>Pour conclure cette comm\u00e9moration, Monsieur le Maire remercia l\u2019association des Anciens Combattants de Loffre et son pr\u00e9sident Monsieur Joseph BOUREL pour leur participation, les enfants pr\u00e9sents et le personnel enseignant de l\u2019\u00e9cole Henri Matisse,\u00a0\u00a0 les membres de l\u2019harmonie \u00ab\u00a0Les amis r\u00e9unis\u00a0\u00bb de Montigny en Ostrevent sous la pr\u00e9sidence de Monsieur GUINCHI et son Chef Monsieur BOT, qui seront en concert de printemps \u00e0 la salle Jean Monnet \u00e0 MONTIGNY le Dimanche 15 Mai \u00e0 16h00, le personnel communal pour la pr\u00e9paration de cet hommage et les membres du conseil municipal.<\/p>\n<p>A l\u2019issue de la c\u00e9r\u00e9monie, un moment de convivialit\u00e9 a \u00e9t\u00e9 partag\u00e9 en la salle polyvalente.<\/p>\n<p>&nbsp;<\/p>\n","protected":false},"excerpt":{"rendered":"<p>Les photos .. En ce Dimanche 8 Mai 2016 \u00e0 12 h 30 \u00e0 la salle polyvalente, le Conseil Municipal et les anciens combattants de Loffre ont donn\u00e9 rendez-vous, aux&#8230; <a href=\"http:\/\/commune-loffre.fr\/index.php\/2016\/05\/08\/commemoration-de-larmistice-du-8-mai-1945\/\">Read more &raquo;<\/a><\/p>\n","protected":false},"author":1,"featured_media":0,"comment_status":"closed","ping_status":"closed","sticky":false,"template":"","format":"standard","meta":{"footnotes":""},"categories":[1],"tags":[],"_links":{"self":[{"href":"http:\/\/commune-loffre.fr\/index.php\/wp-json\/wp\/v2\/posts\/420"}],"collection":[{"href":"http:\/\/commune-loffre.fr\/index.php\/wp-json\/wp\/v2\/posts"}],"about":[{"href":"http:\/\/commune-loffre.fr\/index.php\/wp-json\/wp\/v2\/types\/post"}],"author":[{"embeddable":true,"href":"http:\/\/commune-loffre.fr\/index.php\/wp-json\/wp\/v2\/users\/1"}],"replies":[{"embeddable":true,"href":"http:\/\/commune-loffre.fr\/index.php\/wp-json\/wp\/v2\/comments?post=420"}],"version-history":[{"count":3,"href":"http:\/\/commune-loffre.fr\/index.php\/wp-json\/wp\/v2\/posts\/420\/revisions"}],"predecessor-version":[{"id":438,"href":"http:\/\/commune-loffre.fr\/index.php\/wp-json\/wp\/v2\/posts\/420\/revisions\/438"}],"wp:attachment":[{"href":"http:\/\/commune-loffre.fr\/index.php\/wp-json\/wp\/v2\/media?parent=420"}],"wp:term":[{"taxonomy":"category","embeddable":true,"href":"http:\/\/commune-loffre.fr\/index.php\/wp-json\/wp\/v2\/categories?post=420"},{"taxonomy":"post_tag","embeddable":true,"href":"http:\/\/commune-loffre.fr\/index.php\/wp-json\/wp\/v2\/tags?post=420"}],"curies":[{"name":"wp","href":"https:\/\/api.w.org\/{rel}","templated":true}]}}