{"id":4115,"date":"2018-11-14T08:49:09","date_gmt":"2018-11-14T07:49:09","guid":{"rendered":"http:\/\/commune-loffre.fr\/?p=4115"},"modified":"2018-11-14T08:49:09","modified_gmt":"2018-11-14T07:49:09","slug":"commemoration-du-11-novembre-exposition-sur-le-parcours-des-poilus-loffriens-morts-pour-la-france-et-remise-des-medailles-du-travail","status":"publish","type":"post","link":"http:\/\/commune-loffre.fr\/index.php\/2018\/11\/14\/commemoration-du-11-novembre-exposition-sur-le-parcours-des-poilus-loffriens-morts-pour-la-france-et-remise-des-medailles-du-travail\/","title":{"rendered":"Comm\u00e9moration du 11 Novembre, exposition sur le parcours des poilus Loffriens morts pour la France et remise des m\u00e9dailles du travail"},"content":{"rendered":"<p><strong><\/strong>Monsieur le Maire, le conseil municipal, les Anciens Combattants de Loffre, les repr\u00e9sentants des associations, Monsieur le Directeur et des enfants de l\u2019\u00e9cole Henri MATISSE et de nombreux habitants ont comm\u00e9mor\u00e9 ce 11 Novembre l\u2019armistice de la premi\u00e8re guerre mondiale.<\/p>\n\n\t\t<style type=\"text\/css\">\n\t\t\t#gallery-1 {\n\t\t\t\tmargin: auto;\n\t\t\t}\n\t\t\t#gallery-1 .gallery-item {\n\t\t\t\tfloat: left;\n\t\t\t\tmargin-top: 10px;\n\t\t\t\ttext-align: center;\n\t\t\t\twidth: 12%;\n\t\t\t}\n\t\t\t#gallery-1 img {\n\t\t\t\tborder: 2px solid #cfcfcf;\n\t\t\t}\n\t\t\t#gallery-1 .gallery-caption {\n\t\t\t\tmargin-left: 0;\n\t\t\t}\n\t\t\t\/* see gallery_shortcode() in wp-includes\/media.php *\/\n\t\t<\/style>\n\t\t<div id='gallery-1' class='gallery galleryid-4115 gallery-columns-8 gallery-size-thumbnail'><dl class='gallery-item'>\n\t\t\t<dt class='gallery-icon landscape'>\n\t\t\t\t<a href='http:\/\/commune-loffre.fr\/index.php\/2018\/11\/14\/commemoration-du-11-novembre-exposition-sur-le-parcours-des-poilus-loffriens-morts-pour-la-france-et-remise-des-medailles-du-travail\/11-novembre-2018-30-copie\/'><img loading=\"lazy\" decoding=\"async\" width=\"150\" height=\"150\" src=\"http:\/\/commune-loffre.fr\/wp-content\/uploads\/2018\/11\/11-novembre-2018-30-copie-150x150.jpg\" class=\"attachment-thumbnail size-thumbnail\" alt=\"\" srcset=\"http:\/\/commune-loffre.fr\/wp-content\/uploads\/2018\/11\/11-novembre-2018-30-copie-150x150.jpg 150w, http:\/\/commune-loffre.fr\/wp-content\/uploads\/2018\/11\/11-novembre-2018-30-copie-180x180.jpg 180w, http:\/\/commune-loffre.fr\/wp-content\/uploads\/2018\/11\/11-novembre-2018-30-copie-60x60.jpg 60w\" sizes=\"(max-width: 150px) 100vw, 150px\" \/><\/a>\n\t\t\t<\/dt><\/dl><dl class='gallery-item'>\n\t\t\t<dt class='gallery-icon landscape'>\n\t\t\t\t<a href='http:\/\/commune-loffre.fr\/index.php\/2018\/11\/14\/commemoration-du-11-novembre-exposition-sur-le-parcours-des-poilus-loffriens-morts-pour-la-france-et-remise-des-medailles-du-travail\/11-novembre-2018-31-copie\/'><img loading=\"lazy\" decoding=\"async\" width=\"150\" height=\"150\" src=\"http:\/\/commune-loffre.fr\/wp-content\/uploads\/2018\/11\/11-novembre-2018-31-copie-150x150.jpg\" class=\"attachment-thumbnail size-thumbnail\" alt=\"\" srcset=\"http:\/\/commune-loffre.fr\/wp-content\/uploads\/2018\/11\/11-novembre-2018-31-copie-150x150.jpg 150w, http:\/\/commune-loffre.fr\/wp-content\/uploads\/2018\/11\/11-novembre-2018-31-copie-180x180.jpg 180w, http:\/\/commune-loffre.fr\/wp-content\/uploads\/2018\/11\/11-novembre-2018-31-copie-60x60.jpg 60w\" sizes=\"(max-width: 150px) 100vw, 150px\" \/><\/a>\n\t\t\t<\/dt><\/dl><dl class='gallery-item'>\n\t\t\t<dt class='gallery-icon landscape'>\n\t\t\t\t<a href='http:\/\/commune-loffre.fr\/index.php\/2018\/11\/14\/commemoration-du-11-novembre-exposition-sur-le-parcours-des-poilus-loffriens-morts-pour-la-france-et-remise-des-medailles-du-travail\/11-novembre-2018-32-copie\/'><img loading=\"lazy\" decoding=\"async\" width=\"150\" height=\"150\" src=\"http:\/\/commune-loffre.fr\/wp-content\/uploads\/2018\/11\/11-novembre-2018-32-copie-150x150.jpg\" class=\"attachment-thumbnail size-thumbnail\" alt=\"\" srcset=\"http:\/\/commune-loffre.fr\/wp-content\/uploads\/2018\/11\/11-novembre-2018-32-copie-150x150.jpg 150w, http:\/\/commune-loffre.fr\/wp-content\/uploads\/2018\/11\/11-novembre-2018-32-copie-180x180.jpg 180w, http:\/\/commune-loffre.fr\/wp-content\/uploads\/2018\/11\/11-novembre-2018-32-copie-60x60.jpg 60w\" sizes=\"(max-width: 150px) 100vw, 150px\" \/><\/a>\n\t\t\t<\/dt><\/dl><dl class='gallery-item'>\n\t\t\t<dt class='gallery-icon landscape'>\n\t\t\t\t<a href='http:\/\/commune-loffre.fr\/index.php\/2018\/11\/14\/commemoration-du-11-novembre-exposition-sur-le-parcours-des-poilus-loffriens-morts-pour-la-france-et-remise-des-medailles-du-travail\/11-novembre-2018-33-copie\/'><img loading=\"lazy\" decoding=\"async\" width=\"150\" height=\"150\" src=\"http:\/\/commune-loffre.fr\/wp-content\/uploads\/2018\/11\/11-novembre-2018-33-copie-150x150.jpg\" class=\"attachment-thumbnail size-thumbnail\" alt=\"\" srcset=\"http:\/\/commune-loffre.fr\/wp-content\/uploads\/2018\/11\/11-novembre-2018-33-copie-150x150.jpg 150w, http:\/\/commune-loffre.fr\/wp-content\/uploads\/2018\/11\/11-novembre-2018-33-copie-180x180.jpg 180w, http:\/\/commune-loffre.fr\/wp-content\/uploads\/2018\/11\/11-novembre-2018-33-copie-60x60.jpg 60w\" sizes=\"(max-width: 150px) 100vw, 150px\" \/><\/a>\n\t\t\t<\/dt><\/dl><dl class='gallery-item'>\n\t\t\t<dt class='gallery-icon landscape'>\n\t\t\t\t<a href='http:\/\/commune-loffre.fr\/index.php\/2018\/11\/14\/commemoration-du-11-novembre-exposition-sur-le-parcours-des-poilus-loffriens-morts-pour-la-france-et-remise-des-medailles-du-travail\/11-novembre-2018-34-copie\/'><img loading=\"lazy\" decoding=\"async\" width=\"150\" height=\"150\" src=\"http:\/\/commune-loffre.fr\/wp-content\/uploads\/2018\/11\/11-novembre-2018-34-copie-150x150.jpg\" class=\"attachment-thumbnail size-thumbnail\" alt=\"\" srcset=\"http:\/\/commune-loffre.fr\/wp-content\/uploads\/2018\/11\/11-novembre-2018-34-copie-150x150.jpg 150w, http:\/\/commune-loffre.fr\/wp-content\/uploads\/2018\/11\/11-novembre-2018-34-copie-180x180.jpg 180w, http:\/\/commune-loffre.fr\/wp-content\/uploads\/2018\/11\/11-novembre-2018-34-copie-60x60.jpg 60w\" sizes=\"(max-width: 150px) 100vw, 150px\" \/><\/a>\n\t\t\t<\/dt><\/dl><dl class='gallery-item'>\n\t\t\t<dt class='gallery-icon landscape'>\n\t\t\t\t<a href='http:\/\/commune-loffre.fr\/index.php\/2018\/11\/14\/commemoration-du-11-novembre-exposition-sur-le-parcours-des-poilus-loffriens-morts-pour-la-france-et-remise-des-medailles-du-travail\/11-novembre-2018-35-copie\/'><img loading=\"lazy\" decoding=\"async\" width=\"150\" height=\"150\" src=\"http:\/\/commune-loffre.fr\/wp-content\/uploads\/2018\/11\/11-novembre-2018-35-copie-150x150.jpg\" class=\"attachment-thumbnail size-thumbnail\" alt=\"\" srcset=\"http:\/\/commune-loffre.fr\/wp-content\/uploads\/2018\/11\/11-novembre-2018-35-copie-150x150.jpg 150w, http:\/\/commune-loffre.fr\/wp-content\/uploads\/2018\/11\/11-novembre-2018-35-copie-180x180.jpg 180w, http:\/\/commune-loffre.fr\/wp-content\/uploads\/2018\/11\/11-novembre-2018-35-copie-60x60.jpg 60w\" sizes=\"(max-width: 150px) 100vw, 150px\" \/><\/a>\n\t\t\t<\/dt><\/dl><dl class='gallery-item'>\n\t\t\t<dt class='gallery-icon landscape'>\n\t\t\t\t<a href='http:\/\/commune-loffre.fr\/index.php\/2018\/11\/14\/commemoration-du-11-novembre-exposition-sur-le-parcours-des-poilus-loffriens-morts-pour-la-france-et-remise-des-medailles-du-travail\/11-novembre-2018-36-copie\/'><img loading=\"lazy\" decoding=\"async\" width=\"150\" height=\"150\" src=\"http:\/\/commune-loffre.fr\/wp-content\/uploads\/2018\/11\/11-novembre-2018-36-copie-150x150.jpg\" class=\"attachment-thumbnail size-thumbnail\" alt=\"\" srcset=\"http:\/\/commune-loffre.fr\/wp-content\/uploads\/2018\/11\/11-novembre-2018-36-copie-150x150.jpg 150w, http:\/\/commune-loffre.fr\/wp-content\/uploads\/2018\/11\/11-novembre-2018-36-copie-180x180.jpg 180w, http:\/\/commune-loffre.fr\/wp-content\/uploads\/2018\/11\/11-novembre-2018-36-copie-60x60.jpg 60w\" sizes=\"(max-width: 150px) 100vw, 150px\" \/><\/a>\n\t\t\t<\/dt><\/dl><dl class='gallery-item'>\n\t\t\t<dt class='gallery-icon landscape'>\n\t\t\t\t<a href='http:\/\/commune-loffre.fr\/index.php\/2018\/11\/14\/commemoration-du-11-novembre-exposition-sur-le-parcours-des-poilus-loffriens-morts-pour-la-france-et-remise-des-medailles-du-travail\/11-novembre-2018-37-copie\/'><img loading=\"lazy\" decoding=\"async\" width=\"150\" height=\"150\" src=\"http:\/\/commune-loffre.fr\/wp-content\/uploads\/2018\/11\/11-novembre-2018-37-copie-150x150.jpg\" class=\"attachment-thumbnail size-thumbnail\" alt=\"\" srcset=\"http:\/\/commune-loffre.fr\/wp-content\/uploads\/2018\/11\/11-novembre-2018-37-copie-150x150.jpg 150w, http:\/\/commune-loffre.fr\/wp-content\/uploads\/2018\/11\/11-novembre-2018-37-copie-180x180.jpg 180w, http:\/\/commune-loffre.fr\/wp-content\/uploads\/2018\/11\/11-novembre-2018-37-copie-60x60.jpg 60w\" sizes=\"(max-width: 150px) 100vw, 150px\" \/><\/a>\n\t\t\t<\/dt><\/dl><br style=\"clear: both\" \/><dl class='gallery-item'>\n\t\t\t<dt class='gallery-icon landscape'>\n\t\t\t\t<a href='http:\/\/commune-loffre.fr\/index.php\/2018\/11\/14\/commemoration-du-11-novembre-exposition-sur-le-parcours-des-poilus-loffriens-morts-pour-la-france-et-remise-des-medailles-du-travail\/11-novembre-2018-38-copie\/'><img loading=\"lazy\" decoding=\"async\" width=\"150\" height=\"150\" src=\"http:\/\/commune-loffre.fr\/wp-content\/uploads\/2018\/11\/11-novembre-2018-38-copie-150x150.jpg\" class=\"attachment-thumbnail size-thumbnail\" alt=\"\" srcset=\"http:\/\/commune-loffre.fr\/wp-content\/uploads\/2018\/11\/11-novembre-2018-38-copie-150x150.jpg 150w, http:\/\/commune-loffre.fr\/wp-content\/uploads\/2018\/11\/11-novembre-2018-38-copie-180x180.jpg 180w, http:\/\/commune-loffre.fr\/wp-content\/uploads\/2018\/11\/11-novembre-2018-38-copie-60x60.jpg 60w\" sizes=\"(max-width: 150px) 100vw, 150px\" \/><\/a>\n\t\t\t<\/dt><\/dl><dl class='gallery-item'>\n\t\t\t<dt class='gallery-icon landscape'>\n\t\t\t\t<a href='http:\/\/commune-loffre.fr\/index.php\/2018\/11\/14\/commemoration-du-11-novembre-exposition-sur-le-parcours-des-poilus-loffriens-morts-pour-la-france-et-remise-des-medailles-du-travail\/11-novembre-2018-39-copie\/'><img loading=\"lazy\" decoding=\"async\" width=\"150\" height=\"150\" src=\"http:\/\/commune-loffre.fr\/wp-content\/uploads\/2018\/11\/11-novembre-2018-39-copie-150x150.jpg\" class=\"attachment-thumbnail size-thumbnail\" alt=\"\" srcset=\"http:\/\/commune-loffre.fr\/wp-content\/uploads\/2018\/11\/11-novembre-2018-39-copie-150x150.jpg 150w, http:\/\/commune-loffre.fr\/wp-content\/uploads\/2018\/11\/11-novembre-2018-39-copie-180x180.jpg 180w, http:\/\/commune-loffre.fr\/wp-content\/uploads\/2018\/11\/11-novembre-2018-39-copie-60x60.jpg 60w\" sizes=\"(max-width: 150px) 100vw, 150px\" \/><\/a>\n\t\t\t<\/dt><\/dl><dl class='gallery-item'>\n\t\t\t<dt class='gallery-icon landscape'>\n\t\t\t\t<a href='http:\/\/commune-loffre.fr\/index.php\/2018\/11\/14\/commemoration-du-11-novembre-exposition-sur-le-parcours-des-poilus-loffriens-morts-pour-la-france-et-remise-des-medailles-du-travail\/11-novembre-2018-40-copie\/'><img loading=\"lazy\" decoding=\"async\" width=\"150\" height=\"150\" src=\"http:\/\/commune-loffre.fr\/wp-content\/uploads\/2018\/11\/11-novembre-2018-40-copie-150x150.jpg\" class=\"attachment-thumbnail size-thumbnail\" alt=\"\" srcset=\"http:\/\/commune-loffre.fr\/wp-content\/uploads\/2018\/11\/11-novembre-2018-40-copie-150x150.jpg 150w, http:\/\/commune-loffre.fr\/wp-content\/uploads\/2018\/11\/11-novembre-2018-40-copie-180x180.jpg 180w, http:\/\/commune-loffre.fr\/wp-content\/uploads\/2018\/11\/11-novembre-2018-40-copie-60x60.jpg 60w\" sizes=\"(max-width: 150px) 100vw, 150px\" \/><\/a>\n\t\t\t<\/dt><\/dl><dl class='gallery-item'>\n\t\t\t<dt class='gallery-icon landscape'>\n\t\t\t\t<a href='http:\/\/commune-loffre.fr\/index.php\/2018\/11\/14\/commemoration-du-11-novembre-exposition-sur-le-parcours-des-poilus-loffriens-morts-pour-la-france-et-remise-des-medailles-du-travail\/11-novembre-2018-41-copie\/'><img loading=\"lazy\" decoding=\"async\" width=\"150\" height=\"150\" src=\"http:\/\/commune-loffre.fr\/wp-content\/uploads\/2018\/11\/11-novembre-2018-41-copie-150x150.jpg\" class=\"attachment-thumbnail size-thumbnail\" alt=\"\" srcset=\"http:\/\/commune-loffre.fr\/wp-content\/uploads\/2018\/11\/11-novembre-2018-41-copie-150x150.jpg 150w, http:\/\/commune-loffre.fr\/wp-content\/uploads\/2018\/11\/11-novembre-2018-41-copie-180x180.jpg 180w, http:\/\/commune-loffre.fr\/wp-content\/uploads\/2018\/11\/11-novembre-2018-41-copie-60x60.jpg 60w\" sizes=\"(max-width: 150px) 100vw, 150px\" \/><\/a>\n\t\t\t<\/dt><\/dl><dl class='gallery-item'>\n\t\t\t<dt class='gallery-icon landscape'>\n\t\t\t\t<a href='http:\/\/commune-loffre.fr\/index.php\/2018\/11\/14\/commemoration-du-11-novembre-exposition-sur-le-parcours-des-poilus-loffriens-morts-pour-la-france-et-remise-des-medailles-du-travail\/11-novembre-2018-42-copie\/'><img loading=\"lazy\" decoding=\"async\" width=\"150\" height=\"150\" src=\"http:\/\/commune-loffre.fr\/wp-content\/uploads\/2018\/11\/11-novembre-2018-42-copie-150x150.jpg\" class=\"attachment-thumbnail size-thumbnail\" alt=\"\" srcset=\"http:\/\/commune-loffre.fr\/wp-content\/uploads\/2018\/11\/11-novembre-2018-42-copie-150x150.jpg 150w, http:\/\/commune-loffre.fr\/wp-content\/uploads\/2018\/11\/11-novembre-2018-42-copie-180x180.jpg 180w, http:\/\/commune-loffre.fr\/wp-content\/uploads\/2018\/11\/11-novembre-2018-42-copie-60x60.jpg 60w\" sizes=\"(max-width: 150px) 100vw, 150px\" \/><\/a>\n\t\t\t<\/dt><\/dl><dl class='gallery-item'>\n\t\t\t<dt class='gallery-icon landscape'>\n\t\t\t\t<a href='http:\/\/commune-loffre.fr\/index.php\/2018\/11\/14\/commemoration-du-11-novembre-exposition-sur-le-parcours-des-poilus-loffriens-morts-pour-la-france-et-remise-des-medailles-du-travail\/11-novembre-2018-43-copie\/'><img loading=\"lazy\" decoding=\"async\" width=\"150\" height=\"150\" src=\"http:\/\/commune-loffre.fr\/wp-content\/uploads\/2018\/11\/11-novembre-2018-43-copie-150x150.jpg\" class=\"attachment-thumbnail size-thumbnail\" alt=\"\" srcset=\"http:\/\/commune-loffre.fr\/wp-content\/uploads\/2018\/11\/11-novembre-2018-43-copie-150x150.jpg 150w, http:\/\/commune-loffre.fr\/wp-content\/uploads\/2018\/11\/11-novembre-2018-43-copie-180x180.jpg 180w, http:\/\/commune-loffre.fr\/wp-content\/uploads\/2018\/11\/11-novembre-2018-43-copie-60x60.jpg 60w\" sizes=\"(max-width: 150px) 100vw, 150px\" \/><\/a>\n\t\t\t<\/dt><\/dl><dl class='gallery-item'>\n\t\t\t<dt class='gallery-icon landscape'>\n\t\t\t\t<a href='http:\/\/commune-loffre.fr\/index.php\/2018\/11\/14\/commemoration-du-11-novembre-exposition-sur-le-parcours-des-poilus-loffriens-morts-pour-la-france-et-remise-des-medailles-du-travail\/11-novembre-2018-44-copie\/'><img loading=\"lazy\" decoding=\"async\" width=\"150\" height=\"150\" src=\"http:\/\/commune-loffre.fr\/wp-content\/uploads\/2018\/11\/11-novembre-2018-44-copie-150x150.jpg\" class=\"attachment-thumbnail size-thumbnail\" alt=\"\" srcset=\"http:\/\/commune-loffre.fr\/wp-content\/uploads\/2018\/11\/11-novembre-2018-44-copie-150x150.jpg 150w, http:\/\/commune-loffre.fr\/wp-content\/uploads\/2018\/11\/11-novembre-2018-44-copie-180x180.jpg 180w, http:\/\/commune-loffre.fr\/wp-content\/uploads\/2018\/11\/11-novembre-2018-44-copie-60x60.jpg 60w\" sizes=\"(max-width: 150px) 100vw, 150px\" \/><\/a>\n\t\t\t<\/dt><\/dl><dl class='gallery-item'>\n\t\t\t<dt class='gallery-icon landscape'>\n\t\t\t\t<a href='http:\/\/commune-loffre.fr\/index.php\/2018\/11\/14\/commemoration-du-11-novembre-exposition-sur-le-parcours-des-poilus-loffriens-morts-pour-la-france-et-remise-des-medailles-du-travail\/11-novembre-2018-45-copie\/'><img loading=\"lazy\" decoding=\"async\" width=\"150\" height=\"150\" src=\"http:\/\/commune-loffre.fr\/wp-content\/uploads\/2018\/11\/11-novembre-2018-45-copie-150x150.jpg\" class=\"attachment-thumbnail size-thumbnail\" alt=\"\" srcset=\"http:\/\/commune-loffre.fr\/wp-content\/uploads\/2018\/11\/11-novembre-2018-45-copie-150x150.jpg 150w, http:\/\/commune-loffre.fr\/wp-content\/uploads\/2018\/11\/11-novembre-2018-45-copie-180x180.jpg 180w, http:\/\/commune-loffre.fr\/wp-content\/uploads\/2018\/11\/11-novembre-2018-45-copie-60x60.jpg 60w\" sizes=\"(max-width: 150px) 100vw, 150px\" \/><\/a>\n\t\t\t<\/dt><\/dl><br style=\"clear: both\" \/>\n\t\t<\/div>\n\n<p>Monsieur le Maire pronon\u00e7a le discours de Monsieur le Pr\u00e9sident de la R\u00e9publique puis en compagnie de Monsieur Jean-Marie CHOEUR, Pr\u00e9sident des Anciens Combattants de Loffre, d\u00e9posa une gerbe au monument aux Morts. Ensuite, le Ch\u0153ur Loffrien, compos\u00e9 des enfants de l\u2019\u00e9cole et d\u2019habitants a interpr\u00e9t\u00e9 des chants et notamment l\u2019hymne national. \u00c0 la suite et avant le respect d\u2019une minute de silence, les enfants de l\u2019\u00e9cole Henri MATISSE et Monsieur Jean-Marie CHOEUR ont proc\u00e9d\u00e9 \u00e0 l\u2019appel aux morts. Pour cl\u00f4turer cette comm\u00e9moration un l\u00e2ch\u00e9 de pigeons a \u00e9t\u00e9 r\u00e9alis\u00e9 apr\u00e8s l\u2019interpr\u00e9tation de l\u2019hymne national par l\u2019harmonie \u00ab\u00a0La Concorde\u00a0\u00bb de Frais-Marais.<\/p>\n\n\t\t<style type=\"text\/css\">\n\t\t\t#gallery-2 {\n\t\t\t\tmargin: auto;\n\t\t\t}\n\t\t\t#gallery-2 .gallery-item {\n\t\t\t\tfloat: left;\n\t\t\t\tmargin-top: 10px;\n\t\t\t\ttext-align: center;\n\t\t\t\twidth: 11%;\n\t\t\t}\n\t\t\t#gallery-2 img {\n\t\t\t\tborder: 2px solid #cfcfcf;\n\t\t\t}\n\t\t\t#gallery-2 .gallery-caption {\n\t\t\t\tmargin-left: 0;\n\t\t\t}\n\t\t\t\/* see gallery_shortcode() in wp-includes\/media.php *\/\n\t\t<\/style>\n\t\t<div id='gallery-2' class='gallery galleryid-4115 gallery-columns-9 gallery-size-thumbnail'><dl class='gallery-item'>\n\t\t\t<dt class='gallery-icon portrait'>\n\t\t\t\t<a href='http:\/\/commune-loffre.fr\/index.php\/2018\/11\/14\/commemoration-du-11-novembre-exposition-sur-le-parcours-des-poilus-loffriens-morts-pour-la-france-et-remise-des-medailles-du-travail\/11-novembre-2018-12-copie\/'><img loading=\"lazy\" decoding=\"async\" width=\"150\" height=\"150\" src=\"http:\/\/commune-loffre.fr\/wp-content\/uploads\/2018\/11\/11-novembre-2018-12-copie-150x150.jpg\" class=\"attachment-thumbnail size-thumbnail\" alt=\"\" srcset=\"http:\/\/commune-loffre.fr\/wp-content\/uploads\/2018\/11\/11-novembre-2018-12-copie-150x150.jpg 150w, http:\/\/commune-loffre.fr\/wp-content\/uploads\/2018\/11\/11-novembre-2018-12-copie-180x180.jpg 180w, http:\/\/commune-loffre.fr\/wp-content\/uploads\/2018\/11\/11-novembre-2018-12-copie-60x60.jpg 60w\" sizes=\"(max-width: 150px) 100vw, 150px\" \/><\/a>\n\t\t\t<\/dt><\/dl><dl class='gallery-item'>\n\t\t\t<dt class='gallery-icon landscape'>\n\t\t\t\t<a href='http:\/\/commune-loffre.fr\/index.php\/2018\/11\/14\/commemoration-du-11-novembre-exposition-sur-le-parcours-des-poilus-loffriens-morts-pour-la-france-et-remise-des-medailles-du-travail\/11-novembre-2018-13-copie\/'><img loading=\"lazy\" decoding=\"async\" width=\"150\" height=\"150\" src=\"http:\/\/commune-loffre.fr\/wp-content\/uploads\/2018\/11\/11-novembre-2018-13-copie-150x150.jpg\" class=\"attachment-thumbnail size-thumbnail\" alt=\"\" srcset=\"http:\/\/commune-loffre.fr\/wp-content\/uploads\/2018\/11\/11-novembre-2018-13-copie-150x150.jpg 150w, http:\/\/commune-loffre.fr\/wp-content\/uploads\/2018\/11\/11-novembre-2018-13-copie-180x180.jpg 180w, http:\/\/commune-loffre.fr\/wp-content\/uploads\/2018\/11\/11-novembre-2018-13-copie-60x60.jpg 60w\" sizes=\"(max-width: 150px) 100vw, 150px\" \/><\/a>\n\t\t\t<\/dt><\/dl><dl class='gallery-item'>\n\t\t\t<dt class='gallery-icon landscape'>\n\t\t\t\t<a href='http:\/\/commune-loffre.fr\/index.php\/2018\/11\/14\/commemoration-du-11-novembre-exposition-sur-le-parcours-des-poilus-loffriens-morts-pour-la-france-et-remise-des-medailles-du-travail\/11-novembre-2018-14-copie\/'><img loading=\"lazy\" decoding=\"async\" width=\"150\" height=\"150\" src=\"http:\/\/commune-loffre.fr\/wp-content\/uploads\/2018\/11\/11-novembre-2018-14-copie-150x150.jpg\" class=\"attachment-thumbnail size-thumbnail\" alt=\"\" srcset=\"http:\/\/commune-loffre.fr\/wp-content\/uploads\/2018\/11\/11-novembre-2018-14-copie-150x150.jpg 150w, http:\/\/commune-loffre.fr\/wp-content\/uploads\/2018\/11\/11-novembre-2018-14-copie-180x180.jpg 180w, http:\/\/commune-loffre.fr\/wp-content\/uploads\/2018\/11\/11-novembre-2018-14-copie-60x60.jpg 60w\" sizes=\"(max-width: 150px) 100vw, 150px\" \/><\/a>\n\t\t\t<\/dt><\/dl><dl class='gallery-item'>\n\t\t\t<dt class='gallery-icon landscape'>\n\t\t\t\t<a href='http:\/\/commune-loffre.fr\/index.php\/2018\/11\/14\/commemoration-du-11-novembre-exposition-sur-le-parcours-des-poilus-loffriens-morts-pour-la-france-et-remise-des-medailles-du-travail\/11-novembre-2018-15-copie\/'><img loading=\"lazy\" decoding=\"async\" width=\"150\" height=\"150\" src=\"http:\/\/commune-loffre.fr\/wp-content\/uploads\/2018\/11\/11-novembre-2018-15-copie-150x150.jpg\" class=\"attachment-thumbnail size-thumbnail\" alt=\"\" srcset=\"http:\/\/commune-loffre.fr\/wp-content\/uploads\/2018\/11\/11-novembre-2018-15-copie-150x150.jpg 150w, http:\/\/commune-loffre.fr\/wp-content\/uploads\/2018\/11\/11-novembre-2018-15-copie-180x180.jpg 180w, http:\/\/commune-loffre.fr\/wp-content\/uploads\/2018\/11\/11-novembre-2018-15-copie-60x60.jpg 60w\" sizes=\"(max-width: 150px) 100vw, 150px\" \/><\/a>\n\t\t\t<\/dt><\/dl><dl class='gallery-item'>\n\t\t\t<dt class='gallery-icon landscape'>\n\t\t\t\t<a href='http:\/\/commune-loffre.fr\/index.php\/2018\/11\/14\/commemoration-du-11-novembre-exposition-sur-le-parcours-des-poilus-loffriens-morts-pour-la-france-et-remise-des-medailles-du-travail\/11-novembre-2018-16-copie\/'><img loading=\"lazy\" decoding=\"async\" width=\"150\" height=\"150\" src=\"http:\/\/commune-loffre.fr\/wp-content\/uploads\/2018\/11\/11-novembre-2018-16-copie-150x150.jpg\" class=\"attachment-thumbnail size-thumbnail\" alt=\"\" srcset=\"http:\/\/commune-loffre.fr\/wp-content\/uploads\/2018\/11\/11-novembre-2018-16-copie-150x150.jpg 150w, http:\/\/commune-loffre.fr\/wp-content\/uploads\/2018\/11\/11-novembre-2018-16-copie-180x180.jpg 180w, http:\/\/commune-loffre.fr\/wp-content\/uploads\/2018\/11\/11-novembre-2018-16-copie-60x60.jpg 60w\" sizes=\"(max-width: 150px) 100vw, 150px\" \/><\/a>\n\t\t\t<\/dt><\/dl><dl class='gallery-item'>\n\t\t\t<dt class='gallery-icon landscape'>\n\t\t\t\t<a href='http:\/\/commune-loffre.fr\/index.php\/2018\/11\/14\/commemoration-du-11-novembre-exposition-sur-le-parcours-des-poilus-loffriens-morts-pour-la-france-et-remise-des-medailles-du-travail\/11-novembre-2018-17-copie\/'><img loading=\"lazy\" decoding=\"async\" width=\"150\" height=\"150\" src=\"http:\/\/commune-loffre.fr\/wp-content\/uploads\/2018\/11\/11-novembre-2018-17-copie-150x150.jpg\" class=\"attachment-thumbnail size-thumbnail\" alt=\"\" srcset=\"http:\/\/commune-loffre.fr\/wp-content\/uploads\/2018\/11\/11-novembre-2018-17-copie-150x150.jpg 150w, http:\/\/commune-loffre.fr\/wp-content\/uploads\/2018\/11\/11-novembre-2018-17-copie-180x180.jpg 180w, http:\/\/commune-loffre.fr\/wp-content\/uploads\/2018\/11\/11-novembre-2018-17-copie-60x60.jpg 60w\" sizes=\"(max-width: 150px) 100vw, 150px\" \/><\/a>\n\t\t\t<\/dt><\/dl><dl class='gallery-item'>\n\t\t\t<dt class='gallery-icon landscape'>\n\t\t\t\t<a href='http:\/\/commune-loffre.fr\/index.php\/2018\/11\/14\/commemoration-du-11-novembre-exposition-sur-le-parcours-des-poilus-loffriens-morts-pour-la-france-et-remise-des-medailles-du-travail\/11-novembre-2018-18-copie\/'><img loading=\"lazy\" decoding=\"async\" width=\"150\" height=\"150\" src=\"http:\/\/commune-loffre.fr\/wp-content\/uploads\/2018\/11\/11-novembre-2018-18-copie-150x150.jpg\" class=\"attachment-thumbnail size-thumbnail\" alt=\"\" srcset=\"http:\/\/commune-loffre.fr\/wp-content\/uploads\/2018\/11\/11-novembre-2018-18-copie-150x150.jpg 150w, http:\/\/commune-loffre.fr\/wp-content\/uploads\/2018\/11\/11-novembre-2018-18-copie-180x180.jpg 180w, http:\/\/commune-loffre.fr\/wp-content\/uploads\/2018\/11\/11-novembre-2018-18-copie-60x60.jpg 60w\" sizes=\"(max-width: 150px) 100vw, 150px\" \/><\/a>\n\t\t\t<\/dt><\/dl><dl class='gallery-item'>\n\t\t\t<dt class='gallery-icon landscape'>\n\t\t\t\t<a href='http:\/\/commune-loffre.fr\/index.php\/2018\/11\/14\/commemoration-du-11-novembre-exposition-sur-le-parcours-des-poilus-loffriens-morts-pour-la-france-et-remise-des-medailles-du-travail\/11-novembre-2018-19-copie\/'><img loading=\"lazy\" decoding=\"async\" width=\"150\" height=\"150\" src=\"http:\/\/commune-loffre.fr\/wp-content\/uploads\/2018\/11\/11-novembre-2018-19-copie-150x150.jpg\" class=\"attachment-thumbnail size-thumbnail\" alt=\"\" srcset=\"http:\/\/commune-loffre.fr\/wp-content\/uploads\/2018\/11\/11-novembre-2018-19-copie-150x150.jpg 150w, http:\/\/commune-loffre.fr\/wp-content\/uploads\/2018\/11\/11-novembre-2018-19-copie-180x180.jpg 180w, http:\/\/commune-loffre.fr\/wp-content\/uploads\/2018\/11\/11-novembre-2018-19-copie-60x60.jpg 60w\" sizes=\"(max-width: 150px) 100vw, 150px\" \/><\/a>\n\t\t\t<\/dt><\/dl><dl class='gallery-item'>\n\t\t\t<dt class='gallery-icon landscape'>\n\t\t\t\t<a href='http:\/\/commune-loffre.fr\/index.php\/2018\/11\/14\/commemoration-du-11-novembre-exposition-sur-le-parcours-des-poilus-loffriens-morts-pour-la-france-et-remise-des-medailles-du-travail\/11-novembre-2018-20-copie\/'><img loading=\"lazy\" decoding=\"async\" width=\"150\" height=\"150\" src=\"http:\/\/commune-loffre.fr\/wp-content\/uploads\/2018\/11\/11-novembre-2018-20-copie-150x150.jpg\" class=\"attachment-thumbnail size-thumbnail\" alt=\"\" srcset=\"http:\/\/commune-loffre.fr\/wp-content\/uploads\/2018\/11\/11-novembre-2018-20-copie-150x150.jpg 150w, http:\/\/commune-loffre.fr\/wp-content\/uploads\/2018\/11\/11-novembre-2018-20-copie-180x180.jpg 180w, http:\/\/commune-loffre.fr\/wp-content\/uploads\/2018\/11\/11-novembre-2018-20-copie-60x60.jpg 60w\" sizes=\"(max-width: 150px) 100vw, 150px\" \/><\/a>\n\t\t\t<\/dt><\/dl><br style=\"clear: both\" \/><dl class='gallery-item'>\n\t\t\t<dt class='gallery-icon landscape'>\n\t\t\t\t<a href='http:\/\/commune-loffre.fr\/index.php\/2018\/11\/14\/commemoration-du-11-novembre-exposition-sur-le-parcours-des-poilus-loffriens-morts-pour-la-france-et-remise-des-medailles-du-travail\/11-novembre-2018-21-copie\/'><img loading=\"lazy\" decoding=\"async\" width=\"150\" height=\"150\" src=\"http:\/\/commune-loffre.fr\/wp-content\/uploads\/2018\/11\/11-novembre-2018-21-copie-150x150.jpg\" class=\"attachment-thumbnail size-thumbnail\" alt=\"\" srcset=\"http:\/\/commune-loffre.fr\/wp-content\/uploads\/2018\/11\/11-novembre-2018-21-copie-150x150.jpg 150w, http:\/\/commune-loffre.fr\/wp-content\/uploads\/2018\/11\/11-novembre-2018-21-copie-180x180.jpg 180w, http:\/\/commune-loffre.fr\/wp-content\/uploads\/2018\/11\/11-novembre-2018-21-copie-60x60.jpg 60w\" sizes=\"(max-width: 150px) 100vw, 150px\" \/><\/a>\n\t\t\t<\/dt><\/dl><dl class='gallery-item'>\n\t\t\t<dt class='gallery-icon landscape'>\n\t\t\t\t<a href='http:\/\/commune-loffre.fr\/index.php\/2018\/11\/14\/commemoration-du-11-novembre-exposition-sur-le-parcours-des-poilus-loffriens-morts-pour-la-france-et-remise-des-medailles-du-travail\/11-novembre-2018-22-copie\/'><img loading=\"lazy\" decoding=\"async\" width=\"150\" height=\"150\" src=\"http:\/\/commune-loffre.fr\/wp-content\/uploads\/2018\/11\/11-novembre-2018-22-copie-150x150.jpg\" class=\"attachment-thumbnail size-thumbnail\" alt=\"\" srcset=\"http:\/\/commune-loffre.fr\/wp-content\/uploads\/2018\/11\/11-novembre-2018-22-copie-150x150.jpg 150w, http:\/\/commune-loffre.fr\/wp-content\/uploads\/2018\/11\/11-novembre-2018-22-copie-180x180.jpg 180w, http:\/\/commune-loffre.fr\/wp-content\/uploads\/2018\/11\/11-novembre-2018-22-copie-60x60.jpg 60w\" sizes=\"(max-width: 150px) 100vw, 150px\" \/><\/a>\n\t\t\t<\/dt><\/dl><dl class='gallery-item'>\n\t\t\t<dt class='gallery-icon landscape'>\n\t\t\t\t<a href='http:\/\/commune-loffre.fr\/index.php\/2018\/11\/14\/commemoration-du-11-novembre-exposition-sur-le-parcours-des-poilus-loffriens-morts-pour-la-france-et-remise-des-medailles-du-travail\/11-novembre-2018-23-copie\/'><img loading=\"lazy\" decoding=\"async\" width=\"150\" height=\"150\" src=\"http:\/\/commune-loffre.fr\/wp-content\/uploads\/2018\/11\/11-novembre-2018-23-copie-150x150.jpg\" class=\"attachment-thumbnail size-thumbnail\" alt=\"\" srcset=\"http:\/\/commune-loffre.fr\/wp-content\/uploads\/2018\/11\/11-novembre-2018-23-copie-150x150.jpg 150w, http:\/\/commune-loffre.fr\/wp-content\/uploads\/2018\/11\/11-novembre-2018-23-copie-180x180.jpg 180w, http:\/\/commune-loffre.fr\/wp-content\/uploads\/2018\/11\/11-novembre-2018-23-copie-60x60.jpg 60w\" sizes=\"(max-width: 150px) 100vw, 150px\" \/><\/a>\n\t\t\t<\/dt><\/dl><dl class='gallery-item'>\n\t\t\t<dt class='gallery-icon landscape'>\n\t\t\t\t<a href='http:\/\/commune-loffre.fr\/index.php\/2018\/11\/14\/commemoration-du-11-novembre-exposition-sur-le-parcours-des-poilus-loffriens-morts-pour-la-france-et-remise-des-medailles-du-travail\/11-novembre-2018-24-copie\/'><img loading=\"lazy\" decoding=\"async\" width=\"150\" height=\"150\" src=\"http:\/\/commune-loffre.fr\/wp-content\/uploads\/2018\/11\/11-novembre-2018-24-copie-150x150.jpg\" class=\"attachment-thumbnail size-thumbnail\" alt=\"\" srcset=\"http:\/\/commune-loffre.fr\/wp-content\/uploads\/2018\/11\/11-novembre-2018-24-copie-150x150.jpg 150w, http:\/\/commune-loffre.fr\/wp-content\/uploads\/2018\/11\/11-novembre-2018-24-copie-180x180.jpg 180w, http:\/\/commune-loffre.fr\/wp-content\/uploads\/2018\/11\/11-novembre-2018-24-copie-60x60.jpg 60w\" sizes=\"(max-width: 150px) 100vw, 150px\" \/><\/a>\n\t\t\t<\/dt><\/dl><dl class='gallery-item'>\n\t\t\t<dt class='gallery-icon landscape'>\n\t\t\t\t<a href='http:\/\/commune-loffre.fr\/index.php\/2018\/11\/14\/commemoration-du-11-novembre-exposition-sur-le-parcours-des-poilus-loffriens-morts-pour-la-france-et-remise-des-medailles-du-travail\/11-novembre-2018-25-copie\/'><img loading=\"lazy\" decoding=\"async\" width=\"150\" height=\"150\" src=\"http:\/\/commune-loffre.fr\/wp-content\/uploads\/2018\/11\/11-novembre-2018-25-copie-150x150.jpg\" class=\"attachment-thumbnail size-thumbnail\" alt=\"\" srcset=\"http:\/\/commune-loffre.fr\/wp-content\/uploads\/2018\/11\/11-novembre-2018-25-copie-150x150.jpg 150w, http:\/\/commune-loffre.fr\/wp-content\/uploads\/2018\/11\/11-novembre-2018-25-copie-180x180.jpg 180w, http:\/\/commune-loffre.fr\/wp-content\/uploads\/2018\/11\/11-novembre-2018-25-copie-60x60.jpg 60w\" sizes=\"(max-width: 150px) 100vw, 150px\" \/><\/a>\n\t\t\t<\/dt><\/dl><dl class='gallery-item'>\n\t\t\t<dt class='gallery-icon landscape'>\n\t\t\t\t<a href='http:\/\/commune-loffre.fr\/index.php\/2018\/11\/14\/commemoration-du-11-novembre-exposition-sur-le-parcours-des-poilus-loffriens-morts-pour-la-france-et-remise-des-medailles-du-travail\/11-novembre-2018-26-copie\/'><img loading=\"lazy\" decoding=\"async\" width=\"150\" height=\"150\" src=\"http:\/\/commune-loffre.fr\/wp-content\/uploads\/2018\/11\/11-novembre-2018-26-copie-150x150.jpg\" class=\"attachment-thumbnail size-thumbnail\" alt=\"\" srcset=\"http:\/\/commune-loffre.fr\/wp-content\/uploads\/2018\/11\/11-novembre-2018-26-copie-150x150.jpg 150w, http:\/\/commune-loffre.fr\/wp-content\/uploads\/2018\/11\/11-novembre-2018-26-copie-180x180.jpg 180w, http:\/\/commune-loffre.fr\/wp-content\/uploads\/2018\/11\/11-novembre-2018-26-copie-60x60.jpg 60w\" sizes=\"(max-width: 150px) 100vw, 150px\" \/><\/a>\n\t\t\t<\/dt><\/dl><dl class='gallery-item'>\n\t\t\t<dt class='gallery-icon landscape'>\n\t\t\t\t<a href='http:\/\/commune-loffre.fr\/index.php\/2018\/11\/14\/commemoration-du-11-novembre-exposition-sur-le-parcours-des-poilus-loffriens-morts-pour-la-france-et-remise-des-medailles-du-travail\/11-novembre-2018-27-copie\/'><img loading=\"lazy\" decoding=\"async\" width=\"150\" height=\"150\" src=\"http:\/\/commune-loffre.fr\/wp-content\/uploads\/2018\/11\/11-novembre-2018-27-copie-150x150.jpg\" class=\"attachment-thumbnail size-thumbnail\" alt=\"\" srcset=\"http:\/\/commune-loffre.fr\/wp-content\/uploads\/2018\/11\/11-novembre-2018-27-copie-150x150.jpg 150w, http:\/\/commune-loffre.fr\/wp-content\/uploads\/2018\/11\/11-novembre-2018-27-copie-180x180.jpg 180w, http:\/\/commune-loffre.fr\/wp-content\/uploads\/2018\/11\/11-novembre-2018-27-copie-60x60.jpg 60w\" sizes=\"(max-width: 150px) 100vw, 150px\" \/><\/a>\n\t\t\t<\/dt><\/dl><dl class='gallery-item'>\n\t\t\t<dt class='gallery-icon landscape'>\n\t\t\t\t<a href='http:\/\/commune-loffre.fr\/index.php\/2018\/11\/14\/commemoration-du-11-novembre-exposition-sur-le-parcours-des-poilus-loffriens-morts-pour-la-france-et-remise-des-medailles-du-travail\/11-novembre-2018-28-copie\/'><img loading=\"lazy\" decoding=\"async\" width=\"150\" height=\"150\" src=\"http:\/\/commune-loffre.fr\/wp-content\/uploads\/2018\/11\/11-novembre-2018-28-copie-150x150.jpg\" class=\"attachment-thumbnail size-thumbnail\" alt=\"\" srcset=\"http:\/\/commune-loffre.fr\/wp-content\/uploads\/2018\/11\/11-novembre-2018-28-copie-150x150.jpg 150w, http:\/\/commune-loffre.fr\/wp-content\/uploads\/2018\/11\/11-novembre-2018-28-copie-180x180.jpg 180w, http:\/\/commune-loffre.fr\/wp-content\/uploads\/2018\/11\/11-novembre-2018-28-copie-60x60.jpg 60w\" sizes=\"(max-width: 150px) 100vw, 150px\" \/><\/a>\n\t\t\t<\/dt><\/dl><dl class='gallery-item'>\n\t\t\t<dt class='gallery-icon landscape'>\n\t\t\t\t<a href='http:\/\/commune-loffre.fr\/index.php\/2018\/11\/14\/commemoration-du-11-novembre-exposition-sur-le-parcours-des-poilus-loffriens-morts-pour-la-france-et-remise-des-medailles-du-travail\/11-novembre-2018-29-copie\/'><img loading=\"lazy\" decoding=\"async\" width=\"150\" height=\"150\" src=\"http:\/\/commune-loffre.fr\/wp-content\/uploads\/2018\/11\/11-novembre-2018-29-copie-150x150.jpg\" class=\"attachment-thumbnail size-thumbnail\" alt=\"\" srcset=\"http:\/\/commune-loffre.fr\/wp-content\/uploads\/2018\/11\/11-novembre-2018-29-copie-150x150.jpg 150w, http:\/\/commune-loffre.fr\/wp-content\/uploads\/2018\/11\/11-novembre-2018-29-copie-180x180.jpg 180w, http:\/\/commune-loffre.fr\/wp-content\/uploads\/2018\/11\/11-novembre-2018-29-copie-60x60.jpg 60w\" sizes=\"(max-width: 150px) 100vw, 150px\" \/><\/a>\n\t\t\t<\/dt><\/dl><br style=\"clear: both\" \/>\n\t\t<\/div>\n\n<p>Afin de poursuivre la comm\u00e9moration, le cort\u00e8ge se dirigea vers la salle polyvalente pour le vernissage de l\u2019exposition sur le \u00ab\u00a0parcours de Poilus Loffriens morts pour la France\u00a0\u00bb<\/p>\n\n\t\t<style type=\"text\/css\">\n\t\t\t#gallery-3 {\n\t\t\t\tmargin: auto;\n\t\t\t}\n\t\t\t#gallery-3 .gallery-item {\n\t\t\t\tfloat: left;\n\t\t\t\tmargin-top: 10px;\n\t\t\t\ttext-align: center;\n\t\t\t\twidth: 16%;\n\t\t\t}\n\t\t\t#gallery-3 img {\n\t\t\t\tborder: 2px solid #cfcfcf;\n\t\t\t}\n\t\t\t#gallery-3 .gallery-caption {\n\t\t\t\tmargin-left: 0;\n\t\t\t}\n\t\t\t\/* see gallery_shortcode() in wp-includes\/media.php *\/\n\t\t<\/style>\n\t\t<div id='gallery-3' class='gallery galleryid-4115 gallery-columns-6 gallery-size-thumbnail'><dl class='gallery-item'>\n\t\t\t<dt class='gallery-icon landscape'>\n\t\t\t\t<a href='http:\/\/commune-loffre.fr\/index.php\/2018\/11\/14\/commemoration-du-11-novembre-exposition-sur-le-parcours-des-poilus-loffriens-morts-pour-la-france-et-remise-des-medailles-du-travail\/11-novembre-2018-1-copie\/'><img loading=\"lazy\" decoding=\"async\" width=\"150\" height=\"150\" src=\"http:\/\/commune-loffre.fr\/wp-content\/uploads\/2018\/11\/11-novembre-2018-1-copie-150x150.jpg\" class=\"attachment-thumbnail size-thumbnail\" alt=\"\" srcset=\"http:\/\/commune-loffre.fr\/wp-content\/uploads\/2018\/11\/11-novembre-2018-1-copie-150x150.jpg 150w, http:\/\/commune-loffre.fr\/wp-content\/uploads\/2018\/11\/11-novembre-2018-1-copie-180x180.jpg 180w, http:\/\/commune-loffre.fr\/wp-content\/uploads\/2018\/11\/11-novembre-2018-1-copie-60x60.jpg 60w\" sizes=\"(max-width: 150px) 100vw, 150px\" \/><\/a>\n\t\t\t<\/dt><\/dl><dl class='gallery-item'>\n\t\t\t<dt class='gallery-icon landscape'>\n\t\t\t\t<a href='http:\/\/commune-loffre.fr\/index.php\/2018\/11\/14\/commemoration-du-11-novembre-exposition-sur-le-parcours-des-poilus-loffriens-morts-pour-la-france-et-remise-des-medailles-du-travail\/11-novembre-2018-2-copie\/'><img loading=\"lazy\" decoding=\"async\" width=\"150\" height=\"150\" src=\"http:\/\/commune-loffre.fr\/wp-content\/uploads\/2018\/11\/11-novembre-2018-2-copie-150x150.jpg\" class=\"attachment-thumbnail size-thumbnail\" alt=\"\" srcset=\"http:\/\/commune-loffre.fr\/wp-content\/uploads\/2018\/11\/11-novembre-2018-2-copie-150x150.jpg 150w, http:\/\/commune-loffre.fr\/wp-content\/uploads\/2018\/11\/11-novembre-2018-2-copie-180x180.jpg 180w, http:\/\/commune-loffre.fr\/wp-content\/uploads\/2018\/11\/11-novembre-2018-2-copie-60x60.jpg 60w\" sizes=\"(max-width: 150px) 100vw, 150px\" \/><\/a>\n\t\t\t<\/dt><\/dl><dl class='gallery-item'>\n\t\t\t<dt class='gallery-icon landscape'>\n\t\t\t\t<a href='http:\/\/commune-loffre.fr\/index.php\/2018\/11\/14\/commemoration-du-11-novembre-exposition-sur-le-parcours-des-poilus-loffriens-morts-pour-la-france-et-remise-des-medailles-du-travail\/11-novembre-2018-3-copie\/'><img loading=\"lazy\" decoding=\"async\" width=\"150\" height=\"150\" src=\"http:\/\/commune-loffre.fr\/wp-content\/uploads\/2018\/11\/11-novembre-2018-3-copie-150x150.jpg\" class=\"attachment-thumbnail size-thumbnail\" alt=\"\" srcset=\"http:\/\/commune-loffre.fr\/wp-content\/uploads\/2018\/11\/11-novembre-2018-3-copie-150x150.jpg 150w, http:\/\/commune-loffre.fr\/wp-content\/uploads\/2018\/11\/11-novembre-2018-3-copie-180x180.jpg 180w, http:\/\/commune-loffre.fr\/wp-content\/uploads\/2018\/11\/11-novembre-2018-3-copie-60x60.jpg 60w\" sizes=\"(max-width: 150px) 100vw, 150px\" \/><\/a>\n\t\t\t<\/dt><\/dl><dl class='gallery-item'>\n\t\t\t<dt class='gallery-icon portrait'>\n\t\t\t\t<a href='http:\/\/commune-loffre.fr\/index.php\/2018\/11\/14\/commemoration-du-11-novembre-exposition-sur-le-parcours-des-poilus-loffriens-morts-pour-la-france-et-remise-des-medailles-du-travail\/11-novembre-2018-4-copie\/'><img loading=\"lazy\" decoding=\"async\" width=\"150\" height=\"150\" src=\"http:\/\/commune-loffre.fr\/wp-content\/uploads\/2018\/11\/11-novembre-2018-4-copie-150x150.jpg\" class=\"attachment-thumbnail size-thumbnail\" alt=\"\" srcset=\"http:\/\/commune-loffre.fr\/wp-content\/uploads\/2018\/11\/11-novembre-2018-4-copie-150x150.jpg 150w, http:\/\/commune-loffre.fr\/wp-content\/uploads\/2018\/11\/11-novembre-2018-4-copie-180x180.jpg 180w, http:\/\/commune-loffre.fr\/wp-content\/uploads\/2018\/11\/11-novembre-2018-4-copie-60x60.jpg 60w\" sizes=\"(max-width: 150px) 100vw, 150px\" \/><\/a>\n\t\t\t<\/dt><\/dl><dl class='gallery-item'>\n\t\t\t<dt class='gallery-icon portrait'>\n\t\t\t\t<a href='http:\/\/commune-loffre.fr\/index.php\/2018\/11\/14\/commemoration-du-11-novembre-exposition-sur-le-parcours-des-poilus-loffriens-morts-pour-la-france-et-remise-des-medailles-du-travail\/11-novembre-2018-5-copie\/'><img loading=\"lazy\" decoding=\"async\" width=\"150\" height=\"150\" src=\"http:\/\/commune-loffre.fr\/wp-content\/uploads\/2018\/11\/11-novembre-2018-5-copie-150x150.jpg\" class=\"attachment-thumbnail size-thumbnail\" alt=\"\" srcset=\"http:\/\/commune-loffre.fr\/wp-content\/uploads\/2018\/11\/11-novembre-2018-5-copie-150x150.jpg 150w, http:\/\/commune-loffre.fr\/wp-content\/uploads\/2018\/11\/11-novembre-2018-5-copie-180x180.jpg 180w, http:\/\/commune-loffre.fr\/wp-content\/uploads\/2018\/11\/11-novembre-2018-5-copie-60x60.jpg 60w\" sizes=\"(max-width: 150px) 100vw, 150px\" \/><\/a>\n\t\t\t<\/dt><\/dl><dl class='gallery-item'>\n\t\t\t<dt class='gallery-icon portrait'>\n\t\t\t\t<a href='http:\/\/commune-loffre.fr\/index.php\/2018\/11\/14\/commemoration-du-11-novembre-exposition-sur-le-parcours-des-poilus-loffriens-morts-pour-la-france-et-remise-des-medailles-du-travail\/11-novembre-2018-6-copie\/'><img loading=\"lazy\" decoding=\"async\" width=\"150\" height=\"150\" src=\"http:\/\/commune-loffre.fr\/wp-content\/uploads\/2018\/11\/11-novembre-2018-6-copie-150x150.jpg\" class=\"attachment-thumbnail size-thumbnail\" alt=\"\" srcset=\"http:\/\/commune-loffre.fr\/wp-content\/uploads\/2018\/11\/11-novembre-2018-6-copie-150x150.jpg 150w, http:\/\/commune-loffre.fr\/wp-content\/uploads\/2018\/11\/11-novembre-2018-6-copie-180x180.jpg 180w, http:\/\/commune-loffre.fr\/wp-content\/uploads\/2018\/11\/11-novembre-2018-6-copie-60x60.jpg 60w\" sizes=\"(max-width: 150px) 100vw, 150px\" \/><\/a>\n\t\t\t<\/dt><\/dl><br style=\"clear: both\" \/><dl class='gallery-item'>\n\t\t\t<dt class='gallery-icon landscape'>\n\t\t\t\t<a href='http:\/\/commune-loffre.fr\/index.php\/2018\/11\/14\/commemoration-du-11-novembre-exposition-sur-le-parcours-des-poilus-loffriens-morts-pour-la-france-et-remise-des-medailles-du-travail\/11-novembre-2018-7-copie\/'><img loading=\"lazy\" decoding=\"async\" width=\"150\" height=\"150\" src=\"http:\/\/commune-loffre.fr\/wp-content\/uploads\/2018\/11\/11-novembre-2018-7-copie-150x150.jpg\" class=\"attachment-thumbnail size-thumbnail\" alt=\"\" srcset=\"http:\/\/commune-loffre.fr\/wp-content\/uploads\/2018\/11\/11-novembre-2018-7-copie-150x150.jpg 150w, http:\/\/commune-loffre.fr\/wp-content\/uploads\/2018\/11\/11-novembre-2018-7-copie-180x180.jpg 180w, http:\/\/commune-loffre.fr\/wp-content\/uploads\/2018\/11\/11-novembre-2018-7-copie-60x60.jpg 60w\" sizes=\"(max-width: 150px) 100vw, 150px\" \/><\/a>\n\t\t\t<\/dt><\/dl><dl class='gallery-item'>\n\t\t\t<dt class='gallery-icon landscape'>\n\t\t\t\t<a href='http:\/\/commune-loffre.fr\/index.php\/2018\/11\/14\/commemoration-du-11-novembre-exposition-sur-le-parcours-des-poilus-loffriens-morts-pour-la-france-et-remise-des-medailles-du-travail\/11-novembre-2018-8-copie\/'><img loading=\"lazy\" decoding=\"async\" width=\"150\" height=\"150\" src=\"http:\/\/commune-loffre.fr\/wp-content\/uploads\/2018\/11\/11-novembre-2018-8-copie-150x150.jpg\" class=\"attachment-thumbnail size-thumbnail\" alt=\"\" srcset=\"http:\/\/commune-loffre.fr\/wp-content\/uploads\/2018\/11\/11-novembre-2018-8-copie-150x150.jpg 150w, http:\/\/commune-loffre.fr\/wp-content\/uploads\/2018\/11\/11-novembre-2018-8-copie-180x180.jpg 180w, http:\/\/commune-loffre.fr\/wp-content\/uploads\/2018\/11\/11-novembre-2018-8-copie-60x60.jpg 60w\" sizes=\"(max-width: 150px) 100vw, 150px\" \/><\/a>\n\t\t\t<\/dt><\/dl><dl class='gallery-item'>\n\t\t\t<dt class='gallery-icon landscape'>\n\t\t\t\t<a href='http:\/\/commune-loffre.fr\/index.php\/2018\/11\/14\/commemoration-du-11-novembre-exposition-sur-le-parcours-des-poilus-loffriens-morts-pour-la-france-et-remise-des-medailles-du-travail\/11-novembre-2018-9-copie\/'><img loading=\"lazy\" decoding=\"async\" width=\"150\" height=\"150\" src=\"http:\/\/commune-loffre.fr\/wp-content\/uploads\/2018\/11\/11-novembre-2018-9-copie-150x150.jpg\" class=\"attachment-thumbnail size-thumbnail\" alt=\"\" srcset=\"http:\/\/commune-loffre.fr\/wp-content\/uploads\/2018\/11\/11-novembre-2018-9-copie-150x150.jpg 150w, http:\/\/commune-loffre.fr\/wp-content\/uploads\/2018\/11\/11-novembre-2018-9-copie-180x180.jpg 180w, http:\/\/commune-loffre.fr\/wp-content\/uploads\/2018\/11\/11-novembre-2018-9-copie-60x60.jpg 60w\" sizes=\"(max-width: 150px) 100vw, 150px\" \/><\/a>\n\t\t\t<\/dt><\/dl><dl class='gallery-item'>\n\t\t\t<dt class='gallery-icon landscape'>\n\t\t\t\t<a href='http:\/\/commune-loffre.fr\/index.php\/2018\/11\/14\/commemoration-du-11-novembre-exposition-sur-le-parcours-des-poilus-loffriens-morts-pour-la-france-et-remise-des-medailles-du-travail\/11-novembre-2018-10-copie\/'><img loading=\"lazy\" decoding=\"async\" width=\"150\" height=\"150\" src=\"http:\/\/commune-loffre.fr\/wp-content\/uploads\/2018\/11\/11-novembre-2018-10-copie-150x150.jpg\" class=\"attachment-thumbnail size-thumbnail\" alt=\"\" srcset=\"http:\/\/commune-loffre.fr\/wp-content\/uploads\/2018\/11\/11-novembre-2018-10-copie-150x150.jpg 150w, http:\/\/commune-loffre.fr\/wp-content\/uploads\/2018\/11\/11-novembre-2018-10-copie-180x180.jpg 180w, http:\/\/commune-loffre.fr\/wp-content\/uploads\/2018\/11\/11-novembre-2018-10-copie-60x60.jpg 60w\" sizes=\"(max-width: 150px) 100vw, 150px\" \/><\/a>\n\t\t\t<\/dt><\/dl><dl class='gallery-item'>\n\t\t\t<dt class='gallery-icon landscape'>\n\t\t\t\t<a href='http:\/\/commune-loffre.fr\/index.php\/2018\/11\/14\/commemoration-du-11-novembre-exposition-sur-le-parcours-des-poilus-loffriens-morts-pour-la-france-et-remise-des-medailles-du-travail\/11-novembre-2018-11-copie\/'><img loading=\"lazy\" decoding=\"async\" width=\"150\" height=\"150\" src=\"http:\/\/commune-loffre.fr\/wp-content\/uploads\/2018\/11\/11-novembre-2018-11-copie-150x150.jpg\" class=\"attachment-thumbnail size-thumbnail\" alt=\"\" srcset=\"http:\/\/commune-loffre.fr\/wp-content\/uploads\/2018\/11\/11-novembre-2018-11-copie-150x150.jpg 150w, http:\/\/commune-loffre.fr\/wp-content\/uploads\/2018\/11\/11-novembre-2018-11-copie-180x180.jpg 180w, http:\/\/commune-loffre.fr\/wp-content\/uploads\/2018\/11\/11-novembre-2018-11-copie-60x60.jpg 60w\" sizes=\"(max-width: 150px) 100vw, 150px\" \/><\/a>\n\t\t\t<\/dt><\/dl>\n\t\t\t<br style='clear: both' \/>\n\t\t<\/div>\n\n<p>Depuis maintenant quatre ans la commune de Loffre en collaboration avec Monsieur Jean-Marc DUBOIS, Pr\u00e9sident de la Soci\u00e9t\u00e9 d\u2019Histoire Locale du Mont-Tilleul de Villers au Tertre, met \u00e0 l\u2019honneur en ce centenaire de la premi\u00e8re guerre mondiale le parcours de soldats loffriens. Pour cette ann\u00e9e, le travail de Monsieur DUBOIS s\u2019est port\u00e9 sur le parcours de Monsieur Ernest TAILLIEZ, Ma\u00eetre canonnier sur le cuirass\u00e9 \u00ab\u00a0Diderot\u00a0\u00bb marin mort pour la France. L\u2019exposition traita \u00e9galement\u00a0les sujets suivants :<\/p>\n<ul>\n<li>Le th\u00e9\u00e2tre, une distraction pour les poilus acteurs ou spectateurs,<\/li>\n<li>Les dessins humoristiques et des restrictions alimentaires de 1917,<\/li>\n<li>Le Commandement unique donn\u00e9 \u00e0 Foch (Mars-Avril 2018)<\/li>\n<li>La premi\u00e8re bataille de chars de l\u2019histoire le 24 Avril 1918 \u00e0 Villers-Bretonneux,<\/li>\n<li>La derni\u00e8re offensive allemande de la guerre\u00a0: le Friedenstrum (offensive de la Paix) Juillet 1918,<\/li>\n<li>Les travaux des enfants de l\u2019\u00e9cole Henri Matisse.<\/li>\n<\/ul>\n<p>L\u2019exposition a \u00e9galement \u00e9t\u00e9 compl\u00e9t\u00e9e par du mat\u00e9riel de guerre pr\u00eat\u00e9 par Monsieur ALBERTY.<\/p>\n<p>Monsieur le Maire remercia Monsieur Jean-Marc DUBOIS pour son excellent travail ainsi que Monsieur ALBERTY pour le pr\u00eat de mat\u00e9riels, les Anciens Combattants de Loffre, le conseil municipal, les services communaux, les \u00e9coliers, le Ch\u0153ur Loffrien, les colombophiles et l\u2019harmonie \u00ab\u00a0La Concorde\u00a0\u00bb de Frais-Marais.<\/p>\n<p>Monsieur Charles BEAUCHAMP, Conseiller D\u00e9partemental du canton a honor\u00e9 par sa pr\u00e9sence le vernissage de l\u2019exposition.<\/p>\n<p>Cette journ\u00e9e du 11 Novembre a \u00e9t\u00e9 aussi l\u2019occasion pour Monsieur le Maire de remettre six m\u00e9dailles du travail \u00e0\u00a0:<\/p>\n<ul>\n<li>Monsieur Freddy BOBER pour le dipl\u00f4me correspondant \u00e0 l\u2019\u00e9chelon Grand Or pour 40 ann\u00e9es de travail en tant que Technicien de Maintenance \u00e0 l\u2019Usine Renault de DOUAI,<\/li>\n<li>Monsieur Patrick COLLIER pour le dipl\u00f4me correspondant \u00e0 l\u2019\u00e9chelon Or pour 35 ann\u00e9es de travail en tant qu\u2019Ajusteur M\u00e9canicien Machines \u00e0 l\u2019usine Renault de DOUAI,<\/li>\n<li>Monsieur Philippe ROGAL pour les dipl\u00f4mes correspondants \u00e0 l\u2019\u00e9chelon Or pour 35 ann\u00e9es de travail, \u00e9chelon Vermeil pour 30 ans de services et \u00e9chelon Argent pour 20 ans de travail en tant que Monteur \u00e0 la Soci\u00e9t\u00e9 Serame \u00e0 AVELIN,<\/li>\n<li>Madame Th\u00e9r\u00e8se CASTELLAIN pour le dipl\u00f4me correspondant \u00e0 l\u2019\u00e9chelon Vermeil pour 30 ann\u00e9es de travail en tant que secr\u00e9taire administratif \u00e0 la soci\u00e9t\u00e9 Maisons et Cit\u00e9s \u00e0 ANICHE,<\/li>\n<li>Monsieur Patrick LUCZAK pour le dipl\u00f4me correspondant \u00e0 l\u2019\u00e9chelon Argent pour 20 ann\u00e9es de travail en tant que Technicien \u00e0 la Soci\u00e9t\u00e9 Bombardier \u00e0 CRESPIN,<\/li>\n<li>Madame V\u00e9ronique PRESSOIR pour le dipl\u00f4me correspondant \u00e0 l\u2019\u00e9chelon Argent pour 20 ann\u00e9es de travail en tant que Charg\u00e9e de Client\u00e8le \u00e0 la caisse d\u2019\u00e9pargne Hauts de France \u00e0 LILLE.<\/li>\n<\/ul>\n<p>Monsieur le Maire leur adressa ses f\u00e9licitations et au nom du conseil municipal offrit une composition florale aux r\u00e9cipiendaires.<\/p>\n<p>Monsieur le Maire laissa la parole \u00e0 Monsieur Jean-Marie CH\u0152UR, pr\u00e9sident des Anciens Combattants de Loffre afin que ce dernier remette les dipl\u00f4mes de porte-drapeau \u00e0 Messieurs Dominique VERRIER pour ses quinze ann\u00e9es et Thierry DUPUIS pour trois ann\u00e9es.<\/p>\n<p>Pour cl\u00f4turer cette c\u00e9r\u00e9monie le public \u00e0 partager un moment de convivialit\u00e9 offert par la municipalit\u00e9.<\/p>\n","protected":false},"excerpt":{"rendered":"<p>Monsieur le Maire, le conseil municipal, les Anciens Combattants de Loffre, les repr\u00e9sentants des associations, Monsieur le Directeur et des enfants de l\u2019\u00e9cole Henri MATISSE et de nombreux habitants ont&#8230; <a href=\"http:\/\/commune-loffre.fr\/index.php\/2018\/11\/14\/commemoration-du-11-novembre-exposition-sur-le-parcours-des-poilus-loffriens-morts-pour-la-france-et-remise-des-medailles-du-travail\/\">Read more &raquo;<\/a><\/p>\n","protected":false},"author":1,"featured_media":4158,"comment_status":"closed","ping_status":"closed","sticky":false,"template":"","format":"standard","meta":{"footnotes":""},"categories":[17],"tags":[],"_links":{"self":[{"href":"http:\/\/commune-loffre.fr\/index.php\/wp-json\/wp\/v2\/posts\/4115"}],"collection":[{"href":"http:\/\/commune-loffre.fr\/index.php\/wp-json\/wp\/v2\/posts"}],"about":[{"href":"http:\/\/commune-loffre.fr\/index.php\/wp-json\/wp\/v2\/types\/post"}],"author":[{"embeddable":true,"href":"http:\/\/commune-loffre.fr\/index.php\/wp-json\/wp\/v2\/users\/1"}],"replies":[{"embeddable":true,"href":"http:\/\/commune-loffre.fr\/index.php\/wp-json\/wp\/v2\/comments?post=4115"}],"version-history":[{"count":1,"href":"http:\/\/commune-loffre.fr\/index.php\/wp-json\/wp\/v2\/posts\/4115\/revisions"}],"predecessor-version":[{"id":4161,"href":"http:\/\/commune-loffre.fr\/index.php\/wp-json\/wp\/v2\/posts\/4115\/revisions\/4161"}],"wp:featuredmedia":[{"embeddable":true,"href":"http:\/\/commune-loffre.fr\/index.php\/wp-json\/wp\/v2\/media\/4158"}],"wp:attachment":[{"href":"http:\/\/commune-loffre.fr\/index.php\/wp-json\/wp\/v2\/media?parent=4115"}],"wp:term":[{"taxonomy":"category","embeddable":true,"href":"http:\/\/commune-loffre.fr\/index.php\/wp-json\/wp\/v2\/categories?post=4115"},{"taxonomy":"post_tag","embeddable":true,"href":"http:\/\/commune-loffre.fr\/index.php\/wp-json\/wp\/v2\/tags?post=4115"}],"curies":[{"name":"wp","href":"https:\/\/api.w.org\/{rel}","templated":true}]}}