{"id":4113,"date":"2018-11-13T09:16:40","date_gmt":"2018-11-13T08:16:40","guid":{"rendered":"http:\/\/commune-loffre.fr\/?p=4113"},"modified":"2018-11-13T09:16:40","modified_gmt":"2018-11-13T08:16:40","slug":"permanence-service-sociale","status":"publish","type":"post","link":"http:\/\/commune-loffre.fr\/index.php\/2018\/11\/13\/permanence-service-sociale\/","title":{"rendered":"Permanence Service Sociale"},"content":{"rendered":"<h2>Besoin de conseils ? Besoin d\u2019aide ?<\/h2>\n<h3><span style=\"color: #800000;\">\u00a0NOUVEAU \u00e0 partir de janvier 2019<\/span><br \/>\nMadame CARTIGNY, Assistante Sociale du service social d\u00e9partemental (SSD)<br \/>\nrecevra les loffriennes et loffriens \u00e0 sa permanence qui se d\u00e9roulera en mairie<\/h3>\n<h3><span style=\"text-decoration: underline;\">le 3\u00e8me vendredi de chaque mois de 14h \u00e0 16h30.<\/span><\/h3>\n<p>Pour les personnes int\u00e9ress\u00e9es, il est n\u00e9cessaire de prendre rendez-vous au pr\u00e9alable en t\u00e9l\u00e9phonant au 03.59.73.19.30 (Unit\u00e9 Territoriale de Guesnain).<\/p>\n<p>L\u2019assistante sociale est l\u00e0 pour rechercher avec vous les r\u00e9ponses adapt\u00e9es \u00e0 votre situation :<br \/>\n\uf0d8 Les relations avec les administrations : aide \u00e0 la constitution de vos dossiers et dans vos d\u00e9marches<br \/>\n\uf0d8 Conseils et aides dans la gestion de votre vie quotidienne : le logement, l\u2019acc\u00e8s aux soins, l\u2019alimentation, le budget &#8230;<br \/>\n\uf0d8 Accompagnement lors d\u2019\u00e9v\u00e8nements familiaux : naissance, scolarit\u00e9, \u00e9ducation, adolescence, vie de couple, divorce, d\u00e9c\u00e8s &#8230;<br \/>\n\uf0d8 La pr\u00e9vention et la protection des personnes vuln\u00e9rables : les enfants ou les adultes porteurs de handicap, les enfants ou les adultes victimes de violences ou de maltraitances<\/p>\n","protected":false},"excerpt":{"rendered":"<p>Besoin de conseils ? Besoin d\u2019aide ? \u00a0NOUVEAU \u00e0 partir de janvier 2019 Madame CARTIGNY, Assistante Sociale du service social d\u00e9partemental (SSD) recevra les loffriennes et loffriens \u00e0 sa permanence&#8230; <a href=\"http:\/\/commune-loffre.fr\/index.php\/2018\/11\/13\/permanence-service-sociale\/\">Read more &raquo;<\/a><\/p>\n","protected":false},"author":1,"featured_media":0,"comment_status":"closed","ping_status":"closed","sticky":false,"template":"","format":"standard","meta":{"footnotes":""},"categories":[20],"tags":[],"_links":{"self":[{"href":"http:\/\/commune-loffre.fr\/index.php\/wp-json\/wp\/v2\/posts\/4113"}],"collection":[{"href":"http:\/\/commune-loffre.fr\/index.php\/wp-json\/wp\/v2\/posts"}],"about":[{"href":"http:\/\/commune-loffre.fr\/index.php\/wp-json\/wp\/v2\/types\/post"}],"author":[{"embeddable":true,"href":"http:\/\/commune-loffre.fr\/index.php\/wp-json\/wp\/v2\/users\/1"}],"replies":[{"embeddable":true,"href":"http:\/\/commune-loffre.fr\/index.php\/wp-json\/wp\/v2\/comments?post=4113"}],"version-history":[{"count":1,"href":"http:\/\/commune-loffre.fr\/index.php\/wp-json\/wp\/v2\/posts\/4113\/revisions"}],"predecessor-version":[{"id":4114,"href":"http:\/\/commune-loffre.fr\/index.php\/wp-json\/wp\/v2\/posts\/4113\/revisions\/4114"}],"wp:attachment":[{"href":"http:\/\/commune-loffre.fr\/index.php\/wp-json\/wp\/v2\/media?parent=4113"}],"wp:term":[{"taxonomy":"category","embeddable":true,"href":"http:\/\/commune-loffre.fr\/index.php\/wp-json\/wp\/v2\/categories?post=4113"},{"taxonomy":"post_tag","embeddable":true,"href":"http:\/\/commune-loffre.fr\/index.php\/wp-json\/wp\/v2\/tags?post=4113"}],"curies":[{"name":"wp","href":"https:\/\/api.w.org\/{rel}","templated":true}]}}