{"id":4079,"date":"2018-11-04T17:45:41","date_gmt":"2018-11-04T16:45:41","guid":{"rendered":"http:\/\/commune-loffre.fr\/?p=4079"},"modified":"2018-11-04T17:45:41","modified_gmt":"2018-11-04T16:45:41","slug":"recensement-des-petits-detenteurs-de-porcs-et-de-sangliers","status":"publish","type":"post","link":"http:\/\/commune-loffre.fr\/index.php\/2018\/11\/04\/recensement-des-petits-detenteurs-de-porcs-et-de-sangliers\/","title":{"rendered":"Recensement des petits d\u00e9tenteurs de porcs et de sangliers"},"content":{"rendered":"<p>Le virus de grippe porcine africaine s\u00e9vit actuellement dans plusieurs pays d&rsquo;Europe. Plusieurs cas ont r\u00e9cemment \u00e9t\u00e9 confirm\u00e9s en Belgique sur des sangliers morts \u00e0 proximit\u00e9 de la fronti\u00e8re fran\u00e7aise. Des mesures renforc\u00e9es de contr\u00f4les ont \u00e9t\u00e9 d\u00e9cid\u00e9es.<\/p>\n\n\t\t<style type=\"text\/css\">\n\t\t\t#gallery-1 {\n\t\t\t\tmargin: auto;\n\t\t\t}\n\t\t\t#gallery-1 .gallery-item {\n\t\t\t\tfloat: left;\n\t\t\t\tmargin-top: 10px;\n\t\t\t\ttext-align: center;\n\t\t\t\twidth: 50%;\n\t\t\t}\n\t\t\t#gallery-1 img {\n\t\t\t\tborder: 2px solid #cfcfcf;\n\t\t\t}\n\t\t\t#gallery-1 .gallery-caption {\n\t\t\t\tmargin-left: 0;\n\t\t\t}\n\t\t\t\/* see gallery_shortcode() in wp-includes\/media.php *\/\n\t\t<\/style>\n\t\t<div id='gallery-1' class='gallery galleryid-4079 gallery-columns-2 gallery-size-medium'><dl class='gallery-item'>\n\t\t\t<dt class='gallery-icon portrait'>\n\t\t\t\t<a href='http:\/\/commune-loffre.fr\/index.php\/2018\/11\/04\/recensement-des-petits-detenteurs-de-porcs-et-de-sangliers\/recensement-porcins_page_1\/'><img loading=\"lazy\" decoding=\"async\" width=\"212\" height=\"300\" src=\"http:\/\/commune-loffre.fr\/wp-content\/uploads\/2018\/11\/Recensement-porcins_Page_1-212x300.jpg\" class=\"attachment-medium size-medium\" alt=\"\" srcset=\"http:\/\/commune-loffre.fr\/wp-content\/uploads\/2018\/11\/Recensement-porcins_Page_1-212x300.jpg 212w, http:\/\/commune-loffre.fr\/wp-content\/uploads\/2018\/11\/Recensement-porcins_Page_1-768x1086.jpg 768w, http:\/\/commune-loffre.fr\/wp-content\/uploads\/2018\/11\/Recensement-porcins_Page_1-724x1024.jpg 724w, http:\/\/commune-loffre.fr\/wp-content\/uploads\/2018\/11\/Recensement-porcins_Page_1-624x882.jpg 624w, http:\/\/commune-loffre.fr\/wp-content\/uploads\/2018\/11\/Recensement-porcins_Page_1.jpg 1241w\" sizes=\"(max-width: 212px) 100vw, 212px\" \/><\/a>\n\t\t\t<\/dt><\/dl><dl class='gallery-item'>\n\t\t\t<dt class='gallery-icon portrait'>\n\t\t\t\t<a href='http:\/\/commune-loffre.fr\/index.php\/2018\/11\/04\/recensement-des-petits-detenteurs-de-porcs-et-de-sangliers\/recensement-porcins_page_2\/'><img loading=\"lazy\" decoding=\"async\" width=\"212\" height=\"300\" src=\"http:\/\/commune-loffre.fr\/wp-content\/uploads\/2018\/11\/Recensement-porcins_Page_2-212x300.jpg\" class=\"attachment-medium size-medium\" alt=\"\" srcset=\"http:\/\/commune-loffre.fr\/wp-content\/uploads\/2018\/11\/Recensement-porcins_Page_2-212x300.jpg 212w, http:\/\/commune-loffre.fr\/wp-content\/uploads\/2018\/11\/Recensement-porcins_Page_2-768x1086.jpg 768w, http:\/\/commune-loffre.fr\/wp-content\/uploads\/2018\/11\/Recensement-porcins_Page_2-724x1024.jpg 724w, http:\/\/commune-loffre.fr\/wp-content\/uploads\/2018\/11\/Recensement-porcins_Page_2-624x882.jpg 624w, http:\/\/commune-loffre.fr\/wp-content\/uploads\/2018\/11\/Recensement-porcins_Page_2.jpg 1241w\" sizes=\"(max-width: 212px) 100vw, 212px\" \/><\/a>\n\t\t\t<\/dt><\/dl><br style=\"clear: both\" \/>\n\t\t<\/div>\n\n","protected":false},"excerpt":{"rendered":"<p>Le virus de grippe porcine africaine s\u00e9vit actuellement dans plusieurs pays d&rsquo;Europe. Plusieurs cas ont r\u00e9cemment \u00e9t\u00e9 confirm\u00e9s en Belgique sur des sangliers morts \u00e0 proximit\u00e9 de la fronti\u00e8re fran\u00e7aise&#8230;. <a href=\"http:\/\/commune-loffre.fr\/index.php\/2018\/11\/04\/recensement-des-petits-detenteurs-de-porcs-et-de-sangliers\/\">Read more &raquo;<\/a><\/p>\n","protected":false},"author":1,"featured_media":0,"comment_status":"closed","ping_status":"closed","sticky":false,"template":"","format":"standard","meta":{"footnotes":""},"categories":[5],"tags":[],"_links":{"self":[{"href":"http:\/\/commune-loffre.fr\/index.php\/wp-json\/wp\/v2\/posts\/4079"}],"collection":[{"href":"http:\/\/commune-loffre.fr\/index.php\/wp-json\/wp\/v2\/posts"}],"about":[{"href":"http:\/\/commune-loffre.fr\/index.php\/wp-json\/wp\/v2\/types\/post"}],"author":[{"embeddable":true,"href":"http:\/\/commune-loffre.fr\/index.php\/wp-json\/wp\/v2\/users\/1"}],"replies":[{"embeddable":true,"href":"http:\/\/commune-loffre.fr\/index.php\/wp-json\/wp\/v2\/comments?post=4079"}],"version-history":[{"count":1,"href":"http:\/\/commune-loffre.fr\/index.php\/wp-json\/wp\/v2\/posts\/4079\/revisions"}],"predecessor-version":[{"id":4082,"href":"http:\/\/commune-loffre.fr\/index.php\/wp-json\/wp\/v2\/posts\/4079\/revisions\/4082"}],"wp:attachment":[{"href":"http:\/\/commune-loffre.fr\/index.php\/wp-json\/wp\/v2\/media?parent=4079"}],"wp:term":[{"taxonomy":"category","embeddable":true,"href":"http:\/\/commune-loffre.fr\/index.php\/wp-json\/wp\/v2\/categories?post=4079"},{"taxonomy":"post_tag","embeddable":true,"href":"http:\/\/commune-loffre.fr\/index.php\/wp-json\/wp\/v2\/tags?post=4079"}],"curies":[{"name":"wp","href":"https:\/\/api.w.org\/{rel}","templated":true}]}}