{"id":4055,"date":"2018-10-20T19:24:28","date_gmt":"2018-10-20T18:24:28","guid":{"rendered":"http:\/\/commune-loffre.fr\/?p=4055"},"modified":"2018-10-20T19:24:28","modified_gmt":"2018-10-20T18:24:28","slug":"exposition-du-10-au-12-novembre","status":"publish","type":"post","link":"http:\/\/commune-loffre.fr\/index.php\/2018\/10\/20\/exposition-du-10-au-12-novembre\/","title":{"rendered":"Exposition du 10 au 12 Novembre"},"content":{"rendered":"<p>Parcours de Monsieur TAILLIEZ Ernest, marin loffrien mort pour la France &#8211; Ma\u00eetre canonnier sur le cuirass\u00e9 \u00ab\u00a0Diderot\u00a0\u00bb ou quelques aspects de la guerre de la Marine fran\u00e7aise en M\u00e9diterran\u00e9e.\u00a0\u00bb<\/p>\n\n\t\t<style type=\"text\/css\">\n\t\t\t#gallery-1 {\n\t\t\t\tmargin: auto;\n\t\t\t}\n\t\t\t#gallery-1 .gallery-item {\n\t\t\t\tfloat: left;\n\t\t\t\tmargin-top: 10px;\n\t\t\t\ttext-align: center;\n\t\t\t\twidth: 100%;\n\t\t\t}\n\t\t\t#gallery-1 img {\n\t\t\t\tborder: 2px solid #cfcfcf;\n\t\t\t}\n\t\t\t#gallery-1 .gallery-caption {\n\t\t\t\tmargin-left: 0;\n\t\t\t}\n\t\t\t\/* see gallery_shortcode() in wp-includes\/media.php *\/\n\t\t<\/style>\n\t\t<div id='gallery-1' class='gallery galleryid-4055 gallery-columns-1 gallery-size-medium'><dl class='gallery-item'>\n\t\t\t<dt class='gallery-icon landscape'>\n\t\t\t\t<a href='http:\/\/commune-loffre.fr\/index.php\/2018\/10\/20\/exposition-du-10-au-12-novembre\/tailliez-ernest\/'><img loading=\"lazy\" decoding=\"async\" width=\"259\" height=\"194\" src=\"http:\/\/commune-loffre.fr\/wp-content\/uploads\/2018\/10\/Tailliez-Ernest.jpg\" class=\"attachment-medium size-medium\" alt=\"\" srcset=\"http:\/\/commune-loffre.fr\/wp-content\/uploads\/2018\/10\/Tailliez-Ernest.jpg 259w, http:\/\/commune-loffre.fr\/wp-content\/uploads\/2018\/10\/Tailliez-Ernest-240x180.jpg 240w\" sizes=\"(max-width: 259px) 100vw, 259px\" \/><\/a>\n\t\t\t<\/dt><\/dl><br style=\"clear: both\" \/>\n\t\t<\/div>\n\n<p>Pour cette exposition 2018, derni\u00e8re ann\u00e9e de la comm\u00e9moration de la 1\u00e8re guerre mondiale, vous pourrez suivre le parcours de Monsieur TAILLIEZ Ernest Loffrien, et d\u00e9couvrir les recherches sur les th\u00e8mes suivants :<br \/>\n\uf0fc\u00a0\u00a0 \u00a0Le th\u00e9\u00e2tre : une distraction pour les poilus\u00a0 acteurs ou spectateurs<br \/>\n\uf0fc\u00a0\u00a0 \u00a0Dessins humoristiques et restrictions alimentaires de 1917<br \/>\n\uf0fc\u00a0\u00a0 \u00a0Le commandement unique donn\u00e9 \u00e0 Foch (mars-avril 1918)<br \/>\n\uf0fc\u00a0\u00a0 \u00a0Villers-Bretonneux : 24 avril 1918. La premi\u00e8re bataille de chars de l\u2019Histoire.<br \/>\n\uf0fc\u00a0\u00a0 \u00a0La derni\u00e8re offensive allemande de la guerre: le \u00ab Friedensturm \u00bb (\u00ab Offensive de la paix \u00bb) Juillet 1918.<\/p>\n<p>Ainsi que les travaux des enfants de l\u2019\u00e9cole H. Matisse de LOFFRE<br \/>\nMonsieur GOUY, Maire de LOFFRE et le Conseil Municipal,<br \/>\nMonsieur Jean-Marc DUBOIS, Pr\u00e9sident de la Soci\u00e9t\u00e9 d\u2019Histoire Locale du Mont-Tilleul de Villers au Tertre,<br \/>\nMonsieur CHOEUR, Pr\u00e9sident de l\u2019Association des Anciens Combattants de LOFFRE,<\/p>\n<p>ont le plaisir de vous inviter \u00e0 d\u00e9couvrir cette exposition<br \/>\nA la salle polyvalente Petite Rue \u00e0 LOFFRE<br \/>\nCOMM\u00c9MORATION<br \/>\nRendez-vous le dimanche 11 novembre \u00e0 la salle polyvalente \u00e0 11h45 pour le d\u00e9fil\u00e9 au monument aux morts en compagnie de la population,\u00a0 des associations, des enfants du village,\u00a0 du personnel\u00a0 communal et des enseignants de l&rsquo;\u00e9cole, des anciens combattants, du conseil municipal et de l\u2019harmonie de FRAIS MARAIS, avec d\u00e9p\u00f4t de gerbe, allocution de M. le Maire et Appel aux morts par les enfants de l&rsquo;\u00e9cole Henri matisse. Un l\u00e2cher de pigeons sera organis\u00e9.<br \/>\n\uf0fc\u00a0\u00a0 \u00a0Exposition ouverte au public : le samedi 10 novembre de 15h00 \u00e0 17h30 ; le dimanche 11 novembre de 11h00 \u00e0 13h00 puis de 15h00 \u00e0 17h00<br \/>\n\uf0fc\u00a0\u00a0 \u00a0Vernissage de l\u2019exposition : le dimanche 11 novembre \u00e0 11h45<br \/>\n\uf0fc\u00a0\u00a0 \u00a0Exposition r\u00e9serv\u00e9e aux enfants de l\u2019\u00e9cole Henri MATISSE : le lundi 12 novembre<\/p>\n","protected":false},"excerpt":{"rendered":"<p>Parcours de Monsieur TAILLIEZ Ernest, marin loffrien mort pour la France &#8211; Ma\u00eetre canonnier sur le cuirass\u00e9 \u00ab\u00a0Diderot\u00a0\u00bb ou quelques aspects de la guerre de la Marine fran\u00e7aise en M\u00e9diterran\u00e9e.\u00a0\u00bb&#8230; <a href=\"http:\/\/commune-loffre.fr\/index.php\/2018\/10\/20\/exposition-du-10-au-12-novembre\/\">Read more &raquo;<\/a><\/p>\n","protected":false},"author":1,"featured_media":4056,"comment_status":"closed","ping_status":"closed","sticky":false,"template":"","format":"standard","meta":{"footnotes":""},"categories":[17],"tags":[],"_links":{"self":[{"href":"http:\/\/commune-loffre.fr\/index.php\/wp-json\/wp\/v2\/posts\/4055"}],"collection":[{"href":"http:\/\/commune-loffre.fr\/index.php\/wp-json\/wp\/v2\/posts"}],"about":[{"href":"http:\/\/commune-loffre.fr\/index.php\/wp-json\/wp\/v2\/types\/post"}],"author":[{"embeddable":true,"href":"http:\/\/commune-loffre.fr\/index.php\/wp-json\/wp\/v2\/users\/1"}],"replies":[{"embeddable":true,"href":"http:\/\/commune-loffre.fr\/index.php\/wp-json\/wp\/v2\/comments?post=4055"}],"version-history":[{"count":1,"href":"http:\/\/commune-loffre.fr\/index.php\/wp-json\/wp\/v2\/posts\/4055\/revisions"}],"predecessor-version":[{"id":4057,"href":"http:\/\/commune-loffre.fr\/index.php\/wp-json\/wp\/v2\/posts\/4055\/revisions\/4057"}],"wp:featuredmedia":[{"embeddable":true,"href":"http:\/\/commune-loffre.fr\/index.php\/wp-json\/wp\/v2\/media\/4056"}],"wp:attachment":[{"href":"http:\/\/commune-loffre.fr\/index.php\/wp-json\/wp\/v2\/media?parent=4055"}],"wp:term":[{"taxonomy":"category","embeddable":true,"href":"http:\/\/commune-loffre.fr\/index.php\/wp-json\/wp\/v2\/categories?post=4055"},{"taxonomy":"post_tag","embeddable":true,"href":"http:\/\/commune-loffre.fr\/index.php\/wp-json\/wp\/v2\/tags?post=4055"}],"curies":[{"name":"wp","href":"https:\/\/api.w.org\/{rel}","templated":true}]}}