{"id":4047,"date":"2018-10-20T18:44:14","date_gmt":"2018-10-20T17:44:14","guid":{"rendered":"http:\/\/commune-loffre.fr\/?p=4047"},"modified":"2018-10-20T18:44:14","modified_gmt":"2018-10-20T17:44:14","slug":"rando-famille-telethon","status":"publish","type":"post","link":"http:\/\/commune-loffre.fr\/index.php\/2018\/10\/20\/rando-famille-telethon\/","title":{"rendered":"Rando Famille T\u00e9l\u00e9thon"},"content":{"rendered":"<p>Le Samedi 8 D\u00e9cembre<\/p>\n<p>L&rsquo;association des Randonneurs de Loffre vous propose une petite randonn\u00e9e familiale de 4 Km<br \/>\nRendez salle polyvalente \u00e0 15h15 d\u00e9part 15h30<br \/>\nParticipation au T\u00e9l\u00e9thon 2\u20ac\/Adulte et 1\u20ac\/enfant<\/p>\n\n\t\t<style type=\"text\/css\">\n\t\t\t#gallery-1 {\n\t\t\t\tmargin: auto;\n\t\t\t}\n\t\t\t#gallery-1 .gallery-item {\n\t\t\t\tfloat: left;\n\t\t\t\tmargin-top: 10px;\n\t\t\t\ttext-align: center;\n\t\t\t\twidth: 100%;\n\t\t\t}\n\t\t\t#gallery-1 img {\n\t\t\t\tborder: 2px solid #cfcfcf;\n\t\t\t}\n\t\t\t#gallery-1 .gallery-caption {\n\t\t\t\tmargin-left: 0;\n\t\t\t}\n\t\t\t\/* see gallery_shortcode() in wp-includes\/media.php *\/\n\t\t<\/style>\n\t\t<div id='gallery-1' class='gallery galleryid-4047 gallery-columns-1 gallery-size-medium'><dl class='gallery-item'>\n\t\t\t<dt class='gallery-icon portrait'>\n\t\t\t\t<a href='http:\/\/commune-loffre.fr\/index.php\/2018\/10\/20\/rando-famille-telethon\/plan-randotelethon-doc-1\/'><img loading=\"lazy\" decoding=\"async\" width=\"212\" height=\"300\" src=\"http:\/\/commune-loffre.fr\/wp-content\/uploads\/2018\/10\/plan-randoT\u00e9l\u00e9thon-doc-1-212x300.jpg\" class=\"attachment-medium size-medium\" alt=\"\" srcset=\"http:\/\/commune-loffre.fr\/wp-content\/uploads\/2018\/10\/plan-randoT\u00e9l\u00e9thon-doc-1-212x300.jpg 212w, http:\/\/commune-loffre.fr\/wp-content\/uploads\/2018\/10\/plan-randoT\u00e9l\u00e9thon-doc-1-768x1085.jpg 768w, http:\/\/commune-loffre.fr\/wp-content\/uploads\/2018\/10\/plan-randoT\u00e9l\u00e9thon-doc-1-725x1024.jpg 725w, http:\/\/commune-loffre.fr\/wp-content\/uploads\/2018\/10\/plan-randoT\u00e9l\u00e9thon-doc-1-624x882.jpg 624w, http:\/\/commune-loffre.fr\/wp-content\/uploads\/2018\/10\/plan-randoT\u00e9l\u00e9thon-doc-1.jpg 1242w\" sizes=\"(max-width: 212px) 100vw, 212px\" \/><\/a>\n\t\t\t<\/dt><\/dl><br style=\"clear: both\" \/>\n\t\t<\/div>\n\n<p><strong>Ps:<\/strong> au retour, vente de boissons et de petites collations au profit du T\u00e9l\u00e9thon<\/p>\n<p>&nbsp;<\/p>\n","protected":false},"excerpt":{"rendered":"<p>Le Samedi 8 D\u00e9cembre L&rsquo;association des Randonneurs de Loffre vous propose une petite randonn\u00e9e familiale de 4 Km Rendez salle polyvalente \u00e0 15h15 d\u00e9part 15h30 Participation au T\u00e9l\u00e9thon 2\u20ac\/Adulte et&#8230; <a href=\"http:\/\/commune-loffre.fr\/index.php\/2018\/10\/20\/rando-famille-telethon\/\">Read more &raquo;<\/a><\/p>\n","protected":false},"author":1,"featured_media":0,"comment_status":"closed","ping_status":"closed","sticky":false,"template":"","format":"standard","meta":{"footnotes":""},"categories":[1],"tags":[],"_links":{"self":[{"href":"http:\/\/commune-loffre.fr\/index.php\/wp-json\/wp\/v2\/posts\/4047"}],"collection":[{"href":"http:\/\/commune-loffre.fr\/index.php\/wp-json\/wp\/v2\/posts"}],"about":[{"href":"http:\/\/commune-loffre.fr\/index.php\/wp-json\/wp\/v2\/types\/post"}],"author":[{"embeddable":true,"href":"http:\/\/commune-loffre.fr\/index.php\/wp-json\/wp\/v2\/users\/1"}],"replies":[{"embeddable":true,"href":"http:\/\/commune-loffre.fr\/index.php\/wp-json\/wp\/v2\/comments?post=4047"}],"version-history":[{"count":1,"href":"http:\/\/commune-loffre.fr\/index.php\/wp-json\/wp\/v2\/posts\/4047\/revisions"}],"predecessor-version":[{"id":4049,"href":"http:\/\/commune-loffre.fr\/index.php\/wp-json\/wp\/v2\/posts\/4047\/revisions\/4049"}],"wp:attachment":[{"href":"http:\/\/commune-loffre.fr\/index.php\/wp-json\/wp\/v2\/media?parent=4047"}],"wp:term":[{"taxonomy":"category","embeddable":true,"href":"http:\/\/commune-loffre.fr\/index.php\/wp-json\/wp\/v2\/categories?post=4047"},{"taxonomy":"post_tag","embeddable":true,"href":"http:\/\/commune-loffre.fr\/index.php\/wp-json\/wp\/v2\/tags?post=4047"}],"curies":[{"name":"wp","href":"https:\/\/api.w.org\/{rel}","templated":true}]}}