{"id":4040,"date":"2018-10-20T18:27:34","date_gmt":"2018-10-20T17:27:34","guid":{"rendered":"http:\/\/commune-loffre.fr\/?p=4040"},"modified":"2018-10-20T18:34:38","modified_gmt":"2018-10-20T17:34:38","slug":"telethon","status":"publish","type":"post","link":"http:\/\/commune-loffre.fr\/index.php\/2018\/10\/20\/telethon\/","title":{"rendered":"T\u00e9l\u00e9thon &#8211; CONCERT de la Chorale Des mineurs polonais de DOUAI"},"content":{"rendered":"<p>Le samedi 08 d\u00e9cembre \u00e0 18h00<\/p>\n<p>En d\u00e9cembre prochain se d\u00e9roulera nationalement le T\u00e9l\u00e9thon. Ce combat des malades et des parents d\u00e9termin\u00e9s \u00e0 vaincre les maladies g\u00e9n\u00e9tiques a retenu tout l\u2019int\u00e9r\u00eat de notre commune et des Associations. Aussi, comme les ann\u00e9es pr\u00e9c\u00e9dentes, la commune de LOFFRE et ses associations se mobilisent<br \/>\nLe samedi 08 d\u00e9cembre \u00e0 18h00 \u00e0 la salle polyvalente de LOFFRE nous accueillons :<br \/>\n\u00ab La chorale des mineurs polonais de DOUAI \u00bb<br \/>\npour un magnifique concert qui vous enchantera.<br \/>\nUne boite sera d\u00e9pos\u00e9e \u00e0 l\u2019entr\u00e9e pour recueillir vos \u00e9ventuels dons au profit du TELETHON.<br \/>\nA l\u2019entracte une buvette vous sera propos\u00e9e,<br \/>\nUne vente de tartes sal\u00e9es, de cakes sal\u00e9s et de tartes sucr\u00e9es au prix de 6\u20ac au profit du T\u00e9l\u00e9thon sera propos\u00e9e avant le concert \u00e0 partir de 17h30<br \/>\n(Les particuliers ou les associations qui auront confectionn\u00e9 des tartes sal\u00e9es ou sucr\u00e9es seront attendus \u00e0 la salle polyvalente \u00e0 partir de 17h00 pour d\u00e9poser les tartes)<br \/>\nVenez nombreux passer un bon moment de convivialit\u00e9 et de solidarit\u00e9.<\/p>\n\n\t\t<style type=\"text\/css\">\n\t\t\t#gallery-1 {\n\t\t\t\tmargin: auto;\n\t\t\t}\n\t\t\t#gallery-1 .gallery-item {\n\t\t\t\tfloat: left;\n\t\t\t\tmargin-top: 10px;\n\t\t\t\ttext-align: center;\n\t\t\t\twidth: 100%;\n\t\t\t}\n\t\t\t#gallery-1 img {\n\t\t\t\tborder: 2px solid #cfcfcf;\n\t\t\t}\n\t\t\t#gallery-1 .gallery-caption {\n\t\t\t\tmargin-left: 0;\n\t\t\t}\n\t\t\t\/* see gallery_shortcode() in wp-includes\/media.php *\/\n\t\t<\/style>\n\t\t<div id='gallery-1' class='gallery galleryid-4040 gallery-columns-1 gallery-size-medium'><dl class='gallery-item'>\n\t\t\t<dt class='gallery-icon portrait'>\n\t\t\t\t<a href='http:\/\/commune-loffre.fr\/index.php\/2018\/10\/20\/telethon\/affiche-telethon-2018\/'><img loading=\"lazy\" decoding=\"async\" width=\"212\" height=\"300\" src=\"http:\/\/commune-loffre.fr\/wp-content\/uploads\/2018\/10\/affiche-TELETHON-2018-212x300.jpg\" class=\"attachment-medium size-medium\" alt=\"\" srcset=\"http:\/\/commune-loffre.fr\/wp-content\/uploads\/2018\/10\/affiche-TELETHON-2018-212x300.jpg 212w, http:\/\/commune-loffre.fr\/wp-content\/uploads\/2018\/10\/affiche-TELETHON-2018-768x1085.jpg 768w, http:\/\/commune-loffre.fr\/wp-content\/uploads\/2018\/10\/affiche-TELETHON-2018-725x1024.jpg 725w, http:\/\/commune-loffre.fr\/wp-content\/uploads\/2018\/10\/affiche-TELETHON-2018-624x882.jpg 624w, http:\/\/commune-loffre.fr\/wp-content\/uploads\/2018\/10\/affiche-TELETHON-2018.jpg 1241w\" sizes=\"(max-width: 212px) 100vw, 212px\" \/><\/a>\n\t\t\t<\/dt><\/dl><br style=\"clear: both\" \/>\n\t\t<\/div>\n\n","protected":false},"excerpt":{"rendered":"<p>Le samedi 08 d\u00e9cembre \u00e0 18h00 En d\u00e9cembre prochain se d\u00e9roulera nationalement le T\u00e9l\u00e9thon. Ce combat des malades et des parents d\u00e9termin\u00e9s \u00e0 vaincre les maladies g\u00e9n\u00e9tiques a retenu tout&#8230; <a href=\"http:\/\/commune-loffre.fr\/index.php\/2018\/10\/20\/telethon\/\">Read more &raquo;<\/a><\/p>\n","protected":false},"author":1,"featured_media":4046,"comment_status":"closed","ping_status":"closed","sticky":false,"template":"","format":"standard","meta":{"footnotes":""},"categories":[19],"tags":[],"_links":{"self":[{"href":"http:\/\/commune-loffre.fr\/index.php\/wp-json\/wp\/v2\/posts\/4040"}],"collection":[{"href":"http:\/\/commune-loffre.fr\/index.php\/wp-json\/wp\/v2\/posts"}],"about":[{"href":"http:\/\/commune-loffre.fr\/index.php\/wp-json\/wp\/v2\/types\/post"}],"author":[{"embeddable":true,"href":"http:\/\/commune-loffre.fr\/index.php\/wp-json\/wp\/v2\/users\/1"}],"replies":[{"embeddable":true,"href":"http:\/\/commune-loffre.fr\/index.php\/wp-json\/wp\/v2\/comments?post=4040"}],"version-history":[{"count":3,"href":"http:\/\/commune-loffre.fr\/index.php\/wp-json\/wp\/v2\/posts\/4040\/revisions"}],"predecessor-version":[{"id":4044,"href":"http:\/\/commune-loffre.fr\/index.php\/wp-json\/wp\/v2\/posts\/4040\/revisions\/4044"}],"wp:featuredmedia":[{"embeddable":true,"href":"http:\/\/commune-loffre.fr\/index.php\/wp-json\/wp\/v2\/media\/4046"}],"wp:attachment":[{"href":"http:\/\/commune-loffre.fr\/index.php\/wp-json\/wp\/v2\/media?parent=4040"}],"wp:term":[{"taxonomy":"category","embeddable":true,"href":"http:\/\/commune-loffre.fr\/index.php\/wp-json\/wp\/v2\/categories?post=4040"},{"taxonomy":"post_tag","embeddable":true,"href":"http:\/\/commune-loffre.fr\/index.php\/wp-json\/wp\/v2\/tags?post=4040"}],"curies":[{"name":"wp","href":"https:\/\/api.w.org\/{rel}","templated":true}]}}