{"id":4028,"date":"2018-10-14T15:12:26","date_gmt":"2018-10-14T14:12:26","guid":{"rendered":"http:\/\/commune-loffre.fr\/?p=4028"},"modified":"2018-10-14T15:12:26","modified_gmt":"2018-10-14T14:12:26","slug":"semis-de-la-jachere-fleurie-et-plantations-de-bulbes","status":"publish","type":"post","link":"http:\/\/commune-loffre.fr\/index.php\/2018\/10\/14\/semis-de-la-jachere-fleurie-et-plantations-de-bulbes\/","title":{"rendered":"Semis de la jach\u00e8re fleurie et plantations de bulbes"},"content":{"rendered":"<p>Par une belle journ\u00e9e automnale, le vendredi 12 octobre,\u00a0dans une tr\u00e8s bonne ambiance, la plantation des bulbes et le semis de la\u00a0jach\u00e8re fleurie dans le sentier botanique situ\u00e9\u00a0rue de Lewarde a \u00e9t\u00e9 effectu\u00e9e.<\/p>\n\n\t\t<style type=\"text\/css\">\n\t\t\t#gallery-1 {\n\t\t\t\tmargin: auto;\n\t\t\t}\n\t\t\t#gallery-1 .gallery-item {\n\t\t\t\tfloat: left;\n\t\t\t\tmargin-top: 10px;\n\t\t\t\ttext-align: center;\n\t\t\t\twidth: 20%;\n\t\t\t}\n\t\t\t#gallery-1 img {\n\t\t\t\tborder: 2px solid #cfcfcf;\n\t\t\t}\n\t\t\t#gallery-1 .gallery-caption {\n\t\t\t\tmargin-left: 0;\n\t\t\t}\n\t\t\t\/* see gallery_shortcode() in wp-includes\/media.php *\/\n\t\t<\/style>\n\t\t<div id='gallery-1' class='gallery galleryid-4028 gallery-columns-5 gallery-size-medium'><dl class='gallery-item'>\n\t\t\t<dt class='gallery-icon landscape'>\n\t\t\t\t<a href='http:\/\/commune-loffre.fr\/index.php\/2018\/10\/14\/semis-de-la-jachere-fleurie-et-plantations-de-bulbes\/attachment\/111\/'><img loading=\"lazy\" decoding=\"async\" width=\"300\" height=\"169\" src=\"http:\/\/commune-loffre.fr\/wp-content\/uploads\/2018\/10\/111-300x169.jpg\" class=\"attachment-medium size-medium\" alt=\"\" srcset=\"http:\/\/commune-loffre.fr\/wp-content\/uploads\/2018\/10\/111-300x169.jpg 300w, http:\/\/commune-loffre.fr\/wp-content\/uploads\/2018\/10\/111-768x432.jpg 768w, http:\/\/commune-loffre.fr\/wp-content\/uploads\/2018\/10\/111-624x351.jpg 624w, http:\/\/commune-loffre.fr\/wp-content\/uploads\/2018\/10\/111.jpg 853w\" sizes=\"(max-width: 300px) 100vw, 300px\" \/><\/a>\n\t\t\t<\/dt><\/dl><dl class='gallery-item'>\n\t\t\t<dt class='gallery-icon landscape'>\n\t\t\t\t<a href='http:\/\/commune-loffre.fr\/index.php\/2018\/10\/14\/semis-de-la-jachere-fleurie-et-plantations-de-bulbes\/attachment\/112\/'><img loading=\"lazy\" decoding=\"async\" width=\"300\" height=\"169\" src=\"http:\/\/commune-loffre.fr\/wp-content\/uploads\/2018\/10\/112-300x169.jpg\" class=\"attachment-medium size-medium\" alt=\"\" srcset=\"http:\/\/commune-loffre.fr\/wp-content\/uploads\/2018\/10\/112-300x169.jpg 300w, http:\/\/commune-loffre.fr\/wp-content\/uploads\/2018\/10\/112-768x432.jpg 768w, http:\/\/commune-loffre.fr\/wp-content\/uploads\/2018\/10\/112-624x351.jpg 624w, http:\/\/commune-loffre.fr\/wp-content\/uploads\/2018\/10\/112.jpg 853w\" sizes=\"(max-width: 300px) 100vw, 300px\" \/><\/a>\n\t\t\t<\/dt><\/dl><dl class='gallery-item'>\n\t\t\t<dt class='gallery-icon landscape'>\n\t\t\t\t<a href='http:\/\/commune-loffre.fr\/index.php\/2018\/10\/14\/semis-de-la-jachere-fleurie-et-plantations-de-bulbes\/attachment\/113\/'><img loading=\"lazy\" decoding=\"async\" width=\"300\" height=\"169\" src=\"http:\/\/commune-loffre.fr\/wp-content\/uploads\/2018\/10\/113-300x169.jpg\" class=\"attachment-medium size-medium\" alt=\"\" srcset=\"http:\/\/commune-loffre.fr\/wp-content\/uploads\/2018\/10\/113-300x169.jpg 300w, http:\/\/commune-loffre.fr\/wp-content\/uploads\/2018\/10\/113-768x432.jpg 768w, http:\/\/commune-loffre.fr\/wp-content\/uploads\/2018\/10\/113-624x351.jpg 624w, http:\/\/commune-loffre.fr\/wp-content\/uploads\/2018\/10\/113.jpg 853w\" sizes=\"(max-width: 300px) 100vw, 300px\" \/><\/a>\n\t\t\t<\/dt><\/dl><dl class='gallery-item'>\n\t\t\t<dt class='gallery-icon landscape'>\n\t\t\t\t<a href='http:\/\/commune-loffre.fr\/index.php\/2018\/10\/14\/semis-de-la-jachere-fleurie-et-plantations-de-bulbes\/attachment\/114\/'><img loading=\"lazy\" decoding=\"async\" width=\"300\" height=\"169\" src=\"http:\/\/commune-loffre.fr\/wp-content\/uploads\/2018\/10\/114-300x169.jpg\" class=\"attachment-medium size-medium\" alt=\"\" srcset=\"http:\/\/commune-loffre.fr\/wp-content\/uploads\/2018\/10\/114-300x169.jpg 300w, http:\/\/commune-loffre.fr\/wp-content\/uploads\/2018\/10\/114-768x432.jpg 768w, http:\/\/commune-loffre.fr\/wp-content\/uploads\/2018\/10\/114-624x351.jpg 624w, http:\/\/commune-loffre.fr\/wp-content\/uploads\/2018\/10\/114.jpg 853w\" sizes=\"(max-width: 300px) 100vw, 300px\" \/><\/a>\n\t\t\t<\/dt><\/dl><dl class='gallery-item'>\n\t\t\t<dt class='gallery-icon landscape'>\n\t\t\t\t<a href='http:\/\/commune-loffre.fr\/index.php\/2018\/10\/14\/semis-de-la-jachere-fleurie-et-plantations-de-bulbes\/attachment\/115\/'><img loading=\"lazy\" decoding=\"async\" width=\"300\" height=\"169\" src=\"http:\/\/commune-loffre.fr\/wp-content\/uploads\/2018\/10\/115-300x169.jpg\" class=\"attachment-medium size-medium\" alt=\"\" srcset=\"http:\/\/commune-loffre.fr\/wp-content\/uploads\/2018\/10\/115-300x169.jpg 300w, http:\/\/commune-loffre.fr\/wp-content\/uploads\/2018\/10\/115-768x432.jpg 768w, http:\/\/commune-loffre.fr\/wp-content\/uploads\/2018\/10\/115-624x351.jpg 624w, http:\/\/commune-loffre.fr\/wp-content\/uploads\/2018\/10\/115.jpg 853w\" sizes=\"(max-width: 300px) 100vw, 300px\" \/><\/a>\n\t\t\t<\/dt><\/dl><br style=\"clear: both\" \/><dl class='gallery-item'>\n\t\t\t<dt class='gallery-icon landscape'>\n\t\t\t\t<a href='http:\/\/commune-loffre.fr\/index.php\/2018\/10\/14\/semis-de-la-jachere-fleurie-et-plantations-de-bulbes\/attachment\/116\/'><img loading=\"lazy\" decoding=\"async\" width=\"300\" height=\"169\" src=\"http:\/\/commune-loffre.fr\/wp-content\/uploads\/2018\/10\/116-300x169.jpg\" class=\"attachment-medium size-medium\" alt=\"\" srcset=\"http:\/\/commune-loffre.fr\/wp-content\/uploads\/2018\/10\/116-300x169.jpg 300w, http:\/\/commune-loffre.fr\/wp-content\/uploads\/2018\/10\/116-768x432.jpg 768w, http:\/\/commune-loffre.fr\/wp-content\/uploads\/2018\/10\/116-624x351.jpg 624w, http:\/\/commune-loffre.fr\/wp-content\/uploads\/2018\/10\/116.jpg 853w\" sizes=\"(max-width: 300px) 100vw, 300px\" \/><\/a>\n\t\t\t<\/dt><\/dl><dl class='gallery-item'>\n\t\t\t<dt class='gallery-icon landscape'>\n\t\t\t\t<a href='http:\/\/commune-loffre.fr\/index.php\/2018\/10\/14\/semis-de-la-jachere-fleurie-et-plantations-de-bulbes\/attachment\/117\/'><img loading=\"lazy\" decoding=\"async\" width=\"300\" height=\"169\" src=\"http:\/\/commune-loffre.fr\/wp-content\/uploads\/2018\/10\/117-300x169.jpg\" class=\"attachment-medium size-medium\" alt=\"\" srcset=\"http:\/\/commune-loffre.fr\/wp-content\/uploads\/2018\/10\/117-300x169.jpg 300w, http:\/\/commune-loffre.fr\/wp-content\/uploads\/2018\/10\/117.jpg 480w\" sizes=\"(max-width: 300px) 100vw, 300px\" \/><\/a>\n\t\t\t<\/dt><\/dl><dl class='gallery-item'>\n\t\t\t<dt class='gallery-icon landscape'>\n\t\t\t\t<a href='http:\/\/commune-loffre.fr\/index.php\/2018\/10\/14\/semis-de-la-jachere-fleurie-et-plantations-de-bulbes\/attachment\/118\/'><img loading=\"lazy\" decoding=\"async\" width=\"300\" height=\"169\" src=\"http:\/\/commune-loffre.fr\/wp-content\/uploads\/2018\/10\/118-300x169.jpg\" class=\"attachment-medium size-medium\" alt=\"\" srcset=\"http:\/\/commune-loffre.fr\/wp-content\/uploads\/2018\/10\/118-300x169.jpg 300w, http:\/\/commune-loffre.fr\/wp-content\/uploads\/2018\/10\/118-768x432.jpg 768w, http:\/\/commune-loffre.fr\/wp-content\/uploads\/2018\/10\/118-624x351.jpg 624w, http:\/\/commune-loffre.fr\/wp-content\/uploads\/2018\/10\/118.jpg 853w\" sizes=\"(max-width: 300px) 100vw, 300px\" \/><\/a>\n\t\t\t<\/dt><\/dl><dl class='gallery-item'>\n\t\t\t<dt class='gallery-icon landscape'>\n\t\t\t\t<a href='http:\/\/commune-loffre.fr\/index.php\/2018\/10\/14\/semis-de-la-jachere-fleurie-et-plantations-de-bulbes\/attachment\/119\/'><img loading=\"lazy\" decoding=\"async\" width=\"300\" height=\"169\" src=\"http:\/\/commune-loffre.fr\/wp-content\/uploads\/2018\/10\/119-300x169.jpg\" class=\"attachment-medium size-medium\" alt=\"\" srcset=\"http:\/\/commune-loffre.fr\/wp-content\/uploads\/2018\/10\/119-300x169.jpg 300w, http:\/\/commune-loffre.fr\/wp-content\/uploads\/2018\/10\/119-768x432.jpg 768w, http:\/\/commune-loffre.fr\/wp-content\/uploads\/2018\/10\/119-624x351.jpg 624w, http:\/\/commune-loffre.fr\/wp-content\/uploads\/2018\/10\/119.jpg 853w\" sizes=\"(max-width: 300px) 100vw, 300px\" \/><\/a>\n\t\t\t<\/dt><\/dl><dl class='gallery-item'>\n\t\t\t<dt class='gallery-icon landscape'>\n\t\t\t\t<a href='http:\/\/commune-loffre.fr\/index.php\/2018\/10\/14\/semis-de-la-jachere-fleurie-et-plantations-de-bulbes\/attachment\/120\/'><img loading=\"lazy\" decoding=\"async\" width=\"300\" height=\"169\" src=\"http:\/\/commune-loffre.fr\/wp-content\/uploads\/2018\/10\/120-300x169.jpg\" class=\"attachment-medium size-medium\" alt=\"\" srcset=\"http:\/\/commune-loffre.fr\/wp-content\/uploads\/2018\/10\/120-300x169.jpg 300w, http:\/\/commune-loffre.fr\/wp-content\/uploads\/2018\/10\/120-768x432.jpg 768w, http:\/\/commune-loffre.fr\/wp-content\/uploads\/2018\/10\/120-624x351.jpg 624w, http:\/\/commune-loffre.fr\/wp-content\/uploads\/2018\/10\/120.jpg 853w\" sizes=\"(max-width: 300px) 100vw, 300px\" \/><\/a>\n\t\t\t<\/dt><\/dl><br style=\"clear: both\" \/>\n\t\t<\/div>\n\n<p>Les bulbes ont \u00e9t\u00e9 offertes par la municipalit\u00e9 et autres personnes, les semences r\u00e9cup\u00e9r\u00e9es sur les fleurs sem\u00e9es au printemps et dons de jardiniers.<\/p>\n<p>A l\u2019initiative de la brigade verte loffrienne\u00a0et avec la participation des enfants des classes primaires et petite section de l&rsquo;\u00e9cole Henri Matisse, des enseignants, du personnel communal, de membres de l&rsquo;APE, et de l\u2019auxiliaire de vie scolaire.<\/p>\n<p>Apr\u00e8s l&rsquo;effort le r\u00e9confort, un go\u00fbter a \u00e9t\u00e9 offert par la municipalit\u00e9.<\/p>\n","protected":false},"excerpt":{"rendered":"<p>Par une belle journ\u00e9e automnale, le vendredi 12 octobre,\u00a0dans une tr\u00e8s bonne ambiance, la plantation des bulbes et le semis de la\u00a0jach\u00e8re fleurie dans le sentier botanique situ\u00e9\u00a0rue de Lewarde&#8230; <a href=\"http:\/\/commune-loffre.fr\/index.php\/2018\/10\/14\/semis-de-la-jachere-fleurie-et-plantations-de-bulbes\/\">Read more &raquo;<\/a><\/p>\n","protected":false},"author":1,"featured_media":4032,"comment_status":"closed","ping_status":"closed","sticky":false,"template":"","format":"standard","meta":{"footnotes":""},"categories":[18,9],"tags":[],"_links":{"self":[{"href":"http:\/\/commune-loffre.fr\/index.php\/wp-json\/wp\/v2\/posts\/4028"}],"collection":[{"href":"http:\/\/commune-loffre.fr\/index.php\/wp-json\/wp\/v2\/posts"}],"about":[{"href":"http:\/\/commune-loffre.fr\/index.php\/wp-json\/wp\/v2\/types\/post"}],"author":[{"embeddable":true,"href":"http:\/\/commune-loffre.fr\/index.php\/wp-json\/wp\/v2\/users\/1"}],"replies":[{"embeddable":true,"href":"http:\/\/commune-loffre.fr\/index.php\/wp-json\/wp\/v2\/comments?post=4028"}],"version-history":[{"count":1,"href":"http:\/\/commune-loffre.fr\/index.php\/wp-json\/wp\/v2\/posts\/4028\/revisions"}],"predecessor-version":[{"id":4039,"href":"http:\/\/commune-loffre.fr\/index.php\/wp-json\/wp\/v2\/posts\/4028\/revisions\/4039"}],"wp:featuredmedia":[{"embeddable":true,"href":"http:\/\/commune-loffre.fr\/index.php\/wp-json\/wp\/v2\/media\/4032"}],"wp:attachment":[{"href":"http:\/\/commune-loffre.fr\/index.php\/wp-json\/wp\/v2\/media?parent=4028"}],"wp:term":[{"taxonomy":"category","embeddable":true,"href":"http:\/\/commune-loffre.fr\/index.php\/wp-json\/wp\/v2\/categories?post=4028"},{"taxonomy":"post_tag","embeddable":true,"href":"http:\/\/commune-loffre.fr\/index.php\/wp-json\/wp\/v2\/tags?post=4028"}],"curies":[{"name":"wp","href":"https:\/\/api.w.org\/{rel}","templated":true}]}}