{"id":4013,"date":"2018-10-14T11:48:58","date_gmt":"2018-10-14T10:48:58","guid":{"rendered":"http:\/\/commune-loffre.fr\/?p=4013"},"modified":"2018-10-14T11:48:58","modified_gmt":"2018-10-14T10:48:58","slug":"la-cantine-des-aines-a-loffre","status":"publish","type":"post","link":"http:\/\/commune-loffre.fr\/index.php\/2018\/10\/14\/la-cantine-des-aines-a-loffre\/","title":{"rendered":"La cantine des a\u00een\u00e9s \u00e0 LOFFRE"},"content":{"rendered":"<p>La \u00ab\u00a0cantine des a\u00een\u00e9s\u00a0\u00bb, propos\u00e9e dans le cadre de la \u00ab\u00a0semaine bleue\u00a0\u00bb d\u00e9di\u00e9e aux personnes \u00e2g\u00e9es et retrait\u00e9es a remport\u00e9 un vif succ\u00e8s parmi les ain\u00e9s du village de LOFFRE. La commune a offert aux 32 Loffriens inscrits un repas dans une ambiance amicale et d\u00e9tendue. Les a\u00een\u00e9s\u00a0 ont \u00e9t\u00e9 servis par le personnel communal dans les m\u00eames conditions que les enfants de l\u2019\u00e9cole. Les conversations sont all\u00e9es bon train, ce f\u00fbt l\u2019occasion de sortir, de rencontrer le voisinage et de mettre les pieds sous la table pour un repas convivial qui a fait l\u2019unanimit\u00e9.<\/p>\n\n\t\t<style type=\"text\/css\">\n\t\t\t#gallery-1 {\n\t\t\t\tmargin: auto;\n\t\t\t}\n\t\t\t#gallery-1 .gallery-item {\n\t\t\t\tfloat: left;\n\t\t\t\tmargin-top: 10px;\n\t\t\t\ttext-align: center;\n\t\t\t\twidth: 25%;\n\t\t\t}\n\t\t\t#gallery-1 img {\n\t\t\t\tborder: 2px solid #cfcfcf;\n\t\t\t}\n\t\t\t#gallery-1 .gallery-caption {\n\t\t\t\tmargin-left: 0;\n\t\t\t}\n\t\t\t\/* see gallery_shortcode() in wp-includes\/media.php *\/\n\t\t<\/style>\n\t\t<div id='gallery-1' class='gallery galleryid-4013 gallery-columns-4 gallery-size-medium'><dl class='gallery-item'>\n\t\t\t<dt class='gallery-icon portrait'>\n\t\t\t\t<a href='http:\/\/commune-loffre.fr\/index.php\/2018\/10\/14\/la-cantine-des-aines-a-loffre\/img_1609-copie\/'><img loading=\"lazy\" decoding=\"async\" width=\"225\" height=\"300\" src=\"http:\/\/commune-loffre.fr\/wp-content\/uploads\/2018\/10\/IMG_1609-copie-225x300.jpg\" class=\"attachment-medium size-medium\" alt=\"\" srcset=\"http:\/\/commune-loffre.fr\/wp-content\/uploads\/2018\/10\/IMG_1609-copie-225x300.jpg 225w, http:\/\/commune-loffre.fr\/wp-content\/uploads\/2018\/10\/IMG_1609-copie.jpg 450w\" sizes=\"(max-width: 225px) 100vw, 225px\" \/><\/a>\n\t\t\t<\/dt><\/dl><dl class='gallery-item'>\n\t\t\t<dt class='gallery-icon landscape'>\n\t\t\t\t<a href='http:\/\/commune-loffre.fr\/index.php\/2018\/10\/14\/la-cantine-des-aines-a-loffre\/img_1612-copie\/'><img loading=\"lazy\" decoding=\"async\" width=\"300\" height=\"300\" src=\"http:\/\/commune-loffre.fr\/wp-content\/uploads\/2018\/10\/IMG_1612-copie-300x300.jpg\" class=\"attachment-medium size-medium\" alt=\"\" srcset=\"http:\/\/commune-loffre.fr\/wp-content\/uploads\/2018\/10\/IMG_1612-copie-300x300.jpg 300w, http:\/\/commune-loffre.fr\/wp-content\/uploads\/2018\/10\/IMG_1612-copie-150x150.jpg 150w, http:\/\/commune-loffre.fr\/wp-content\/uploads\/2018\/10\/IMG_1612-copie-180x180.jpg 180w, http:\/\/commune-loffre.fr\/wp-content\/uploads\/2018\/10\/IMG_1612-copie-60x60.jpg 60w, http:\/\/commune-loffre.fr\/wp-content\/uploads\/2018\/10\/IMG_1612-copie.jpg 600w\" sizes=\"(max-width: 300px) 100vw, 300px\" \/><\/a>\n\t\t\t<\/dt><\/dl><dl class='gallery-item'>\n\t\t\t<dt class='gallery-icon landscape'>\n\t\t\t\t<a href='http:\/\/commune-loffre.fr\/index.php\/2018\/10\/14\/la-cantine-des-aines-a-loffre\/img_1613-copie\/'><img loading=\"lazy\" decoding=\"async\" width=\"300\" height=\"300\" src=\"http:\/\/commune-loffre.fr\/wp-content\/uploads\/2018\/10\/IMG_1613-copie-300x300.jpg\" class=\"attachment-medium size-medium\" alt=\"\" srcset=\"http:\/\/commune-loffre.fr\/wp-content\/uploads\/2018\/10\/IMG_1613-copie-300x300.jpg 300w, http:\/\/commune-loffre.fr\/wp-content\/uploads\/2018\/10\/IMG_1613-copie-150x150.jpg 150w, http:\/\/commune-loffre.fr\/wp-content\/uploads\/2018\/10\/IMG_1613-copie-180x180.jpg 180w, http:\/\/commune-loffre.fr\/wp-content\/uploads\/2018\/10\/IMG_1613-copie-60x60.jpg 60w, http:\/\/commune-loffre.fr\/wp-content\/uploads\/2018\/10\/IMG_1613-copie.jpg 600w\" sizes=\"(max-width: 300px) 100vw, 300px\" \/><\/a>\n\t\t\t<\/dt><\/dl><dl class='gallery-item'>\n\t\t\t<dt class='gallery-icon landscape'>\n\t\t\t\t<a href='http:\/\/commune-loffre.fr\/index.php\/2018\/10\/14\/la-cantine-des-aines-a-loffre\/img_1615-copie\/'><img loading=\"lazy\" decoding=\"async\" width=\"300\" height=\"300\" src=\"http:\/\/commune-loffre.fr\/wp-content\/uploads\/2018\/10\/IMG_1615-copie-300x300.jpg\" class=\"attachment-medium size-medium\" alt=\"\" srcset=\"http:\/\/commune-loffre.fr\/wp-content\/uploads\/2018\/10\/IMG_1615-copie-300x300.jpg 300w, http:\/\/commune-loffre.fr\/wp-content\/uploads\/2018\/10\/IMG_1615-copie-150x150.jpg 150w, http:\/\/commune-loffre.fr\/wp-content\/uploads\/2018\/10\/IMG_1615-copie-180x180.jpg 180w, http:\/\/commune-loffre.fr\/wp-content\/uploads\/2018\/10\/IMG_1615-copie-60x60.jpg 60w, http:\/\/commune-loffre.fr\/wp-content\/uploads\/2018\/10\/IMG_1615-copie.jpg 600w\" sizes=\"(max-width: 300px) 100vw, 300px\" \/><\/a>\n\t\t\t<\/dt><\/dl><br style=\"clear: both\" \/>\n\t\t<\/div>\n\n<p><strong><u>La Semaine bleue 2018<\/u><\/strong>, organis\u00e9e par la commune de LOFFRE, a d\u00e9marr\u00e9 par un atelier interg\u00e9n\u00e9rationnel de jeux de m\u00e9moire, elle s\u2019est poursuivie le mercredi par \u00ab\u00a0la cantine des a\u00een\u00e9s\u00a0\u00bb avant de participer \u00e0 l\u2019animation \u00ab\u00a0jeux de soci\u00e9t\u00e9\u00a0\u00bb l\u2019apr\u00e8s midi. Le lendemain la journ\u00e9e a commenc\u00e9 par les Activit\u00e9s Physiques Adapt\u00e9es et la semaine s\u2019est termin\u00e9e par l\u2019intervention d\u2019un ergonome sur le th\u00e8me \u00ab\u00a0bien vivre chez soi\u00a0\u00bb. Madame LARIVIERE, adjointe aux Affaires Sociales a voulu que cette semaine soit conviviale, ouverte et accessible \u00e0 TOUS. Cette semaine \u00ab\u00a0bleue\u00a0\u00bb c\u2019est l\u2019occasion pour nos \u00ab\u00a0a\u00een\u00e9s\u00a0\u00bb de sortir, de se retrouver, de d\u00e9couvrir les activit\u00e9s propos\u00e9es au village et de se sentir bien.<\/p>\n","protected":false},"excerpt":{"rendered":"<p>La \u00ab\u00a0cantine des a\u00een\u00e9s\u00a0\u00bb, propos\u00e9e dans le cadre de la \u00ab\u00a0semaine bleue\u00a0\u00bb d\u00e9di\u00e9e aux personnes \u00e2g\u00e9es et retrait\u00e9es a remport\u00e9 un vif succ\u00e8s parmi les ain\u00e9s du village de LOFFRE&#8230;. <a href=\"http:\/\/commune-loffre.fr\/index.php\/2018\/10\/14\/la-cantine-des-aines-a-loffre\/\">Read more &raquo;<\/a><\/p>\n","protected":false},"author":1,"featured_media":4018,"comment_status":"closed","ping_status":"closed","sticky":false,"template":"","format":"standard","meta":{"footnotes":""},"categories":[10,19],"tags":[],"_links":{"self":[{"href":"http:\/\/commune-loffre.fr\/index.php\/wp-json\/wp\/v2\/posts\/4013"}],"collection":[{"href":"http:\/\/commune-loffre.fr\/index.php\/wp-json\/wp\/v2\/posts"}],"about":[{"href":"http:\/\/commune-loffre.fr\/index.php\/wp-json\/wp\/v2\/types\/post"}],"author":[{"embeddable":true,"href":"http:\/\/commune-loffre.fr\/index.php\/wp-json\/wp\/v2\/users\/1"}],"replies":[{"embeddable":true,"href":"http:\/\/commune-loffre.fr\/index.php\/wp-json\/wp\/v2\/comments?post=4013"}],"version-history":[{"count":1,"href":"http:\/\/commune-loffre.fr\/index.php\/wp-json\/wp\/v2\/posts\/4013\/revisions"}],"predecessor-version":[{"id":4022,"href":"http:\/\/commune-loffre.fr\/index.php\/wp-json\/wp\/v2\/posts\/4013\/revisions\/4022"}],"wp:featuredmedia":[{"embeddable":true,"href":"http:\/\/commune-loffre.fr\/index.php\/wp-json\/wp\/v2\/media\/4018"}],"wp:attachment":[{"href":"http:\/\/commune-loffre.fr\/index.php\/wp-json\/wp\/v2\/media?parent=4013"}],"wp:term":[{"taxonomy":"category","embeddable":true,"href":"http:\/\/commune-loffre.fr\/index.php\/wp-json\/wp\/v2\/categories?post=4013"},{"taxonomy":"post_tag","embeddable":true,"href":"http:\/\/commune-loffre.fr\/index.php\/wp-json\/wp\/v2\/tags?post=4013"}],"curies":[{"name":"wp","href":"https:\/\/api.w.org\/{rel}","templated":true}]}}