{"id":4004,"date":"2018-10-05T16:16:03","date_gmt":"2018-10-05T15:16:03","guid":{"rendered":"http:\/\/commune-loffre.fr\/?p=4004"},"modified":"2018-10-05T16:16:03","modified_gmt":"2018-10-05T15:16:03","slug":"les-rendez-vous-du-sentier-botanique","status":"publish","type":"post","link":"http:\/\/commune-loffre.fr\/index.php\/2018\/10\/05\/les-rendez-vous-du-sentier-botanique\/","title":{"rendered":"Les rendez-vous du sentier botanique"},"content":{"rendered":"<p><strong>Samedi 15 D\u00e9cembre \u00e0 14h<\/strong><\/p>\n<p>Plantation de 150 arbustes au sentier botanique, rue de Lewarde.<br \/>\nEn partenariat avec le personnel de l&rsquo;usine Toyota de Somain, leur famille, ainsi que les familles Loffriennes.<\/p>\n<p><strong>Mardi 18 D\u00e9cembre \u00e0 14h<\/strong><\/p>\n<p>Avec la participation des enfants de l\u2019\u00e9cole Henri Matisse de Loffre.<br \/>\nPlantation de 7 arbres fruitiers au sentier botanique pour les enfants n\u00e9s en 2007<\/p>\n<p>Eug\u00e9nie parraine Samir\u00a0\u00a0 \u00a0 \u00a0\u00a0 \u00a0\u00a0 Plantation d&rsquo;un Abricotier<br \/>\nJean Claude parraine Tiago\u00a0\u00a0 \u00a0 Plantation d&rsquo;un mirabellier<br \/>\nSylvie parraine Lor\u00e9dana\u00a0 \u00a0 \u00a0 \u00a0 Plantation d&rsquo;un cognassier<br \/>\nRen\u00e9e parraine Ma\u00e9\u00a0\u00a0 \u00a0\u00a0 \u00a0 \u00a0 \u00a0 \u00a0 \u00a0 Plantation d&rsquo;un p\u00eacher<br \/>\nSylvain parraine Eline\u00a0\u00a0 \u00a0 \u00a0 \u00a0\u00a0 \u00a0\u00a0\u00a0 Plantation d&rsquo;un poirier<br \/>\nNathalie Blanchard\u00a0\u00a0 \u00a0 \u00a0 \u00a0 \u00a0 \u00a0 \u00a0\u00a0 \u00a0 plantera un noyer pour son p\u00e8re Claude<br \/>\nMaria Bianco\u00a0\u00a0 \u00a0\u00a0\u00a0 \u00a0 \u00a0 \u00a0 \u00a0 \u00a0 \u00a0 \u00a0 \u00a0 \u00a0\u00a0 \u00a0\u00a0 plantera un ch\u00e2taigner en souvenir de son village natal.<\/p>\n<p>Toutes ces plantations sont \u00e0 l&rsquo;initiative de la Brigade Verte Loffriennes, avec la pr\u00e9cieuse collaboration du personnel communal.<\/p>\n<p>Ce 18 D\u00e9cembre, il sera remis \u00e0 la Brigade Verte, des sacs poubelles et des gants offerts par la municipalit\u00e9.<\/p>\n<p>Apr\u00e8s chaque manifestation, un gouter sera offert par la municipalit\u00e9<\/p>\n<p>Nous vous attendons nombreux.<\/p>\n","protected":false},"excerpt":{"rendered":"<p>Samedi 15 D\u00e9cembre \u00e0 14h Plantation de 150 arbustes au sentier botanique, rue de Lewarde. En partenariat avec le personnel de l&rsquo;usine Toyota de Somain, leur famille, ainsi que les&#8230; <a href=\"http:\/\/commune-loffre.fr\/index.php\/2018\/10\/05\/les-rendez-vous-du-sentier-botanique\/\">Read more &raquo;<\/a><\/p>\n","protected":false},"author":1,"featured_media":0,"comment_status":"closed","ping_status":"closed","sticky":false,"template":"","format":"standard","meta":{"footnotes":""},"categories":[18,4,9],"tags":[],"_links":{"self":[{"href":"http:\/\/commune-loffre.fr\/index.php\/wp-json\/wp\/v2\/posts\/4004"}],"collection":[{"href":"http:\/\/commune-loffre.fr\/index.php\/wp-json\/wp\/v2\/posts"}],"about":[{"href":"http:\/\/commune-loffre.fr\/index.php\/wp-json\/wp\/v2\/types\/post"}],"author":[{"embeddable":true,"href":"http:\/\/commune-loffre.fr\/index.php\/wp-json\/wp\/v2\/users\/1"}],"replies":[{"embeddable":true,"href":"http:\/\/commune-loffre.fr\/index.php\/wp-json\/wp\/v2\/comments?post=4004"}],"version-history":[{"count":1,"href":"http:\/\/commune-loffre.fr\/index.php\/wp-json\/wp\/v2\/posts\/4004\/revisions"}],"predecessor-version":[{"id":4006,"href":"http:\/\/commune-loffre.fr\/index.php\/wp-json\/wp\/v2\/posts\/4004\/revisions\/4006"}],"wp:attachment":[{"href":"http:\/\/commune-loffre.fr\/index.php\/wp-json\/wp\/v2\/media?parent=4004"}],"wp:term":[{"taxonomy":"category","embeddable":true,"href":"http:\/\/commune-loffre.fr\/index.php\/wp-json\/wp\/v2\/categories?post=4004"},{"taxonomy":"post_tag","embeddable":true,"href":"http:\/\/commune-loffre.fr\/index.php\/wp-json\/wp\/v2\/tags?post=4004"}],"curies":[{"name":"wp","href":"https:\/\/api.w.org\/{rel}","templated":true}]}}