{"id":3958,"date":"2018-09-20T07:57:43","date_gmt":"2018-09-20T06:57:43","guid":{"rendered":"http:\/\/commune-loffre.fr\/?p=3958"},"modified":"2018-09-20T07:57:43","modified_gmt":"2018-09-20T06:57:43","slug":"alsh-de-loffre-juillet-2018","status":"publish","type":"post","link":"http:\/\/commune-loffre.fr\/index.php\/2018\/09\/20\/alsh-de-loffre-juillet-2018\/","title":{"rendered":"ALSH de LOFFRE &#8211; Juillet 2018"},"content":{"rendered":"<p><em><\/em>L\u2019accueil de loisirs de LOFFRE a ouvert ses portes le lundi 09 juillet et s\u2019est termin\u00e9 le mardi 31 juillet. Durant ces 3 semaine 1\/2, les 34 enfants de 4 ans \u00e0 12 ans ont \u00e9t\u00e9 accueillis dans les locaux municipaux dont 17 enfants avec une inscription \u00e0 la journ\u00e9e de 9h00 \u00e0 17h30.<\/p>\n\n\t\t<style type=\"text\/css\">\n\t\t\t#gallery-1 {\n\t\t\t\tmargin: auto;\n\t\t\t}\n\t\t\t#gallery-1 .gallery-item {\n\t\t\t\tfloat: left;\n\t\t\t\tmargin-top: 10px;\n\t\t\t\ttext-align: center;\n\t\t\t\twidth: 16%;\n\t\t\t}\n\t\t\t#gallery-1 img {\n\t\t\t\tborder: 2px solid #cfcfcf;\n\t\t\t}\n\t\t\t#gallery-1 .gallery-caption {\n\t\t\t\tmargin-left: 0;\n\t\t\t}\n\t\t\t\/* see gallery_shortcode() in wp-includes\/media.php *\/\n\t\t<\/style>\n\t\t<div id='gallery-1' class='gallery galleryid-3958 gallery-columns-6 gallery-size-thumbnail'><dl class='gallery-item'>\n\t\t\t<dt class='gallery-icon landscape'>\n\t\t\t\t<a href='http:\/\/commune-loffre.fr\/index.php\/2018\/09\/20\/alsh-de-loffre-juillet-2018\/20180708_183337-copie-2\/'><img loading=\"lazy\" decoding=\"async\" width=\"150\" height=\"150\" src=\"http:\/\/commune-loffre.fr\/wp-content\/uploads\/2018\/09\/20180708_183337-copie-1-150x150.jpg\" class=\"attachment-thumbnail size-thumbnail\" alt=\"\" srcset=\"http:\/\/commune-loffre.fr\/wp-content\/uploads\/2018\/09\/20180708_183337-copie-1-150x150.jpg 150w, http:\/\/commune-loffre.fr\/wp-content\/uploads\/2018\/09\/20180708_183337-copie-1-180x180.jpg 180w, http:\/\/commune-loffre.fr\/wp-content\/uploads\/2018\/09\/20180708_183337-copie-1-60x60.jpg 60w\" sizes=\"(max-width: 150px) 100vw, 150px\" \/><\/a>\n\t\t\t<\/dt><\/dl><dl class='gallery-item'>\n\t\t\t<dt class='gallery-icon portrait'>\n\t\t\t\t<a href='http:\/\/commune-loffre.fr\/index.php\/2018\/09\/20\/alsh-de-loffre-juillet-2018\/20180708_183348-copie-2\/'><img loading=\"lazy\" decoding=\"async\" width=\"150\" height=\"150\" src=\"http:\/\/commune-loffre.fr\/wp-content\/uploads\/2018\/09\/20180708_183348-copie-1-150x150.jpg\" class=\"attachment-thumbnail size-thumbnail\" alt=\"\" srcset=\"http:\/\/commune-loffre.fr\/wp-content\/uploads\/2018\/09\/20180708_183348-copie-1-150x150.jpg 150w, http:\/\/commune-loffre.fr\/wp-content\/uploads\/2018\/09\/20180708_183348-copie-1-180x180.jpg 180w, http:\/\/commune-loffre.fr\/wp-content\/uploads\/2018\/09\/20180708_183348-copie-1-60x60.jpg 60w\" sizes=\"(max-width: 150px) 100vw, 150px\" \/><\/a>\n\t\t\t<\/dt><\/dl><dl class='gallery-item'>\n\t\t\t<dt class='gallery-icon landscape'>\n\t\t\t\t<a href='http:\/\/commune-loffre.fr\/index.php\/2018\/09\/20\/alsh-de-loffre-juillet-2018\/20180708_183353-copie-2\/'><img loading=\"lazy\" decoding=\"async\" width=\"150\" height=\"150\" src=\"http:\/\/commune-loffre.fr\/wp-content\/uploads\/2018\/09\/20180708_183353-copie-1-150x150.jpg\" class=\"attachment-thumbnail size-thumbnail\" alt=\"\" srcset=\"http:\/\/commune-loffre.fr\/wp-content\/uploads\/2018\/09\/20180708_183353-copie-1-150x150.jpg 150w, http:\/\/commune-loffre.fr\/wp-content\/uploads\/2018\/09\/20180708_183353-copie-1-180x180.jpg 180w, http:\/\/commune-loffre.fr\/wp-content\/uploads\/2018\/09\/20180708_183353-copie-1-60x60.jpg 60w\" sizes=\"(max-width: 150px) 100vw, 150px\" \/><\/a>\n\t\t\t<\/dt><\/dl><dl class='gallery-item'>\n\t\t\t<dt class='gallery-icon portrait'>\n\t\t\t\t<a href='http:\/\/commune-loffre.fr\/index.php\/2018\/09\/20\/alsh-de-loffre-juillet-2018\/20180708_183731-copie-2\/'><img loading=\"lazy\" decoding=\"async\" width=\"150\" height=\"150\" src=\"http:\/\/commune-loffre.fr\/wp-content\/uploads\/2018\/09\/20180708_183731-copie-1-150x150.jpg\" class=\"attachment-thumbnail size-thumbnail\" alt=\"\" srcset=\"http:\/\/commune-loffre.fr\/wp-content\/uploads\/2018\/09\/20180708_183731-copie-1-150x150.jpg 150w, http:\/\/commune-loffre.fr\/wp-content\/uploads\/2018\/09\/20180708_183731-copie-1-180x180.jpg 180w, http:\/\/commune-loffre.fr\/wp-content\/uploads\/2018\/09\/20180708_183731-copie-1-60x60.jpg 60w\" sizes=\"(max-width: 150px) 100vw, 150px\" \/><\/a>\n\t\t\t<\/dt><\/dl><dl class='gallery-item'>\n\t\t\t<dt class='gallery-icon landscape'>\n\t\t\t\t<a href='http:\/\/commune-loffre.fr\/index.php\/2018\/09\/20\/alsh-de-loffre-juillet-2018\/20180708_185028-copie-2\/'><img loading=\"lazy\" decoding=\"async\" width=\"150\" height=\"150\" src=\"http:\/\/commune-loffre.fr\/wp-content\/uploads\/2018\/09\/20180708_185028-copie-1-150x150.jpg\" class=\"attachment-thumbnail size-thumbnail\" alt=\"\" srcset=\"http:\/\/commune-loffre.fr\/wp-content\/uploads\/2018\/09\/20180708_185028-copie-1-150x150.jpg 150w, http:\/\/commune-loffre.fr\/wp-content\/uploads\/2018\/09\/20180708_185028-copie-1-180x180.jpg 180w, http:\/\/commune-loffre.fr\/wp-content\/uploads\/2018\/09\/20180708_185028-copie-1-60x60.jpg 60w\" sizes=\"(max-width: 150px) 100vw, 150px\" \/><\/a>\n\t\t\t<\/dt><\/dl><dl class='gallery-item'>\n\t\t\t<dt class='gallery-icon landscape'>\n\t\t\t\t<a href='http:\/\/commune-loffre.fr\/index.php\/2018\/09\/20\/alsh-de-loffre-juillet-2018\/20180716_115450-copie-2\/'><img loading=\"lazy\" decoding=\"async\" width=\"150\" height=\"150\" src=\"http:\/\/commune-loffre.fr\/wp-content\/uploads\/2018\/09\/20180716_115450-copie-1-150x150.jpg\" class=\"attachment-thumbnail size-thumbnail\" alt=\"\" srcset=\"http:\/\/commune-loffre.fr\/wp-content\/uploads\/2018\/09\/20180716_115450-copie-1-150x150.jpg 150w, http:\/\/commune-loffre.fr\/wp-content\/uploads\/2018\/09\/20180716_115450-copie-1-180x180.jpg 180w, http:\/\/commune-loffre.fr\/wp-content\/uploads\/2018\/09\/20180716_115450-copie-1-60x60.jpg 60w\" sizes=\"(max-width: 150px) 100vw, 150px\" \/><\/a>\n\t\t\t<\/dt><\/dl><br style=\"clear: both\" \/><dl class='gallery-item'>\n\t\t\t<dt class='gallery-icon landscape'>\n\t\t\t\t<a href='http:\/\/commune-loffre.fr\/index.php\/2018\/09\/20\/alsh-de-loffre-juillet-2018\/20180723_142512-copie-2\/'><img loading=\"lazy\" decoding=\"async\" width=\"150\" height=\"150\" src=\"http:\/\/commune-loffre.fr\/wp-content\/uploads\/2018\/09\/20180723_142512-copie-1-150x150.jpg\" class=\"attachment-thumbnail size-thumbnail\" alt=\"\" srcset=\"http:\/\/commune-loffre.fr\/wp-content\/uploads\/2018\/09\/20180723_142512-copie-1-150x150.jpg 150w, http:\/\/commune-loffre.fr\/wp-content\/uploads\/2018\/09\/20180723_142512-copie-1-180x180.jpg 180w, http:\/\/commune-loffre.fr\/wp-content\/uploads\/2018\/09\/20180723_142512-copie-1-60x60.jpg 60w\" sizes=\"(max-width: 150px) 100vw, 150px\" \/><\/a>\n\t\t\t<\/dt><\/dl><dl class='gallery-item'>\n\t\t\t<dt class='gallery-icon portrait'>\n\t\t\t\t<a href='http:\/\/commune-loffre.fr\/index.php\/2018\/09\/20\/alsh-de-loffre-juillet-2018\/img_20180711_143309-copie\/'><img loading=\"lazy\" decoding=\"async\" width=\"150\" height=\"150\" src=\"http:\/\/commune-loffre.fr\/wp-content\/uploads\/2018\/09\/IMG_20180711_143309-copie-1-150x150.jpg\" class=\"attachment-thumbnail size-thumbnail\" alt=\"\" srcset=\"http:\/\/commune-loffre.fr\/wp-content\/uploads\/2018\/09\/IMG_20180711_143309-copie-1-150x150.jpg 150w, http:\/\/commune-loffre.fr\/wp-content\/uploads\/2018\/09\/IMG_20180711_143309-copie-1-180x180.jpg 180w, http:\/\/commune-loffre.fr\/wp-content\/uploads\/2018\/09\/IMG_20180711_143309-copie-1-60x60.jpg 60w\" sizes=\"(max-width: 150px) 100vw, 150px\" \/><\/a>\n\t\t\t<\/dt><\/dl><dl class='gallery-item'>\n\t\t\t<dt class='gallery-icon portrait'>\n\t\t\t\t<a href='http:\/\/commune-loffre.fr\/index.php\/2018\/09\/20\/alsh-de-loffre-juillet-2018\/img_20180712_153142-copie\/'><img loading=\"lazy\" decoding=\"async\" width=\"150\" height=\"150\" src=\"http:\/\/commune-loffre.fr\/wp-content\/uploads\/2018\/09\/IMG_20180712_153142-copie-1-150x150.jpg\" class=\"attachment-thumbnail size-thumbnail\" alt=\"\" srcset=\"http:\/\/commune-loffre.fr\/wp-content\/uploads\/2018\/09\/IMG_20180712_153142-copie-1-150x150.jpg 150w, http:\/\/commune-loffre.fr\/wp-content\/uploads\/2018\/09\/IMG_20180712_153142-copie-1-180x180.jpg 180w, http:\/\/commune-loffre.fr\/wp-content\/uploads\/2018\/09\/IMG_20180712_153142-copie-1-60x60.jpg 60w\" sizes=\"(max-width: 150px) 100vw, 150px\" \/><\/a>\n\t\t\t<\/dt><\/dl><dl class='gallery-item'>\n\t\t\t<dt class='gallery-icon portrait'>\n\t\t\t\t<a href='http:\/\/commune-loffre.fr\/index.php\/2018\/09\/20\/alsh-de-loffre-juillet-2018\/img_20180712_153211-copie\/'><img loading=\"lazy\" decoding=\"async\" width=\"150\" height=\"150\" src=\"http:\/\/commune-loffre.fr\/wp-content\/uploads\/2018\/09\/IMG_20180712_153211-copie-1-150x150.jpg\" class=\"attachment-thumbnail size-thumbnail\" alt=\"\" srcset=\"http:\/\/commune-loffre.fr\/wp-content\/uploads\/2018\/09\/IMG_20180712_153211-copie-1-150x150.jpg 150w, http:\/\/commune-loffre.fr\/wp-content\/uploads\/2018\/09\/IMG_20180712_153211-copie-1-300x300.jpg 300w, http:\/\/commune-loffre.fr\/wp-content\/uploads\/2018\/09\/IMG_20180712_153211-copie-1-180x180.jpg 180w, http:\/\/commune-loffre.fr\/wp-content\/uploads\/2018\/09\/IMG_20180712_153211-copie-1-60x60.jpg 60w, http:\/\/commune-loffre.fr\/wp-content\/uploads\/2018\/09\/IMG_20180712_153211-copie-1.jpg 598w\" sizes=\"(max-width: 150px) 100vw, 150px\" \/><\/a>\n\t\t\t<\/dt><\/dl><dl class='gallery-item'>\n\t\t\t<dt class='gallery-icon portrait'>\n\t\t\t\t<a href='http:\/\/commune-loffre.fr\/index.php\/2018\/09\/20\/alsh-de-loffre-juillet-2018\/img_20180713_151243-copie\/'><img loading=\"lazy\" decoding=\"async\" width=\"150\" height=\"150\" src=\"http:\/\/commune-loffre.fr\/wp-content\/uploads\/2018\/09\/IMG_20180713_151243-copie-1-150x150.jpg\" class=\"attachment-thumbnail size-thumbnail\" alt=\"\" srcset=\"http:\/\/commune-loffre.fr\/wp-content\/uploads\/2018\/09\/IMG_20180713_151243-copie-1-150x150.jpg 150w, http:\/\/commune-loffre.fr\/wp-content\/uploads\/2018\/09\/IMG_20180713_151243-copie-1-180x180.jpg 180w, http:\/\/commune-loffre.fr\/wp-content\/uploads\/2018\/09\/IMG_20180713_151243-copie-1-60x60.jpg 60w\" sizes=\"(max-width: 150px) 100vw, 150px\" \/><\/a>\n\t\t\t<\/dt><\/dl><dl class='gallery-item'>\n\t\t\t<dt class='gallery-icon landscape'>\n\t\t\t\t<a href='http:\/\/commune-loffre.fr\/index.php\/2018\/09\/20\/alsh-de-loffre-juillet-2018\/img_20180713_154311-copie\/'><img loading=\"lazy\" decoding=\"async\" width=\"150\" height=\"150\" src=\"http:\/\/commune-loffre.fr\/wp-content\/uploads\/2018\/09\/IMG_20180713_154311-copie-1-150x150.jpg\" class=\"attachment-thumbnail size-thumbnail\" alt=\"\" srcset=\"http:\/\/commune-loffre.fr\/wp-content\/uploads\/2018\/09\/IMG_20180713_154311-copie-1-150x150.jpg 150w, http:\/\/commune-loffre.fr\/wp-content\/uploads\/2018\/09\/IMG_20180713_154311-copie-1-180x180.jpg 180w, http:\/\/commune-loffre.fr\/wp-content\/uploads\/2018\/09\/IMG_20180713_154311-copie-1-60x60.jpg 60w\" sizes=\"(max-width: 150px) 100vw, 150px\" \/><\/a>\n\t\t\t<\/dt><\/dl><br style=\"clear: both\" \/><dl class='gallery-item'>\n\t\t\t<dt class='gallery-icon portrait'>\n\t\t\t\t<a href='http:\/\/commune-loffre.fr\/index.php\/2018\/09\/20\/alsh-de-loffre-juillet-2018\/img_20180717_132412-copie-2\/'><img loading=\"lazy\" decoding=\"async\" width=\"150\" height=\"150\" src=\"http:\/\/commune-loffre.fr\/wp-content\/uploads\/2018\/09\/IMG_20180717_132412-copie-1-150x150.jpg\" class=\"attachment-thumbnail size-thumbnail\" alt=\"\" srcset=\"http:\/\/commune-loffre.fr\/wp-content\/uploads\/2018\/09\/IMG_20180717_132412-copie-1-150x150.jpg 150w, http:\/\/commune-loffre.fr\/wp-content\/uploads\/2018\/09\/IMG_20180717_132412-copie-1-180x180.jpg 180w, http:\/\/commune-loffre.fr\/wp-content\/uploads\/2018\/09\/IMG_20180717_132412-copie-1-60x60.jpg 60w\" sizes=\"(max-width: 150px) 100vw, 150px\" \/><\/a>\n\t\t\t<\/dt><\/dl><dl class='gallery-item'>\n\t\t\t<dt class='gallery-icon landscape'>\n\t\t\t\t<a href='http:\/\/commune-loffre.fr\/index.php\/2018\/09\/20\/alsh-de-loffre-juillet-2018\/img_20180717_142850-copie-2\/'><img loading=\"lazy\" decoding=\"async\" width=\"150\" height=\"150\" src=\"http:\/\/commune-loffre.fr\/wp-content\/uploads\/2018\/09\/IMG_20180717_142850-copie-1-150x150.jpg\" class=\"attachment-thumbnail size-thumbnail\" alt=\"\" srcset=\"http:\/\/commune-loffre.fr\/wp-content\/uploads\/2018\/09\/IMG_20180717_142850-copie-1-150x150.jpg 150w, http:\/\/commune-loffre.fr\/wp-content\/uploads\/2018\/09\/IMG_20180717_142850-copie-1-180x180.jpg 180w, http:\/\/commune-loffre.fr\/wp-content\/uploads\/2018\/09\/IMG_20180717_142850-copie-1-60x60.jpg 60w\" sizes=\"(max-width: 150px) 100vw, 150px\" \/><\/a>\n\t\t\t<\/dt><\/dl><dl class='gallery-item'>\n\t\t\t<dt class='gallery-icon portrait'>\n\t\t\t\t<a href='http:\/\/commune-loffre.fr\/index.php\/2018\/09\/20\/alsh-de-loffre-juillet-2018\/img_20180718_154735_1-copie\/'><img loading=\"lazy\" decoding=\"async\" width=\"150\" height=\"150\" src=\"http:\/\/commune-loffre.fr\/wp-content\/uploads\/2018\/09\/IMG_20180718_154735_1-copie-1-150x150.jpg\" class=\"attachment-thumbnail size-thumbnail\" alt=\"\" srcset=\"http:\/\/commune-loffre.fr\/wp-content\/uploads\/2018\/09\/IMG_20180718_154735_1-copie-1-150x150.jpg 150w, http:\/\/commune-loffre.fr\/wp-content\/uploads\/2018\/09\/IMG_20180718_154735_1-copie-1-180x180.jpg 180w, http:\/\/commune-loffre.fr\/wp-content\/uploads\/2018\/09\/IMG_20180718_154735_1-copie-1-60x60.jpg 60w\" sizes=\"(max-width: 150px) 100vw, 150px\" \/><\/a>\n\t\t\t<\/dt><\/dl><dl class='gallery-item'>\n\t\t\t<dt class='gallery-icon landscape'>\n\t\t\t\t<a href='http:\/\/commune-loffre.fr\/index.php\/2018\/09\/20\/alsh-de-loffre-juillet-2018\/img_20180723_145915-copie-2\/'><img loading=\"lazy\" decoding=\"async\" width=\"150\" height=\"150\" src=\"http:\/\/commune-loffre.fr\/wp-content\/uploads\/2018\/09\/IMG_20180723_145915-copie-1-150x150.jpg\" class=\"attachment-thumbnail size-thumbnail\" alt=\"\" srcset=\"http:\/\/commune-loffre.fr\/wp-content\/uploads\/2018\/09\/IMG_20180723_145915-copie-1-150x150.jpg 150w, http:\/\/commune-loffre.fr\/wp-content\/uploads\/2018\/09\/IMG_20180723_145915-copie-1-180x180.jpg 180w, http:\/\/commune-loffre.fr\/wp-content\/uploads\/2018\/09\/IMG_20180723_145915-copie-1-60x60.jpg 60w\" sizes=\"(max-width: 150px) 100vw, 150px\" \/><\/a>\n\t\t\t<\/dt><\/dl><dl class='gallery-item'>\n\t\t\t<dt class='gallery-icon landscape'>\n\t\t\t\t<a href='http:\/\/commune-loffre.fr\/index.php\/2018\/09\/20\/alsh-de-loffre-juillet-2018\/img_20180723_150733-copie-2\/'><img loading=\"lazy\" decoding=\"async\" width=\"150\" height=\"150\" src=\"http:\/\/commune-loffre.fr\/wp-content\/uploads\/2018\/09\/IMG_20180723_150733-copie-1-150x150.jpg\" class=\"attachment-thumbnail size-thumbnail\" alt=\"\" srcset=\"http:\/\/commune-loffre.fr\/wp-content\/uploads\/2018\/09\/IMG_20180723_150733-copie-1-150x150.jpg 150w, http:\/\/commune-loffre.fr\/wp-content\/uploads\/2018\/09\/IMG_20180723_150733-copie-1-180x180.jpg 180w, http:\/\/commune-loffre.fr\/wp-content\/uploads\/2018\/09\/IMG_20180723_150733-copie-1-60x60.jpg 60w\" sizes=\"(max-width: 150px) 100vw, 150px\" \/><\/a>\n\t\t\t<\/dt><\/dl><dl class='gallery-item'>\n\t\t\t<dt class='gallery-icon landscape'>\n\t\t\t\t<a href='http:\/\/commune-loffre.fr\/index.php\/2018\/09\/20\/alsh-de-loffre-juillet-2018\/img_20180723_152804-copie-2\/'><img loading=\"lazy\" decoding=\"async\" width=\"150\" height=\"150\" src=\"http:\/\/commune-loffre.fr\/wp-content\/uploads\/2018\/09\/IMG_20180723_152804-copie-1-150x150.jpg\" class=\"attachment-thumbnail size-thumbnail\" alt=\"\" srcset=\"http:\/\/commune-loffre.fr\/wp-content\/uploads\/2018\/09\/IMG_20180723_152804-copie-1-150x150.jpg 150w, http:\/\/commune-loffre.fr\/wp-content\/uploads\/2018\/09\/IMG_20180723_152804-copie-1-180x180.jpg 180w, http:\/\/commune-loffre.fr\/wp-content\/uploads\/2018\/09\/IMG_20180723_152804-copie-1-60x60.jpg 60w\" sizes=\"(max-width: 150px) 100vw, 150px\" \/><\/a>\n\t\t\t<\/dt><\/dl><br style=\"clear: both\" \/>\n\t\t<\/div>\n\n<p>Pour accueillir et encadrer cette joyeuse troupe de 34 enfants, une \u00e9quipe de 7 encadrants ont particip\u00e9 \u00e0 l\u2019animation\u00a0: une directrice, 4 animateurs et 2 aides-animateurs b\u00e9n\u00e9voles.<\/p>\n<p>Le th\u00e8me retenu par l\u2019\u00e9quipe \u00e9tait pour cette saison 2018 \u00ab\u00a0Les Etats Unis\u00a0\u00bb, un effort remarqu\u00e9 a \u00e9t\u00e9 port\u00e9 \u00e0 la d\u00e9coration du Centre et les animations ont \u00e9t\u00e9 pens\u00e9es en fonction du th\u00e8me.<\/p>\n<p>Les activit\u00e9s propos\u00e9es ont \u00e9t\u00e9 nombreuses et vari\u00e9es\u00a0: grand jeu \u00ab\u00a0rallye photos\u00a0\u00bb\u00a0; Olympiades au stade Fran\u00e7ois Hudry ; grand jeu \u00ab\u00a0enqu\u00eate polici\u00e8re\u00a0: meurtre au casino\u00a0\u00bb\u00a0; op\u00e9ration NASA lancement de fus\u00e9es \u00e0 eau\u00a0; r\u00e9alisation de deux films durant le Centre par deux groupes\u00a0; r\u00e9alisation d\u2019un \u00ab\u00a0escape game\u00a0\u00bb sur site\u00a0; atelier manuel \u00ab\u00a0r\u00e9cup\u2019art\u00a0\u00bb\u00a0; activit\u00e9 culinaire confection de bownies. Veill\u00e9e jeux de soci\u00e9t\u00e9\u00a0; apr\u00e8s midi anniversaires et aussi les jeux traditionnels int\u00e9rieurs et ext\u00e9rieurs.<\/p>\n<p>Les sorties ont \u00e9t\u00e9 tr\u00e8s appr\u00e9ci\u00e9es\u00a0:\u00a0 sortie \u00e0 la pizzeria \u00ab\u00a0la gallo romaine\u00a0\u00bb pour les touts petits avec manipulation de la p\u00e2te \u00e0 pizza\u00a0; sortie p\u00e9destre au Centre \u00e9questre de Montigny en Ostrevent avec pratique du poney\u00a0; sortie au parc \u00ab\u00a0Le Fleury\u00a0\u00bb \u00e0 Wavrechain sous Faulx\u00a0; d\u00e9couverte du forum antique de Bavay et poursuite de la journ\u00e9e au Zoo de Maubeuge\u00a0; journ\u00e9e au parc de jeux \u00ab\u00a0Bagatelle\u00a0\u00bb \u00e0 Merlimont\u00a0; Sortie accrobranche au parc Vernier de DOUAI avec course d\u2019orientation pour les plus grands.<\/p>\n<p>Les enfants ont pass\u00e9 un agr\u00e9able s\u00e9jour de vacances \u00e0 l\u2019ALSH en compagnie de leurs amis, une ambiance joyeuse et dynamique s\u2019est ressentie tout au long du Centre, BRAVO \u00e0 l\u2019\u00e9quipe d\u2019animation!<\/p>\n<p>&nbsp;<\/p>\n","protected":false},"excerpt":{"rendered":"<p>L\u2019accueil de loisirs de LOFFRE a ouvert ses portes le lundi 09 juillet et s\u2019est termin\u00e9 le mardi 31 juillet. Durant ces 3 semaine 1\/2, les 34 enfants de 4&#8230; <a href=\"http:\/\/commune-loffre.fr\/index.php\/2018\/09\/20\/alsh-de-loffre-juillet-2018\/\">Read more &raquo;<\/a><\/p>\n","protected":false},"author":1,"featured_media":3989,"comment_status":"closed","ping_status":"closed","sticky":false,"template":"","format":"standard","meta":{"footnotes":""},"categories":[6],"tags":[],"_links":{"self":[{"href":"http:\/\/commune-loffre.fr\/index.php\/wp-json\/wp\/v2\/posts\/3958"}],"collection":[{"href":"http:\/\/commune-loffre.fr\/index.php\/wp-json\/wp\/v2\/posts"}],"about":[{"href":"http:\/\/commune-loffre.fr\/index.php\/wp-json\/wp\/v2\/types\/post"}],"author":[{"embeddable":true,"href":"http:\/\/commune-loffre.fr\/index.php\/wp-json\/wp\/v2\/users\/1"}],"replies":[{"embeddable":true,"href":"http:\/\/commune-loffre.fr\/index.php\/wp-json\/wp\/v2\/comments?post=3958"}],"version-history":[{"count":1,"href":"http:\/\/commune-loffre.fr\/index.php\/wp-json\/wp\/v2\/posts\/3958\/revisions"}],"predecessor-version":[{"id":3995,"href":"http:\/\/commune-loffre.fr\/index.php\/wp-json\/wp\/v2\/posts\/3958\/revisions\/3995"}],"wp:featuredmedia":[{"embeddable":true,"href":"http:\/\/commune-loffre.fr\/index.php\/wp-json\/wp\/v2\/media\/3989"}],"wp:attachment":[{"href":"http:\/\/commune-loffre.fr\/index.php\/wp-json\/wp\/v2\/media?parent=3958"}],"wp:term":[{"taxonomy":"category","embeddable":true,"href":"http:\/\/commune-loffre.fr\/index.php\/wp-json\/wp\/v2\/categories?post=3958"},{"taxonomy":"post_tag","embeddable":true,"href":"http:\/\/commune-loffre.fr\/index.php\/wp-json\/wp\/v2\/tags?post=3958"}],"curies":[{"name":"wp","href":"https:\/\/api.w.org\/{rel}","templated":true}]}}