{"id":3930,"date":"2018-09-18T15:20:25","date_gmt":"2018-09-18T14:20:25","guid":{"rendered":"http:\/\/commune-loffre.fr\/?p=3930"},"modified":"2018-09-18T15:21:04","modified_gmt":"2018-09-18T14:21:04","slug":"3930","status":"publish","type":"post","link":"http:\/\/commune-loffre.fr\/index.php\/2018\/09\/18\/3930\/","title":{"rendered":"Concours national des \u00e9coles fleuries"},"content":{"rendered":"<p>Mis en \u0153uvre par les Directions D\u00e9partementales de l\u2019\u00c9ducation Nationale depuis 51 ans, le concours des \u00e9coles fleuries est un concours national depuis 1974. Il est plac\u00e9 sous le Haut Patronage de Monsieur le Ministre de l\u2019\u00c9ducation Nationale.<\/p>\n\n\t\t<style type=\"text\/css\">\n\t\t\t#gallery-1 {\n\t\t\t\tmargin: auto;\n\t\t\t}\n\t\t\t#gallery-1 .gallery-item {\n\t\t\t\tfloat: left;\n\t\t\t\tmargin-top: 10px;\n\t\t\t\ttext-align: center;\n\t\t\t\twidth: 14%;\n\t\t\t}\n\t\t\t#gallery-1 img {\n\t\t\t\tborder: 2px solid #cfcfcf;\n\t\t\t}\n\t\t\t#gallery-1 .gallery-caption {\n\t\t\t\tmargin-left: 0;\n\t\t\t}\n\t\t\t\/* see gallery_shortcode() in wp-includes\/media.php *\/\n\t\t<\/style>\n\t\t<div id='gallery-1' class='gallery galleryid-3930 gallery-columns-7 gallery-size-thumbnail'><dl class='gallery-item'>\n\t\t\t<dt class='gallery-icon landscape'>\n\t\t\t\t<a href='http:\/\/commune-loffre.fr\/index.php\/2018\/09\/18\/3930\/fleurie6\/'><img loading=\"lazy\" decoding=\"async\" width=\"150\" height=\"150\" src=\"http:\/\/commune-loffre.fr\/wp-content\/uploads\/2018\/09\/fleurie6-150x150.jpg\" class=\"attachment-thumbnail size-thumbnail\" alt=\"\" srcset=\"http:\/\/commune-loffre.fr\/wp-content\/uploads\/2018\/09\/fleurie6-150x150.jpg 150w, http:\/\/commune-loffre.fr\/wp-content\/uploads\/2018\/09\/fleurie6-180x180.jpg 180w, http:\/\/commune-loffre.fr\/wp-content\/uploads\/2018\/09\/fleurie6-60x60.jpg 60w\" sizes=\"(max-width: 150px) 100vw, 150px\" \/><\/a>\n\t\t\t<\/dt><\/dl><dl class='gallery-item'>\n\t\t\t<dt class='gallery-icon landscape'>\n\t\t\t\t<a href='http:\/\/commune-loffre.fr\/index.php\/2018\/09\/18\/3930\/fleurie5\/'><img loading=\"lazy\" decoding=\"async\" width=\"150\" height=\"150\" src=\"http:\/\/commune-loffre.fr\/wp-content\/uploads\/2018\/09\/fleurie5-150x150.jpg\" class=\"attachment-thumbnail size-thumbnail\" alt=\"\" srcset=\"http:\/\/commune-loffre.fr\/wp-content\/uploads\/2018\/09\/fleurie5-150x150.jpg 150w, http:\/\/commune-loffre.fr\/wp-content\/uploads\/2018\/09\/fleurie5-60x60.jpg 60w\" sizes=\"(max-width: 150px) 100vw, 150px\" \/><\/a>\n\t\t\t<\/dt><\/dl><dl class='gallery-item'>\n\t\t\t<dt class='gallery-icon landscape'>\n\t\t\t\t<a href='http:\/\/commune-loffre.fr\/index.php\/2018\/09\/18\/3930\/fleurie4\/'><img loading=\"lazy\" decoding=\"async\" width=\"150\" height=\"150\" src=\"http:\/\/commune-loffre.fr\/wp-content\/uploads\/2018\/09\/fleurie4-150x150.jpg\" class=\"attachment-thumbnail size-thumbnail\" alt=\"\" srcset=\"http:\/\/commune-loffre.fr\/wp-content\/uploads\/2018\/09\/fleurie4-150x150.jpg 150w, http:\/\/commune-loffre.fr\/wp-content\/uploads\/2018\/09\/fleurie4-180x180.jpg 180w, http:\/\/commune-loffre.fr\/wp-content\/uploads\/2018\/09\/fleurie4-60x60.jpg 60w\" sizes=\"(max-width: 150px) 100vw, 150px\" \/><\/a>\n\t\t\t<\/dt><\/dl><dl class='gallery-item'>\n\t\t\t<dt class='gallery-icon portrait'>\n\t\t\t\t<a href='http:\/\/commune-loffre.fr\/index.php\/2018\/09\/18\/3930\/fleurie3\/'><img loading=\"lazy\" decoding=\"async\" width=\"150\" height=\"150\" src=\"http:\/\/commune-loffre.fr\/wp-content\/uploads\/2018\/09\/fleurie3-150x150.jpg\" class=\"attachment-thumbnail size-thumbnail\" alt=\"\" srcset=\"http:\/\/commune-loffre.fr\/wp-content\/uploads\/2018\/09\/fleurie3-150x150.jpg 150w, http:\/\/commune-loffre.fr\/wp-content\/uploads\/2018\/09\/fleurie3-180x180.jpg 180w, http:\/\/commune-loffre.fr\/wp-content\/uploads\/2018\/09\/fleurie3-60x60.jpg 60w\" sizes=\"(max-width: 150px) 100vw, 150px\" \/><\/a>\n\t\t\t<\/dt><\/dl><dl class='gallery-item'>\n\t\t\t<dt class='gallery-icon portrait'>\n\t\t\t\t<a href='http:\/\/commune-loffre.fr\/index.php\/2018\/09\/18\/3930\/fleurie2\/'><img loading=\"lazy\" decoding=\"async\" width=\"150\" height=\"150\" src=\"http:\/\/commune-loffre.fr\/wp-content\/uploads\/2018\/09\/fleurie2-150x150.jpg\" class=\"attachment-thumbnail size-thumbnail\" alt=\"\" srcset=\"http:\/\/commune-loffre.fr\/wp-content\/uploads\/2018\/09\/fleurie2-150x150.jpg 150w, http:\/\/commune-loffre.fr\/wp-content\/uploads\/2018\/09\/fleurie2-180x180.jpg 180w, http:\/\/commune-loffre.fr\/wp-content\/uploads\/2018\/09\/fleurie2-60x60.jpg 60w\" sizes=\"(max-width: 150px) 100vw, 150px\" \/><\/a>\n\t\t\t<\/dt><\/dl><dl class='gallery-item'>\n\t\t\t<dt class='gallery-icon landscape'>\n\t\t\t\t<a href='http:\/\/commune-loffre.fr\/index.php\/2018\/09\/18\/3930\/fleuries1\/'><img loading=\"lazy\" decoding=\"async\" width=\"150\" height=\"150\" src=\"http:\/\/commune-loffre.fr\/wp-content\/uploads\/2018\/09\/fleuries1.jpg\" class=\"attachment-thumbnail size-thumbnail\" alt=\"\" srcset=\"http:\/\/commune-loffre.fr\/wp-content\/uploads\/2018\/09\/fleuries1.jpg 150w, http:\/\/commune-loffre.fr\/wp-content\/uploads\/2018\/09\/fleuries1-60x60.jpg 60w\" sizes=\"(max-width: 150px) 100vw, 150px\" \/><\/a>\n\t\t\t<\/dt><\/dl><dl class='gallery-item'>\n\t\t\t<dt class='gallery-icon landscape'>\n\t\t\t\t<a href='http:\/\/commune-loffre.fr\/index.php\/2018\/09\/18\/3930\/diplome-ecoles-fleuries\/'><img loading=\"lazy\" decoding=\"async\" width=\"150\" height=\"150\" src=\"http:\/\/commune-loffre.fr\/wp-content\/uploads\/2018\/09\/Dipl\u00f4me-ecoles-fleuries-150x150.jpg\" class=\"attachment-thumbnail size-thumbnail\" alt=\"\" srcset=\"http:\/\/commune-loffre.fr\/wp-content\/uploads\/2018\/09\/Dipl\u00f4me-ecoles-fleuries-150x150.jpg 150w, http:\/\/commune-loffre.fr\/wp-content\/uploads\/2018\/09\/Dipl\u00f4me-ecoles-fleuries-180x180.jpg 180w, http:\/\/commune-loffre.fr\/wp-content\/uploads\/2018\/09\/Dipl\u00f4me-ecoles-fleuries-60x60.jpg 60w\" sizes=\"(max-width: 150px) 100vw, 150px\" \/><\/a>\n\t\t\t<\/dt><\/dl><br style=\"clear: both\" \/>\n\t\t<\/div>\n\n<p>Les objectifs port\u00e9s par ce concours sont\u00a0:<\/p>\n<ul>\n<li>Agir pour am\u00e9liorer son cadre de vie,<\/li>\n<li>Coop\u00e9rer pour un projet commun,<\/li>\n<li>Respecter le travail de chacun,<\/li>\n<li>Observer grandeur nature les saisons et la v\u00e9g\u00e9tation,<\/li>\n<li>Apprendre en jardinant.<\/li>\n<\/ul>\n<p>L\u2019action porte sur les activit\u00e9s de jardinage li\u00e9es \u00e0 l\u2019am\u00e9nagement int\u00e9rieur et ext\u00e9rieur des \u00e9coles \u00e0 condition qu\u2019elles soient r\u00e9alis\u00e9es par les \u00e9l\u00e8ves.<\/p>\n<p>Notre \u00e9cole s\u2019est donc inscrite pour participer \u00e0 ce concours.<\/p>\n<p>Les enfants aid\u00e9s de l&rsquo;\u00e9quipe enseignante et de Monsieur Emmanuel DURIEZ, agent technique \u00e0 la mairie qui a pilot\u00e9 le projet, ont pr\u00e9sent\u00e9 un programme r\u00e9pondant aux objectifs du concours\u00a0:<\/p>\n<ul>\n<li>Les \u00e9l\u00e8ves se sont impliqu\u00e9s dans le fleurissement de leur \u00e9cole en participant aux semis et plantations d\u2019annuelles. Dans la cour d\u2019\u00e9cole, des l\u00e9gumes ont \u00e9t\u00e9 plant\u00e9s et seront utilis\u00e9s par les enfants de maternelle dans le cadre de \u00ab\u00a0la semaine du go\u00fbt\u00a0\u00bb.<\/li>\n<li>Dans le cadre du projet p\u00e9dagogique de l\u2019\u00e9cole autour de \u00ab\u00a0l\u2019environnement\u00a0\u00bb, conjointement \u00e0 l\u2019action de la brigade verte loffrienne, compos\u00e9e d\u2019\u00e9co-citoyens, les enfants de l\u2019\u00e9cole ont particip\u00e9 \u00e0 l\u2019embellissement et au fleurissement du village\u00a0: plantation d\u2019arbres fruitiers, d\u2019arbustes et semis de jach\u00e8res fleuries au programme.<\/li>\n<li>Les enfants ont \u00e9galement particip\u00e9 aux semis et au repiquage d\u2019annuelles dans la serre municipale.<\/li>\n<\/ul>\n<p>Pour compl\u00e9ter ce travail, Monsieur Emmanuel DURIEZ a pr\u00e9sent\u00e9 un document pr\u00e9sentant notre village, son histoire, ses b\u00e2timents et \u00e9quipements, la serre municipale permettant la production de fleurs, le fleurissement du village, le mat\u00e9riel pour l\u2019entretien des espaces verts, l\u2019engagement de la commune pour l\u2019environnement et dans la mise en accessibilit\u00e9 de ses b\u00e2timents publics.<\/p>\n<p>&nbsp;<\/p>\n<p>Le jury s\u2019est d\u00e9plac\u00e9 au mois de juin 2018 pour \u00e9valuer le travail effectu\u00e9 et a d\u00e9cern\u00e9 \u00e0 la rentr\u00e9e des classes un Prix d\u2019Excellence pour le travail accompli.\u00a0 Pour une premi\u00e8re participation le r\u00e9sultat est plus que satisfaisant\u00a0!<\/p>\n<p>Monsieur le Maire et le conseil municipal adressent leurs f\u00e9licitations aux enfants, \u00e0 l\u2019\u00e9quipe enseignante et \u00e0 Monsieur Emmanuel DURIEZ.<\/p>\n","protected":false},"excerpt":{"rendered":"<p>Mis en \u0153uvre par les Directions D\u00e9partementales de l\u2019\u00c9ducation Nationale depuis 51 ans, le concours des \u00e9coles fleuries est un concours national depuis 1974. Il est plac\u00e9 sous le Haut&#8230; <a href=\"http:\/\/commune-loffre.fr\/index.php\/2018\/09\/18\/3930\/\">Read more &raquo;<\/a><\/p>\n","protected":false},"author":1,"featured_media":3932,"comment_status":"closed","ping_status":"closed","sticky":false,"template":"","format":"standard","meta":{"footnotes":""},"categories":[3,18,9],"tags":[],"_links":{"self":[{"href":"http:\/\/commune-loffre.fr\/index.php\/wp-json\/wp\/v2\/posts\/3930"}],"collection":[{"href":"http:\/\/commune-loffre.fr\/index.php\/wp-json\/wp\/v2\/posts"}],"about":[{"href":"http:\/\/commune-loffre.fr\/index.php\/wp-json\/wp\/v2\/types\/post"}],"author":[{"embeddable":true,"href":"http:\/\/commune-loffre.fr\/index.php\/wp-json\/wp\/v2\/users\/1"}],"replies":[{"embeddable":true,"href":"http:\/\/commune-loffre.fr\/index.php\/wp-json\/wp\/v2\/comments?post=3930"}],"version-history":[{"count":2,"href":"http:\/\/commune-loffre.fr\/index.php\/wp-json\/wp\/v2\/posts\/3930\/revisions"}],"predecessor-version":[{"id":3939,"href":"http:\/\/commune-loffre.fr\/index.php\/wp-json\/wp\/v2\/posts\/3930\/revisions\/3939"}],"wp:featuredmedia":[{"embeddable":true,"href":"http:\/\/commune-loffre.fr\/index.php\/wp-json\/wp\/v2\/media\/3932"}],"wp:attachment":[{"href":"http:\/\/commune-loffre.fr\/index.php\/wp-json\/wp\/v2\/media?parent=3930"}],"wp:term":[{"taxonomy":"category","embeddable":true,"href":"http:\/\/commune-loffre.fr\/index.php\/wp-json\/wp\/v2\/categories?post=3930"},{"taxonomy":"post_tag","embeddable":true,"href":"http:\/\/commune-loffre.fr\/index.php\/wp-json\/wp\/v2\/tags?post=3930"}],"curies":[{"name":"wp","href":"https:\/\/api.w.org\/{rel}","templated":true}]}}