{"id":3780,"date":"2018-09-02T19:39:51","date_gmt":"2018-09-02T18:39:51","guid":{"rendered":"http:\/\/commune-loffre.fr\/?p=3780"},"modified":"2018-09-02T19:59:28","modified_gmt":"2018-09-02T18:59:28","slug":"fete-du-village-5","status":"publish","type":"post","link":"http:\/\/commune-loffre.fr\/index.php\/2018\/09\/02\/fete-du-village-5\/","title":{"rendered":"F\u00eate du village"},"content":{"rendered":"<p>Comme chaque ann\u00e9e la municipalit\u00e9, les associations et les habitants de notre village se sont mobilis\u00e9s pour la f\u00eate annuelle qui s\u2019est tenue les 25 et 26 Ao\u00fbt.<\/p>\n\n\t\t<style type=\"text\/css\">\n\t\t\t#gallery-1 {\n\t\t\t\tmargin: auto;\n\t\t\t}\n\t\t\t#gallery-1 .gallery-item {\n\t\t\t\tfloat: left;\n\t\t\t\tmargin-top: 10px;\n\t\t\t\ttext-align: center;\n\t\t\t\twidth: 11%;\n\t\t\t}\n\t\t\t#gallery-1 img {\n\t\t\t\tborder: 2px solid #cfcfcf;\n\t\t\t}\n\t\t\t#gallery-1 .gallery-caption {\n\t\t\t\tmargin-left: 0;\n\t\t\t}\n\t\t\t\/* see gallery_shortcode() in wp-includes\/media.php *\/\n\t\t<\/style>\n\t\t<div id='gallery-1' class='gallery galleryid-3780 gallery-columns-9 gallery-size-thumbnail'><dl class='gallery-item'>\n\t\t\t<dt class='gallery-icon portrait'>\n\t\t\t\t<a href='http:\/\/commune-loffre.fr\/index.php\/2018\/09\/02\/fete-du-village-5\/p1010001-copie-14\/'><img loading=\"lazy\" decoding=\"async\" width=\"150\" height=\"150\" src=\"http:\/\/commune-loffre.fr\/wp-content\/uploads\/2018\/09\/P1010001-copie-150x150.jpg\" class=\"attachment-thumbnail size-thumbnail\" alt=\"\" srcset=\"http:\/\/commune-loffre.fr\/wp-content\/uploads\/2018\/09\/P1010001-copie-150x150.jpg 150w, http:\/\/commune-loffre.fr\/wp-content\/uploads\/2018\/09\/P1010001-copie-180x180.jpg 180w, http:\/\/commune-loffre.fr\/wp-content\/uploads\/2018\/09\/P1010001-copie-60x60.jpg 60w\" sizes=\"(max-width: 150px) 100vw, 150px\" \/><\/a>\n\t\t\t<\/dt><\/dl><dl class='gallery-item'>\n\t\t\t<dt class='gallery-icon portrait'>\n\t\t\t\t<a href='http:\/\/commune-loffre.fr\/index.php\/2018\/09\/02\/fete-du-village-5\/p1010002-copie-16\/'><img loading=\"lazy\" decoding=\"async\" width=\"150\" height=\"150\" src=\"http:\/\/commune-loffre.fr\/wp-content\/uploads\/2018\/09\/P1010002-copie-150x150.jpg\" class=\"attachment-thumbnail size-thumbnail\" alt=\"\" srcset=\"http:\/\/commune-loffre.fr\/wp-content\/uploads\/2018\/09\/P1010002-copie-150x150.jpg 150w, http:\/\/commune-loffre.fr\/wp-content\/uploads\/2018\/09\/P1010002-copie-180x180.jpg 180w, http:\/\/commune-loffre.fr\/wp-content\/uploads\/2018\/09\/P1010002-copie-60x60.jpg 60w\" sizes=\"(max-width: 150px) 100vw, 150px\" \/><\/a>\n\t\t\t<\/dt><\/dl><dl class='gallery-item'>\n\t\t\t<dt class='gallery-icon landscape'>\n\t\t\t\t<a href='http:\/\/commune-loffre.fr\/index.php\/2018\/09\/02\/fete-du-village-5\/p1010003-copie-17\/'><img loading=\"lazy\" decoding=\"async\" width=\"150\" height=\"150\" src=\"http:\/\/commune-loffre.fr\/wp-content\/uploads\/2018\/09\/P1010003-copie-150x150.jpg\" class=\"attachment-thumbnail size-thumbnail\" alt=\"\" srcset=\"http:\/\/commune-loffre.fr\/wp-content\/uploads\/2018\/09\/P1010003-copie-150x150.jpg 150w, http:\/\/commune-loffre.fr\/wp-content\/uploads\/2018\/09\/P1010003-copie-180x180.jpg 180w, http:\/\/commune-loffre.fr\/wp-content\/uploads\/2018\/09\/P1010003-copie-60x60.jpg 60w\" sizes=\"(max-width: 150px) 100vw, 150px\" \/><\/a>\n\t\t\t<\/dt><\/dl><dl class='gallery-item'>\n\t\t\t<dt class='gallery-icon landscape'>\n\t\t\t\t<a href='http:\/\/commune-loffre.fr\/index.php\/2018\/09\/02\/fete-du-village-5\/p1010004-copie-15\/'><img loading=\"lazy\" decoding=\"async\" width=\"150\" height=\"150\" src=\"http:\/\/commune-loffre.fr\/wp-content\/uploads\/2018\/09\/P1010004-copie-150x150.jpg\" class=\"attachment-thumbnail size-thumbnail\" alt=\"\" srcset=\"http:\/\/commune-loffre.fr\/wp-content\/uploads\/2018\/09\/P1010004-copie-150x150.jpg 150w, http:\/\/commune-loffre.fr\/wp-content\/uploads\/2018\/09\/P1010004-copie-180x180.jpg 180w, http:\/\/commune-loffre.fr\/wp-content\/uploads\/2018\/09\/P1010004-copie-60x60.jpg 60w\" sizes=\"(max-width: 150px) 100vw, 150px\" \/><\/a>\n\t\t\t<\/dt><\/dl><dl class='gallery-item'>\n\t\t\t<dt class='gallery-icon landscape'>\n\t\t\t\t<a href='http:\/\/commune-loffre.fr\/index.php\/2018\/09\/02\/fete-du-village-5\/p1010005-copie-15\/'><img loading=\"lazy\" decoding=\"async\" width=\"150\" height=\"150\" src=\"http:\/\/commune-loffre.fr\/wp-content\/uploads\/2018\/09\/P1010005-copie-150x150.jpg\" class=\"attachment-thumbnail size-thumbnail\" alt=\"\" srcset=\"http:\/\/commune-loffre.fr\/wp-content\/uploads\/2018\/09\/P1010005-copie-150x150.jpg 150w, http:\/\/commune-loffre.fr\/wp-content\/uploads\/2018\/09\/P1010005-copie-180x180.jpg 180w, http:\/\/commune-loffre.fr\/wp-content\/uploads\/2018\/09\/P1010005-copie-60x60.jpg 60w\" sizes=\"(max-width: 150px) 100vw, 150px\" \/><\/a>\n\t\t\t<\/dt><\/dl><dl class='gallery-item'>\n\t\t\t<dt class='gallery-icon landscape'>\n\t\t\t\t<a href='http:\/\/commune-loffre.fr\/index.php\/2018\/09\/02\/fete-du-village-5\/p1010006-copie-18\/'><img loading=\"lazy\" decoding=\"async\" width=\"150\" height=\"150\" src=\"http:\/\/commune-loffre.fr\/wp-content\/uploads\/2018\/09\/P1010006-copie-150x150.jpg\" class=\"attachment-thumbnail size-thumbnail\" alt=\"\" srcset=\"http:\/\/commune-loffre.fr\/wp-content\/uploads\/2018\/09\/P1010006-copie-150x150.jpg 150w, http:\/\/commune-loffre.fr\/wp-content\/uploads\/2018\/09\/P1010006-copie-180x180.jpg 180w, http:\/\/commune-loffre.fr\/wp-content\/uploads\/2018\/09\/P1010006-copie-60x60.jpg 60w\" sizes=\"(max-width: 150px) 100vw, 150px\" \/><\/a>\n\t\t\t<\/dt><\/dl><dl class='gallery-item'>\n\t\t\t<dt class='gallery-icon landscape'>\n\t\t\t\t<a href='http:\/\/commune-loffre.fr\/index.php\/2018\/09\/02\/fete-du-village-5\/p1010007-copie-18\/'><img loading=\"lazy\" decoding=\"async\" width=\"150\" height=\"150\" src=\"http:\/\/commune-loffre.fr\/wp-content\/uploads\/2018\/09\/P1010007-copie-150x150.jpg\" class=\"attachment-thumbnail size-thumbnail\" alt=\"\" srcset=\"http:\/\/commune-loffre.fr\/wp-content\/uploads\/2018\/09\/P1010007-copie-150x150.jpg 150w, http:\/\/commune-loffre.fr\/wp-content\/uploads\/2018\/09\/P1010007-copie-180x180.jpg 180w, http:\/\/commune-loffre.fr\/wp-content\/uploads\/2018\/09\/P1010007-copie-60x60.jpg 60w\" sizes=\"(max-width: 150px) 100vw, 150px\" \/><\/a>\n\t\t\t<\/dt><\/dl><dl class='gallery-item'>\n\t\t\t<dt class='gallery-icon landscape'>\n\t\t\t\t<a href='http:\/\/commune-loffre.fr\/index.php\/2018\/09\/02\/fete-du-village-5\/p1010008-copie-18\/'><img loading=\"lazy\" decoding=\"async\" width=\"150\" height=\"150\" src=\"http:\/\/commune-loffre.fr\/wp-content\/uploads\/2018\/09\/P1010008-copie-150x150.jpg\" class=\"attachment-thumbnail size-thumbnail\" alt=\"\" srcset=\"http:\/\/commune-loffre.fr\/wp-content\/uploads\/2018\/09\/P1010008-copie-150x150.jpg 150w, http:\/\/commune-loffre.fr\/wp-content\/uploads\/2018\/09\/P1010008-copie-180x180.jpg 180w, http:\/\/commune-loffre.fr\/wp-content\/uploads\/2018\/09\/P1010008-copie-60x60.jpg 60w\" sizes=\"(max-width: 150px) 100vw, 150px\" \/><\/a>\n\t\t\t<\/dt><\/dl><dl class='gallery-item'>\n\t\t\t<dt class='gallery-icon landscape'>\n\t\t\t\t<a href='http:\/\/commune-loffre.fr\/index.php\/2018\/09\/02\/fete-du-village-5\/p1010009-copie-17\/'><img loading=\"lazy\" decoding=\"async\" width=\"150\" height=\"150\" src=\"http:\/\/commune-loffre.fr\/wp-content\/uploads\/2018\/09\/P1010009-copie-150x150.jpg\" class=\"attachment-thumbnail size-thumbnail\" alt=\"\" srcset=\"http:\/\/commune-loffre.fr\/wp-content\/uploads\/2018\/09\/P1010009-copie-150x150.jpg 150w, http:\/\/commune-loffre.fr\/wp-content\/uploads\/2018\/09\/P1010009-copie-180x180.jpg 180w, http:\/\/commune-loffre.fr\/wp-content\/uploads\/2018\/09\/P1010009-copie-60x60.jpg 60w\" sizes=\"(max-width: 150px) 100vw, 150px\" \/><\/a>\n\t\t\t<\/dt><\/dl><br style=\"clear: both\" \/><dl class='gallery-item'>\n\t\t\t<dt class='gallery-icon landscape'>\n\t\t\t\t<a href='http:\/\/commune-loffre.fr\/index.php\/2018\/09\/02\/fete-du-village-5\/p1010010-copie-15\/'><img loading=\"lazy\" decoding=\"async\" width=\"150\" height=\"150\" src=\"http:\/\/commune-loffre.fr\/wp-content\/uploads\/2018\/09\/P1010010-copie-150x150.jpg\" class=\"attachment-thumbnail size-thumbnail\" alt=\"\" srcset=\"http:\/\/commune-loffre.fr\/wp-content\/uploads\/2018\/09\/P1010010-copie-150x150.jpg 150w, http:\/\/commune-loffre.fr\/wp-content\/uploads\/2018\/09\/P1010010-copie-180x180.jpg 180w, http:\/\/commune-loffre.fr\/wp-content\/uploads\/2018\/09\/P1010010-copie-60x60.jpg 60w\" sizes=\"(max-width: 150px) 100vw, 150px\" \/><\/a>\n\t\t\t<\/dt><\/dl><dl class='gallery-item'>\n\t\t\t<dt class='gallery-icon landscape'>\n\t\t\t\t<a href='http:\/\/commune-loffre.fr\/index.php\/2018\/09\/02\/fete-du-village-5\/p1010012-copie-12\/'><img loading=\"lazy\" decoding=\"async\" width=\"150\" height=\"150\" src=\"http:\/\/commune-loffre.fr\/wp-content\/uploads\/2018\/09\/P1010012-copie-150x150.jpg\" class=\"attachment-thumbnail size-thumbnail\" alt=\"\" srcset=\"http:\/\/commune-loffre.fr\/wp-content\/uploads\/2018\/09\/P1010012-copie-150x150.jpg 150w, http:\/\/commune-loffre.fr\/wp-content\/uploads\/2018\/09\/P1010012-copie-180x180.jpg 180w, http:\/\/commune-loffre.fr\/wp-content\/uploads\/2018\/09\/P1010012-copie-60x60.jpg 60w\" sizes=\"(max-width: 150px) 100vw, 150px\" \/><\/a>\n\t\t\t<\/dt><\/dl><dl class='gallery-item'>\n\t\t\t<dt class='gallery-icon landscape'>\n\t\t\t\t<a href='http:\/\/commune-loffre.fr\/index.php\/2018\/09\/02\/fete-du-village-5\/p1010013-copie-9\/'><img loading=\"lazy\" decoding=\"async\" width=\"150\" height=\"150\" src=\"http:\/\/commune-loffre.fr\/wp-content\/uploads\/2018\/09\/P1010013-copie-150x150.jpg\" class=\"attachment-thumbnail size-thumbnail\" alt=\"\" srcset=\"http:\/\/commune-loffre.fr\/wp-content\/uploads\/2018\/09\/P1010013-copie-150x150.jpg 150w, http:\/\/commune-loffre.fr\/wp-content\/uploads\/2018\/09\/P1010013-copie-180x180.jpg 180w, http:\/\/commune-loffre.fr\/wp-content\/uploads\/2018\/09\/P1010013-copie-60x60.jpg 60w\" sizes=\"(max-width: 150px) 100vw, 150px\" \/><\/a>\n\t\t\t<\/dt><\/dl><dl class='gallery-item'>\n\t\t\t<dt class='gallery-icon landscape'>\n\t\t\t\t<a href='http:\/\/commune-loffre.fr\/index.php\/2018\/09\/02\/fete-du-village-5\/p1010014-copie-10\/'><img loading=\"lazy\" decoding=\"async\" width=\"150\" height=\"150\" src=\"http:\/\/commune-loffre.fr\/wp-content\/uploads\/2018\/09\/P1010014-copie-150x150.jpg\" class=\"attachment-thumbnail size-thumbnail\" alt=\"\" srcset=\"http:\/\/commune-loffre.fr\/wp-content\/uploads\/2018\/09\/P1010014-copie-150x150.jpg 150w, http:\/\/commune-loffre.fr\/wp-content\/uploads\/2018\/09\/P1010014-copie-180x180.jpg 180w, http:\/\/commune-loffre.fr\/wp-content\/uploads\/2018\/09\/P1010014-copie-60x60.jpg 60w\" sizes=\"(max-width: 150px) 100vw, 150px\" \/><\/a>\n\t\t\t<\/dt><\/dl><dl class='gallery-item'>\n\t\t\t<dt class='gallery-icon landscape'>\n\t\t\t\t<a href='http:\/\/commune-loffre.fr\/index.php\/2018\/09\/02\/fete-du-village-5\/p1010015-copie-12\/'><img loading=\"lazy\" decoding=\"async\" width=\"150\" height=\"150\" src=\"http:\/\/commune-loffre.fr\/wp-content\/uploads\/2018\/09\/P1010015-copie-150x150.jpg\" class=\"attachment-thumbnail size-thumbnail\" alt=\"\" srcset=\"http:\/\/commune-loffre.fr\/wp-content\/uploads\/2018\/09\/P1010015-copie-150x150.jpg 150w, http:\/\/commune-loffre.fr\/wp-content\/uploads\/2018\/09\/P1010015-copie-180x180.jpg 180w, http:\/\/commune-loffre.fr\/wp-content\/uploads\/2018\/09\/P1010015-copie-60x60.jpg 60w\" sizes=\"(max-width: 150px) 100vw, 150px\" \/><\/a>\n\t\t\t<\/dt><\/dl><dl class='gallery-item'>\n\t\t\t<dt class='gallery-icon landscape'>\n\t\t\t\t<a href='http:\/\/commune-loffre.fr\/index.php\/2018\/09\/02\/fete-du-village-5\/p1010016-copie-10\/'><img loading=\"lazy\" decoding=\"async\" width=\"150\" height=\"150\" src=\"http:\/\/commune-loffre.fr\/wp-content\/uploads\/2018\/09\/P1010016-copie-150x150.jpg\" class=\"attachment-thumbnail size-thumbnail\" alt=\"\" srcset=\"http:\/\/commune-loffre.fr\/wp-content\/uploads\/2018\/09\/P1010016-copie-150x150.jpg 150w, http:\/\/commune-loffre.fr\/wp-content\/uploads\/2018\/09\/P1010016-copie-180x180.jpg 180w, http:\/\/commune-loffre.fr\/wp-content\/uploads\/2018\/09\/P1010016-copie-60x60.jpg 60w\" sizes=\"(max-width: 150px) 100vw, 150px\" \/><\/a>\n\t\t\t<\/dt><\/dl><dl class='gallery-item'>\n\t\t\t<dt class='gallery-icon landscape'>\n\t\t\t\t<a href='http:\/\/commune-loffre.fr\/index.php\/2018\/09\/02\/fete-du-village-5\/p1010017-copie-9\/'><img loading=\"lazy\" decoding=\"async\" width=\"150\" height=\"150\" src=\"http:\/\/commune-loffre.fr\/wp-content\/uploads\/2018\/09\/P1010017-copie-150x150.jpg\" class=\"attachment-thumbnail size-thumbnail\" alt=\"\" srcset=\"http:\/\/commune-loffre.fr\/wp-content\/uploads\/2018\/09\/P1010017-copie-150x150.jpg 150w, http:\/\/commune-loffre.fr\/wp-content\/uploads\/2018\/09\/P1010017-copie-180x180.jpg 180w, http:\/\/commune-loffre.fr\/wp-content\/uploads\/2018\/09\/P1010017-copie-60x60.jpg 60w\" sizes=\"(max-width: 150px) 100vw, 150px\" \/><\/a>\n\t\t\t<\/dt><\/dl><dl class='gallery-item'>\n\t\t\t<dt class='gallery-icon landscape'>\n\t\t\t\t<a href='http:\/\/commune-loffre.fr\/index.php\/2018\/09\/02\/fete-du-village-5\/p1010018-copie-10\/'><img loading=\"lazy\" decoding=\"async\" width=\"150\" height=\"150\" src=\"http:\/\/commune-loffre.fr\/wp-content\/uploads\/2018\/09\/P1010018-copie-150x150.jpg\" class=\"attachment-thumbnail size-thumbnail\" alt=\"\" srcset=\"http:\/\/commune-loffre.fr\/wp-content\/uploads\/2018\/09\/P1010018-copie-150x150.jpg 150w, http:\/\/commune-loffre.fr\/wp-content\/uploads\/2018\/09\/P1010018-copie-180x180.jpg 180w, http:\/\/commune-loffre.fr\/wp-content\/uploads\/2018\/09\/P1010018-copie-60x60.jpg 60w\" sizes=\"(max-width: 150px) 100vw, 150px\" \/><\/a>\n\t\t\t<\/dt><\/dl><dl class='gallery-item'>\n\t\t\t<dt class='gallery-icon landscape'>\n\t\t\t\t<a href='http:\/\/commune-loffre.fr\/index.php\/2018\/09\/02\/fete-du-village-5\/p1010019-copie-12\/'><img loading=\"lazy\" decoding=\"async\" width=\"150\" height=\"150\" src=\"http:\/\/commune-loffre.fr\/wp-content\/uploads\/2018\/09\/P1010019-copie-150x150.jpg\" class=\"attachment-thumbnail size-thumbnail\" alt=\"\" srcset=\"http:\/\/commune-loffre.fr\/wp-content\/uploads\/2018\/09\/P1010019-copie-150x150.jpg 150w, http:\/\/commune-loffre.fr\/wp-content\/uploads\/2018\/09\/P1010019-copie-180x180.jpg 180w, http:\/\/commune-loffre.fr\/wp-content\/uploads\/2018\/09\/P1010019-copie-60x60.jpg 60w\" sizes=\"(max-width: 150px) 100vw, 150px\" \/><\/a>\n\t\t\t<\/dt><\/dl><br style=\"clear: both\" \/><dl class='gallery-item'>\n\t\t\t<dt class='gallery-icon landscape'>\n\t\t\t\t<a href='http:\/\/commune-loffre.fr\/index.php\/2018\/09\/02\/fete-du-village-5\/p1010020-copie-11\/'><img loading=\"lazy\" decoding=\"async\" width=\"150\" height=\"150\" src=\"http:\/\/commune-loffre.fr\/wp-content\/uploads\/2018\/09\/P1010020-copie-150x150.jpg\" class=\"attachment-thumbnail size-thumbnail\" alt=\"\" srcset=\"http:\/\/commune-loffre.fr\/wp-content\/uploads\/2018\/09\/P1010020-copie-150x150.jpg 150w, http:\/\/commune-loffre.fr\/wp-content\/uploads\/2018\/09\/P1010020-copie-180x180.jpg 180w, http:\/\/commune-loffre.fr\/wp-content\/uploads\/2018\/09\/P1010020-copie-60x60.jpg 60w\" sizes=\"(max-width: 150px) 100vw, 150px\" \/><\/a>\n\t\t\t<\/dt><\/dl><dl class='gallery-item'>\n\t\t\t<dt class='gallery-icon landscape'>\n\t\t\t\t<a href='http:\/\/commune-loffre.fr\/index.php\/2018\/09\/02\/fete-du-village-5\/p1010021-copie-8\/'><img loading=\"lazy\" decoding=\"async\" width=\"150\" height=\"150\" src=\"http:\/\/commune-loffre.fr\/wp-content\/uploads\/2018\/09\/P1010021-copie-150x150.jpg\" class=\"attachment-thumbnail size-thumbnail\" alt=\"\" srcset=\"http:\/\/commune-loffre.fr\/wp-content\/uploads\/2018\/09\/P1010021-copie-150x150.jpg 150w, http:\/\/commune-loffre.fr\/wp-content\/uploads\/2018\/09\/P1010021-copie-180x180.jpg 180w, http:\/\/commune-loffre.fr\/wp-content\/uploads\/2018\/09\/P1010021-copie-60x60.jpg 60w\" sizes=\"(max-width: 150px) 100vw, 150px\" \/><\/a>\n\t\t\t<\/dt><\/dl><dl class='gallery-item'>\n\t\t\t<dt class='gallery-icon landscape'>\n\t\t\t\t<a href='http:\/\/commune-loffre.fr\/index.php\/2018\/09\/02\/fete-du-village-5\/p1010022-copie-9\/'><img loading=\"lazy\" decoding=\"async\" width=\"150\" height=\"150\" src=\"http:\/\/commune-loffre.fr\/wp-content\/uploads\/2018\/09\/P1010022-copie-150x150.jpg\" class=\"attachment-thumbnail size-thumbnail\" alt=\"\" srcset=\"http:\/\/commune-loffre.fr\/wp-content\/uploads\/2018\/09\/P1010022-copie-150x150.jpg 150w, http:\/\/commune-loffre.fr\/wp-content\/uploads\/2018\/09\/P1010022-copie-180x180.jpg 180w, http:\/\/commune-loffre.fr\/wp-content\/uploads\/2018\/09\/P1010022-copie-60x60.jpg 60w\" sizes=\"(max-width: 150px) 100vw, 150px\" \/><\/a>\n\t\t\t<\/dt><\/dl><dl class='gallery-item'>\n\t\t\t<dt class='gallery-icon landscape'>\n\t\t\t\t<a href='http:\/\/commune-loffre.fr\/index.php\/2018\/09\/02\/fete-du-village-5\/p1010023-copie-7\/'><img loading=\"lazy\" decoding=\"async\" width=\"150\" height=\"150\" src=\"http:\/\/commune-loffre.fr\/wp-content\/uploads\/2018\/09\/P1010023-copie-150x150.jpg\" class=\"attachment-thumbnail size-thumbnail\" alt=\"\" srcset=\"http:\/\/commune-loffre.fr\/wp-content\/uploads\/2018\/09\/P1010023-copie-150x150.jpg 150w, http:\/\/commune-loffre.fr\/wp-content\/uploads\/2018\/09\/P1010023-copie-180x180.jpg 180w, http:\/\/commune-loffre.fr\/wp-content\/uploads\/2018\/09\/P1010023-copie-60x60.jpg 60w\" sizes=\"(max-width: 150px) 100vw, 150px\" \/><\/a>\n\t\t\t<\/dt><\/dl><dl class='gallery-item'>\n\t\t\t<dt class='gallery-icon landscape'>\n\t\t\t\t<a href='http:\/\/commune-loffre.fr\/index.php\/2018\/09\/02\/fete-du-village-5\/p1010024-copie-4\/'><img loading=\"lazy\" decoding=\"async\" width=\"150\" height=\"150\" src=\"http:\/\/commune-loffre.fr\/wp-content\/uploads\/2018\/09\/P1010024-copie-150x150.jpg\" class=\"attachment-thumbnail size-thumbnail\" alt=\"\" srcset=\"http:\/\/commune-loffre.fr\/wp-content\/uploads\/2018\/09\/P1010024-copie-150x150.jpg 150w, http:\/\/commune-loffre.fr\/wp-content\/uploads\/2018\/09\/P1010024-copie-180x180.jpg 180w, http:\/\/commune-loffre.fr\/wp-content\/uploads\/2018\/09\/P1010024-copie-60x60.jpg 60w\" sizes=\"(max-width: 150px) 100vw, 150px\" \/><\/a>\n\t\t\t<\/dt><\/dl><dl class='gallery-item'>\n\t\t\t<dt class='gallery-icon landscape'>\n\t\t\t\t<a href='http:\/\/commune-loffre.fr\/index.php\/2018\/09\/02\/fete-du-village-5\/p1010025-copie-7\/'><img loading=\"lazy\" decoding=\"async\" width=\"150\" height=\"150\" src=\"http:\/\/commune-loffre.fr\/wp-content\/uploads\/2018\/09\/P1010025-copie-150x150.jpg\" class=\"attachment-thumbnail size-thumbnail\" alt=\"\" srcset=\"http:\/\/commune-loffre.fr\/wp-content\/uploads\/2018\/09\/P1010025-copie-150x150.jpg 150w, http:\/\/commune-loffre.fr\/wp-content\/uploads\/2018\/09\/P1010025-copie-180x180.jpg 180w, http:\/\/commune-loffre.fr\/wp-content\/uploads\/2018\/09\/P1010025-copie-60x60.jpg 60w\" sizes=\"(max-width: 150px) 100vw, 150px\" \/><\/a>\n\t\t\t<\/dt><\/dl><dl class='gallery-item'>\n\t\t\t<dt class='gallery-icon landscape'>\n\t\t\t\t<a href='http:\/\/commune-loffre.fr\/index.php\/2018\/09\/02\/fete-du-village-5\/p1010059-copie-3\/'><img loading=\"lazy\" decoding=\"async\" width=\"150\" height=\"150\" src=\"http:\/\/commune-loffre.fr\/wp-content\/uploads\/2018\/09\/P1010059-copie-150x150.jpg\" class=\"attachment-thumbnail size-thumbnail\" alt=\"\" srcset=\"http:\/\/commune-loffre.fr\/wp-content\/uploads\/2018\/09\/P1010059-copie-150x150.jpg 150w, http:\/\/commune-loffre.fr\/wp-content\/uploads\/2018\/09\/P1010059-copie-180x180.jpg 180w, http:\/\/commune-loffre.fr\/wp-content\/uploads\/2018\/09\/P1010059-copie-60x60.jpg 60w\" sizes=\"(max-width: 150px) 100vw, 150px\" \/><\/a>\n\t\t\t<\/dt><\/dl><dl class='gallery-item'>\n\t\t\t<dt class='gallery-icon landscape'>\n\t\t\t\t<a href='http:\/\/commune-loffre.fr\/index.php\/2018\/09\/02\/fete-du-village-5\/p1010060-copie-2\/'><img loading=\"lazy\" decoding=\"async\" width=\"150\" height=\"150\" src=\"http:\/\/commune-loffre.fr\/wp-content\/uploads\/2018\/09\/P1010060-copie-150x150.jpg\" class=\"attachment-thumbnail size-thumbnail\" alt=\"\" srcset=\"http:\/\/commune-loffre.fr\/wp-content\/uploads\/2018\/09\/P1010060-copie-150x150.jpg 150w, http:\/\/commune-loffre.fr\/wp-content\/uploads\/2018\/09\/P1010060-copie-180x180.jpg 180w, http:\/\/commune-loffre.fr\/wp-content\/uploads\/2018\/09\/P1010060-copie-60x60.jpg 60w\" sizes=\"(max-width: 150px) 100vw, 150px\" \/><\/a>\n\t\t\t<\/dt><\/dl>\n\t\t\t<br style='clear: both' \/>\n\t\t<\/div>\n\n<p>Le programme des manifestations \u00e9tait consistant puisqu\u2019il d\u00e9buta le samedi matin \u00e0 9 h 00 \u00e0 la salle polyvalente par l\u2019atelier des saveurs pour la r\u00e9alisation de plats et vente de confitures au profit du T\u00e9l\u00e9thon 2018. Les cuisini\u00e8res et cuisiniers Maria, Ren\u00e9e, Jacqueline, Ghislaine, Sylvie, Marie-Jo, Evelyne et Jean-Claude avaient ainsi pr\u00e9par\u00e9 un menu de qualit\u00e9\u00a0: saumon et blinis, terrine de p\u00e2t\u00e9 aux ch\u00e2taignes, terrine de l\u00e9gumes du soleil et glace au sp\u00e9culos. La recette au profit du T\u00e9l\u00e9thon s\u2019est \u00e9lev\u00e9e \u00e0 la somme de 290 euros.<\/p>\n\n\t\t<style type=\"text\/css\">\n\t\t\t#gallery-2 {\n\t\t\t\tmargin: auto;\n\t\t\t}\n\t\t\t#gallery-2 .gallery-item {\n\t\t\t\tfloat: left;\n\t\t\t\tmargin-top: 10px;\n\t\t\t\ttext-align: center;\n\t\t\t\twidth: 11%;\n\t\t\t}\n\t\t\t#gallery-2 img {\n\t\t\t\tborder: 2px solid #cfcfcf;\n\t\t\t}\n\t\t\t#gallery-2 .gallery-caption {\n\t\t\t\tmargin-left: 0;\n\t\t\t}\n\t\t\t\/* see gallery_shortcode() in wp-includes\/media.php *\/\n\t\t<\/style>\n\t\t<div id='gallery-2' class='gallery galleryid-3780 gallery-columns-9 gallery-size-thumbnail'><dl class='gallery-item'>\n\t\t\t<dt class='gallery-icon portrait'>\n\t\t\t\t<a href='http:\/\/commune-loffre.fr\/index.php\/2018\/09\/02\/fete-du-village-5\/p1010001-copie-15\/'><img loading=\"lazy\" decoding=\"async\" width=\"150\" height=\"150\" src=\"http:\/\/commune-loffre.fr\/wp-content\/uploads\/2018\/09\/P1010001-copie-2-150x150.jpg\" class=\"attachment-thumbnail size-thumbnail\" alt=\"\" srcset=\"http:\/\/commune-loffre.fr\/wp-content\/uploads\/2018\/09\/P1010001-copie-2-150x150.jpg 150w, http:\/\/commune-loffre.fr\/wp-content\/uploads\/2018\/09\/P1010001-copie-2-180x180.jpg 180w, http:\/\/commune-loffre.fr\/wp-content\/uploads\/2018\/09\/P1010001-copie-2-60x60.jpg 60w\" sizes=\"(max-width: 150px) 100vw, 150px\" \/><\/a>\n\t\t\t<\/dt><\/dl><dl class='gallery-item'>\n\t\t\t<dt class='gallery-icon landscape'>\n\t\t\t\t<a href='http:\/\/commune-loffre.fr\/index.php\/2018\/09\/02\/fete-du-village-5\/p1010002-copie-17\/'><img loading=\"lazy\" decoding=\"async\" width=\"150\" height=\"150\" src=\"http:\/\/commune-loffre.fr\/wp-content\/uploads\/2018\/09\/P1010002-copie-2-150x150.jpg\" class=\"attachment-thumbnail size-thumbnail\" alt=\"\" srcset=\"http:\/\/commune-loffre.fr\/wp-content\/uploads\/2018\/09\/P1010002-copie-2-150x150.jpg 150w, http:\/\/commune-loffre.fr\/wp-content\/uploads\/2018\/09\/P1010002-copie-2-180x180.jpg 180w, http:\/\/commune-loffre.fr\/wp-content\/uploads\/2018\/09\/P1010002-copie-2-60x60.jpg 60w\" sizes=\"(max-width: 150px) 100vw, 150px\" \/><\/a>\n\t\t\t<\/dt><\/dl><dl class='gallery-item'>\n\t\t\t<dt class='gallery-icon portrait'>\n\t\t\t\t<a href='http:\/\/commune-loffre.fr\/index.php\/2018\/09\/02\/fete-du-village-5\/p1010003-copie-18\/'><img loading=\"lazy\" decoding=\"async\" width=\"150\" height=\"150\" src=\"http:\/\/commune-loffre.fr\/wp-content\/uploads\/2018\/09\/P1010003-copie-2-150x150.jpg\" class=\"attachment-thumbnail size-thumbnail\" alt=\"\" srcset=\"http:\/\/commune-loffre.fr\/wp-content\/uploads\/2018\/09\/P1010003-copie-2-150x150.jpg 150w, http:\/\/commune-loffre.fr\/wp-content\/uploads\/2018\/09\/P1010003-copie-2-180x180.jpg 180w, http:\/\/commune-loffre.fr\/wp-content\/uploads\/2018\/09\/P1010003-copie-2-60x60.jpg 60w\" sizes=\"(max-width: 150px) 100vw, 150px\" \/><\/a>\n\t\t\t<\/dt><\/dl><dl class='gallery-item'>\n\t\t\t<dt class='gallery-icon portrait'>\n\t\t\t\t<a href='http:\/\/commune-loffre.fr\/index.php\/2018\/09\/02\/fete-du-village-5\/p1010004-copie-16\/'><img loading=\"lazy\" decoding=\"async\" width=\"150\" height=\"150\" src=\"http:\/\/commune-loffre.fr\/wp-content\/uploads\/2018\/09\/P1010004-copie-2-150x150.jpg\" class=\"attachment-thumbnail size-thumbnail\" alt=\"\" srcset=\"http:\/\/commune-loffre.fr\/wp-content\/uploads\/2018\/09\/P1010004-copie-2-150x150.jpg 150w, http:\/\/commune-loffre.fr\/wp-content\/uploads\/2018\/09\/P1010004-copie-2-180x180.jpg 180w, http:\/\/commune-loffre.fr\/wp-content\/uploads\/2018\/09\/P1010004-copie-2-60x60.jpg 60w\" sizes=\"(max-width: 150px) 100vw, 150px\" \/><\/a>\n\t\t\t<\/dt><\/dl><dl class='gallery-item'>\n\t\t\t<dt class='gallery-icon landscape'>\n\t\t\t\t<a href='http:\/\/commune-loffre.fr\/index.php\/2018\/09\/02\/fete-du-village-5\/p1010005-copie-16\/'><img loading=\"lazy\" decoding=\"async\" width=\"150\" height=\"150\" src=\"http:\/\/commune-loffre.fr\/wp-content\/uploads\/2018\/09\/P1010005-copie-2-150x150.jpg\" class=\"attachment-thumbnail size-thumbnail\" alt=\"\" srcset=\"http:\/\/commune-loffre.fr\/wp-content\/uploads\/2018\/09\/P1010005-copie-2-150x150.jpg 150w, http:\/\/commune-loffre.fr\/wp-content\/uploads\/2018\/09\/P1010005-copie-2-180x180.jpg 180w, http:\/\/commune-loffre.fr\/wp-content\/uploads\/2018\/09\/P1010005-copie-2-60x60.jpg 60w\" sizes=\"(max-width: 150px) 100vw, 150px\" \/><\/a>\n\t\t\t<\/dt><\/dl><dl class='gallery-item'>\n\t\t\t<dt class='gallery-icon landscape'>\n\t\t\t\t<a href='http:\/\/commune-loffre.fr\/index.php\/2018\/09\/02\/fete-du-village-5\/p1010006-copie-19\/'><img loading=\"lazy\" decoding=\"async\" width=\"150\" height=\"150\" src=\"http:\/\/commune-loffre.fr\/wp-content\/uploads\/2018\/09\/P1010006-copie-2-150x150.jpg\" class=\"attachment-thumbnail size-thumbnail\" alt=\"\" srcset=\"http:\/\/commune-loffre.fr\/wp-content\/uploads\/2018\/09\/P1010006-copie-2-150x150.jpg 150w, http:\/\/commune-loffre.fr\/wp-content\/uploads\/2018\/09\/P1010006-copie-2-180x180.jpg 180w, http:\/\/commune-loffre.fr\/wp-content\/uploads\/2018\/09\/P1010006-copie-2-60x60.jpg 60w\" sizes=\"(max-width: 150px) 100vw, 150px\" \/><\/a>\n\t\t\t<\/dt><\/dl><dl class='gallery-item'>\n\t\t\t<dt class='gallery-icon portrait'>\n\t\t\t\t<a href='http:\/\/commune-loffre.fr\/index.php\/2018\/09\/02\/fete-du-village-5\/p1010007-copie-19\/'><img loading=\"lazy\" decoding=\"async\" width=\"150\" height=\"150\" src=\"http:\/\/commune-loffre.fr\/wp-content\/uploads\/2018\/09\/P1010007-copie-2-150x150.jpg\" class=\"attachment-thumbnail size-thumbnail\" alt=\"\" srcset=\"http:\/\/commune-loffre.fr\/wp-content\/uploads\/2018\/09\/P1010007-copie-2-150x150.jpg 150w, http:\/\/commune-loffre.fr\/wp-content\/uploads\/2018\/09\/P1010007-copie-2-180x180.jpg 180w, http:\/\/commune-loffre.fr\/wp-content\/uploads\/2018\/09\/P1010007-copie-2-60x60.jpg 60w\" sizes=\"(max-width: 150px) 100vw, 150px\" \/><\/a>\n\t\t\t<\/dt><\/dl><dl class='gallery-item'>\n\t\t\t<dt class='gallery-icon landscape'>\n\t\t\t\t<a href='http:\/\/commune-loffre.fr\/index.php\/2018\/09\/02\/fete-du-village-5\/p1010008-copie-19\/'><img loading=\"lazy\" decoding=\"async\" width=\"150\" height=\"150\" src=\"http:\/\/commune-loffre.fr\/wp-content\/uploads\/2018\/09\/P1010008-copie-2-150x150.jpg\" class=\"attachment-thumbnail size-thumbnail\" alt=\"\" srcset=\"http:\/\/commune-loffre.fr\/wp-content\/uploads\/2018\/09\/P1010008-copie-2-150x150.jpg 150w, http:\/\/commune-loffre.fr\/wp-content\/uploads\/2018\/09\/P1010008-copie-2-180x180.jpg 180w, http:\/\/commune-loffre.fr\/wp-content\/uploads\/2018\/09\/P1010008-copie-2-60x60.jpg 60w\" sizes=\"(max-width: 150px) 100vw, 150px\" \/><\/a>\n\t\t\t<\/dt><\/dl><dl class='gallery-item'>\n\t\t\t<dt class='gallery-icon landscape'>\n\t\t\t\t<a href='http:\/\/commune-loffre.fr\/index.php\/2018\/09\/02\/fete-du-village-5\/p1010009-copie-18\/'><img loading=\"lazy\" decoding=\"async\" width=\"150\" height=\"150\" src=\"http:\/\/commune-loffre.fr\/wp-content\/uploads\/2018\/09\/P1010009-copie-2-150x150.jpg\" class=\"attachment-thumbnail size-thumbnail\" alt=\"\" srcset=\"http:\/\/commune-loffre.fr\/wp-content\/uploads\/2018\/09\/P1010009-copie-2-150x150.jpg 150w, http:\/\/commune-loffre.fr\/wp-content\/uploads\/2018\/09\/P1010009-copie-2-180x180.jpg 180w, http:\/\/commune-loffre.fr\/wp-content\/uploads\/2018\/09\/P1010009-copie-2-60x60.jpg 60w\" sizes=\"(max-width: 150px) 100vw, 150px\" \/><\/a>\n\t\t\t<\/dt><\/dl><br style=\"clear: both\" \/><dl class='gallery-item'>\n\t\t\t<dt class='gallery-icon landscape'>\n\t\t\t\t<a href='http:\/\/commune-loffre.fr\/index.php\/2018\/09\/02\/fete-du-village-5\/p1010010-copie-16\/'><img loading=\"lazy\" decoding=\"async\" width=\"150\" height=\"150\" src=\"http:\/\/commune-loffre.fr\/wp-content\/uploads\/2018\/09\/P1010010-copie-2-150x150.jpg\" class=\"attachment-thumbnail size-thumbnail\" alt=\"\" srcset=\"http:\/\/commune-loffre.fr\/wp-content\/uploads\/2018\/09\/P1010010-copie-2-150x150.jpg 150w, http:\/\/commune-loffre.fr\/wp-content\/uploads\/2018\/09\/P1010010-copie-2-180x180.jpg 180w, http:\/\/commune-loffre.fr\/wp-content\/uploads\/2018\/09\/P1010010-copie-2-60x60.jpg 60w\" sizes=\"(max-width: 150px) 100vw, 150px\" \/><\/a>\n\t\t\t<\/dt><\/dl><dl class='gallery-item'>\n\t\t\t<dt class='gallery-icon portrait'>\n\t\t\t\t<a href='http:\/\/commune-loffre.fr\/index.php\/2018\/09\/02\/fete-du-village-5\/p1010011-copie-15\/'><img loading=\"lazy\" decoding=\"async\" width=\"150\" height=\"150\" src=\"http:\/\/commune-loffre.fr\/wp-content\/uploads\/2018\/09\/P1010011-copie-1-150x150.jpg\" class=\"attachment-thumbnail size-thumbnail\" alt=\"\" srcset=\"http:\/\/commune-loffre.fr\/wp-content\/uploads\/2018\/09\/P1010011-copie-1-150x150.jpg 150w, http:\/\/commune-loffre.fr\/wp-content\/uploads\/2018\/09\/P1010011-copie-1-180x180.jpg 180w, http:\/\/commune-loffre.fr\/wp-content\/uploads\/2018\/09\/P1010011-copie-1-60x60.jpg 60w\" sizes=\"(max-width: 150px) 100vw, 150px\" \/><\/a>\n\t\t\t<\/dt><\/dl><dl class='gallery-item'>\n\t\t\t<dt class='gallery-icon landscape'>\n\t\t\t\t<a href='http:\/\/commune-loffre.fr\/index.php\/2018\/09\/02\/fete-du-village-5\/p1010012-copie-13\/'><img loading=\"lazy\" decoding=\"async\" width=\"150\" height=\"150\" src=\"http:\/\/commune-loffre.fr\/wp-content\/uploads\/2018\/09\/P1010012-copie-2-150x150.jpg\" class=\"attachment-thumbnail size-thumbnail\" alt=\"\" srcset=\"http:\/\/commune-loffre.fr\/wp-content\/uploads\/2018\/09\/P1010012-copie-2-150x150.jpg 150w, http:\/\/commune-loffre.fr\/wp-content\/uploads\/2018\/09\/P1010012-copie-2-180x180.jpg 180w, http:\/\/commune-loffre.fr\/wp-content\/uploads\/2018\/09\/P1010012-copie-2-60x60.jpg 60w\" sizes=\"(max-width: 150px) 100vw, 150px\" \/><\/a>\n\t\t\t<\/dt><\/dl><dl class='gallery-item'>\n\t\t\t<dt class='gallery-icon portrait'>\n\t\t\t\t<a href='http:\/\/commune-loffre.fr\/index.php\/2018\/09\/02\/fete-du-village-5\/p1010013-copie-10\/'><img loading=\"lazy\" decoding=\"async\" width=\"150\" height=\"150\" src=\"http:\/\/commune-loffre.fr\/wp-content\/uploads\/2018\/09\/P1010013-copie-2-150x150.jpg\" class=\"attachment-thumbnail size-thumbnail\" alt=\"\" srcset=\"http:\/\/commune-loffre.fr\/wp-content\/uploads\/2018\/09\/P1010013-copie-2-150x150.jpg 150w, http:\/\/commune-loffre.fr\/wp-content\/uploads\/2018\/09\/P1010013-copie-2-180x180.jpg 180w, http:\/\/commune-loffre.fr\/wp-content\/uploads\/2018\/09\/P1010013-copie-2-60x60.jpg 60w\" sizes=\"(max-width: 150px) 100vw, 150px\" \/><\/a>\n\t\t\t<\/dt><\/dl><dl class='gallery-item'>\n\t\t\t<dt class='gallery-icon landscape'>\n\t\t\t\t<a href='http:\/\/commune-loffre.fr\/index.php\/2018\/09\/02\/fete-du-village-5\/p1010014-copie-11\/'><img loading=\"lazy\" decoding=\"async\" width=\"150\" height=\"150\" src=\"http:\/\/commune-loffre.fr\/wp-content\/uploads\/2018\/09\/P1010014-copie-2-150x150.jpg\" class=\"attachment-thumbnail size-thumbnail\" alt=\"\" srcset=\"http:\/\/commune-loffre.fr\/wp-content\/uploads\/2018\/09\/P1010014-copie-2-150x150.jpg 150w, http:\/\/commune-loffre.fr\/wp-content\/uploads\/2018\/09\/P1010014-copie-2-180x180.jpg 180w, http:\/\/commune-loffre.fr\/wp-content\/uploads\/2018\/09\/P1010014-copie-2-60x60.jpg 60w\" sizes=\"(max-width: 150px) 100vw, 150px\" \/><\/a>\n\t\t\t<\/dt><\/dl><dl class='gallery-item'>\n\t\t\t<dt class='gallery-icon landscape'>\n\t\t\t\t<a href='http:\/\/commune-loffre.fr\/index.php\/2018\/09\/02\/fete-du-village-5\/p1010015-copie-13\/'><img loading=\"lazy\" decoding=\"async\" width=\"150\" height=\"150\" src=\"http:\/\/commune-loffre.fr\/wp-content\/uploads\/2018\/09\/P1010015-copie-2-150x150.jpg\" class=\"attachment-thumbnail size-thumbnail\" alt=\"\" srcset=\"http:\/\/commune-loffre.fr\/wp-content\/uploads\/2018\/09\/P1010015-copie-2-150x150.jpg 150w, http:\/\/commune-loffre.fr\/wp-content\/uploads\/2018\/09\/P1010015-copie-2-180x180.jpg 180w, http:\/\/commune-loffre.fr\/wp-content\/uploads\/2018\/09\/P1010015-copie-2-60x60.jpg 60w\" sizes=\"(max-width: 150px) 100vw, 150px\" \/><\/a>\n\t\t\t<\/dt><\/dl><dl class='gallery-item'>\n\t\t\t<dt class='gallery-icon landscape'>\n\t\t\t\t<a href='http:\/\/commune-loffre.fr\/index.php\/2018\/09\/02\/fete-du-village-5\/p1010016-copie-11\/'><img loading=\"lazy\" decoding=\"async\" width=\"150\" height=\"150\" src=\"http:\/\/commune-loffre.fr\/wp-content\/uploads\/2018\/09\/P1010016-copie-2-150x150.jpg\" class=\"attachment-thumbnail size-thumbnail\" alt=\"\" srcset=\"http:\/\/commune-loffre.fr\/wp-content\/uploads\/2018\/09\/P1010016-copie-2-150x150.jpg 150w, http:\/\/commune-loffre.fr\/wp-content\/uploads\/2018\/09\/P1010016-copie-2-180x180.jpg 180w, http:\/\/commune-loffre.fr\/wp-content\/uploads\/2018\/09\/P1010016-copie-2-60x60.jpg 60w\" sizes=\"(max-width: 150px) 100vw, 150px\" \/><\/a>\n\t\t\t<\/dt><\/dl><dl class='gallery-item'>\n\t\t\t<dt class='gallery-icon portrait'>\n\t\t\t\t<a href='http:\/\/commune-loffre.fr\/index.php\/2018\/09\/02\/fete-du-village-5\/p1010017-copie-10\/'><img loading=\"lazy\" decoding=\"async\" width=\"150\" height=\"150\" src=\"http:\/\/commune-loffre.fr\/wp-content\/uploads\/2018\/09\/P1010017-copie-2-150x150.jpg\" class=\"attachment-thumbnail size-thumbnail\" alt=\"\" srcset=\"http:\/\/commune-loffre.fr\/wp-content\/uploads\/2018\/09\/P1010017-copie-2-150x150.jpg 150w, http:\/\/commune-loffre.fr\/wp-content\/uploads\/2018\/09\/P1010017-copie-2-180x180.jpg 180w, http:\/\/commune-loffre.fr\/wp-content\/uploads\/2018\/09\/P1010017-copie-2-60x60.jpg 60w\" sizes=\"(max-width: 150px) 100vw, 150px\" \/><\/a>\n\t\t\t<\/dt><\/dl><dl class='gallery-item'>\n\t\t\t<dt class='gallery-icon landscape'>\n\t\t\t\t<a href='http:\/\/commune-loffre.fr\/index.php\/2018\/09\/02\/fete-du-village-5\/p1010018-copie-11\/'><img loading=\"lazy\" decoding=\"async\" width=\"150\" height=\"150\" src=\"http:\/\/commune-loffre.fr\/wp-content\/uploads\/2018\/09\/P1010018-copie-2-150x150.jpg\" class=\"attachment-thumbnail size-thumbnail\" alt=\"\" srcset=\"http:\/\/commune-loffre.fr\/wp-content\/uploads\/2018\/09\/P1010018-copie-2-150x150.jpg 150w, http:\/\/commune-loffre.fr\/wp-content\/uploads\/2018\/09\/P1010018-copie-2-180x180.jpg 180w, http:\/\/commune-loffre.fr\/wp-content\/uploads\/2018\/09\/P1010018-copie-2-60x60.jpg 60w\" sizes=\"(max-width: 150px) 100vw, 150px\" \/><\/a>\n\t\t\t<\/dt><\/dl><br style=\"clear: both\" \/><dl class='gallery-item'>\n\t\t\t<dt class='gallery-icon portrait'>\n\t\t\t\t<a href='http:\/\/commune-loffre.fr\/index.php\/2018\/09\/02\/fete-du-village-5\/p1010019-copie-13\/'><img loading=\"lazy\" decoding=\"async\" width=\"150\" height=\"150\" src=\"http:\/\/commune-loffre.fr\/wp-content\/uploads\/2018\/09\/P1010019-copie-2-150x150.jpg\" class=\"attachment-thumbnail size-thumbnail\" alt=\"\" srcset=\"http:\/\/commune-loffre.fr\/wp-content\/uploads\/2018\/09\/P1010019-copie-2-150x150.jpg 150w, http:\/\/commune-loffre.fr\/wp-content\/uploads\/2018\/09\/P1010019-copie-2-180x180.jpg 180w, http:\/\/commune-loffre.fr\/wp-content\/uploads\/2018\/09\/P1010019-copie-2-60x60.jpg 60w\" sizes=\"(max-width: 150px) 100vw, 150px\" \/><\/a>\n\t\t\t<\/dt><\/dl><dl class='gallery-item'>\n\t\t\t<dt class='gallery-icon landscape'>\n\t\t\t\t<a href='http:\/\/commune-loffre.fr\/index.php\/2018\/09\/02\/fete-du-village-5\/p1010020-copie-12\/'><img loading=\"lazy\" decoding=\"async\" width=\"150\" height=\"150\" src=\"http:\/\/commune-loffre.fr\/wp-content\/uploads\/2018\/09\/P1010020-copie-2-150x150.jpg\" class=\"attachment-thumbnail size-thumbnail\" alt=\"\" srcset=\"http:\/\/commune-loffre.fr\/wp-content\/uploads\/2018\/09\/P1010020-copie-2-150x150.jpg 150w, http:\/\/commune-loffre.fr\/wp-content\/uploads\/2018\/09\/P1010020-copie-2-180x180.jpg 180w, http:\/\/commune-loffre.fr\/wp-content\/uploads\/2018\/09\/P1010020-copie-2-60x60.jpg 60w\" sizes=\"(max-width: 150px) 100vw, 150px\" \/><\/a>\n\t\t\t<\/dt><\/dl><dl class='gallery-item'>\n\t\t\t<dt class='gallery-icon landscape'>\n\t\t\t\t<a href='http:\/\/commune-loffre.fr\/index.php\/2018\/09\/02\/fete-du-village-5\/p1010021-copie-9\/'><img loading=\"lazy\" decoding=\"async\" width=\"150\" height=\"150\" src=\"http:\/\/commune-loffre.fr\/wp-content\/uploads\/2018\/09\/P1010021-copie-2-150x150.jpg\" class=\"attachment-thumbnail size-thumbnail\" alt=\"\" srcset=\"http:\/\/commune-loffre.fr\/wp-content\/uploads\/2018\/09\/P1010021-copie-2-150x150.jpg 150w, http:\/\/commune-loffre.fr\/wp-content\/uploads\/2018\/09\/P1010021-copie-2-180x180.jpg 180w, http:\/\/commune-loffre.fr\/wp-content\/uploads\/2018\/09\/P1010021-copie-2-60x60.jpg 60w\" sizes=\"(max-width: 150px) 100vw, 150px\" \/><\/a>\n\t\t\t<\/dt><\/dl><dl class='gallery-item'>\n\t\t\t<dt class='gallery-icon landscape'>\n\t\t\t\t<a href='http:\/\/commune-loffre.fr\/index.php\/2018\/09\/02\/fete-du-village-5\/p1010022-copie-10\/'><img loading=\"lazy\" decoding=\"async\" width=\"150\" height=\"150\" src=\"http:\/\/commune-loffre.fr\/wp-content\/uploads\/2018\/09\/P1010022-copie-2-150x150.jpg\" class=\"attachment-thumbnail size-thumbnail\" alt=\"\" srcset=\"http:\/\/commune-loffre.fr\/wp-content\/uploads\/2018\/09\/P1010022-copie-2-150x150.jpg 150w, http:\/\/commune-loffre.fr\/wp-content\/uploads\/2018\/09\/P1010022-copie-2-180x180.jpg 180w, http:\/\/commune-loffre.fr\/wp-content\/uploads\/2018\/09\/P1010022-copie-2-60x60.jpg 60w\" sizes=\"(max-width: 150px) 100vw, 150px\" \/><\/a>\n\t\t\t<\/dt><\/dl><dl class='gallery-item'>\n\t\t\t<dt class='gallery-icon portrait'>\n\t\t\t\t<a href='http:\/\/commune-loffre.fr\/index.php\/2018\/09\/02\/fete-du-village-5\/p1010023-copie-8\/'><img loading=\"lazy\" decoding=\"async\" width=\"150\" height=\"150\" src=\"http:\/\/commune-loffre.fr\/wp-content\/uploads\/2018\/09\/P1010023-copie-2-150x150.jpg\" class=\"attachment-thumbnail size-thumbnail\" alt=\"\" srcset=\"http:\/\/commune-loffre.fr\/wp-content\/uploads\/2018\/09\/P1010023-copie-2-150x150.jpg 150w, http:\/\/commune-loffre.fr\/wp-content\/uploads\/2018\/09\/P1010023-copie-2-180x180.jpg 180w, http:\/\/commune-loffre.fr\/wp-content\/uploads\/2018\/09\/P1010023-copie-2-60x60.jpg 60w\" sizes=\"(max-width: 150px) 100vw, 150px\" \/><\/a>\n\t\t\t<\/dt><\/dl><dl class='gallery-item'>\n\t\t\t<dt class='gallery-icon portrait'>\n\t\t\t\t<a href='http:\/\/commune-loffre.fr\/index.php\/2018\/09\/02\/fete-du-village-5\/p1010024-copie-5\/'><img loading=\"lazy\" decoding=\"async\" width=\"150\" height=\"150\" src=\"http:\/\/commune-loffre.fr\/wp-content\/uploads\/2018\/09\/P1010024-copie-2-150x150.jpg\" class=\"attachment-thumbnail size-thumbnail\" alt=\"\" srcset=\"http:\/\/commune-loffre.fr\/wp-content\/uploads\/2018\/09\/P1010024-copie-2-150x150.jpg 150w, http:\/\/commune-loffre.fr\/wp-content\/uploads\/2018\/09\/P1010024-copie-2-180x180.jpg 180w, http:\/\/commune-loffre.fr\/wp-content\/uploads\/2018\/09\/P1010024-copie-2-60x60.jpg 60w\" sizes=\"(max-width: 150px) 100vw, 150px\" \/><\/a>\n\t\t\t<\/dt><\/dl><dl class='gallery-item'>\n\t\t\t<dt class='gallery-icon landscape'>\n\t\t\t\t<a href='http:\/\/commune-loffre.fr\/index.php\/2018\/09\/02\/fete-du-village-5\/p1010025-copie-8\/'><img loading=\"lazy\" decoding=\"async\" width=\"150\" height=\"150\" src=\"http:\/\/commune-loffre.fr\/wp-content\/uploads\/2018\/09\/P1010025-copie-2-150x150.jpg\" class=\"attachment-thumbnail size-thumbnail\" alt=\"\" srcset=\"http:\/\/commune-loffre.fr\/wp-content\/uploads\/2018\/09\/P1010025-copie-2-150x150.jpg 150w, http:\/\/commune-loffre.fr\/wp-content\/uploads\/2018\/09\/P1010025-copie-2-180x180.jpg 180w, http:\/\/commune-loffre.fr\/wp-content\/uploads\/2018\/09\/P1010025-copie-2-60x60.jpg 60w\" sizes=\"(max-width: 150px) 100vw, 150px\" \/><\/a>\n\t\t\t<\/dt><\/dl><dl class='gallery-item'>\n\t\t\t<dt class='gallery-icon landscape'>\n\t\t\t\t<a href='http:\/\/commune-loffre.fr\/index.php\/2018\/09\/02\/fete-du-village-5\/p1010026-copie-8\/'><img loading=\"lazy\" decoding=\"async\" width=\"150\" height=\"150\" src=\"http:\/\/commune-loffre.fr\/wp-content\/uploads\/2018\/09\/P1010026-copie-1-150x150.jpg\" class=\"attachment-thumbnail size-thumbnail\" alt=\"\" srcset=\"http:\/\/commune-loffre.fr\/wp-content\/uploads\/2018\/09\/P1010026-copie-1-150x150.jpg 150w, http:\/\/commune-loffre.fr\/wp-content\/uploads\/2018\/09\/P1010026-copie-1-180x180.jpg 180w, http:\/\/commune-loffre.fr\/wp-content\/uploads\/2018\/09\/P1010026-copie-1-60x60.jpg 60w\" sizes=\"(max-width: 150px) 100vw, 150px\" \/><\/a>\n\t\t\t<\/dt><\/dl><dl class='gallery-item'>\n\t\t\t<dt class='gallery-icon portrait'>\n\t\t\t\t<a href='http:\/\/commune-loffre.fr\/index.php\/2018\/09\/02\/fete-du-village-5\/p1010027-copie-6\/'><img loading=\"lazy\" decoding=\"async\" width=\"150\" height=\"150\" src=\"http:\/\/commune-loffre.fr\/wp-content\/uploads\/2018\/09\/P1010027-copie-1-150x150.jpg\" class=\"attachment-thumbnail size-thumbnail\" alt=\"\" srcset=\"http:\/\/commune-loffre.fr\/wp-content\/uploads\/2018\/09\/P1010027-copie-1-150x150.jpg 150w, http:\/\/commune-loffre.fr\/wp-content\/uploads\/2018\/09\/P1010027-copie-1-180x180.jpg 180w, http:\/\/commune-loffre.fr\/wp-content\/uploads\/2018\/09\/P1010027-copie-1-60x60.jpg 60w\" sizes=\"(max-width: 150px) 100vw, 150px\" \/><\/a>\n\t\t\t<\/dt><\/dl><br style=\"clear: both\" \/><dl class='gallery-item'>\n\t\t\t<dt class='gallery-icon landscape'>\n\t\t\t\t<a href='http:\/\/commune-loffre.fr\/index.php\/2018\/09\/02\/fete-du-village-5\/p1010028-copie-7\/'><img loading=\"lazy\" decoding=\"async\" width=\"150\" height=\"150\" src=\"http:\/\/commune-loffre.fr\/wp-content\/uploads\/2018\/09\/P1010028-copie-1-150x150.jpg\" class=\"attachment-thumbnail size-thumbnail\" alt=\"\" srcset=\"http:\/\/commune-loffre.fr\/wp-content\/uploads\/2018\/09\/P1010028-copie-1-150x150.jpg 150w, http:\/\/commune-loffre.fr\/wp-content\/uploads\/2018\/09\/P1010028-copie-1-180x180.jpg 180w, http:\/\/commune-loffre.fr\/wp-content\/uploads\/2018\/09\/P1010028-copie-1-60x60.jpg 60w\" sizes=\"(max-width: 150px) 100vw, 150px\" \/><\/a>\n\t\t\t<\/dt><\/dl><dl class='gallery-item'>\n\t\t\t<dt class='gallery-icon landscape'>\n\t\t\t\t<a href='http:\/\/commune-loffre.fr\/index.php\/2018\/09\/02\/fete-du-village-5\/p1010029-copie-7\/'><img loading=\"lazy\" decoding=\"async\" width=\"150\" height=\"150\" src=\"http:\/\/commune-loffre.fr\/wp-content\/uploads\/2018\/09\/P1010029-copie-1-150x150.jpg\" class=\"attachment-thumbnail size-thumbnail\" alt=\"\" srcset=\"http:\/\/commune-loffre.fr\/wp-content\/uploads\/2018\/09\/P1010029-copie-1-150x150.jpg 150w, http:\/\/commune-loffre.fr\/wp-content\/uploads\/2018\/09\/P1010029-copie-1-180x180.jpg 180w, http:\/\/commune-loffre.fr\/wp-content\/uploads\/2018\/09\/P1010029-copie-1-60x60.jpg 60w\" sizes=\"(max-width: 150px) 100vw, 150px\" \/><\/a>\n\t\t\t<\/dt><\/dl><dl class='gallery-item'>\n\t\t\t<dt class='gallery-icon portrait'>\n\t\t\t\t<a href='http:\/\/commune-loffre.fr\/index.php\/2018\/09\/02\/fete-du-village-5\/p1010030-copie-6\/'><img loading=\"lazy\" decoding=\"async\" width=\"150\" height=\"150\" src=\"http:\/\/commune-loffre.fr\/wp-content\/uploads\/2018\/09\/P1010030-copie-1-150x150.jpg\" class=\"attachment-thumbnail size-thumbnail\" alt=\"\" srcset=\"http:\/\/commune-loffre.fr\/wp-content\/uploads\/2018\/09\/P1010030-copie-1-150x150.jpg 150w, http:\/\/commune-loffre.fr\/wp-content\/uploads\/2018\/09\/P1010030-copie-1-180x180.jpg 180w, http:\/\/commune-loffre.fr\/wp-content\/uploads\/2018\/09\/P1010030-copie-1-60x60.jpg 60w\" sizes=\"(max-width: 150px) 100vw, 150px\" \/><\/a>\n\t\t\t<\/dt><\/dl><dl class='gallery-item'>\n\t\t\t<dt class='gallery-icon landscape'>\n\t\t\t\t<a href='http:\/\/commune-loffre.fr\/index.php\/2018\/09\/02\/fete-du-village-5\/p1010031-copie-5\/'><img loading=\"lazy\" decoding=\"async\" width=\"150\" height=\"150\" src=\"http:\/\/commune-loffre.fr\/wp-content\/uploads\/2018\/09\/P1010031-copie-1-150x150.jpg\" class=\"attachment-thumbnail size-thumbnail\" alt=\"\" srcset=\"http:\/\/commune-loffre.fr\/wp-content\/uploads\/2018\/09\/P1010031-copie-1-150x150.jpg 150w, http:\/\/commune-loffre.fr\/wp-content\/uploads\/2018\/09\/P1010031-copie-1-180x180.jpg 180w, http:\/\/commune-loffre.fr\/wp-content\/uploads\/2018\/09\/P1010031-copie-1-60x60.jpg 60w\" sizes=\"(max-width: 150px) 100vw, 150px\" \/><\/a>\n\t\t\t<\/dt><\/dl><dl class='gallery-item'>\n\t\t\t<dt class='gallery-icon landscape'>\n\t\t\t\t<a href='http:\/\/commune-loffre.fr\/index.php\/2018\/09\/02\/fete-du-village-5\/p1010032-copie-6\/'><img loading=\"lazy\" decoding=\"async\" width=\"150\" height=\"150\" src=\"http:\/\/commune-loffre.fr\/wp-content\/uploads\/2018\/09\/P1010032-copie-1-150x150.jpg\" class=\"attachment-thumbnail size-thumbnail\" alt=\"\" srcset=\"http:\/\/commune-loffre.fr\/wp-content\/uploads\/2018\/09\/P1010032-copie-1-150x150.jpg 150w, http:\/\/commune-loffre.fr\/wp-content\/uploads\/2018\/09\/P1010032-copie-1-180x180.jpg 180w, http:\/\/commune-loffre.fr\/wp-content\/uploads\/2018\/09\/P1010032-copie-1-60x60.jpg 60w\" sizes=\"(max-width: 150px) 100vw, 150px\" \/><\/a>\n\t\t\t<\/dt><\/dl><dl class='gallery-item'>\n\t\t\t<dt class='gallery-icon landscape'>\n\t\t\t\t<a href='http:\/\/commune-loffre.fr\/index.php\/2018\/09\/02\/fete-du-village-5\/p1010033-copie-7\/'><img loading=\"lazy\" decoding=\"async\" width=\"150\" height=\"150\" src=\"http:\/\/commune-loffre.fr\/wp-content\/uploads\/2018\/09\/P1010033-copie-150x150.jpg\" class=\"attachment-thumbnail size-thumbnail\" alt=\"\" srcset=\"http:\/\/commune-loffre.fr\/wp-content\/uploads\/2018\/09\/P1010033-copie-150x150.jpg 150w, http:\/\/commune-loffre.fr\/wp-content\/uploads\/2018\/09\/P1010033-copie-180x180.jpg 180w, http:\/\/commune-loffre.fr\/wp-content\/uploads\/2018\/09\/P1010033-copie-60x60.jpg 60w\" sizes=\"(max-width: 150px) 100vw, 150px\" \/><\/a>\n\t\t\t<\/dt><\/dl><dl class='gallery-item'>\n\t\t\t<dt class='gallery-icon landscape'>\n\t\t\t\t<a href='http:\/\/commune-loffre.fr\/index.php\/2018\/09\/02\/fete-du-village-5\/p1010034-copie-6\/'><img loading=\"lazy\" decoding=\"async\" width=\"150\" height=\"150\" src=\"http:\/\/commune-loffre.fr\/wp-content\/uploads\/2018\/09\/P1010034-copie-150x150.jpg\" class=\"attachment-thumbnail size-thumbnail\" alt=\"\" srcset=\"http:\/\/commune-loffre.fr\/wp-content\/uploads\/2018\/09\/P1010034-copie-150x150.jpg 150w, http:\/\/commune-loffre.fr\/wp-content\/uploads\/2018\/09\/P1010034-copie-180x180.jpg 180w, http:\/\/commune-loffre.fr\/wp-content\/uploads\/2018\/09\/P1010034-copie-60x60.jpg 60w\" sizes=\"(max-width: 150px) 100vw, 150px\" \/><\/a>\n\t\t\t<\/dt><\/dl><dl class='gallery-item'>\n\t\t\t<dt class='gallery-icon landscape'>\n\t\t\t\t<a href='http:\/\/commune-loffre.fr\/index.php\/2018\/09\/02\/fete-du-village-5\/p1010035-copie-7\/'><img loading=\"lazy\" decoding=\"async\" width=\"150\" height=\"150\" src=\"http:\/\/commune-loffre.fr\/wp-content\/uploads\/2018\/09\/P1010035-copie-150x150.jpg\" class=\"attachment-thumbnail size-thumbnail\" alt=\"\" srcset=\"http:\/\/commune-loffre.fr\/wp-content\/uploads\/2018\/09\/P1010035-copie-150x150.jpg 150w, http:\/\/commune-loffre.fr\/wp-content\/uploads\/2018\/09\/P1010035-copie-180x180.jpg 180w, http:\/\/commune-loffre.fr\/wp-content\/uploads\/2018\/09\/P1010035-copie-60x60.jpg 60w\" sizes=\"(max-width: 150px) 100vw, 150px\" \/><\/a>\n\t\t\t<\/dt><\/dl><dl class='gallery-item'>\n\t\t\t<dt class='gallery-icon landscape'>\n\t\t\t\t<a href='http:\/\/commune-loffre.fr\/index.php\/2018\/09\/02\/fete-du-village-5\/p1010037-copie-6\/'><img loading=\"lazy\" decoding=\"async\" width=\"150\" height=\"150\" src=\"http:\/\/commune-loffre.fr\/wp-content\/uploads\/2018\/09\/P1010037-copie-150x150.jpg\" class=\"attachment-thumbnail size-thumbnail\" alt=\"\" srcset=\"http:\/\/commune-loffre.fr\/wp-content\/uploads\/2018\/09\/P1010037-copie-150x150.jpg 150w, http:\/\/commune-loffre.fr\/wp-content\/uploads\/2018\/09\/P1010037-copie-180x180.jpg 180w, http:\/\/commune-loffre.fr\/wp-content\/uploads\/2018\/09\/P1010037-copie-60x60.jpg 60w\" sizes=\"(max-width: 150px) 100vw, 150px\" \/><\/a>\n\t\t\t<\/dt><\/dl><br style=\"clear: both\" \/><dl class='gallery-item'>\n\t\t\t<dt class='gallery-icon landscape'>\n\t\t\t\t<a href='http:\/\/commune-loffre.fr\/index.php\/2018\/09\/02\/fete-du-village-5\/p1010038-copie-6\/'><img loading=\"lazy\" decoding=\"async\" width=\"150\" height=\"150\" src=\"http:\/\/commune-loffre.fr\/wp-content\/uploads\/2018\/09\/P1010038-copie-150x150.jpg\" class=\"attachment-thumbnail size-thumbnail\" alt=\"\" srcset=\"http:\/\/commune-loffre.fr\/wp-content\/uploads\/2018\/09\/P1010038-copie-150x150.jpg 150w, http:\/\/commune-loffre.fr\/wp-content\/uploads\/2018\/09\/P1010038-copie-180x180.jpg 180w, http:\/\/commune-loffre.fr\/wp-content\/uploads\/2018\/09\/P1010038-copie-60x60.jpg 60w\" sizes=\"(max-width: 150px) 100vw, 150px\" \/><\/a>\n\t\t\t<\/dt><\/dl><dl class='gallery-item'>\n\t\t\t<dt class='gallery-icon landscape'>\n\t\t\t\t<a href='http:\/\/commune-loffre.fr\/index.php\/2018\/09\/02\/fete-du-village-5\/p1010039-copie-6\/'><img loading=\"lazy\" decoding=\"async\" width=\"150\" height=\"150\" src=\"http:\/\/commune-loffre.fr\/wp-content\/uploads\/2018\/09\/P1010039-copie-150x150.jpg\" class=\"attachment-thumbnail size-thumbnail\" alt=\"\" srcset=\"http:\/\/commune-loffre.fr\/wp-content\/uploads\/2018\/09\/P1010039-copie-150x150.jpg 150w, http:\/\/commune-loffre.fr\/wp-content\/uploads\/2018\/09\/P1010039-copie-180x180.jpg 180w, http:\/\/commune-loffre.fr\/wp-content\/uploads\/2018\/09\/P1010039-copie-60x60.jpg 60w\" sizes=\"(max-width: 150px) 100vw, 150px\" \/><\/a>\n\t\t\t<\/dt><\/dl><dl class='gallery-item'>\n\t\t\t<dt class='gallery-icon landscape'>\n\t\t\t\t<a href='http:\/\/commune-loffre.fr\/index.php\/2018\/09\/02\/fete-du-village-5\/p1010040-copie-6\/'><img loading=\"lazy\" decoding=\"async\" width=\"150\" height=\"150\" src=\"http:\/\/commune-loffre.fr\/wp-content\/uploads\/2018\/09\/P1010040-copie-150x150.jpg\" class=\"attachment-thumbnail size-thumbnail\" alt=\"\" srcset=\"http:\/\/commune-loffre.fr\/wp-content\/uploads\/2018\/09\/P1010040-copie-150x150.jpg 150w, http:\/\/commune-loffre.fr\/wp-content\/uploads\/2018\/09\/P1010040-copie-180x180.jpg 180w, http:\/\/commune-loffre.fr\/wp-content\/uploads\/2018\/09\/P1010040-copie-60x60.jpg 60w\" sizes=\"(max-width: 150px) 100vw, 150px\" \/><\/a>\n\t\t\t<\/dt><\/dl><dl class='gallery-item'>\n\t\t\t<dt class='gallery-icon landscape'>\n\t\t\t\t<a href='http:\/\/commune-loffre.fr\/index.php\/2018\/09\/02\/fete-du-village-5\/p1010041-copie-6\/'><img loading=\"lazy\" decoding=\"async\" width=\"150\" height=\"150\" src=\"http:\/\/commune-loffre.fr\/wp-content\/uploads\/2018\/09\/P1010041-copie-150x150.jpg\" class=\"attachment-thumbnail size-thumbnail\" alt=\"\" srcset=\"http:\/\/commune-loffre.fr\/wp-content\/uploads\/2018\/09\/P1010041-copie-150x150.jpg 150w, http:\/\/commune-loffre.fr\/wp-content\/uploads\/2018\/09\/P1010041-copie-180x180.jpg 180w, http:\/\/commune-loffre.fr\/wp-content\/uploads\/2018\/09\/P1010041-copie-60x60.jpg 60w\" sizes=\"(max-width: 150px) 100vw, 150px\" \/><\/a>\n\t\t\t<\/dt><\/dl><dl class='gallery-item'>\n\t\t\t<dt class='gallery-icon landscape'>\n\t\t\t\t<a href='http:\/\/commune-loffre.fr\/index.php\/2018\/09\/02\/fete-du-village-5\/p1010042-copie-5\/'><img loading=\"lazy\" decoding=\"async\" width=\"150\" height=\"150\" src=\"http:\/\/commune-loffre.fr\/wp-content\/uploads\/2018\/09\/P1010042-copie-150x150.jpg\" class=\"attachment-thumbnail size-thumbnail\" alt=\"\" srcset=\"http:\/\/commune-loffre.fr\/wp-content\/uploads\/2018\/09\/P1010042-copie-150x150.jpg 150w, http:\/\/commune-loffre.fr\/wp-content\/uploads\/2018\/09\/P1010042-copie-180x180.jpg 180w, http:\/\/commune-loffre.fr\/wp-content\/uploads\/2018\/09\/P1010042-copie-60x60.jpg 60w\" sizes=\"(max-width: 150px) 100vw, 150px\" \/><\/a>\n\t\t\t<\/dt><\/dl><dl class='gallery-item'>\n\t\t\t<dt class='gallery-icon landscape'>\n\t\t\t\t<a href='http:\/\/commune-loffre.fr\/index.php\/2018\/09\/02\/fete-du-village-5\/p1010043-copie-5\/'><img loading=\"lazy\" decoding=\"async\" width=\"150\" height=\"150\" src=\"http:\/\/commune-loffre.fr\/wp-content\/uploads\/2018\/09\/P1010043-copie-150x150.jpg\" class=\"attachment-thumbnail size-thumbnail\" alt=\"\" srcset=\"http:\/\/commune-loffre.fr\/wp-content\/uploads\/2018\/09\/P1010043-copie-150x150.jpg 150w, http:\/\/commune-loffre.fr\/wp-content\/uploads\/2018\/09\/P1010043-copie-180x180.jpg 180w, http:\/\/commune-loffre.fr\/wp-content\/uploads\/2018\/09\/P1010043-copie-60x60.jpg 60w\" sizes=\"(max-width: 150px) 100vw, 150px\" \/><\/a>\n\t\t\t<\/dt><\/dl><dl class='gallery-item'>\n\t\t\t<dt class='gallery-icon landscape'>\n\t\t\t\t<a href='http:\/\/commune-loffre.fr\/index.php\/2018\/09\/02\/fete-du-village-5\/p1010044-copie-5\/'><img loading=\"lazy\" decoding=\"async\" width=\"150\" height=\"150\" src=\"http:\/\/commune-loffre.fr\/wp-content\/uploads\/2018\/09\/P1010044-copie-150x150.jpg\" class=\"attachment-thumbnail size-thumbnail\" alt=\"\" srcset=\"http:\/\/commune-loffre.fr\/wp-content\/uploads\/2018\/09\/P1010044-copie-150x150.jpg 150w, http:\/\/commune-loffre.fr\/wp-content\/uploads\/2018\/09\/P1010044-copie-180x180.jpg 180w, http:\/\/commune-loffre.fr\/wp-content\/uploads\/2018\/09\/P1010044-copie-60x60.jpg 60w\" sizes=\"(max-width: 150px) 100vw, 150px\" \/><\/a>\n\t\t\t<\/dt><\/dl><dl class='gallery-item'>\n\t\t\t<dt class='gallery-icon landscape'>\n\t\t\t\t<a href='http:\/\/commune-loffre.fr\/index.php\/2018\/09\/02\/fete-du-village-5\/p1010045-copie-4\/'><img loading=\"lazy\" decoding=\"async\" width=\"150\" height=\"150\" src=\"http:\/\/commune-loffre.fr\/wp-content\/uploads\/2018\/09\/P1010045-copie-150x150.jpg\" class=\"attachment-thumbnail size-thumbnail\" alt=\"\" srcset=\"http:\/\/commune-loffre.fr\/wp-content\/uploads\/2018\/09\/P1010045-copie-150x150.jpg 150w, http:\/\/commune-loffre.fr\/wp-content\/uploads\/2018\/09\/P1010045-copie-180x180.jpg 180w, http:\/\/commune-loffre.fr\/wp-content\/uploads\/2018\/09\/P1010045-copie-60x60.jpg 60w\" sizes=\"(max-width: 150px) 100vw, 150px\" \/><\/a>\n\t\t\t<\/dt><\/dl><dl class='gallery-item'>\n\t\t\t<dt class='gallery-icon landscape'>\n\t\t\t\t<a href='http:\/\/commune-loffre.fr\/index.php\/2018\/09\/02\/fete-du-village-5\/p1010046-copie-3\/'><img loading=\"lazy\" decoding=\"async\" width=\"150\" height=\"150\" src=\"http:\/\/commune-loffre.fr\/wp-content\/uploads\/2018\/09\/P1010046-copie-150x150.jpg\" class=\"attachment-thumbnail size-thumbnail\" alt=\"\" srcset=\"http:\/\/commune-loffre.fr\/wp-content\/uploads\/2018\/09\/P1010046-copie-150x150.jpg 150w, http:\/\/commune-loffre.fr\/wp-content\/uploads\/2018\/09\/P1010046-copie-180x180.jpg 180w, http:\/\/commune-loffre.fr\/wp-content\/uploads\/2018\/09\/P1010046-copie-60x60.jpg 60w\" sizes=\"(max-width: 150px) 100vw, 150px\" \/><\/a>\n\t\t\t<\/dt><\/dl><br style=\"clear: both\" \/><dl class='gallery-item'>\n\t\t\t<dt class='gallery-icon landscape'>\n\t\t\t\t<a href='http:\/\/commune-loffre.fr\/index.php\/2018\/09\/02\/fete-du-village-5\/p1010047-copie-4\/'><img loading=\"lazy\" decoding=\"async\" width=\"150\" height=\"150\" src=\"http:\/\/commune-loffre.fr\/wp-content\/uploads\/2018\/09\/P1010047-copie-150x150.jpg\" class=\"attachment-thumbnail size-thumbnail\" alt=\"\" srcset=\"http:\/\/commune-loffre.fr\/wp-content\/uploads\/2018\/09\/P1010047-copie-150x150.jpg 150w, http:\/\/commune-loffre.fr\/wp-content\/uploads\/2018\/09\/P1010047-copie-180x180.jpg 180w, http:\/\/commune-loffre.fr\/wp-content\/uploads\/2018\/09\/P1010047-copie-60x60.jpg 60w\" sizes=\"(max-width: 150px) 100vw, 150px\" \/><\/a>\n\t\t\t<\/dt><\/dl><dl class='gallery-item'>\n\t\t\t<dt class='gallery-icon landscape'>\n\t\t\t\t<a href='http:\/\/commune-loffre.fr\/index.php\/2018\/09\/02\/fete-du-village-5\/p1010048-copie-4\/'><img loading=\"lazy\" decoding=\"async\" width=\"150\" height=\"150\" src=\"http:\/\/commune-loffre.fr\/wp-content\/uploads\/2018\/09\/P1010048-copie-150x150.jpg\" class=\"attachment-thumbnail size-thumbnail\" alt=\"\" srcset=\"http:\/\/commune-loffre.fr\/wp-content\/uploads\/2018\/09\/P1010048-copie-150x150.jpg 150w, http:\/\/commune-loffre.fr\/wp-content\/uploads\/2018\/09\/P1010048-copie-180x180.jpg 180w, http:\/\/commune-loffre.fr\/wp-content\/uploads\/2018\/09\/P1010048-copie-60x60.jpg 60w\" sizes=\"(max-width: 150px) 100vw, 150px\" \/><\/a>\n\t\t\t<\/dt><\/dl><dl class='gallery-item'>\n\t\t\t<dt class='gallery-icon landscape'>\n\t\t\t\t<a href='http:\/\/commune-loffre.fr\/index.php\/2018\/09\/02\/fete-du-village-5\/p1010049-copie-4\/'><img loading=\"lazy\" decoding=\"async\" width=\"150\" height=\"150\" src=\"http:\/\/commune-loffre.fr\/wp-content\/uploads\/2018\/09\/P1010049-copie-150x150.jpg\" class=\"attachment-thumbnail size-thumbnail\" alt=\"\" srcset=\"http:\/\/commune-loffre.fr\/wp-content\/uploads\/2018\/09\/P1010049-copie-150x150.jpg 150w, http:\/\/commune-loffre.fr\/wp-content\/uploads\/2018\/09\/P1010049-copie-180x180.jpg 180w, http:\/\/commune-loffre.fr\/wp-content\/uploads\/2018\/09\/P1010049-copie-60x60.jpg 60w\" sizes=\"(max-width: 150px) 100vw, 150px\" \/><\/a>\n\t\t\t<\/dt><\/dl><dl class='gallery-item'>\n\t\t\t<dt class='gallery-icon portrait'>\n\t\t\t\t<a href='http:\/\/commune-loffre.fr\/index.php\/2018\/09\/02\/fete-du-village-5\/p1010050-copie-4\/'><img loading=\"lazy\" decoding=\"async\" width=\"150\" height=\"150\" src=\"http:\/\/commune-loffre.fr\/wp-content\/uploads\/2018\/09\/P1010050-copie-150x150.jpg\" class=\"attachment-thumbnail size-thumbnail\" alt=\"\" srcset=\"http:\/\/commune-loffre.fr\/wp-content\/uploads\/2018\/09\/P1010050-copie-150x150.jpg 150w, http:\/\/commune-loffre.fr\/wp-content\/uploads\/2018\/09\/P1010050-copie-180x180.jpg 180w, http:\/\/commune-loffre.fr\/wp-content\/uploads\/2018\/09\/P1010050-copie-60x60.jpg 60w\" sizes=\"(max-width: 150px) 100vw, 150px\" \/><\/a>\n\t\t\t<\/dt><\/dl><dl class='gallery-item'>\n\t\t\t<dt class='gallery-icon landscape'>\n\t\t\t\t<a href='http:\/\/commune-loffre.fr\/index.php\/2018\/09\/02\/fete-du-village-5\/p1010051-copie-3\/'><img loading=\"lazy\" decoding=\"async\" width=\"150\" height=\"150\" src=\"http:\/\/commune-loffre.fr\/wp-content\/uploads\/2018\/09\/P1010051-copie-150x150.jpg\" class=\"attachment-thumbnail size-thumbnail\" alt=\"\" srcset=\"http:\/\/commune-loffre.fr\/wp-content\/uploads\/2018\/09\/P1010051-copie-150x150.jpg 150w, http:\/\/commune-loffre.fr\/wp-content\/uploads\/2018\/09\/P1010051-copie-180x180.jpg 180w, http:\/\/commune-loffre.fr\/wp-content\/uploads\/2018\/09\/P1010051-copie-60x60.jpg 60w\" sizes=\"(max-width: 150px) 100vw, 150px\" \/><\/a>\n\t\t\t<\/dt><\/dl><dl class='gallery-item'>\n\t\t\t<dt class='gallery-icon landscape'>\n\t\t\t\t<a href='http:\/\/commune-loffre.fr\/index.php\/2018\/09\/02\/fete-du-village-5\/p1010052-copie-3\/'><img loading=\"lazy\" decoding=\"async\" width=\"150\" height=\"150\" src=\"http:\/\/commune-loffre.fr\/wp-content\/uploads\/2018\/09\/P1010052-copie-150x150.jpg\" class=\"attachment-thumbnail size-thumbnail\" alt=\"\" srcset=\"http:\/\/commune-loffre.fr\/wp-content\/uploads\/2018\/09\/P1010052-copie-150x150.jpg 150w, http:\/\/commune-loffre.fr\/wp-content\/uploads\/2018\/09\/P1010052-copie-180x180.jpg 180w, http:\/\/commune-loffre.fr\/wp-content\/uploads\/2018\/09\/P1010052-copie-60x60.jpg 60w\" sizes=\"(max-width: 150px) 100vw, 150px\" \/><\/a>\n\t\t\t<\/dt><\/dl><dl class='gallery-item'>\n\t\t\t<dt class='gallery-icon landscape'>\n\t\t\t\t<a href='http:\/\/commune-loffre.fr\/index.php\/2018\/09\/02\/fete-du-village-5\/p1010053-copie-2\/'><img loading=\"lazy\" decoding=\"async\" width=\"150\" height=\"150\" src=\"http:\/\/commune-loffre.fr\/wp-content\/uploads\/2018\/09\/P1010053-copie-150x150.jpg\" class=\"attachment-thumbnail size-thumbnail\" alt=\"\" srcset=\"http:\/\/commune-loffre.fr\/wp-content\/uploads\/2018\/09\/P1010053-copie-150x150.jpg 150w, http:\/\/commune-loffre.fr\/wp-content\/uploads\/2018\/09\/P1010053-copie-180x180.jpg 180w, http:\/\/commune-loffre.fr\/wp-content\/uploads\/2018\/09\/P1010053-copie-60x60.jpg 60w\" sizes=\"(max-width: 150px) 100vw, 150px\" \/><\/a>\n\t\t\t<\/dt><\/dl><dl class='gallery-item'>\n\t\t\t<dt class='gallery-icon landscape'>\n\t\t\t\t<a href='http:\/\/commune-loffre.fr\/index.php\/2018\/09\/02\/fete-du-village-5\/p1010054-copie-3\/'><img loading=\"lazy\" decoding=\"async\" width=\"150\" height=\"150\" src=\"http:\/\/commune-loffre.fr\/wp-content\/uploads\/2018\/09\/P1010054-copie-150x150.jpg\" class=\"attachment-thumbnail size-thumbnail\" alt=\"\" srcset=\"http:\/\/commune-loffre.fr\/wp-content\/uploads\/2018\/09\/P1010054-copie-150x150.jpg 150w, http:\/\/commune-loffre.fr\/wp-content\/uploads\/2018\/09\/P1010054-copie-180x180.jpg 180w, http:\/\/commune-loffre.fr\/wp-content\/uploads\/2018\/09\/P1010054-copie-60x60.jpg 60w\" sizes=\"(max-width: 150px) 100vw, 150px\" \/><\/a>\n\t\t\t<\/dt><\/dl><dl class='gallery-item'>\n\t\t\t<dt class='gallery-icon landscape'>\n\t\t\t\t<a href='http:\/\/commune-loffre.fr\/index.php\/2018\/09\/02\/fete-du-village-5\/p1010055-copie-3\/'><img loading=\"lazy\" decoding=\"async\" width=\"150\" height=\"150\" src=\"http:\/\/commune-loffre.fr\/wp-content\/uploads\/2018\/09\/P1010055-copie-150x150.jpg\" class=\"attachment-thumbnail size-thumbnail\" alt=\"\" srcset=\"http:\/\/commune-loffre.fr\/wp-content\/uploads\/2018\/09\/P1010055-copie-150x150.jpg 150w, http:\/\/commune-loffre.fr\/wp-content\/uploads\/2018\/09\/P1010055-copie-180x180.jpg 180w, http:\/\/commune-loffre.fr\/wp-content\/uploads\/2018\/09\/P1010055-copie-60x60.jpg 60w\" sizes=\"(max-width: 150px) 100vw, 150px\" \/><\/a>\n\t\t\t<\/dt><\/dl><br style=\"clear: both\" \/><dl class='gallery-item'>\n\t\t\t<dt class='gallery-icon landscape'>\n\t\t\t\t<a href='http:\/\/commune-loffre.fr\/index.php\/2018\/09\/02\/fete-du-village-5\/p1010056-copie-2\/'><img loading=\"lazy\" decoding=\"async\" width=\"150\" height=\"150\" src=\"http:\/\/commune-loffre.fr\/wp-content\/uploads\/2018\/09\/P1010056-copie-150x150.jpg\" class=\"attachment-thumbnail size-thumbnail\" alt=\"\" srcset=\"http:\/\/commune-loffre.fr\/wp-content\/uploads\/2018\/09\/P1010056-copie-150x150.jpg 150w, http:\/\/commune-loffre.fr\/wp-content\/uploads\/2018\/09\/P1010056-copie-180x180.jpg 180w, http:\/\/commune-loffre.fr\/wp-content\/uploads\/2018\/09\/P1010056-copie-60x60.jpg 60w\" sizes=\"(max-width: 150px) 100vw, 150px\" \/><\/a>\n\t\t\t<\/dt><\/dl><dl class='gallery-item'>\n\t\t\t<dt class='gallery-icon landscape'>\n\t\t\t\t<a href='http:\/\/commune-loffre.fr\/index.php\/2018\/09\/02\/fete-du-village-5\/p1010057-copie-4\/'><img loading=\"lazy\" decoding=\"async\" width=\"150\" height=\"150\" src=\"http:\/\/commune-loffre.fr\/wp-content\/uploads\/2018\/09\/P1010057-copie-150x150.jpg\" class=\"attachment-thumbnail size-thumbnail\" alt=\"\" srcset=\"http:\/\/commune-loffre.fr\/wp-content\/uploads\/2018\/09\/P1010057-copie-150x150.jpg 150w, http:\/\/commune-loffre.fr\/wp-content\/uploads\/2018\/09\/P1010057-copie-180x180.jpg 180w, http:\/\/commune-loffre.fr\/wp-content\/uploads\/2018\/09\/P1010057-copie-60x60.jpg 60w\" sizes=\"(max-width: 150px) 100vw, 150px\" \/><\/a>\n\t\t\t<\/dt><\/dl><dl class='gallery-item'>\n\t\t\t<dt class='gallery-icon landscape'>\n\t\t\t\t<a href='http:\/\/commune-loffre.fr\/index.php\/2018\/09\/02\/fete-du-village-5\/v__cc31-copie\/'><img loading=\"lazy\" decoding=\"async\" width=\"150\" height=\"150\" src=\"http:\/\/commune-loffre.fr\/wp-content\/uploads\/2018\/09\/V__CC31-copie-150x150.jpg\" class=\"attachment-thumbnail size-thumbnail\" alt=\"\" srcset=\"http:\/\/commune-loffre.fr\/wp-content\/uploads\/2018\/09\/V__CC31-copie-150x150.jpg 150w, http:\/\/commune-loffre.fr\/wp-content\/uploads\/2018\/09\/V__CC31-copie-180x180.jpg 180w, http:\/\/commune-loffre.fr\/wp-content\/uploads\/2018\/09\/V__CC31-copie-60x60.jpg 60w\" sizes=\"(max-width: 150px) 100vw, 150px\" \/><\/a>\n\t\t\t<\/dt><\/dl>\n\t\t\t<br style='clear: both' \/>\n\t\t<\/div>\n\n<p>Ensuite l\u2019Association \u00ab\u00a0Sport pour tous\u00a0\u00bb et l\u2019Association \u00ab\u00a0La Ronde des Livres\u00a0\u00bb ont propos\u00e9 aux Loffriens un concours sur le th\u00e8me de la CULTURE d\u00e9clin\u00e9e au sens jardinage et belles r\u00e9coltes d\u2019\u00e9t\u00e9. Il s\u2019agissait pour les participants inscrits de pr\u00e9senter les r\u00e9coltes de leur jardin, au choix dans une ou plusieurs des cat\u00e9gories propos\u00e9es\u00a0: \u00ab\u00a0le panier de l\u00e9gumes du jardin\u00a0\u00bb\u00a0; \u00ab\u00a0le panier d\u2019herbes aromatiques\u00a0\u00bb\u00a0; \u00ab\u00a0la citrouille au naturel\u00a0\u00bb\u00a0; \u00ab\u00a0la citrouille d\u00e9guis\u00e9e\u00a0\u00bb.<\/p>\n<p>Douze jardini\u00e8res et jardiniers loffriens ont surpris le public, nombreux le samedi matin \u00e0 la salle polyvalente, en pr\u00e9sentant dix-huit magnifiques compositions de l\u00e9gumes ou herbes aromatiques.<\/p>\n<ul>\n<li>Madame LEVANDOWSKI a remport\u00e9 le 1er prix dans la cat\u00e9gorie \u00ab\u00a0le panier de l\u00e9gumes du jardin\u00a0\u00bb<\/li>\n<li>Madame et Monsieur GOTELAERE ont remport\u00e9 le 1er prix dans la cat\u00e9gorie \u00ab\u00a0le panier d\u2019herbes aromatiques\u00a0\u00bb<\/li>\n<li>Cl\u00e9ment et Matthias DURIEZ ont remport\u00e9 le 1er prix dans la cat\u00e9gorie \u00ab\u00a0la citrouille au naturel\u00a0\u00bb<\/li>\n<li>Sylvie LARIVIERE et Anne LANG ont remport\u00e9 le 1er prix dans la cat\u00e9gorie \u00ab\u00a0la citrouille d\u00e9guis\u00e9e\u00a0\u00bb.<\/li>\n<\/ul>\n<p>Chaque participant a re\u00e7u un lot offert par les deux Associations.<\/p>\n<p>BRAVO\u00a0! Les jardini\u00e8res et jardiniers Loffriens ont vraiment du TALENT\u00a0!<\/p>\n<p>Apr\u00e8s la remise des prix aux jardini\u00e8res et jardiniers, Monsieur Bruno MUNDT, Maire-Adjoint a officialis\u00e9 l\u2019ouverture des festivit\u00e9s en remerciant les associations et les habitants pour leur pr\u00e9sence et leur contribution aux diff\u00e9rentes manifestations. Chacun a pu profiter d\u2019un moment de convivialit\u00e9 autour du cocktail offert par la municipalit\u00e9.<\/p>\n<p>Dans l\u2019apr\u00e8s-midi au foyer rural les joueurs de cartes se sont retrouv\u00e9s pour un tournoi de Belote organis\u00e9 par Loffre-Loisirs.<\/p>\n<p>Pour cl\u00f4turer cette journ\u00e9e une petite centaine de personnes ont partag\u00e9 un couscous lors de la soir\u00e9e dansante organis\u00e9e par l\u2019Association des Parents d\u2019\u00c9l\u00e8ves de l\u2019\u00e9cole Henri Matisse. Les desserts ont \u00e9t\u00e9 offerts par les adh\u00e9rents des Associations.<\/p>\n<p>Le dimanche d\u00e8s 7h00, l\u2019Association des Anciens Combattants de Loffre a tenu une Buvette \u00e0 la salle polyvalente. Les bradeux ont pu s\u2019installer dans la rue du Petit Marais et Petite Rue pour la traditionnelle brocante qui s\u2019est d\u00e9roul\u00e9e de 7 h 00 \u00e0 14 h 00 malgr\u00e9 une temp\u00e9rature un peu fra\u00eeche mais permettant tout de m\u00eame aux promeneurs de rechercher la bonne affaire. Les enfants ont pu continuer \u00e0 profiter de la structure gonflable install\u00e9e dans la cour de l\u2019\u00e9cole depuis le samedi midi.<\/p>\n<p>L\u2019Association \u00ab\u00a0Les Vieilles Bielles de Warlaing\u00a0\u00bb ainsi que des particuliers ont expos\u00e9 des voitures de collection sur le plateau omnisports \u00e0 proximit\u00e9 du terrain de football. Les promeneurs ont pu admirer une Coccinelle cabriolet de 1968, une Simca Aronde, une 4cv Renault de 1958, une 504 Peugeot de 1980, une Renault 21 de 1988 et deux 205 \u00ab\u00a0Rallye\u00a0\u00bb Peugeot dont une en version anglaise. La municipalit\u00e9 remercie le Pr\u00e9sident de l\u2019Association, Monsieur Alain PAUCHET et ses adh\u00e9rents, ainsi que Messieurs BORNEMAN et SAUTHIEUX pour avoir r\u00e9pondu favorablement \u00e0 la demande de la commune.<\/p>\n<p>La pizzeria install\u00e9e \u00e0 Loffre, la Gallo Romaine, s\u2019\u00e9tait d\u00e9plac\u00e9e sur le parking de la salle polyvalente pour vendre de d\u00e9licieuses pizzas\u00a0!<\/p>\n<p>Pour terminer, le dimanche apr\u00e8s-midi, les habitants ont pu se retrouver au stade municipal Fran\u00e7ois HUDRY pour assister au match de football entre le Loffre Olympique Sporting Club et Somain Cheminots pour le premier tour de la Coupe de France. Malgr\u00e9 un tr\u00e8s bon match les locaux se sont inclin\u00e9s par 3 buts \u00e0 2\u00a0! Notons tout de m\u00eame qu\u2019il y avait trois divisions d\u2019\u00e9carts entre les deux \u00e9quipes.<\/p>\n<p>Le conseil municipal remercie chaleureusement l\u2019implication de toutes les Associations dans l\u2019organisation de la f\u00eate du village.<\/p>\n","protected":false},"excerpt":{"rendered":"<p>Comme chaque ann\u00e9e la municipalit\u00e9, les associations et les habitants de notre village se sont mobilis\u00e9s pour la f\u00eate annuelle qui s\u2019est tenue les 25 et 26 Ao\u00fbt. Le programme&#8230; <a href=\"http:\/\/commune-loffre.fr\/index.php\/2018\/09\/02\/fete-du-village-5\/\">Read more &raquo;<\/a><\/p>\n","protected":false},"author":1,"featured_media":3885,"comment_status":"closed","ping_status":"closed","sticky":false,"template":"","format":"standard","meta":{"footnotes":""},"categories":[18,10],"tags":[],"_links":{"self":[{"href":"http:\/\/commune-loffre.fr\/index.php\/wp-json\/wp\/v2\/posts\/3780"}],"collection":[{"href":"http:\/\/commune-loffre.fr\/index.php\/wp-json\/wp\/v2\/posts"}],"about":[{"href":"http:\/\/commune-loffre.fr\/index.php\/wp-json\/wp\/v2\/types\/post"}],"author":[{"embeddable":true,"href":"http:\/\/commune-loffre.fr\/index.php\/wp-json\/wp\/v2\/users\/1"}],"replies":[{"embeddable":true,"href":"http:\/\/commune-loffre.fr\/index.php\/wp-json\/wp\/v2\/comments?post=3780"}],"version-history":[{"count":4,"href":"http:\/\/commune-loffre.fr\/index.php\/wp-json\/wp\/v2\/posts\/3780\/revisions"}],"predecessor-version":[{"id":3899,"href":"http:\/\/commune-loffre.fr\/index.php\/wp-json\/wp\/v2\/posts\/3780\/revisions\/3899"}],"wp:featuredmedia":[{"embeddable":true,"href":"http:\/\/commune-loffre.fr\/index.php\/wp-json\/wp\/v2\/media\/3885"}],"wp:attachment":[{"href":"http:\/\/commune-loffre.fr\/index.php\/wp-json\/wp\/v2\/media?parent=3780"}],"wp:term":[{"taxonomy":"category","embeddable":true,"href":"http:\/\/commune-loffre.fr\/index.php\/wp-json\/wp\/v2\/categories?post=3780"},{"taxonomy":"post_tag","embeddable":true,"href":"http:\/\/commune-loffre.fr\/index.php\/wp-json\/wp\/v2\/tags?post=3780"}],"curies":[{"name":"wp","href":"https:\/\/api.w.org\/{rel}","templated":true}]}}