{"id":3775,"date":"2018-09-02T16:16:37","date_gmt":"2018-09-02T15:16:37","guid":{"rendered":"http:\/\/commune-loffre.fr\/?p=3775"},"modified":"2018-09-02T16:17:26","modified_gmt":"2018-09-02T15:17:26","slug":"infos-travaux-rue-des-moines","status":"publish","type":"post","link":"http:\/\/commune-loffre.fr\/index.php\/2018\/09\/02\/infos-travaux-rue-des-moines\/","title":{"rendered":"Infos Travaux |Rue des moines"},"content":{"rendered":"<p>Le Syndicat Mixte des Transports du Douaisis a entrepris la mise en accessibilit\u00e9 des quais dur r\u00e9seau \u00e9v\u00e9ole aux personnes \u00e0 mobilit\u00e9 r\u00e9duite (PMR)<\/p>\n<p>Apr\u00e8s \u00e9tudes, et en accords avec la municipalit\u00e9s , des travaux d&rsquo;am\u00e9nagement seront r\u00e9alis\u00e9s prochainement dans la rue des Moines.<\/p>\n<p>Nous mettons tout en \u0153uvre pour limiter les \u00e9ventuels d\u00e9sagr\u00e9ments.<\/p>\n<p>merci de votre compr\u00e9hension. contact 03 27 99 19 99<\/p>\n\n\t\t<style type=\"text\/css\">\n\t\t\t#gallery-1 {\n\t\t\t\tmargin: auto;\n\t\t\t}\n\t\t\t#gallery-1 .gallery-item {\n\t\t\t\tfloat: left;\n\t\t\t\tmargin-top: 10px;\n\t\t\t\ttext-align: center;\n\t\t\t\twidth: 100%;\n\t\t\t}\n\t\t\t#gallery-1 img {\n\t\t\t\tborder: 2px solid #cfcfcf;\n\t\t\t}\n\t\t\t#gallery-1 .gallery-caption {\n\t\t\t\tmargin-left: 0;\n\t\t\t}\n\t\t\t\/* see gallery_shortcode() in wp-includes\/media.php *\/\n\t\t<\/style>\n\t\t<div id='gallery-1' class='gallery galleryid-3775 gallery-columns-1 gallery-size-large'><dl class='gallery-item'>\n\t\t\t<dt class='gallery-icon portrait'>\n\t\t\t\t<a href='http:\/\/commune-loffre.fr\/index.php\/2018\/09\/02\/infos-travaux-rue-des-moines\/infos-travaux-smtd-a-loffre-2\/'><img loading=\"lazy\" decoding=\"async\" width=\"625\" height=\"884\" src=\"http:\/\/commune-loffre.fr\/wp-content\/uploads\/2018\/09\/Infos-travaux-SMTD-\u00e0-Loffre-724x1024.jpg\" class=\"attachment-large size-large\" alt=\"\" srcset=\"http:\/\/commune-loffre.fr\/wp-content\/uploads\/2018\/09\/Infos-travaux-SMTD-\u00e0-Loffre-724x1024.jpg 724w, http:\/\/commune-loffre.fr\/wp-content\/uploads\/2018\/09\/Infos-travaux-SMTD-\u00e0-Loffre-212x300.jpg 212w, http:\/\/commune-loffre.fr\/wp-content\/uploads\/2018\/09\/Infos-travaux-SMTD-\u00e0-Loffre-768x1086.jpg 768w, http:\/\/commune-loffre.fr\/wp-content\/uploads\/2018\/09\/Infos-travaux-SMTD-\u00e0-Loffre-624x882.jpg 624w, http:\/\/commune-loffre.fr\/wp-content\/uploads\/2018\/09\/Infos-travaux-SMTD-\u00e0-Loffre.jpg 1241w\" sizes=\"(max-width: 625px) 100vw, 625px\" \/><\/a>\n\t\t\t<\/dt><\/dl><br style=\"clear: both\" \/>\n\t\t<\/div>\n\n","protected":false},"excerpt":{"rendered":"<p>Le Syndicat Mixte des Transports du Douaisis a entrepris la mise en accessibilit\u00e9 des quais dur r\u00e9seau \u00e9v\u00e9ole aux personnes \u00e0 mobilit\u00e9 r\u00e9duite (PMR) Apr\u00e8s \u00e9tudes, et en accords avec&#8230; <a href=\"http:\/\/commune-loffre.fr\/index.php\/2018\/09\/02\/infos-travaux-rue-des-moines\/\">Read more &raquo;<\/a><\/p>\n","protected":false},"author":1,"featured_media":3777,"comment_status":"closed","ping_status":"closed","sticky":false,"template":"","format":"standard","meta":{"footnotes":""},"categories":[8],"tags":[],"_links":{"self":[{"href":"http:\/\/commune-loffre.fr\/index.php\/wp-json\/wp\/v2\/posts\/3775"}],"collection":[{"href":"http:\/\/commune-loffre.fr\/index.php\/wp-json\/wp\/v2\/posts"}],"about":[{"href":"http:\/\/commune-loffre.fr\/index.php\/wp-json\/wp\/v2\/types\/post"}],"author":[{"embeddable":true,"href":"http:\/\/commune-loffre.fr\/index.php\/wp-json\/wp\/v2\/users\/1"}],"replies":[{"embeddable":true,"href":"http:\/\/commune-loffre.fr\/index.php\/wp-json\/wp\/v2\/comments?post=3775"}],"version-history":[{"count":2,"href":"http:\/\/commune-loffre.fr\/index.php\/wp-json\/wp\/v2\/posts\/3775\/revisions"}],"predecessor-version":[{"id":3778,"href":"http:\/\/commune-loffre.fr\/index.php\/wp-json\/wp\/v2\/posts\/3775\/revisions\/3778"}],"wp:featuredmedia":[{"embeddable":true,"href":"http:\/\/commune-loffre.fr\/index.php\/wp-json\/wp\/v2\/media\/3777"}],"wp:attachment":[{"href":"http:\/\/commune-loffre.fr\/index.php\/wp-json\/wp\/v2\/media?parent=3775"}],"wp:term":[{"taxonomy":"category","embeddable":true,"href":"http:\/\/commune-loffre.fr\/index.php\/wp-json\/wp\/v2\/categories?post=3775"},{"taxonomy":"post_tag","embeddable":true,"href":"http:\/\/commune-loffre.fr\/index.php\/wp-json\/wp\/v2\/tags?post=3775"}],"curies":[{"name":"wp","href":"https:\/\/api.w.org\/{rel}","templated":true}]}}