{"id":3766,"date":"2018-08-14T10:18:45","date_gmt":"2018-08-14T09:18:45","guid":{"rendered":"http:\/\/commune-loffre.fr\/?p=3766"},"modified":"2018-08-14T10:20:37","modified_gmt":"2018-08-14T09:20:37","slug":"fete-du-village-4","status":"publish","type":"post","link":"http:\/\/commune-loffre.fr\/index.php\/2018\/08\/14\/fete-du-village-4\/","title":{"rendered":"F\u00eate du Village"},"content":{"rendered":"<p><strong>Samedi 25 ao\u00fbt<\/strong><br \/>\n<strong>9h00 <\/strong>: <em>\u00ab Atelier des saveurs \u00bb<\/em> \u00e0 la salle polyvalente<br \/>\n<strong>11h00 <\/strong>: d\u00e9p\u00f4t \u00e0 la salle polyvalente des paniers garnis et citrouilles pour le concours \u00ab vos jardins ont du talent \u00bb<br \/>\n<strong>11h30 : inauguration de la f\u00eate communale ouverte au public &#8211; Un pot de l\u2019amiti\u00e9 sera offert par la municipalit\u00e9<\/strong><br \/>\n<em>Vente des repas (command\u00e9s) de \u00ab l\u2019atelier des saveur \u00bb au profit du T\u00e9l\u00e9thon<\/em><\/p>\n<p><strong>12h00 <\/strong>: proclamation des r\u00e9sultats du concours \u00ab vos jardins ont du talent \u00bb<br \/>\n<strong>14h00 <\/strong>: inscription au foyer rural des \u00e9quipes au tournoi de belote<br \/>\n<strong>14h30 <\/strong>: tournoi de Belote au foyer rural<br \/>\n<strong>20h00 <\/strong>: soir\u00e9e Dansante avec Couscous au menu (sur inscription)<br \/>\n<strong>Dimanche 26 ao\u00fbt<\/strong><br \/>\n<strong>07h \u00e0 14h00<\/strong> : Brocante \u2013 vide grenier dans le centre du village et exposition de voitures d\u2019antan par le club \u00ab Les Vieilles Bielles \u00bb de Warlaing sur le terrain multisports.<br \/>\n<strong>15h00 <\/strong>: Match de football au stade municipal \u2013 Venez nombreux supporter l\u2019\u00e9quipe de LOFFRE !<br \/>\nEt tout au long du week-end<br \/>\nJeux gonflables pour enfants dans la cour de l\u2019\u00e9cole<br \/>\nSamedi de 16h \u00e0 18h et Dimanche de 09h00 \u00e0 16h00<\/p>\n\n\t\t<style type=\"text\/css\">\n\t\t\t#gallery-1 {\n\t\t\t\tmargin: auto;\n\t\t\t}\n\t\t\t#gallery-1 .gallery-item {\n\t\t\t\tfloat: left;\n\t\t\t\tmargin-top: 10px;\n\t\t\t\ttext-align: center;\n\t\t\t\twidth: 100%;\n\t\t\t}\n\t\t\t#gallery-1 img {\n\t\t\t\tborder: 2px solid #cfcfcf;\n\t\t\t}\n\t\t\t#gallery-1 .gallery-caption {\n\t\t\t\tmargin-left: 0;\n\t\t\t}\n\t\t\t\/* see gallery_shortcode() in wp-includes\/media.php *\/\n\t\t<\/style>\n\t\t<div id='gallery-1' class='gallery galleryid-3766 gallery-columns-1 gallery-size-large'><dl class='gallery-item'>\n\t\t\t<dt class='gallery-icon portrait'>\n\t\t\t\t<a href='http:\/\/commune-loffre.fr\/index.php\/2018\/08\/14\/fete-du-village-4\/programme-fete-communale-de-loffre-2018\/'><img loading=\"lazy\" decoding=\"async\" width=\"625\" height=\"883\" src=\"http:\/\/commune-loffre.fr\/wp-content\/uploads\/2018\/08\/programme-f\u00eate-communale-de-LOFFRE-2018-725x1024.jpg\" class=\"attachment-large size-large\" alt=\"\" srcset=\"http:\/\/commune-loffre.fr\/wp-content\/uploads\/2018\/08\/programme-f\u00eate-communale-de-LOFFRE-2018-725x1024.jpg 725w, http:\/\/commune-loffre.fr\/wp-content\/uploads\/2018\/08\/programme-f\u00eate-communale-de-LOFFRE-2018-212x300.jpg 212w, http:\/\/commune-loffre.fr\/wp-content\/uploads\/2018\/08\/programme-f\u00eate-communale-de-LOFFRE-2018-768x1085.jpg 768w, http:\/\/commune-loffre.fr\/wp-content\/uploads\/2018\/08\/programme-f\u00eate-communale-de-LOFFRE-2018-624x882.jpg 624w, http:\/\/commune-loffre.fr\/wp-content\/uploads\/2018\/08\/programme-f\u00eate-communale-de-LOFFRE-2018.jpg 1241w\" sizes=\"(max-width: 625px) 100vw, 625px\" \/><\/a>\n\t\t\t<\/dt><\/dl><br style=\"clear: both\" \/>\n\t\t<\/div>\n\n","protected":false},"excerpt":{"rendered":"<p>Samedi 25 ao\u00fbt 9h00 : \u00ab Atelier des saveurs \u00bb \u00e0 la salle polyvalente 11h00 : d\u00e9p\u00f4t \u00e0 la salle polyvalente des paniers garnis et citrouilles pour le concours \u00ab&#8230; <a href=\"http:\/\/commune-loffre.fr\/index.php\/2018\/08\/14\/fete-du-village-4\/\">Read more &raquo;<\/a><\/p>\n","protected":false},"author":1,"featured_media":3768,"comment_status":"closed","ping_status":"closed","sticky":false,"template":"","format":"standard","meta":{"footnotes":""},"categories":[10],"tags":[],"_links":{"self":[{"href":"http:\/\/commune-loffre.fr\/index.php\/wp-json\/wp\/v2\/posts\/3766"}],"collection":[{"href":"http:\/\/commune-loffre.fr\/index.php\/wp-json\/wp\/v2\/posts"}],"about":[{"href":"http:\/\/commune-loffre.fr\/index.php\/wp-json\/wp\/v2\/types\/post"}],"author":[{"embeddable":true,"href":"http:\/\/commune-loffre.fr\/index.php\/wp-json\/wp\/v2\/users\/1"}],"replies":[{"embeddable":true,"href":"http:\/\/commune-loffre.fr\/index.php\/wp-json\/wp\/v2\/comments?post=3766"}],"version-history":[{"count":2,"href":"http:\/\/commune-loffre.fr\/index.php\/wp-json\/wp\/v2\/posts\/3766\/revisions"}],"predecessor-version":[{"id":3769,"href":"http:\/\/commune-loffre.fr\/index.php\/wp-json\/wp\/v2\/posts\/3766\/revisions\/3769"}],"wp:featuredmedia":[{"embeddable":true,"href":"http:\/\/commune-loffre.fr\/index.php\/wp-json\/wp\/v2\/media\/3768"}],"wp:attachment":[{"href":"http:\/\/commune-loffre.fr\/index.php\/wp-json\/wp\/v2\/media?parent=3766"}],"wp:term":[{"taxonomy":"category","embeddable":true,"href":"http:\/\/commune-loffre.fr\/index.php\/wp-json\/wp\/v2\/categories?post=3766"},{"taxonomy":"post_tag","embeddable":true,"href":"http:\/\/commune-loffre.fr\/index.php\/wp-json\/wp\/v2\/tags?post=3766"}],"curies":[{"name":"wp","href":"https:\/\/api.w.org\/{rel}","templated":true}]}}