{"id":3761,"date":"2018-08-06T10:55:32","date_gmt":"2018-08-06T09:55:32","guid":{"rendered":"http:\/\/commune-loffre.fr\/?p=3761"},"modified":"2018-08-06T10:57:52","modified_gmt":"2018-08-06T09:57:52","slug":"alerte-secheresse-commune-de-loffre","status":"publish","type":"post","link":"http:\/\/commune-loffre.fr\/index.php\/2018\/08\/06\/alerte-secheresse-commune-de-loffre\/","title":{"rendered":"ALERTE S\u00c9CHERESSE &#8211; COMMUNE DE LOFFRE"},"content":{"rendered":"<p>Depuis le 23 juillet dernier, le d\u00e9partement du Nord est plac\u00e9 en vigilance s\u00e9cheresse, le mois de juillet ayant \u00e9t\u00e9 marqu\u00e9, comme les deux mois pr\u00e9c\u00e9dents, par une tr\u00e8s faible pluviom\u00e9trie.<br \/>\nCette d\u00e9cision fait suite au comit\u00e9 technique s\u00e9cheresse interd\u00e9partemental Nord &#8211; Pas-de-Calais qui s\u2019est r\u00e9uni ce 25 juillet.<br \/>\n<strong>Alerte s\u00e9cheresse pour les bassins versants de l&rsquo;est du d\u00e9partement<\/strong><br \/>\nDans les communes concern\u00e9es (Loffre est concern\u00e9e) par l\u2019alerte, les usages en eau sont r\u00e9glement\u00e9s :<br \/>\n&#8211; <strong>pour tous<\/strong>, le <strong>pr\u00e9l\u00e8vement en eau superficielle est interdit<\/strong> sauf autorisation.<br \/>\n&#8211; <strong>pour les particuliers et les collectivit\u00e9s<\/strong>, les restrictions sont essentiellement des mesures de bon sens visant \u00e0 \u00e9conomiser fortement l\u2019eau, comme <strong>l\u2019interdiction de l\u2019arrosage des pelouses, de remplissage des \u00e9tangs ou de lavage des voitures<\/strong> en dehors des centres sp\u00e9cialis\u00e9s qui recyclent l\u2019eau.<br \/>\n&#8211; <strong>pour les industriels<\/strong>, l\u2019objectif est de tendre vers une r\u00e9duction de consommation d\u2019eau de l\u2019ordre de 10 %.<br \/>\n&#8211; <strong>pour les agriculteurs<\/strong>, l\u2019arr\u00eat\u00e9 vise des \u00e9conomies d\u2019eau en <strong>interdisant l\u2019irrigation pendant les heures chaudes<\/strong> de la journ\u00e9e (de 11h00 \u00e0 19h00).<br \/>\nLe respect de ces restrictions et la mod\u00e9ration des consommations de tous les usagers, domestiques, industriels et agricoles doit permettre de diminuer les pr\u00e9l\u00e8vements dans le milieu naturel, et ainsi de soulager la ressource et de retarder l\u2019\u00e9ventuel renforcement des restrictions.<br \/>\n<strong>Vigilance s\u00e9cheresse sur le reste du d\u00e9partement<\/strong><br \/>\nLes communes du d\u00e9partement du Nord situ\u00e9es sur d\u2019autres bassins versants (Lys, Audomarois, Delta de l\u2019Aa et Yser), restent plac\u00e9es en situation de vigilance pour la ressource superficielle et pour les eaux souterraines.<br \/>\nChaque citoyen est appel\u00e9 \u00e0 \u00eatre vigilant et \u00e0 faire preuve de civisme en r\u00e9duisant les utilisations de l\u2019eau qui ne sont pas indispensables pour \u00e9viter de porter atteinte \u00e0 la ressource, patrimoine commun et bien pr\u00e9cieux de tous les usagers.<br \/>\nLa pr\u00e9fecture et l\u2019ensemble des services de l\u2019\u00c9tat surveillent la situation avec une attention particuli\u00e8re pour anticiper et \u00e9viter les risques de crise.<br \/>\n<strong>En savoir plus<\/strong><br \/>\n&gt; arr\u00eat\u00e9 pr\u00e9fectoral du 31 juillet 2018 r\u00e9glementant les usages de l&rsquo;eau en vue de la pr\u00e9servation de la ressource en eau dans le d\u00e9partement du Nord &#8211; format : <a href=\"http:\/\/www.nord.gouv.fr\/content\/download\/53627\/347842\/file\/180731_AP%20pr\u00e9servation%20de%20la%20ressources%20en%20eau%20dept%2059%2031%2007%202018.pdf\">PDF <\/a>&#8211; 0,30 Mb<br \/>\n&gt; Liste des communes concern\u00e9es par l&rsquo;alerte s\u00e9cheresse &#8211; format : <a href=\"http:\/\/www.nord.gouv.fr\/content\/download\/53628\/347846\/file\/180731_communes%20par%20bassins%20versants.pdf\">PDF <\/a>&#8211; 0,48 Mb<br \/>\n<a href=\"http:\/\/www.nord.gouv.fr\/Actualites\/Actualites\/Alerte-secheresse-sur-l-est-du-departement-du-Nord-le-prefet-renforce-les-mesures-d-economie-d-eau\">http:\/\/www.nord.gouv.fr\/Actualites\/Actualites\/Alerte-secheresse-sur-l-est-du-departement-du-Nord-le-prefet-renforce-les-mesures-d-economie-d-eau<\/a><\/p>\n","protected":false},"excerpt":{"rendered":"<p>Depuis le 23 juillet dernier, le d\u00e9partement du Nord est plac\u00e9 en vigilance s\u00e9cheresse, le mois de juillet ayant \u00e9t\u00e9 marqu\u00e9, comme les deux mois pr\u00e9c\u00e9dents, par une tr\u00e8s faible&#8230; <a href=\"http:\/\/commune-loffre.fr\/index.php\/2018\/08\/06\/alerte-secheresse-commune-de-loffre\/\">Read more &raquo;<\/a><\/p>\n","protected":false},"author":1,"featured_media":3763,"comment_status":"closed","ping_status":"closed","sticky":false,"template":"","format":"standard","meta":{"footnotes":""},"categories":[9,5],"tags":[],"_links":{"self":[{"href":"http:\/\/commune-loffre.fr\/index.php\/wp-json\/wp\/v2\/posts\/3761"}],"collection":[{"href":"http:\/\/commune-loffre.fr\/index.php\/wp-json\/wp\/v2\/posts"}],"about":[{"href":"http:\/\/commune-loffre.fr\/index.php\/wp-json\/wp\/v2\/types\/post"}],"author":[{"embeddable":true,"href":"http:\/\/commune-loffre.fr\/index.php\/wp-json\/wp\/v2\/users\/1"}],"replies":[{"embeddable":true,"href":"http:\/\/commune-loffre.fr\/index.php\/wp-json\/wp\/v2\/comments?post=3761"}],"version-history":[{"count":1,"href":"http:\/\/commune-loffre.fr\/index.php\/wp-json\/wp\/v2\/posts\/3761\/revisions"}],"predecessor-version":[{"id":3762,"href":"http:\/\/commune-loffre.fr\/index.php\/wp-json\/wp\/v2\/posts\/3761\/revisions\/3762"}],"wp:featuredmedia":[{"embeddable":true,"href":"http:\/\/commune-loffre.fr\/index.php\/wp-json\/wp\/v2\/media\/3763"}],"wp:attachment":[{"href":"http:\/\/commune-loffre.fr\/index.php\/wp-json\/wp\/v2\/media?parent=3761"}],"wp:term":[{"taxonomy":"category","embeddable":true,"href":"http:\/\/commune-loffre.fr\/index.php\/wp-json\/wp\/v2\/categories?post=3761"},{"taxonomy":"post_tag","embeddable":true,"href":"http:\/\/commune-loffre.fr\/index.php\/wp-json\/wp\/v2\/tags?post=3761"}],"curies":[{"name":"wp","href":"https:\/\/api.w.org\/{rel}","templated":true}]}}