{"id":3693,"date":"2018-06-26T18:14:29","date_gmt":"2018-06-26T17:14:29","guid":{"rendered":"http:\/\/commune-loffre.fr\/?p=3693"},"modified":"2018-06-26T18:15:17","modified_gmt":"2018-06-26T17:15:17","slug":"inauguration-du-stade-francois-hudry","status":"publish","type":"post","link":"http:\/\/commune-loffre.fr\/index.php\/2018\/06\/26\/inauguration-du-stade-francois-hudry\/","title":{"rendered":"Inauguration du Stade Fran\u00e7ois HUDRY"},"content":{"rendered":"<p>Apr\u00e8s le d\u00e9c\u00e8s de Fran\u00e7ois en Septembre 2017, le conseil municipal avec l\u2019accord de la famille de Fran\u00e7ois a souhait\u00e9 honorer son engagement au sein du club de football de Loffre mais aussi dans la vie associative en donnant son nom au stade municipal.<\/p>\n\n\t\t<style type=\"text\/css\">\n\t\t\t#gallery-1 {\n\t\t\t\tmargin: auto;\n\t\t\t}\n\t\t\t#gallery-1 .gallery-item {\n\t\t\t\tfloat: left;\n\t\t\t\tmargin-top: 10px;\n\t\t\t\ttext-align: center;\n\t\t\t\twidth: 11%;\n\t\t\t}\n\t\t\t#gallery-1 img {\n\t\t\t\tborder: 2px solid #cfcfcf;\n\t\t\t}\n\t\t\t#gallery-1 .gallery-caption {\n\t\t\t\tmargin-left: 0;\n\t\t\t}\n\t\t\t\/* see gallery_shortcode() in wp-includes\/media.php *\/\n\t\t<\/style>\n\t\t<div id='gallery-1' class='gallery galleryid-3693 gallery-columns-9 gallery-size-thumbnail'><dl class='gallery-item'>\n\t\t\t<dt class='gallery-icon landscape'>\n\t\t\t\t<a href='http:\/\/commune-loffre.fr\/index.php\/2018\/06\/26\/inauguration-du-stade-francois-hudry\/hommage-f-hudry-29\/'><img loading=\"lazy\" decoding=\"async\" width=\"150\" height=\"150\" src=\"http:\/\/commune-loffre.fr\/wp-content\/uploads\/2018\/06\/Hommage-F-HUDRY-29-150x150.jpg\" class=\"attachment-thumbnail size-thumbnail\" alt=\"\" srcset=\"http:\/\/commune-loffre.fr\/wp-content\/uploads\/2018\/06\/Hommage-F-HUDRY-29-150x150.jpg 150w, http:\/\/commune-loffre.fr\/wp-content\/uploads\/2018\/06\/Hommage-F-HUDRY-29-180x180.jpg 180w, http:\/\/commune-loffre.fr\/wp-content\/uploads\/2018\/06\/Hommage-F-HUDRY-29-60x60.jpg 60w\" sizes=\"(max-width: 150px) 100vw, 150px\" \/><\/a>\n\t\t\t<\/dt><\/dl><dl class='gallery-item'>\n\t\t\t<dt class='gallery-icon landscape'>\n\t\t\t\t<a href='http:\/\/commune-loffre.fr\/index.php\/2018\/06\/26\/inauguration-du-stade-francois-hudry\/hommage-f-hudry-22\/'><img loading=\"lazy\" decoding=\"async\" width=\"150\" height=\"150\" src=\"http:\/\/commune-loffre.fr\/wp-content\/uploads\/2018\/06\/Hommage-F-HUDRY-22-150x150.jpg\" class=\"attachment-thumbnail size-thumbnail\" alt=\"\" srcset=\"http:\/\/commune-loffre.fr\/wp-content\/uploads\/2018\/06\/Hommage-F-HUDRY-22-150x150.jpg 150w, http:\/\/commune-loffre.fr\/wp-content\/uploads\/2018\/06\/Hommage-F-HUDRY-22-180x180.jpg 180w, http:\/\/commune-loffre.fr\/wp-content\/uploads\/2018\/06\/Hommage-F-HUDRY-22-60x60.jpg 60w\" sizes=\"(max-width: 150px) 100vw, 150px\" \/><\/a>\n\t\t\t<\/dt><\/dl><dl class='gallery-item'>\n\t\t\t<dt class='gallery-icon landscape'>\n\t\t\t\t<a href='http:\/\/commune-loffre.fr\/index.php\/2018\/06\/26\/inauguration-du-stade-francois-hudry\/hommage-f-hudry-15\/'><img loading=\"lazy\" decoding=\"async\" width=\"150\" height=\"150\" src=\"http:\/\/commune-loffre.fr\/wp-content\/uploads\/2018\/06\/Hommage-F-HUDRY-15-150x150.jpg\" class=\"attachment-thumbnail size-thumbnail\" alt=\"\" srcset=\"http:\/\/commune-loffre.fr\/wp-content\/uploads\/2018\/06\/Hommage-F-HUDRY-15-150x150.jpg 150w, http:\/\/commune-loffre.fr\/wp-content\/uploads\/2018\/06\/Hommage-F-HUDRY-15-180x180.jpg 180w, http:\/\/commune-loffre.fr\/wp-content\/uploads\/2018\/06\/Hommage-F-HUDRY-15-60x60.jpg 60w\" sizes=\"(max-width: 150px) 100vw, 150px\" \/><\/a>\n\t\t\t<\/dt><\/dl><dl class='gallery-item'>\n\t\t\t<dt class='gallery-icon landscape'>\n\t\t\t\t<a href='http:\/\/commune-loffre.fr\/index.php\/2018\/06\/26\/inauguration-du-stade-francois-hudry\/hommage-f-hudry-8\/'><img loading=\"lazy\" decoding=\"async\" width=\"150\" height=\"150\" src=\"http:\/\/commune-loffre.fr\/wp-content\/uploads\/2018\/06\/Hommage-F-HUDRY-8-150x150.jpg\" class=\"attachment-thumbnail size-thumbnail\" alt=\"\" srcset=\"http:\/\/commune-loffre.fr\/wp-content\/uploads\/2018\/06\/Hommage-F-HUDRY-8-150x150.jpg 150w, http:\/\/commune-loffre.fr\/wp-content\/uploads\/2018\/06\/Hommage-F-HUDRY-8-180x180.jpg 180w, http:\/\/commune-loffre.fr\/wp-content\/uploads\/2018\/06\/Hommage-F-HUDRY-8-60x60.jpg 60w\" sizes=\"(max-width: 150px) 100vw, 150px\" \/><\/a>\n\t\t\t<\/dt><\/dl><dl class='gallery-item'>\n\t\t\t<dt class='gallery-icon landscape'>\n\t\t\t\t<a href='http:\/\/commune-loffre.fr\/index.php\/2018\/06\/26\/inauguration-du-stade-francois-hudry\/hommage-f-hudry-7\/'><img loading=\"lazy\" decoding=\"async\" width=\"150\" height=\"150\" src=\"http:\/\/commune-loffre.fr\/wp-content\/uploads\/2018\/06\/Hommage-F-HUDRY-7-150x150.jpg\" class=\"attachment-thumbnail size-thumbnail\" alt=\"\" srcset=\"http:\/\/commune-loffre.fr\/wp-content\/uploads\/2018\/06\/Hommage-F-HUDRY-7-150x150.jpg 150w, http:\/\/commune-loffre.fr\/wp-content\/uploads\/2018\/06\/Hommage-F-HUDRY-7-180x180.jpg 180w, http:\/\/commune-loffre.fr\/wp-content\/uploads\/2018\/06\/Hommage-F-HUDRY-7-60x60.jpg 60w\" sizes=\"(max-width: 150px) 100vw, 150px\" \/><\/a>\n\t\t\t<\/dt><\/dl><dl class='gallery-item'>\n\t\t\t<dt class='gallery-icon landscape'>\n\t\t\t\t<a href='http:\/\/commune-loffre.fr\/index.php\/2018\/06\/26\/inauguration-du-stade-francois-hudry\/hommage-f-hudry-14\/'><img loading=\"lazy\" decoding=\"async\" width=\"150\" height=\"150\" src=\"http:\/\/commune-loffre.fr\/wp-content\/uploads\/2018\/06\/Hommage-F-HUDRY-14-150x150.jpg\" class=\"attachment-thumbnail size-thumbnail\" alt=\"\" srcset=\"http:\/\/commune-loffre.fr\/wp-content\/uploads\/2018\/06\/Hommage-F-HUDRY-14-150x150.jpg 150w, http:\/\/commune-loffre.fr\/wp-content\/uploads\/2018\/06\/Hommage-F-HUDRY-14-180x180.jpg 180w, http:\/\/commune-loffre.fr\/wp-content\/uploads\/2018\/06\/Hommage-F-HUDRY-14-60x60.jpg 60w\" sizes=\"(max-width: 150px) 100vw, 150px\" \/><\/a>\n\t\t\t<\/dt><\/dl><dl class='gallery-item'>\n\t\t\t<dt class='gallery-icon landscape'>\n\t\t\t\t<a href='http:\/\/commune-loffre.fr\/index.php\/2018\/06\/26\/inauguration-du-stade-francois-hudry\/hommage-f-hudry-21\/'><img loading=\"lazy\" decoding=\"async\" width=\"150\" height=\"150\" src=\"http:\/\/commune-loffre.fr\/wp-content\/uploads\/2018\/06\/Hommage-F-HUDRY-21-150x150.jpg\" class=\"attachment-thumbnail size-thumbnail\" alt=\"\" srcset=\"http:\/\/commune-loffre.fr\/wp-content\/uploads\/2018\/06\/Hommage-F-HUDRY-21-150x150.jpg 150w, http:\/\/commune-loffre.fr\/wp-content\/uploads\/2018\/06\/Hommage-F-HUDRY-21-180x180.jpg 180w, http:\/\/commune-loffre.fr\/wp-content\/uploads\/2018\/06\/Hommage-F-HUDRY-21-60x60.jpg 60w\" sizes=\"(max-width: 150px) 100vw, 150px\" \/><\/a>\n\t\t\t<\/dt><\/dl><dl class='gallery-item'>\n\t\t\t<dt class='gallery-icon landscape'>\n\t\t\t\t<a href='http:\/\/commune-loffre.fr\/index.php\/2018\/06\/26\/inauguration-du-stade-francois-hudry\/hommage-f-hudry-28\/'><img loading=\"lazy\" decoding=\"async\" width=\"150\" height=\"150\" src=\"http:\/\/commune-loffre.fr\/wp-content\/uploads\/2018\/06\/Hommage-F-HUDRY-28-150x150.jpg\" class=\"attachment-thumbnail size-thumbnail\" alt=\"\" srcset=\"http:\/\/commune-loffre.fr\/wp-content\/uploads\/2018\/06\/Hommage-F-HUDRY-28-150x150.jpg 150w, http:\/\/commune-loffre.fr\/wp-content\/uploads\/2018\/06\/Hommage-F-HUDRY-28-180x180.jpg 180w, http:\/\/commune-loffre.fr\/wp-content\/uploads\/2018\/06\/Hommage-F-HUDRY-28-60x60.jpg 60w\" sizes=\"(max-width: 150px) 100vw, 150px\" \/><\/a>\n\t\t\t<\/dt><\/dl><dl class='gallery-item'>\n\t\t\t<dt class='gallery-icon landscape'>\n\t\t\t\t<a href='http:\/\/commune-loffre.fr\/index.php\/2018\/06\/26\/inauguration-du-stade-francois-hudry\/hommage-f-hudry-27\/'><img loading=\"lazy\" decoding=\"async\" width=\"150\" height=\"150\" src=\"http:\/\/commune-loffre.fr\/wp-content\/uploads\/2018\/06\/Hommage-F-HUDRY-27-150x150.jpg\" class=\"attachment-thumbnail size-thumbnail\" alt=\"\" srcset=\"http:\/\/commune-loffre.fr\/wp-content\/uploads\/2018\/06\/Hommage-F-HUDRY-27-150x150.jpg 150w, http:\/\/commune-loffre.fr\/wp-content\/uploads\/2018\/06\/Hommage-F-HUDRY-27-180x180.jpg 180w, http:\/\/commune-loffre.fr\/wp-content\/uploads\/2018\/06\/Hommage-F-HUDRY-27-60x60.jpg 60w\" sizes=\"(max-width: 150px) 100vw, 150px\" \/><\/a>\n\t\t\t<\/dt><\/dl><br style=\"clear: both\" \/><dl class='gallery-item'>\n\t\t\t<dt class='gallery-icon landscape'>\n\t\t\t\t<a href='http:\/\/commune-loffre.fr\/index.php\/2018\/06\/26\/inauguration-du-stade-francois-hudry\/hommage-f-hudry-20\/'><img loading=\"lazy\" decoding=\"async\" width=\"150\" height=\"150\" src=\"http:\/\/commune-loffre.fr\/wp-content\/uploads\/2018\/06\/Hommage-F-HUDRY-20-150x150.jpg\" class=\"attachment-thumbnail size-thumbnail\" alt=\"\" srcset=\"http:\/\/commune-loffre.fr\/wp-content\/uploads\/2018\/06\/Hommage-F-HUDRY-20-150x150.jpg 150w, http:\/\/commune-loffre.fr\/wp-content\/uploads\/2018\/06\/Hommage-F-HUDRY-20-180x180.jpg 180w, http:\/\/commune-loffre.fr\/wp-content\/uploads\/2018\/06\/Hommage-F-HUDRY-20-60x60.jpg 60w\" sizes=\"(max-width: 150px) 100vw, 150px\" \/><\/a>\n\t\t\t<\/dt><\/dl><dl class='gallery-item'>\n\t\t\t<dt class='gallery-icon landscape'>\n\t\t\t\t<a href='http:\/\/commune-loffre.fr\/index.php\/2018\/06\/26\/inauguration-du-stade-francois-hudry\/hommage-f-hudry-13\/'><img loading=\"lazy\" decoding=\"async\" width=\"150\" height=\"150\" src=\"http:\/\/commune-loffre.fr\/wp-content\/uploads\/2018\/06\/Hommage-F-HUDRY-13-150x150.jpg\" class=\"attachment-thumbnail size-thumbnail\" alt=\"\" srcset=\"http:\/\/commune-loffre.fr\/wp-content\/uploads\/2018\/06\/Hommage-F-HUDRY-13-150x150.jpg 150w, http:\/\/commune-loffre.fr\/wp-content\/uploads\/2018\/06\/Hommage-F-HUDRY-13-180x180.jpg 180w, http:\/\/commune-loffre.fr\/wp-content\/uploads\/2018\/06\/Hommage-F-HUDRY-13-60x60.jpg 60w\" sizes=\"(max-width: 150px) 100vw, 150px\" \/><\/a>\n\t\t\t<\/dt><\/dl><dl class='gallery-item'>\n\t\t\t<dt class='gallery-icon landscape'>\n\t\t\t\t<a href='http:\/\/commune-loffre.fr\/index.php\/2018\/06\/26\/inauguration-du-stade-francois-hudry\/hommage-f-hudry-6\/'><img loading=\"lazy\" decoding=\"async\" width=\"150\" height=\"150\" src=\"http:\/\/commune-loffre.fr\/wp-content\/uploads\/2018\/06\/Hommage-F-HUDRY-6-150x150.jpg\" class=\"attachment-thumbnail size-thumbnail\" alt=\"\" srcset=\"http:\/\/commune-loffre.fr\/wp-content\/uploads\/2018\/06\/Hommage-F-HUDRY-6-150x150.jpg 150w, http:\/\/commune-loffre.fr\/wp-content\/uploads\/2018\/06\/Hommage-F-HUDRY-6-180x180.jpg 180w, http:\/\/commune-loffre.fr\/wp-content\/uploads\/2018\/06\/Hommage-F-HUDRY-6-60x60.jpg 60w\" sizes=\"(max-width: 150px) 100vw, 150px\" \/><\/a>\n\t\t\t<\/dt><\/dl><dl class='gallery-item'>\n\t\t\t<dt class='gallery-icon landscape'>\n\t\t\t\t<a href='http:\/\/commune-loffre.fr\/index.php\/2018\/06\/26\/inauguration-du-stade-francois-hudry\/hommage-f-hudry-5\/'><img loading=\"lazy\" decoding=\"async\" width=\"150\" height=\"150\" src=\"http:\/\/commune-loffre.fr\/wp-content\/uploads\/2018\/06\/Hommage-F-HUDRY-5-150x150.jpg\" class=\"attachment-thumbnail size-thumbnail\" alt=\"\" srcset=\"http:\/\/commune-loffre.fr\/wp-content\/uploads\/2018\/06\/Hommage-F-HUDRY-5-150x150.jpg 150w, http:\/\/commune-loffre.fr\/wp-content\/uploads\/2018\/06\/Hommage-F-HUDRY-5-180x180.jpg 180w, http:\/\/commune-loffre.fr\/wp-content\/uploads\/2018\/06\/Hommage-F-HUDRY-5-60x60.jpg 60w\" sizes=\"(max-width: 150px) 100vw, 150px\" \/><\/a>\n\t\t\t<\/dt><\/dl><dl class='gallery-item'>\n\t\t\t<dt class='gallery-icon landscape'>\n\t\t\t\t<a href='http:\/\/commune-loffre.fr\/index.php\/2018\/06\/26\/inauguration-du-stade-francois-hudry\/hommage-f-hudry-4\/'><img loading=\"lazy\" decoding=\"async\" width=\"150\" height=\"150\" src=\"http:\/\/commune-loffre.fr\/wp-content\/uploads\/2018\/06\/Hommage-F-HUDRY-4-150x150.jpg\" class=\"attachment-thumbnail size-thumbnail\" alt=\"\" srcset=\"http:\/\/commune-loffre.fr\/wp-content\/uploads\/2018\/06\/Hommage-F-HUDRY-4-150x150.jpg 150w, http:\/\/commune-loffre.fr\/wp-content\/uploads\/2018\/06\/Hommage-F-HUDRY-4-180x180.jpg 180w, http:\/\/commune-loffre.fr\/wp-content\/uploads\/2018\/06\/Hommage-F-HUDRY-4-60x60.jpg 60w\" sizes=\"(max-width: 150px) 100vw, 150px\" \/><\/a>\n\t\t\t<\/dt><\/dl><dl class='gallery-item'>\n\t\t\t<dt class='gallery-icon landscape'>\n\t\t\t\t<a href='http:\/\/commune-loffre.fr\/index.php\/2018\/06\/26\/inauguration-du-stade-francois-hudry\/hommage-f-hudry-3\/'><img loading=\"lazy\" decoding=\"async\" width=\"150\" height=\"150\" src=\"http:\/\/commune-loffre.fr\/wp-content\/uploads\/2018\/06\/Hommage-F-HUDRY-3-150x150.jpg\" class=\"attachment-thumbnail size-thumbnail\" alt=\"\" srcset=\"http:\/\/commune-loffre.fr\/wp-content\/uploads\/2018\/06\/Hommage-F-HUDRY-3-150x150.jpg 150w, http:\/\/commune-loffre.fr\/wp-content\/uploads\/2018\/06\/Hommage-F-HUDRY-3-180x180.jpg 180w, http:\/\/commune-loffre.fr\/wp-content\/uploads\/2018\/06\/Hommage-F-HUDRY-3-60x60.jpg 60w\" sizes=\"(max-width: 150px) 100vw, 150px\" \/><\/a>\n\t\t\t<\/dt><\/dl><dl class='gallery-item'>\n\t\t\t<dt class='gallery-icon landscape'>\n\t\t\t\t<a href='http:\/\/commune-loffre.fr\/index.php\/2018\/06\/26\/inauguration-du-stade-francois-hudry\/hommage-f-hudry-2\/'><img loading=\"lazy\" decoding=\"async\" width=\"150\" height=\"150\" src=\"http:\/\/commune-loffre.fr\/wp-content\/uploads\/2018\/06\/Hommage-F-HUDRY-2-150x150.jpg\" class=\"attachment-thumbnail size-thumbnail\" alt=\"\" srcset=\"http:\/\/commune-loffre.fr\/wp-content\/uploads\/2018\/06\/Hommage-F-HUDRY-2-150x150.jpg 150w, http:\/\/commune-loffre.fr\/wp-content\/uploads\/2018\/06\/Hommage-F-HUDRY-2-180x180.jpg 180w, http:\/\/commune-loffre.fr\/wp-content\/uploads\/2018\/06\/Hommage-F-HUDRY-2-60x60.jpg 60w\" sizes=\"(max-width: 150px) 100vw, 150px\" \/><\/a>\n\t\t\t<\/dt><\/dl><dl class='gallery-item'>\n\t\t\t<dt class='gallery-icon landscape'>\n\t\t\t\t<a href='http:\/\/commune-loffre.fr\/index.php\/2018\/06\/26\/inauguration-du-stade-francois-hudry\/hommage-f-hudry-9\/'><img loading=\"lazy\" decoding=\"async\" width=\"150\" height=\"150\" src=\"http:\/\/commune-loffre.fr\/wp-content\/uploads\/2018\/06\/Hommage-F-HUDRY-9-150x150.jpg\" class=\"attachment-thumbnail size-thumbnail\" alt=\"\" srcset=\"http:\/\/commune-loffre.fr\/wp-content\/uploads\/2018\/06\/Hommage-F-HUDRY-9-150x150.jpg 150w, http:\/\/commune-loffre.fr\/wp-content\/uploads\/2018\/06\/Hommage-F-HUDRY-9-180x180.jpg 180w, http:\/\/commune-loffre.fr\/wp-content\/uploads\/2018\/06\/Hommage-F-HUDRY-9-60x60.jpg 60w\" sizes=\"(max-width: 150px) 100vw, 150px\" \/><\/a>\n\t\t\t<\/dt><\/dl><dl class='gallery-item'>\n\t\t\t<dt class='gallery-icon landscape'>\n\t\t\t\t<a href='http:\/\/commune-loffre.fr\/index.php\/2018\/06\/26\/inauguration-du-stade-francois-hudry\/hommage-f-hudry-10\/'><img loading=\"lazy\" decoding=\"async\" width=\"150\" height=\"150\" src=\"http:\/\/commune-loffre.fr\/wp-content\/uploads\/2018\/06\/Hommage-F-HUDRY-10-150x150.jpg\" class=\"attachment-thumbnail size-thumbnail\" alt=\"\" srcset=\"http:\/\/commune-loffre.fr\/wp-content\/uploads\/2018\/06\/Hommage-F-HUDRY-10-150x150.jpg 150w, http:\/\/commune-loffre.fr\/wp-content\/uploads\/2018\/06\/Hommage-F-HUDRY-10-180x180.jpg 180w, http:\/\/commune-loffre.fr\/wp-content\/uploads\/2018\/06\/Hommage-F-HUDRY-10-60x60.jpg 60w\" sizes=\"(max-width: 150px) 100vw, 150px\" \/><\/a>\n\t\t\t<\/dt><\/dl><br style=\"clear: both\" \/><dl class='gallery-item'>\n\t\t\t<dt class='gallery-icon landscape'>\n\t\t\t\t<a href='http:\/\/commune-loffre.fr\/index.php\/2018\/06\/26\/inauguration-du-stade-francois-hudry\/hommage-f-hudry-11\/'><img loading=\"lazy\" decoding=\"async\" width=\"150\" height=\"150\" src=\"http:\/\/commune-loffre.fr\/wp-content\/uploads\/2018\/06\/Hommage-F-HUDRY-11-150x150.jpg\" class=\"attachment-thumbnail size-thumbnail\" alt=\"\" srcset=\"http:\/\/commune-loffre.fr\/wp-content\/uploads\/2018\/06\/Hommage-F-HUDRY-11-150x150.jpg 150w, http:\/\/commune-loffre.fr\/wp-content\/uploads\/2018\/06\/Hommage-F-HUDRY-11-180x180.jpg 180w, http:\/\/commune-loffre.fr\/wp-content\/uploads\/2018\/06\/Hommage-F-HUDRY-11-60x60.jpg 60w\" sizes=\"(max-width: 150px) 100vw, 150px\" \/><\/a>\n\t\t\t<\/dt><\/dl><dl class='gallery-item'>\n\t\t\t<dt class='gallery-icon landscape'>\n\t\t\t\t<a href='http:\/\/commune-loffre.fr\/index.php\/2018\/06\/26\/inauguration-du-stade-francois-hudry\/hommage-f-hudry-12\/'><img loading=\"lazy\" decoding=\"async\" width=\"150\" height=\"150\" src=\"http:\/\/commune-loffre.fr\/wp-content\/uploads\/2018\/06\/Hommage-F-HUDRY-12-150x150.jpg\" class=\"attachment-thumbnail size-thumbnail\" alt=\"\" srcset=\"http:\/\/commune-loffre.fr\/wp-content\/uploads\/2018\/06\/Hommage-F-HUDRY-12-150x150.jpg 150w, http:\/\/commune-loffre.fr\/wp-content\/uploads\/2018\/06\/Hommage-F-HUDRY-12-180x180.jpg 180w, http:\/\/commune-loffre.fr\/wp-content\/uploads\/2018\/06\/Hommage-F-HUDRY-12-60x60.jpg 60w\" sizes=\"(max-width: 150px) 100vw, 150px\" \/><\/a>\n\t\t\t<\/dt><\/dl><dl class='gallery-item'>\n\t\t\t<dt class='gallery-icon landscape'>\n\t\t\t\t<a href='http:\/\/commune-loffre.fr\/index.php\/2018\/06\/26\/inauguration-du-stade-francois-hudry\/hommage-f-hudry-19\/'><img loading=\"lazy\" decoding=\"async\" width=\"150\" height=\"150\" src=\"http:\/\/commune-loffre.fr\/wp-content\/uploads\/2018\/06\/Hommage-F-HUDRY-19-150x150.jpg\" class=\"attachment-thumbnail size-thumbnail\" alt=\"\" srcset=\"http:\/\/commune-loffre.fr\/wp-content\/uploads\/2018\/06\/Hommage-F-HUDRY-19-150x150.jpg 150w, http:\/\/commune-loffre.fr\/wp-content\/uploads\/2018\/06\/Hommage-F-HUDRY-19-180x180.jpg 180w, http:\/\/commune-loffre.fr\/wp-content\/uploads\/2018\/06\/Hommage-F-HUDRY-19-60x60.jpg 60w\" sizes=\"(max-width: 150px) 100vw, 150px\" \/><\/a>\n\t\t\t<\/dt><\/dl><dl class='gallery-item'>\n\t\t\t<dt class='gallery-icon landscape'>\n\t\t\t\t<a href='http:\/\/commune-loffre.fr\/index.php\/2018\/06\/26\/inauguration-du-stade-francois-hudry\/hommage-f-hudry-18\/'><img loading=\"lazy\" decoding=\"async\" width=\"150\" height=\"150\" src=\"http:\/\/commune-loffre.fr\/wp-content\/uploads\/2018\/06\/Hommage-F-HUDRY-18-150x150.jpg\" class=\"attachment-thumbnail size-thumbnail\" alt=\"\" srcset=\"http:\/\/commune-loffre.fr\/wp-content\/uploads\/2018\/06\/Hommage-F-HUDRY-18-150x150.jpg 150w, http:\/\/commune-loffre.fr\/wp-content\/uploads\/2018\/06\/Hommage-F-HUDRY-18-180x180.jpg 180w, http:\/\/commune-loffre.fr\/wp-content\/uploads\/2018\/06\/Hommage-F-HUDRY-18-60x60.jpg 60w\" sizes=\"(max-width: 150px) 100vw, 150px\" \/><\/a>\n\t\t\t<\/dt><\/dl><dl class='gallery-item'>\n\t\t\t<dt class='gallery-icon landscape'>\n\t\t\t\t<a href='http:\/\/commune-loffre.fr\/index.php\/2018\/06\/26\/inauguration-du-stade-francois-hudry\/hommage-f-hudry-17\/'><img loading=\"lazy\" decoding=\"async\" width=\"150\" height=\"150\" src=\"http:\/\/commune-loffre.fr\/wp-content\/uploads\/2018\/06\/Hommage-F-HUDRY-17-150x150.jpg\" class=\"attachment-thumbnail size-thumbnail\" alt=\"\" srcset=\"http:\/\/commune-loffre.fr\/wp-content\/uploads\/2018\/06\/Hommage-F-HUDRY-17-150x150.jpg 150w, http:\/\/commune-loffre.fr\/wp-content\/uploads\/2018\/06\/Hommage-F-HUDRY-17-180x180.jpg 180w, http:\/\/commune-loffre.fr\/wp-content\/uploads\/2018\/06\/Hommage-F-HUDRY-17-60x60.jpg 60w\" sizes=\"(max-width: 150px) 100vw, 150px\" \/><\/a>\n\t\t\t<\/dt><\/dl><dl class='gallery-item'>\n\t\t\t<dt class='gallery-icon landscape'>\n\t\t\t\t<a href='http:\/\/commune-loffre.fr\/index.php\/2018\/06\/26\/inauguration-du-stade-francois-hudry\/hommage-f-hudry-16\/'><img loading=\"lazy\" decoding=\"async\" width=\"150\" height=\"150\" src=\"http:\/\/commune-loffre.fr\/wp-content\/uploads\/2018\/06\/Hommage-F-HUDRY-16-150x150.jpg\" class=\"attachment-thumbnail size-thumbnail\" alt=\"\" srcset=\"http:\/\/commune-loffre.fr\/wp-content\/uploads\/2018\/06\/Hommage-F-HUDRY-16-150x150.jpg 150w, http:\/\/commune-loffre.fr\/wp-content\/uploads\/2018\/06\/Hommage-F-HUDRY-16-180x180.jpg 180w, http:\/\/commune-loffre.fr\/wp-content\/uploads\/2018\/06\/Hommage-F-HUDRY-16-60x60.jpg 60w\" sizes=\"(max-width: 150px) 100vw, 150px\" \/><\/a>\n\t\t\t<\/dt><\/dl><dl class='gallery-item'>\n\t\t\t<dt class='gallery-icon landscape'>\n\t\t\t\t<a href='http:\/\/commune-loffre.fr\/index.php\/2018\/06\/26\/inauguration-du-stade-francois-hudry\/hommage-f-hudry-23\/'><img loading=\"lazy\" decoding=\"async\" width=\"150\" height=\"150\" src=\"http:\/\/commune-loffre.fr\/wp-content\/uploads\/2018\/06\/Hommage-F-HUDRY-23-150x150.jpg\" class=\"attachment-thumbnail size-thumbnail\" alt=\"\" srcset=\"http:\/\/commune-loffre.fr\/wp-content\/uploads\/2018\/06\/Hommage-F-HUDRY-23-150x150.jpg 150w, http:\/\/commune-loffre.fr\/wp-content\/uploads\/2018\/06\/Hommage-F-HUDRY-23-180x180.jpg 180w, http:\/\/commune-loffre.fr\/wp-content\/uploads\/2018\/06\/Hommage-F-HUDRY-23-60x60.jpg 60w\" sizes=\"(max-width: 150px) 100vw, 150px\" \/><\/a>\n\t\t\t<\/dt><\/dl><dl class='gallery-item'>\n\t\t\t<dt class='gallery-icon landscape'>\n\t\t\t\t<a href='http:\/\/commune-loffre.fr\/index.php\/2018\/06\/26\/inauguration-du-stade-francois-hudry\/hommage-f-hudry-24\/'><img loading=\"lazy\" decoding=\"async\" width=\"150\" height=\"150\" src=\"http:\/\/commune-loffre.fr\/wp-content\/uploads\/2018\/06\/Hommage-F-HUDRY-24-150x150.jpg\" class=\"attachment-thumbnail size-thumbnail\" alt=\"\" srcset=\"http:\/\/commune-loffre.fr\/wp-content\/uploads\/2018\/06\/Hommage-F-HUDRY-24-150x150.jpg 150w, http:\/\/commune-loffre.fr\/wp-content\/uploads\/2018\/06\/Hommage-F-HUDRY-24-180x180.jpg 180w, http:\/\/commune-loffre.fr\/wp-content\/uploads\/2018\/06\/Hommage-F-HUDRY-24-60x60.jpg 60w\" sizes=\"(max-width: 150px) 100vw, 150px\" \/><\/a>\n\t\t\t<\/dt><\/dl><dl class='gallery-item'>\n\t\t\t<dt class='gallery-icon landscape'>\n\t\t\t\t<a href='http:\/\/commune-loffre.fr\/index.php\/2018\/06\/26\/inauguration-du-stade-francois-hudry\/hommage-f-hudry-25\/'><img loading=\"lazy\" decoding=\"async\" width=\"150\" height=\"150\" src=\"http:\/\/commune-loffre.fr\/wp-content\/uploads\/2018\/06\/Hommage-F-HUDRY-25-150x150.jpg\" class=\"attachment-thumbnail size-thumbnail\" alt=\"\" srcset=\"http:\/\/commune-loffre.fr\/wp-content\/uploads\/2018\/06\/Hommage-F-HUDRY-25-150x150.jpg 150w, http:\/\/commune-loffre.fr\/wp-content\/uploads\/2018\/06\/Hommage-F-HUDRY-25-180x180.jpg 180w, http:\/\/commune-loffre.fr\/wp-content\/uploads\/2018\/06\/Hommage-F-HUDRY-25-60x60.jpg 60w\" sizes=\"(max-width: 150px) 100vw, 150px\" \/><\/a>\n\t\t\t<\/dt><\/dl><br style=\"clear: both\" \/><dl class='gallery-item'>\n\t\t\t<dt class='gallery-icon landscape'>\n\t\t\t\t<a href='http:\/\/commune-loffre.fr\/index.php\/2018\/06\/26\/inauguration-du-stade-francois-hudry\/hommage-f-hudry-26\/'><img loading=\"lazy\" decoding=\"async\" width=\"150\" height=\"150\" src=\"http:\/\/commune-loffre.fr\/wp-content\/uploads\/2018\/06\/Hommage-F-HUDRY-26-150x150.jpg\" class=\"attachment-thumbnail size-thumbnail\" alt=\"\" srcset=\"http:\/\/commune-loffre.fr\/wp-content\/uploads\/2018\/06\/Hommage-F-HUDRY-26-150x150.jpg 150w, http:\/\/commune-loffre.fr\/wp-content\/uploads\/2018\/06\/Hommage-F-HUDRY-26-180x180.jpg 180w, http:\/\/commune-loffre.fr\/wp-content\/uploads\/2018\/06\/Hommage-F-HUDRY-26-60x60.jpg 60w\" sizes=\"(max-width: 150px) 100vw, 150px\" \/><\/a>\n\t\t\t<\/dt><\/dl><dl class='gallery-item'>\n\t\t\t<dt class='gallery-icon landscape'>\n\t\t\t\t<a href='http:\/\/commune-loffre.fr\/index.php\/2018\/06\/26\/inauguration-du-stade-francois-hudry\/hommage-f-hudry-1\/'><img loading=\"lazy\" decoding=\"async\" width=\"150\" height=\"150\" src=\"http:\/\/commune-loffre.fr\/wp-content\/uploads\/2018\/06\/Hommage-F-HUDRY-1-150x150.jpg\" class=\"attachment-thumbnail size-thumbnail\" alt=\"\" srcset=\"http:\/\/commune-loffre.fr\/wp-content\/uploads\/2018\/06\/Hommage-F-HUDRY-1-150x150.jpg 150w, http:\/\/commune-loffre.fr\/wp-content\/uploads\/2018\/06\/Hommage-F-HUDRY-1-180x180.jpg 180w, http:\/\/commune-loffre.fr\/wp-content\/uploads\/2018\/06\/Hommage-F-HUDRY-1-60x60.jpg 60w\" sizes=\"(max-width: 150px) 100vw, 150px\" \/><\/a>\n\t\t\t<\/dt><\/dl>\n\t\t\t<br style='clear: both' \/>\n\t\t<\/div>\n\n<p>C\u2019est donc le samedi 23 juin \u00e0 11 h 00, au stade municipal, en pr\u00e9sence de Monsieur le Maire et du conseil municipal, Monsieur le Sous-pr\u00e9fet Jacques Destouches, Monsieur le D\u00e9put\u00e9 Alain Bruneel, Monsieur le S\u00e9nateur Jean-Pierre Decool, Monsieur le Conseiller D\u00e9partemental Charles Beauchamp, Monsieur Daniel Leclercq, ancien joueur de football professionnel et entraineur, de repr\u00e9sentants du milieu associatif loffrien, de la population, de nombreux amis et de sa famille que le stade Fran\u00e7ois Hudry a \u00e9t\u00e9 inaugur\u00e9.<\/p>\n<p>Monsieur le Maire souligna dans son discours le parcours de Fran\u00e7ois qui en plus de sa vie professionnelle, s\u2019est investi un temps dans la vie municipale en tant que conseiller durant un mandat, dans le football \u00e0 Loffre en tant que joueur dans les premi\u00e8res ann\u00e9es du club puis Pr\u00e9sident d\u00e8s 1980, dans la colombophilie \u00e9galement puisque Fran\u00e7ois \u00e9tait lui-m\u00eame \u00ab\u00a0coulonneux\u00a0\u00bb et convoyait les pigeons pour les concours chaque weekend pour le compte de notre arrondissement. \u00a0Comme si ces activit\u00e9s ne suffisaient pas \u00e0 combler son agenda, durant 35 ans, Fran\u00e7ois partait \u00e9galement chaque ann\u00e9e en septembre pour les vendanges dans de grandes maisons de Champagne. Malgr\u00e9 la maladie qu\u2019il combattait depuis trois ans, il convient de saluer le courage de Fran\u00e7ois qui a assum\u00e9 ses diverses responsabilit\u00e9s jusqu\u2019au bout sans faillir.<\/p>\n","protected":false},"excerpt":{"rendered":"<p>Apr\u00e8s le d\u00e9c\u00e8s de Fran\u00e7ois en Septembre 2017, le conseil municipal avec l\u2019accord de la famille de Fran\u00e7ois a souhait\u00e9 honorer son engagement au sein du club de football de&#8230; <a href=\"http:\/\/commune-loffre.fr\/index.php\/2018\/06\/26\/inauguration-du-stade-francois-hudry\/\">Read more &raquo;<\/a><\/p>\n","protected":false},"author":1,"featured_media":3720,"comment_status":"closed","ping_status":"closed","sticky":false,"template":"","format":"standard","meta":{"footnotes":""},"categories":[10,15],"tags":[],"_links":{"self":[{"href":"http:\/\/commune-loffre.fr\/index.php\/wp-json\/wp\/v2\/posts\/3693"}],"collection":[{"href":"http:\/\/commune-loffre.fr\/index.php\/wp-json\/wp\/v2\/posts"}],"about":[{"href":"http:\/\/commune-loffre.fr\/index.php\/wp-json\/wp\/v2\/types\/post"}],"author":[{"embeddable":true,"href":"http:\/\/commune-loffre.fr\/index.php\/wp-json\/wp\/v2\/users\/1"}],"replies":[{"embeddable":true,"href":"http:\/\/commune-loffre.fr\/index.php\/wp-json\/wp\/v2\/comments?post=3693"}],"version-history":[{"count":2,"href":"http:\/\/commune-loffre.fr\/index.php\/wp-json\/wp\/v2\/posts\/3693\/revisions"}],"predecessor-version":[{"id":3724,"href":"http:\/\/commune-loffre.fr\/index.php\/wp-json\/wp\/v2\/posts\/3693\/revisions\/3724"}],"wp:featuredmedia":[{"embeddable":true,"href":"http:\/\/commune-loffre.fr\/index.php\/wp-json\/wp\/v2\/media\/3720"}],"wp:attachment":[{"href":"http:\/\/commune-loffre.fr\/index.php\/wp-json\/wp\/v2\/media?parent=3693"}],"wp:term":[{"taxonomy":"category","embeddable":true,"href":"http:\/\/commune-loffre.fr\/index.php\/wp-json\/wp\/v2\/categories?post=3693"},{"taxonomy":"post_tag","embeddable":true,"href":"http:\/\/commune-loffre.fr\/index.php\/wp-json\/wp\/v2\/tags?post=3693"}],"curies":[{"name":"wp","href":"https:\/\/api.w.org\/{rel}","templated":true}]}}