{"id":3543,"date":"2018-06-25T11:11:44","date_gmt":"2018-06-25T10:11:44","guid":{"rendered":"http:\/\/commune-loffre.fr\/?p=3543"},"modified":"2018-06-25T11:11:44","modified_gmt":"2018-06-25T10:11:44","slug":"fete-de-lecole","status":"publish","type":"post","link":"http:\/\/commune-loffre.fr\/index.php\/2018\/06\/25\/fete-de-lecole\/","title":{"rendered":"F\u00eate de l&rsquo;\u00e9cole"},"content":{"rendered":"<p>Comme chaque ann\u00e9e, l\u2019association des parents d\u2019\u00e9l\u00e8ves de l\u2019\u00e9cole avait invit\u00e9 les parents et grands-parents au spectacle de fin d\u2019ann\u00e9e, le vendredi 22 juin.<\/p>\n\n\t\t<style type=\"text\/css\">\n\t\t\t#gallery-1 {\n\t\t\t\tmargin: auto;\n\t\t\t}\n\t\t\t#gallery-1 .gallery-item {\n\t\t\t\tfloat: left;\n\t\t\t\tmargin-top: 10px;\n\t\t\t\ttext-align: center;\n\t\t\t\twidth: 11%;\n\t\t\t}\n\t\t\t#gallery-1 img {\n\t\t\t\tborder: 2px solid #cfcfcf;\n\t\t\t}\n\t\t\t#gallery-1 .gallery-caption {\n\t\t\t\tmargin-left: 0;\n\t\t\t}\n\t\t\t\/* see gallery_shortcode() in wp-includes\/media.php *\/\n\t\t<\/style>\n\t\t<div id='gallery-1' class='gallery galleryid-3543 gallery-columns-9 gallery-size-thumbnail'><dl class='gallery-item'>\n\t\t\t<dt class='gallery-icon landscape'>\n\t\t\t\t<a href='http:\/\/commune-loffre.fr\/index.php\/2018\/06\/25\/fete-de-lecole\/fete-ecole-juin-2018-45\/'><img loading=\"lazy\" decoding=\"async\" width=\"150\" height=\"150\" src=\"http:\/\/commune-loffre.fr\/wp-content\/uploads\/2018\/06\/F\u00eate-\u00e9cole-juin-2018-45-1-150x150.jpg\" class=\"attachment-thumbnail size-thumbnail\" alt=\"\" srcset=\"http:\/\/commune-loffre.fr\/wp-content\/uploads\/2018\/06\/F\u00eate-\u00e9cole-juin-2018-45-1-150x150.jpg 150w, http:\/\/commune-loffre.fr\/wp-content\/uploads\/2018\/06\/F\u00eate-\u00e9cole-juin-2018-45-1-180x180.jpg 180w, http:\/\/commune-loffre.fr\/wp-content\/uploads\/2018\/06\/F\u00eate-\u00e9cole-juin-2018-45-1-60x60.jpg 60w\" sizes=\"(max-width: 150px) 100vw, 150px\" \/><\/a>\n\t\t\t<\/dt><\/dl><dl class='gallery-item'>\n\t\t\t<dt class='gallery-icon landscape'>\n\t\t\t\t<a href='http:\/\/commune-loffre.fr\/index.php\/2018\/06\/25\/fete-de-lecole\/fete-ecole-juin-2018-44\/'><img loading=\"lazy\" decoding=\"async\" width=\"150\" height=\"150\" src=\"http:\/\/commune-loffre.fr\/wp-content\/uploads\/2018\/06\/F\u00eate-\u00e9cole-juin-2018-44-1-150x150.jpg\" class=\"attachment-thumbnail size-thumbnail\" alt=\"\" srcset=\"http:\/\/commune-loffre.fr\/wp-content\/uploads\/2018\/06\/F\u00eate-\u00e9cole-juin-2018-44-1-150x150.jpg 150w, http:\/\/commune-loffre.fr\/wp-content\/uploads\/2018\/06\/F\u00eate-\u00e9cole-juin-2018-44-1-180x180.jpg 180w, http:\/\/commune-loffre.fr\/wp-content\/uploads\/2018\/06\/F\u00eate-\u00e9cole-juin-2018-44-1-60x60.jpg 60w\" sizes=\"(max-width: 150px) 100vw, 150px\" \/><\/a>\n\t\t\t<\/dt><\/dl><dl class='gallery-item'>\n\t\t\t<dt class='gallery-icon landscape'>\n\t\t\t\t<a href='http:\/\/commune-loffre.fr\/index.php\/2018\/06\/25\/fete-de-lecole\/fete-ecole-juin-2018-43\/'><img loading=\"lazy\" decoding=\"async\" width=\"150\" height=\"150\" src=\"http:\/\/commune-loffre.fr\/wp-content\/uploads\/2018\/06\/F\u00eate-\u00e9cole-juin-2018-43-1-150x150.jpg\" class=\"attachment-thumbnail size-thumbnail\" alt=\"\" srcset=\"http:\/\/commune-loffre.fr\/wp-content\/uploads\/2018\/06\/F\u00eate-\u00e9cole-juin-2018-43-1-150x150.jpg 150w, http:\/\/commune-loffre.fr\/wp-content\/uploads\/2018\/06\/F\u00eate-\u00e9cole-juin-2018-43-1-180x180.jpg 180w, http:\/\/commune-loffre.fr\/wp-content\/uploads\/2018\/06\/F\u00eate-\u00e9cole-juin-2018-43-1-60x60.jpg 60w\" sizes=\"(max-width: 150px) 100vw, 150px\" \/><\/a>\n\t\t\t<\/dt><\/dl><dl class='gallery-item'>\n\t\t\t<dt class='gallery-icon landscape'>\n\t\t\t\t<a href='http:\/\/commune-loffre.fr\/index.php\/2018\/06\/25\/fete-de-lecole\/fete-ecole-juin-2018-42\/'><img loading=\"lazy\" decoding=\"async\" width=\"150\" height=\"150\" src=\"http:\/\/commune-loffre.fr\/wp-content\/uploads\/2018\/06\/F\u00eate-\u00e9cole-juin-2018-42-1-150x150.jpg\" class=\"attachment-thumbnail size-thumbnail\" alt=\"\" srcset=\"http:\/\/commune-loffre.fr\/wp-content\/uploads\/2018\/06\/F\u00eate-\u00e9cole-juin-2018-42-1-150x150.jpg 150w, http:\/\/commune-loffre.fr\/wp-content\/uploads\/2018\/06\/F\u00eate-\u00e9cole-juin-2018-42-1-180x180.jpg 180w, http:\/\/commune-loffre.fr\/wp-content\/uploads\/2018\/06\/F\u00eate-\u00e9cole-juin-2018-42-1-60x60.jpg 60w\" sizes=\"(max-width: 150px) 100vw, 150px\" \/><\/a>\n\t\t\t<\/dt><\/dl><dl class='gallery-item'>\n\t\t\t<dt class='gallery-icon landscape'>\n\t\t\t\t<a href='http:\/\/commune-loffre.fr\/index.php\/2018\/06\/25\/fete-de-lecole\/fete-ecole-juin-2018-35\/'><img loading=\"lazy\" decoding=\"async\" width=\"150\" height=\"150\" src=\"http:\/\/commune-loffre.fr\/wp-content\/uploads\/2018\/06\/F\u00eate-\u00e9cole-juin-2018-35-1-150x150.jpg\" class=\"attachment-thumbnail size-thumbnail\" alt=\"\" srcset=\"http:\/\/commune-loffre.fr\/wp-content\/uploads\/2018\/06\/F\u00eate-\u00e9cole-juin-2018-35-1-150x150.jpg 150w, http:\/\/commune-loffre.fr\/wp-content\/uploads\/2018\/06\/F\u00eate-\u00e9cole-juin-2018-35-1-180x180.jpg 180w, http:\/\/commune-loffre.fr\/wp-content\/uploads\/2018\/06\/F\u00eate-\u00e9cole-juin-2018-35-1-60x60.jpg 60w\" sizes=\"(max-width: 150px) 100vw, 150px\" \/><\/a>\n\t\t\t<\/dt><\/dl><dl class='gallery-item'>\n\t\t\t<dt class='gallery-icon landscape'>\n\t\t\t\t<a href='http:\/\/commune-loffre.fr\/index.php\/2018\/06\/25\/fete-de-lecole\/fete-ecole-juin-2018-34\/'><img loading=\"lazy\" decoding=\"async\" width=\"150\" height=\"150\" src=\"http:\/\/commune-loffre.fr\/wp-content\/uploads\/2018\/06\/F\u00eate-\u00e9cole-juin-2018-34-1-150x150.jpg\" class=\"attachment-thumbnail size-thumbnail\" alt=\"\" srcset=\"http:\/\/commune-loffre.fr\/wp-content\/uploads\/2018\/06\/F\u00eate-\u00e9cole-juin-2018-34-1-150x150.jpg 150w, http:\/\/commune-loffre.fr\/wp-content\/uploads\/2018\/06\/F\u00eate-\u00e9cole-juin-2018-34-1-180x180.jpg 180w, http:\/\/commune-loffre.fr\/wp-content\/uploads\/2018\/06\/F\u00eate-\u00e9cole-juin-2018-34-1-60x60.jpg 60w\" sizes=\"(max-width: 150px) 100vw, 150px\" \/><\/a>\n\t\t\t<\/dt><\/dl><dl class='gallery-item'>\n\t\t\t<dt class='gallery-icon landscape'>\n\t\t\t\t<a href='http:\/\/commune-loffre.fr\/index.php\/2018\/06\/25\/fete-de-lecole\/fete-ecole-juin-2018-33\/'><img loading=\"lazy\" decoding=\"async\" width=\"150\" height=\"150\" src=\"http:\/\/commune-loffre.fr\/wp-content\/uploads\/2018\/06\/F\u00eate-\u00e9cole-juin-2018-33-1-150x150.jpg\" class=\"attachment-thumbnail size-thumbnail\" alt=\"\" srcset=\"http:\/\/commune-loffre.fr\/wp-content\/uploads\/2018\/06\/F\u00eate-\u00e9cole-juin-2018-33-1-150x150.jpg 150w, http:\/\/commune-loffre.fr\/wp-content\/uploads\/2018\/06\/F\u00eate-\u00e9cole-juin-2018-33-1-180x180.jpg 180w, http:\/\/commune-loffre.fr\/wp-content\/uploads\/2018\/06\/F\u00eate-\u00e9cole-juin-2018-33-1-60x60.jpg 60w\" sizes=\"(max-width: 150px) 100vw, 150px\" \/><\/a>\n\t\t\t<\/dt><\/dl><dl class='gallery-item'>\n\t\t\t<dt class='gallery-icon landscape'>\n\t\t\t\t<a href='http:\/\/commune-loffre.fr\/index.php\/2018\/06\/25\/fete-de-lecole\/fete-ecole-juin-2018-40\/'><img loading=\"lazy\" decoding=\"async\" width=\"150\" height=\"150\" src=\"http:\/\/commune-loffre.fr\/wp-content\/uploads\/2018\/06\/F\u00eate-\u00e9cole-juin-2018-40-1-150x150.jpg\" class=\"attachment-thumbnail size-thumbnail\" alt=\"\" srcset=\"http:\/\/commune-loffre.fr\/wp-content\/uploads\/2018\/06\/F\u00eate-\u00e9cole-juin-2018-40-1-150x150.jpg 150w, http:\/\/commune-loffre.fr\/wp-content\/uploads\/2018\/06\/F\u00eate-\u00e9cole-juin-2018-40-1-180x180.jpg 180w, http:\/\/commune-loffre.fr\/wp-content\/uploads\/2018\/06\/F\u00eate-\u00e9cole-juin-2018-40-1-60x60.jpg 60w\" sizes=\"(max-width: 150px) 100vw, 150px\" \/><\/a>\n\t\t\t<\/dt><\/dl><dl class='gallery-item'>\n\t\t\t<dt class='gallery-icon landscape'>\n\t\t\t\t<a href='http:\/\/commune-loffre.fr\/index.php\/2018\/06\/25\/fete-de-lecole\/fete-ecole-juin-2018-41\/'><img loading=\"lazy\" decoding=\"async\" width=\"150\" height=\"150\" src=\"http:\/\/commune-loffre.fr\/wp-content\/uploads\/2018\/06\/F\u00eate-\u00e9cole-juin-2018-41-1-150x150.jpg\" class=\"attachment-thumbnail size-thumbnail\" alt=\"\" srcset=\"http:\/\/commune-loffre.fr\/wp-content\/uploads\/2018\/06\/F\u00eate-\u00e9cole-juin-2018-41-1-150x150.jpg 150w, http:\/\/commune-loffre.fr\/wp-content\/uploads\/2018\/06\/F\u00eate-\u00e9cole-juin-2018-41-1-180x180.jpg 180w, http:\/\/commune-loffre.fr\/wp-content\/uploads\/2018\/06\/F\u00eate-\u00e9cole-juin-2018-41-1-60x60.jpg 60w\" sizes=\"(max-width: 150px) 100vw, 150px\" \/><\/a>\n\t\t\t<\/dt><\/dl><br style=\"clear: both\" \/><dl class='gallery-item'>\n\t\t\t<dt class='gallery-icon landscape'>\n\t\t\t\t<a href='http:\/\/commune-loffre.fr\/index.php\/2018\/06\/25\/fete-de-lecole\/fete-ecole-juin-2018-39\/'><img loading=\"lazy\" decoding=\"async\" width=\"150\" height=\"150\" src=\"http:\/\/commune-loffre.fr\/wp-content\/uploads\/2018\/06\/F\u00eate-\u00e9cole-juin-2018-39-1-150x150.jpg\" class=\"attachment-thumbnail size-thumbnail\" alt=\"\" srcset=\"http:\/\/commune-loffre.fr\/wp-content\/uploads\/2018\/06\/F\u00eate-\u00e9cole-juin-2018-39-1-150x150.jpg 150w, http:\/\/commune-loffre.fr\/wp-content\/uploads\/2018\/06\/F\u00eate-\u00e9cole-juin-2018-39-1-180x180.jpg 180w, http:\/\/commune-loffre.fr\/wp-content\/uploads\/2018\/06\/F\u00eate-\u00e9cole-juin-2018-39-1-60x60.jpg 60w\" sizes=\"(max-width: 150px) 100vw, 150px\" \/><\/a>\n\t\t\t<\/dt><\/dl><dl class='gallery-item'>\n\t\t\t<dt class='gallery-icon landscape'>\n\t\t\t\t<a href='http:\/\/commune-loffre.fr\/index.php\/2018\/06\/25\/fete-de-lecole\/fete-ecole-juin-2018-32\/'><img loading=\"lazy\" decoding=\"async\" width=\"150\" height=\"150\" src=\"http:\/\/commune-loffre.fr\/wp-content\/uploads\/2018\/06\/F\u00eate-\u00e9cole-juin-2018-32-1-150x150.jpg\" class=\"attachment-thumbnail size-thumbnail\" alt=\"\" srcset=\"http:\/\/commune-loffre.fr\/wp-content\/uploads\/2018\/06\/F\u00eate-\u00e9cole-juin-2018-32-1-150x150.jpg 150w, http:\/\/commune-loffre.fr\/wp-content\/uploads\/2018\/06\/F\u00eate-\u00e9cole-juin-2018-32-1-180x180.jpg 180w, http:\/\/commune-loffre.fr\/wp-content\/uploads\/2018\/06\/F\u00eate-\u00e9cole-juin-2018-32-1-60x60.jpg 60w\" sizes=\"(max-width: 150px) 100vw, 150px\" \/><\/a>\n\t\t\t<\/dt><\/dl><dl class='gallery-item'>\n\t\t\t<dt class='gallery-icon landscape'>\n\t\t\t\t<a href='http:\/\/commune-loffre.fr\/index.php\/2018\/06\/25\/fete-de-lecole\/fete-ecole-juin-2018-25\/'><img loading=\"lazy\" decoding=\"async\" width=\"150\" height=\"150\" src=\"http:\/\/commune-loffre.fr\/wp-content\/uploads\/2018\/06\/F\u00eate-\u00e9cole-juin-2018-25-1-150x150.jpg\" class=\"attachment-thumbnail size-thumbnail\" alt=\"\" srcset=\"http:\/\/commune-loffre.fr\/wp-content\/uploads\/2018\/06\/F\u00eate-\u00e9cole-juin-2018-25-1-150x150.jpg 150w, http:\/\/commune-loffre.fr\/wp-content\/uploads\/2018\/06\/F\u00eate-\u00e9cole-juin-2018-25-1-180x180.jpg 180w, http:\/\/commune-loffre.fr\/wp-content\/uploads\/2018\/06\/F\u00eate-\u00e9cole-juin-2018-25-1-60x60.jpg 60w\" sizes=\"(max-width: 150px) 100vw, 150px\" \/><\/a>\n\t\t\t<\/dt><\/dl><dl class='gallery-item'>\n\t\t\t<dt class='gallery-icon landscape'>\n\t\t\t\t<a href='http:\/\/commune-loffre.fr\/index.php\/2018\/06\/25\/fete-de-lecole\/fete-ecole-juin-2018-26\/'><img loading=\"lazy\" decoding=\"async\" width=\"150\" height=\"150\" src=\"http:\/\/commune-loffre.fr\/wp-content\/uploads\/2018\/06\/F\u00eate-\u00e9cole-juin-2018-26-1-150x150.jpg\" class=\"attachment-thumbnail size-thumbnail\" alt=\"\" srcset=\"http:\/\/commune-loffre.fr\/wp-content\/uploads\/2018\/06\/F\u00eate-\u00e9cole-juin-2018-26-1-150x150.jpg 150w, http:\/\/commune-loffre.fr\/wp-content\/uploads\/2018\/06\/F\u00eate-\u00e9cole-juin-2018-26-1-180x180.jpg 180w, http:\/\/commune-loffre.fr\/wp-content\/uploads\/2018\/06\/F\u00eate-\u00e9cole-juin-2018-26-1-60x60.jpg 60w\" sizes=\"(max-width: 150px) 100vw, 150px\" \/><\/a>\n\t\t\t<\/dt><\/dl><dl class='gallery-item'>\n\t\t\t<dt class='gallery-icon landscape'>\n\t\t\t\t<a href='http:\/\/commune-loffre.fr\/index.php\/2018\/06\/25\/fete-de-lecole\/fete-ecole-juin-2018-27\/'><img loading=\"lazy\" decoding=\"async\" width=\"150\" height=\"150\" src=\"http:\/\/commune-loffre.fr\/wp-content\/uploads\/2018\/06\/F\u00eate-\u00e9cole-juin-2018-27-1-150x150.jpg\" class=\"attachment-thumbnail size-thumbnail\" alt=\"\" srcset=\"http:\/\/commune-loffre.fr\/wp-content\/uploads\/2018\/06\/F\u00eate-\u00e9cole-juin-2018-27-1-150x150.jpg 150w, http:\/\/commune-loffre.fr\/wp-content\/uploads\/2018\/06\/F\u00eate-\u00e9cole-juin-2018-27-1-180x180.jpg 180w, http:\/\/commune-loffre.fr\/wp-content\/uploads\/2018\/06\/F\u00eate-\u00e9cole-juin-2018-27-1-60x60.jpg 60w\" sizes=\"(max-width: 150px) 100vw, 150px\" \/><\/a>\n\t\t\t<\/dt><\/dl><dl class='gallery-item'>\n\t\t\t<dt class='gallery-icon landscape'>\n\t\t\t\t<a href='http:\/\/commune-loffre.fr\/index.php\/2018\/06\/25\/fete-de-lecole\/fete-ecole-juin-2018-28\/'><img loading=\"lazy\" decoding=\"async\" width=\"150\" height=\"150\" src=\"http:\/\/commune-loffre.fr\/wp-content\/uploads\/2018\/06\/F\u00eate-\u00e9cole-juin-2018-28-1-150x150.jpg\" class=\"attachment-thumbnail size-thumbnail\" alt=\"\" srcset=\"http:\/\/commune-loffre.fr\/wp-content\/uploads\/2018\/06\/F\u00eate-\u00e9cole-juin-2018-28-1-150x150.jpg 150w, http:\/\/commune-loffre.fr\/wp-content\/uploads\/2018\/06\/F\u00eate-\u00e9cole-juin-2018-28-1-180x180.jpg 180w, http:\/\/commune-loffre.fr\/wp-content\/uploads\/2018\/06\/F\u00eate-\u00e9cole-juin-2018-28-1-60x60.jpg 60w\" sizes=\"(max-width: 150px) 100vw, 150px\" \/><\/a>\n\t\t\t<\/dt><\/dl><dl class='gallery-item'>\n\t\t\t<dt class='gallery-icon landscape'>\n\t\t\t\t<a href='http:\/\/commune-loffre.fr\/index.php\/2018\/06\/25\/fete-de-lecole\/fete-ecole-juin-2018-29\/'><img loading=\"lazy\" decoding=\"async\" width=\"150\" height=\"150\" src=\"http:\/\/commune-loffre.fr\/wp-content\/uploads\/2018\/06\/F\u00eate-\u00e9cole-juin-2018-29-1-150x150.jpg\" class=\"attachment-thumbnail size-thumbnail\" alt=\"\" srcset=\"http:\/\/commune-loffre.fr\/wp-content\/uploads\/2018\/06\/F\u00eate-\u00e9cole-juin-2018-29-1-150x150.jpg 150w, http:\/\/commune-loffre.fr\/wp-content\/uploads\/2018\/06\/F\u00eate-\u00e9cole-juin-2018-29-1-180x180.jpg 180w, http:\/\/commune-loffre.fr\/wp-content\/uploads\/2018\/06\/F\u00eate-\u00e9cole-juin-2018-29-1-60x60.jpg 60w\" sizes=\"(max-width: 150px) 100vw, 150px\" \/><\/a>\n\t\t\t<\/dt><\/dl><dl class='gallery-item'>\n\t\t\t<dt class='gallery-icon landscape'>\n\t\t\t\t<a href='http:\/\/commune-loffre.fr\/index.php\/2018\/06\/25\/fete-de-lecole\/fete-ecole-juin-2018-36\/'><img loading=\"lazy\" decoding=\"async\" width=\"150\" height=\"150\" src=\"http:\/\/commune-loffre.fr\/wp-content\/uploads\/2018\/06\/F\u00eate-\u00e9cole-juin-2018-36-1-150x150.jpg\" class=\"attachment-thumbnail size-thumbnail\" alt=\"\" srcset=\"http:\/\/commune-loffre.fr\/wp-content\/uploads\/2018\/06\/F\u00eate-\u00e9cole-juin-2018-36-1-150x150.jpg 150w, http:\/\/commune-loffre.fr\/wp-content\/uploads\/2018\/06\/F\u00eate-\u00e9cole-juin-2018-36-1-180x180.jpg 180w, http:\/\/commune-loffre.fr\/wp-content\/uploads\/2018\/06\/F\u00eate-\u00e9cole-juin-2018-36-1-60x60.jpg 60w\" sizes=\"(max-width: 150px) 100vw, 150px\" \/><\/a>\n\t\t\t<\/dt><\/dl><dl class='gallery-item'>\n\t\t\t<dt class='gallery-icon landscape'>\n\t\t\t\t<a href='http:\/\/commune-loffre.fr\/index.php\/2018\/06\/25\/fete-de-lecole\/fete-ecole-juin-2018-37\/'><img loading=\"lazy\" decoding=\"async\" width=\"150\" height=\"150\" src=\"http:\/\/commune-loffre.fr\/wp-content\/uploads\/2018\/06\/F\u00eate-\u00e9cole-juin-2018-37-1-150x150.jpg\" class=\"attachment-thumbnail size-thumbnail\" alt=\"\" srcset=\"http:\/\/commune-loffre.fr\/wp-content\/uploads\/2018\/06\/F\u00eate-\u00e9cole-juin-2018-37-1-150x150.jpg 150w, http:\/\/commune-loffre.fr\/wp-content\/uploads\/2018\/06\/F\u00eate-\u00e9cole-juin-2018-37-1-180x180.jpg 180w, http:\/\/commune-loffre.fr\/wp-content\/uploads\/2018\/06\/F\u00eate-\u00e9cole-juin-2018-37-1-60x60.jpg 60w\" sizes=\"(max-width: 150px) 100vw, 150px\" \/><\/a>\n\t\t\t<\/dt><\/dl><br style=\"clear: both\" \/><dl class='gallery-item'>\n\t\t\t<dt class='gallery-icon landscape'>\n\t\t\t\t<a href='http:\/\/commune-loffre.fr\/index.php\/2018\/06\/25\/fete-de-lecole\/fete-ecole-juin-2018-30\/'><img loading=\"lazy\" decoding=\"async\" width=\"150\" height=\"150\" src=\"http:\/\/commune-loffre.fr\/wp-content\/uploads\/2018\/06\/F\u00eate-\u00e9cole-juin-2018-30-1-150x150.jpg\" class=\"attachment-thumbnail size-thumbnail\" alt=\"\" srcset=\"http:\/\/commune-loffre.fr\/wp-content\/uploads\/2018\/06\/F\u00eate-\u00e9cole-juin-2018-30-1-150x150.jpg 150w, http:\/\/commune-loffre.fr\/wp-content\/uploads\/2018\/06\/F\u00eate-\u00e9cole-juin-2018-30-1-180x180.jpg 180w, http:\/\/commune-loffre.fr\/wp-content\/uploads\/2018\/06\/F\u00eate-\u00e9cole-juin-2018-30-1-60x60.jpg 60w\" sizes=\"(max-width: 150px) 100vw, 150px\" \/><\/a>\n\t\t\t<\/dt><\/dl><dl class='gallery-item'>\n\t\t\t<dt class='gallery-icon landscape'>\n\t\t\t\t<a href='http:\/\/commune-loffre.fr\/index.php\/2018\/06\/25\/fete-de-lecole\/fete-ecole-juin-2018-31\/'><img loading=\"lazy\" decoding=\"async\" width=\"150\" height=\"150\" src=\"http:\/\/commune-loffre.fr\/wp-content\/uploads\/2018\/06\/F\u00eate-\u00e9cole-juin-2018-31-1-150x150.jpg\" class=\"attachment-thumbnail size-thumbnail\" alt=\"\" srcset=\"http:\/\/commune-loffre.fr\/wp-content\/uploads\/2018\/06\/F\u00eate-\u00e9cole-juin-2018-31-1-150x150.jpg 150w, http:\/\/commune-loffre.fr\/wp-content\/uploads\/2018\/06\/F\u00eate-\u00e9cole-juin-2018-31-1-180x180.jpg 180w, http:\/\/commune-loffre.fr\/wp-content\/uploads\/2018\/06\/F\u00eate-\u00e9cole-juin-2018-31-1-60x60.jpg 60w\" sizes=\"(max-width: 150px) 100vw, 150px\" \/><\/a>\n\t\t\t<\/dt><\/dl><dl class='gallery-item'>\n\t\t\t<dt class='gallery-icon landscape'>\n\t\t\t\t<a href='http:\/\/commune-loffre.fr\/index.php\/2018\/06\/25\/fete-de-lecole\/fete-ecole-juin-2018-38\/'><img loading=\"lazy\" decoding=\"async\" width=\"150\" height=\"150\" src=\"http:\/\/commune-loffre.fr\/wp-content\/uploads\/2018\/06\/F\u00eate-\u00e9cole-juin-2018-38-1-150x150.jpg\" class=\"attachment-thumbnail size-thumbnail\" alt=\"\" srcset=\"http:\/\/commune-loffre.fr\/wp-content\/uploads\/2018\/06\/F\u00eate-\u00e9cole-juin-2018-38-1-150x150.jpg 150w, http:\/\/commune-loffre.fr\/wp-content\/uploads\/2018\/06\/F\u00eate-\u00e9cole-juin-2018-38-1-180x180.jpg 180w, http:\/\/commune-loffre.fr\/wp-content\/uploads\/2018\/06\/F\u00eate-\u00e9cole-juin-2018-38-1-60x60.jpg 60w\" sizes=\"(max-width: 150px) 100vw, 150px\" \/><\/a>\n\t\t\t<\/dt><\/dl><dl class='gallery-item'>\n\t\t\t<dt class='gallery-icon landscape'>\n\t\t\t\t<a href='http:\/\/commune-loffre.fr\/index.php\/2018\/06\/25\/fete-de-lecole\/fete-ecole-juin-2018-24\/'><img loading=\"lazy\" decoding=\"async\" width=\"150\" height=\"150\" src=\"http:\/\/commune-loffre.fr\/wp-content\/uploads\/2018\/06\/F\u00eate-\u00e9cole-juin-2018-24-1-150x150.jpg\" class=\"attachment-thumbnail size-thumbnail\" alt=\"\" srcset=\"http:\/\/commune-loffre.fr\/wp-content\/uploads\/2018\/06\/F\u00eate-\u00e9cole-juin-2018-24-1-150x150.jpg 150w, http:\/\/commune-loffre.fr\/wp-content\/uploads\/2018\/06\/F\u00eate-\u00e9cole-juin-2018-24-1-180x180.jpg 180w, http:\/\/commune-loffre.fr\/wp-content\/uploads\/2018\/06\/F\u00eate-\u00e9cole-juin-2018-24-1-60x60.jpg 60w\" sizes=\"(max-width: 150px) 100vw, 150px\" \/><\/a>\n\t\t\t<\/dt><\/dl><dl class='gallery-item'>\n\t\t\t<dt class='gallery-icon landscape'>\n\t\t\t\t<a href='http:\/\/commune-loffre.fr\/index.php\/2018\/06\/25\/fete-de-lecole\/fete-ecole-juin-2018-23\/'><img loading=\"lazy\" decoding=\"async\" width=\"150\" height=\"150\" src=\"http:\/\/commune-loffre.fr\/wp-content\/uploads\/2018\/06\/F\u00eate-\u00e9cole-juin-2018-23-1-150x150.jpg\" class=\"attachment-thumbnail size-thumbnail\" alt=\"\" srcset=\"http:\/\/commune-loffre.fr\/wp-content\/uploads\/2018\/06\/F\u00eate-\u00e9cole-juin-2018-23-1-150x150.jpg 150w, http:\/\/commune-loffre.fr\/wp-content\/uploads\/2018\/06\/F\u00eate-\u00e9cole-juin-2018-23-1-180x180.jpg 180w, http:\/\/commune-loffre.fr\/wp-content\/uploads\/2018\/06\/F\u00eate-\u00e9cole-juin-2018-23-1-60x60.jpg 60w\" sizes=\"(max-width: 150px) 100vw, 150px\" \/><\/a>\n\t\t\t<\/dt><\/dl><dl class='gallery-item'>\n\t\t\t<dt class='gallery-icon landscape'>\n\t\t\t\t<a href='http:\/\/commune-loffre.fr\/index.php\/2018\/06\/25\/fete-de-lecole\/fete-ecole-juin-2018-22\/'><img loading=\"lazy\" decoding=\"async\" width=\"150\" height=\"150\" src=\"http:\/\/commune-loffre.fr\/wp-content\/uploads\/2018\/06\/F\u00eate-\u00e9cole-juin-2018-22-1-150x150.jpg\" class=\"attachment-thumbnail size-thumbnail\" alt=\"\" srcset=\"http:\/\/commune-loffre.fr\/wp-content\/uploads\/2018\/06\/F\u00eate-\u00e9cole-juin-2018-22-1-150x150.jpg 150w, http:\/\/commune-loffre.fr\/wp-content\/uploads\/2018\/06\/F\u00eate-\u00e9cole-juin-2018-22-1-180x180.jpg 180w, http:\/\/commune-loffre.fr\/wp-content\/uploads\/2018\/06\/F\u00eate-\u00e9cole-juin-2018-22-1-60x60.jpg 60w\" sizes=\"(max-width: 150px) 100vw, 150px\" \/><\/a>\n\t\t\t<\/dt><\/dl><dl class='gallery-item'>\n\t\t\t<dt class='gallery-icon landscape'>\n\t\t\t\t<a href='http:\/\/commune-loffre.fr\/index.php\/2018\/06\/25\/fete-de-lecole\/fete-ecole-juin-2018-21\/'><img loading=\"lazy\" decoding=\"async\" width=\"150\" height=\"150\" src=\"http:\/\/commune-loffre.fr\/wp-content\/uploads\/2018\/06\/F\u00eate-\u00e9cole-juin-2018-21-1-150x150.jpg\" class=\"attachment-thumbnail size-thumbnail\" alt=\"\" srcset=\"http:\/\/commune-loffre.fr\/wp-content\/uploads\/2018\/06\/F\u00eate-\u00e9cole-juin-2018-21-1-150x150.jpg 150w, http:\/\/commune-loffre.fr\/wp-content\/uploads\/2018\/06\/F\u00eate-\u00e9cole-juin-2018-21-1-180x180.jpg 180w, http:\/\/commune-loffre.fr\/wp-content\/uploads\/2018\/06\/F\u00eate-\u00e9cole-juin-2018-21-1-60x60.jpg 60w\" sizes=\"(max-width: 150px) 100vw, 150px\" \/><\/a>\n\t\t\t<\/dt><\/dl><dl class='gallery-item'>\n\t\t\t<dt class='gallery-icon landscape'>\n\t\t\t\t<a href='http:\/\/commune-loffre.fr\/index.php\/2018\/06\/25\/fete-de-lecole\/fete-ecole-juin-2018-20\/'><img loading=\"lazy\" decoding=\"async\" width=\"150\" height=\"150\" src=\"http:\/\/commune-loffre.fr\/wp-content\/uploads\/2018\/06\/F\u00eate-\u00e9cole-juin-2018-20-1-150x150.jpg\" class=\"attachment-thumbnail size-thumbnail\" alt=\"\" srcset=\"http:\/\/commune-loffre.fr\/wp-content\/uploads\/2018\/06\/F\u00eate-\u00e9cole-juin-2018-20-1-150x150.jpg 150w, http:\/\/commune-loffre.fr\/wp-content\/uploads\/2018\/06\/F\u00eate-\u00e9cole-juin-2018-20-1-180x180.jpg 180w, http:\/\/commune-loffre.fr\/wp-content\/uploads\/2018\/06\/F\u00eate-\u00e9cole-juin-2018-20-1-60x60.jpg 60w\" sizes=\"(max-width: 150px) 100vw, 150px\" \/><\/a>\n\t\t\t<\/dt><\/dl><dl class='gallery-item'>\n\t\t\t<dt class='gallery-icon landscape'>\n\t\t\t\t<a href='http:\/\/commune-loffre.fr\/index.php\/2018\/06\/25\/fete-de-lecole\/fete-ecole-juin-2018-19\/'><img loading=\"lazy\" decoding=\"async\" width=\"150\" height=\"150\" src=\"http:\/\/commune-loffre.fr\/wp-content\/uploads\/2018\/06\/F\u00eate-\u00e9cole-juin-2018-19-1-150x150.jpg\" class=\"attachment-thumbnail size-thumbnail\" alt=\"\" srcset=\"http:\/\/commune-loffre.fr\/wp-content\/uploads\/2018\/06\/F\u00eate-\u00e9cole-juin-2018-19-1-150x150.jpg 150w, http:\/\/commune-loffre.fr\/wp-content\/uploads\/2018\/06\/F\u00eate-\u00e9cole-juin-2018-19-1-180x180.jpg 180w, http:\/\/commune-loffre.fr\/wp-content\/uploads\/2018\/06\/F\u00eate-\u00e9cole-juin-2018-19-1-60x60.jpg 60w\" sizes=\"(max-width: 150px) 100vw, 150px\" \/><\/a>\n\t\t\t<\/dt><\/dl><br style=\"clear: both\" \/><dl class='gallery-item'>\n\t\t\t<dt class='gallery-icon landscape'>\n\t\t\t\t<a href='http:\/\/commune-loffre.fr\/index.php\/2018\/06\/25\/fete-de-lecole\/fete-ecole-juin-2018-18\/'><img loading=\"lazy\" decoding=\"async\" width=\"150\" height=\"150\" src=\"http:\/\/commune-loffre.fr\/wp-content\/uploads\/2018\/06\/F\u00eate-\u00e9cole-juin-2018-18-1-150x150.jpg\" class=\"attachment-thumbnail size-thumbnail\" alt=\"\" srcset=\"http:\/\/commune-loffre.fr\/wp-content\/uploads\/2018\/06\/F\u00eate-\u00e9cole-juin-2018-18-1-150x150.jpg 150w, http:\/\/commune-loffre.fr\/wp-content\/uploads\/2018\/06\/F\u00eate-\u00e9cole-juin-2018-18-1-180x180.jpg 180w, http:\/\/commune-loffre.fr\/wp-content\/uploads\/2018\/06\/F\u00eate-\u00e9cole-juin-2018-18-1-60x60.jpg 60w\" sizes=\"(max-width: 150px) 100vw, 150px\" \/><\/a>\n\t\t\t<\/dt><\/dl><dl class='gallery-item'>\n\t\t\t<dt class='gallery-icon landscape'>\n\t\t\t\t<a href='http:\/\/commune-loffre.fr\/index.php\/2018\/06\/25\/fete-de-lecole\/fete-ecole-juin-2018-11\/'><img loading=\"lazy\" decoding=\"async\" width=\"150\" height=\"150\" src=\"http:\/\/commune-loffre.fr\/wp-content\/uploads\/2018\/06\/F\u00eate-\u00e9cole-juin-2018-11-1-150x150.jpg\" class=\"attachment-thumbnail size-thumbnail\" alt=\"\" srcset=\"http:\/\/commune-loffre.fr\/wp-content\/uploads\/2018\/06\/F\u00eate-\u00e9cole-juin-2018-11-1-150x150.jpg 150w, http:\/\/commune-loffre.fr\/wp-content\/uploads\/2018\/06\/F\u00eate-\u00e9cole-juin-2018-11-1-180x180.jpg 180w, http:\/\/commune-loffre.fr\/wp-content\/uploads\/2018\/06\/F\u00eate-\u00e9cole-juin-2018-11-1-60x60.jpg 60w\" sizes=\"(max-width: 150px) 100vw, 150px\" \/><\/a>\n\t\t\t<\/dt><\/dl><dl class='gallery-item'>\n\t\t\t<dt class='gallery-icon landscape'>\n\t\t\t\t<a href='http:\/\/commune-loffre.fr\/index.php\/2018\/06\/25\/fete-de-lecole\/fete-ecole-juin-2018-12\/'><img loading=\"lazy\" decoding=\"async\" width=\"150\" height=\"150\" src=\"http:\/\/commune-loffre.fr\/wp-content\/uploads\/2018\/06\/F\u00eate-\u00e9cole-juin-2018-12-1-150x150.jpg\" class=\"attachment-thumbnail size-thumbnail\" alt=\"\" srcset=\"http:\/\/commune-loffre.fr\/wp-content\/uploads\/2018\/06\/F\u00eate-\u00e9cole-juin-2018-12-1-150x150.jpg 150w, http:\/\/commune-loffre.fr\/wp-content\/uploads\/2018\/06\/F\u00eate-\u00e9cole-juin-2018-12-1-180x180.jpg 180w, http:\/\/commune-loffre.fr\/wp-content\/uploads\/2018\/06\/F\u00eate-\u00e9cole-juin-2018-12-1-60x60.jpg 60w\" sizes=\"(max-width: 150px) 100vw, 150px\" \/><\/a>\n\t\t\t<\/dt><\/dl><dl class='gallery-item'>\n\t\t\t<dt class='gallery-icon landscape'>\n\t\t\t\t<a href='http:\/\/commune-loffre.fr\/index.php\/2018\/06\/25\/fete-de-lecole\/fete-ecole-juin-2018-13\/'><img loading=\"lazy\" decoding=\"async\" width=\"150\" height=\"150\" src=\"http:\/\/commune-loffre.fr\/wp-content\/uploads\/2018\/06\/F\u00eate-\u00e9cole-juin-2018-13-1-150x150.jpg\" class=\"attachment-thumbnail size-thumbnail\" alt=\"\" srcset=\"http:\/\/commune-loffre.fr\/wp-content\/uploads\/2018\/06\/F\u00eate-\u00e9cole-juin-2018-13-1-150x150.jpg 150w, http:\/\/commune-loffre.fr\/wp-content\/uploads\/2018\/06\/F\u00eate-\u00e9cole-juin-2018-13-1-180x180.jpg 180w, http:\/\/commune-loffre.fr\/wp-content\/uploads\/2018\/06\/F\u00eate-\u00e9cole-juin-2018-13-1-60x60.jpg 60w\" sizes=\"(max-width: 150px) 100vw, 150px\" \/><\/a>\n\t\t\t<\/dt><\/dl><dl class='gallery-item'>\n\t\t\t<dt class='gallery-icon landscape'>\n\t\t\t\t<a href='http:\/\/commune-loffre.fr\/index.php\/2018\/06\/25\/fete-de-lecole\/fete-ecole-juin-2018-14\/'><img loading=\"lazy\" decoding=\"async\" width=\"150\" height=\"150\" src=\"http:\/\/commune-loffre.fr\/wp-content\/uploads\/2018\/06\/F\u00eate-\u00e9cole-juin-2018-14-1-150x150.jpg\" class=\"attachment-thumbnail size-thumbnail\" alt=\"\" srcset=\"http:\/\/commune-loffre.fr\/wp-content\/uploads\/2018\/06\/F\u00eate-\u00e9cole-juin-2018-14-1-150x150.jpg 150w, http:\/\/commune-loffre.fr\/wp-content\/uploads\/2018\/06\/F\u00eate-\u00e9cole-juin-2018-14-1-180x180.jpg 180w, http:\/\/commune-loffre.fr\/wp-content\/uploads\/2018\/06\/F\u00eate-\u00e9cole-juin-2018-14-1-60x60.jpg 60w\" sizes=\"(max-width: 150px) 100vw, 150px\" \/><\/a>\n\t\t\t<\/dt><\/dl><dl class='gallery-item'>\n\t\t\t<dt class='gallery-icon landscape'>\n\t\t\t\t<a href='http:\/\/commune-loffre.fr\/index.php\/2018\/06\/25\/fete-de-lecole\/fete-ecole-juin-2018-15\/'><img loading=\"lazy\" decoding=\"async\" width=\"150\" height=\"150\" src=\"http:\/\/commune-loffre.fr\/wp-content\/uploads\/2018\/06\/F\u00eate-\u00e9cole-juin-2018-15-1-150x150.jpg\" class=\"attachment-thumbnail size-thumbnail\" alt=\"\" srcset=\"http:\/\/commune-loffre.fr\/wp-content\/uploads\/2018\/06\/F\u00eate-\u00e9cole-juin-2018-15-1-150x150.jpg 150w, http:\/\/commune-loffre.fr\/wp-content\/uploads\/2018\/06\/F\u00eate-\u00e9cole-juin-2018-15-1-180x180.jpg 180w, http:\/\/commune-loffre.fr\/wp-content\/uploads\/2018\/06\/F\u00eate-\u00e9cole-juin-2018-15-1-60x60.jpg 60w\" sizes=\"(max-width: 150px) 100vw, 150px\" \/><\/a>\n\t\t\t<\/dt><\/dl><dl class='gallery-item'>\n\t\t\t<dt class='gallery-icon landscape'>\n\t\t\t\t<a href='http:\/\/commune-loffre.fr\/index.php\/2018\/06\/25\/fete-de-lecole\/fete-ecole-juin-2018-16\/'><img loading=\"lazy\" decoding=\"async\" width=\"150\" height=\"150\" src=\"http:\/\/commune-loffre.fr\/wp-content\/uploads\/2018\/06\/F\u00eate-\u00e9cole-juin-2018-16-1-150x150.jpg\" class=\"attachment-thumbnail size-thumbnail\" alt=\"\" srcset=\"http:\/\/commune-loffre.fr\/wp-content\/uploads\/2018\/06\/F\u00eate-\u00e9cole-juin-2018-16-1-150x150.jpg 150w, http:\/\/commune-loffre.fr\/wp-content\/uploads\/2018\/06\/F\u00eate-\u00e9cole-juin-2018-16-1-180x180.jpg 180w, http:\/\/commune-loffre.fr\/wp-content\/uploads\/2018\/06\/F\u00eate-\u00e9cole-juin-2018-16-1-60x60.jpg 60w\" sizes=\"(max-width: 150px) 100vw, 150px\" \/><\/a>\n\t\t\t<\/dt><\/dl><dl class='gallery-item'>\n\t\t\t<dt class='gallery-icon landscape'>\n\t\t\t\t<a href='http:\/\/commune-loffre.fr\/index.php\/2018\/06\/25\/fete-de-lecole\/fete-ecole-juin-2018-17\/'><img loading=\"lazy\" decoding=\"async\" width=\"150\" height=\"150\" src=\"http:\/\/commune-loffre.fr\/wp-content\/uploads\/2018\/06\/F\u00eate-\u00e9cole-juin-2018-17-1-150x150.jpg\" class=\"attachment-thumbnail size-thumbnail\" alt=\"\" srcset=\"http:\/\/commune-loffre.fr\/wp-content\/uploads\/2018\/06\/F\u00eate-\u00e9cole-juin-2018-17-1-150x150.jpg 150w, http:\/\/commune-loffre.fr\/wp-content\/uploads\/2018\/06\/F\u00eate-\u00e9cole-juin-2018-17-1-180x180.jpg 180w, http:\/\/commune-loffre.fr\/wp-content\/uploads\/2018\/06\/F\u00eate-\u00e9cole-juin-2018-17-1-60x60.jpg 60w\" sizes=\"(max-width: 150px) 100vw, 150px\" \/><\/a>\n\t\t\t<\/dt><\/dl><dl class='gallery-item'>\n\t\t\t<dt class='gallery-icon landscape'>\n\t\t\t\t<a href='http:\/\/commune-loffre.fr\/index.php\/2018\/06\/25\/fete-de-lecole\/fete-ecole-juin-2018-10\/'><img loading=\"lazy\" decoding=\"async\" width=\"150\" height=\"150\" src=\"http:\/\/commune-loffre.fr\/wp-content\/uploads\/2018\/06\/F\u00eate-\u00e9cole-juin-2018-10-1-150x150.jpg\" class=\"attachment-thumbnail size-thumbnail\" alt=\"\" srcset=\"http:\/\/commune-loffre.fr\/wp-content\/uploads\/2018\/06\/F\u00eate-\u00e9cole-juin-2018-10-1-150x150.jpg 150w, http:\/\/commune-loffre.fr\/wp-content\/uploads\/2018\/06\/F\u00eate-\u00e9cole-juin-2018-10-1-180x180.jpg 180w, http:\/\/commune-loffre.fr\/wp-content\/uploads\/2018\/06\/F\u00eate-\u00e9cole-juin-2018-10-1-60x60.jpg 60w\" sizes=\"(max-width: 150px) 100vw, 150px\" \/><\/a>\n\t\t\t<\/dt><\/dl><br style=\"clear: both\" \/><dl class='gallery-item'>\n\t\t\t<dt class='gallery-icon landscape'>\n\t\t\t\t<a href='http:\/\/commune-loffre.fr\/index.php\/2018\/06\/25\/fete-de-lecole\/fete-ecole-juin-2018-9\/'><img loading=\"lazy\" decoding=\"async\" width=\"150\" height=\"150\" src=\"http:\/\/commune-loffre.fr\/wp-content\/uploads\/2018\/06\/F\u00eate-\u00e9cole-juin-2018-9-1-150x150.jpg\" class=\"attachment-thumbnail size-thumbnail\" alt=\"\" srcset=\"http:\/\/commune-loffre.fr\/wp-content\/uploads\/2018\/06\/F\u00eate-\u00e9cole-juin-2018-9-1-150x150.jpg 150w, http:\/\/commune-loffre.fr\/wp-content\/uploads\/2018\/06\/F\u00eate-\u00e9cole-juin-2018-9-1-180x180.jpg 180w, http:\/\/commune-loffre.fr\/wp-content\/uploads\/2018\/06\/F\u00eate-\u00e9cole-juin-2018-9-1-60x60.jpg 60w\" sizes=\"(max-width: 150px) 100vw, 150px\" \/><\/a>\n\t\t\t<\/dt><\/dl><dl class='gallery-item'>\n\t\t\t<dt class='gallery-icon landscape'>\n\t\t\t\t<a href='http:\/\/commune-loffre.fr\/index.php\/2018\/06\/25\/fete-de-lecole\/fete-ecole-juin-2018-8\/'><img loading=\"lazy\" decoding=\"async\" width=\"150\" height=\"150\" src=\"http:\/\/commune-loffre.fr\/wp-content\/uploads\/2018\/06\/F\u00eate-\u00e9cole-juin-2018-8-1-150x150.jpg\" class=\"attachment-thumbnail size-thumbnail\" alt=\"\" srcset=\"http:\/\/commune-loffre.fr\/wp-content\/uploads\/2018\/06\/F\u00eate-\u00e9cole-juin-2018-8-1-150x150.jpg 150w, http:\/\/commune-loffre.fr\/wp-content\/uploads\/2018\/06\/F\u00eate-\u00e9cole-juin-2018-8-1-180x180.jpg 180w, http:\/\/commune-loffre.fr\/wp-content\/uploads\/2018\/06\/F\u00eate-\u00e9cole-juin-2018-8-1-60x60.jpg 60w\" sizes=\"(max-width: 150px) 100vw, 150px\" \/><\/a>\n\t\t\t<\/dt><\/dl><dl class='gallery-item'>\n\t\t\t<dt class='gallery-icon landscape'>\n\t\t\t\t<a href='http:\/\/commune-loffre.fr\/index.php\/2018\/06\/25\/fete-de-lecole\/fete-ecole-juin-2018-7\/'><img loading=\"lazy\" decoding=\"async\" width=\"150\" height=\"150\" src=\"http:\/\/commune-loffre.fr\/wp-content\/uploads\/2018\/06\/F\u00eate-\u00e9cole-juin-2018-7-1-150x150.jpg\" class=\"attachment-thumbnail size-thumbnail\" alt=\"\" srcset=\"http:\/\/commune-loffre.fr\/wp-content\/uploads\/2018\/06\/F\u00eate-\u00e9cole-juin-2018-7-1-150x150.jpg 150w, http:\/\/commune-loffre.fr\/wp-content\/uploads\/2018\/06\/F\u00eate-\u00e9cole-juin-2018-7-1-180x180.jpg 180w, http:\/\/commune-loffre.fr\/wp-content\/uploads\/2018\/06\/F\u00eate-\u00e9cole-juin-2018-7-1-60x60.jpg 60w\" sizes=\"(max-width: 150px) 100vw, 150px\" \/><\/a>\n\t\t\t<\/dt><\/dl><dl class='gallery-item'>\n\t\t\t<dt class='gallery-icon landscape'>\n\t\t\t\t<a href='http:\/\/commune-loffre.fr\/index.php\/2018\/06\/25\/fete-de-lecole\/fete-ecole-juin-2018-6\/'><img loading=\"lazy\" decoding=\"async\" width=\"150\" height=\"150\" src=\"http:\/\/commune-loffre.fr\/wp-content\/uploads\/2018\/06\/F\u00eate-\u00e9cole-juin-2018-6-1-150x150.jpg\" class=\"attachment-thumbnail size-thumbnail\" alt=\"\" srcset=\"http:\/\/commune-loffre.fr\/wp-content\/uploads\/2018\/06\/F\u00eate-\u00e9cole-juin-2018-6-1-150x150.jpg 150w, http:\/\/commune-loffre.fr\/wp-content\/uploads\/2018\/06\/F\u00eate-\u00e9cole-juin-2018-6-1-180x180.jpg 180w, http:\/\/commune-loffre.fr\/wp-content\/uploads\/2018\/06\/F\u00eate-\u00e9cole-juin-2018-6-1-60x60.jpg 60w\" sizes=\"(max-width: 150px) 100vw, 150px\" \/><\/a>\n\t\t\t<\/dt><\/dl><dl class='gallery-item'>\n\t\t\t<dt class='gallery-icon landscape'>\n\t\t\t\t<a href='http:\/\/commune-loffre.fr\/index.php\/2018\/06\/25\/fete-de-lecole\/fete-ecole-juin-2018-5\/'><img loading=\"lazy\" decoding=\"async\" width=\"150\" height=\"150\" src=\"http:\/\/commune-loffre.fr\/wp-content\/uploads\/2018\/06\/F\u00eate-\u00e9cole-juin-2018-5-1-150x150.jpg\" class=\"attachment-thumbnail size-thumbnail\" alt=\"\" srcset=\"http:\/\/commune-loffre.fr\/wp-content\/uploads\/2018\/06\/F\u00eate-\u00e9cole-juin-2018-5-1-150x150.jpg 150w, http:\/\/commune-loffre.fr\/wp-content\/uploads\/2018\/06\/F\u00eate-\u00e9cole-juin-2018-5-1-180x180.jpg 180w, http:\/\/commune-loffre.fr\/wp-content\/uploads\/2018\/06\/F\u00eate-\u00e9cole-juin-2018-5-1-60x60.jpg 60w\" sizes=\"(max-width: 150px) 100vw, 150px\" \/><\/a>\n\t\t\t<\/dt><\/dl><dl class='gallery-item'>\n\t\t\t<dt class='gallery-icon landscape'>\n\t\t\t\t<a href='http:\/\/commune-loffre.fr\/index.php\/2018\/06\/25\/fete-de-lecole\/fete-ecole-juin-2018-4\/'><img loading=\"lazy\" decoding=\"async\" width=\"150\" height=\"150\" src=\"http:\/\/commune-loffre.fr\/wp-content\/uploads\/2018\/06\/F\u00eate-\u00e9cole-juin-2018-4-1-150x150.jpg\" class=\"attachment-thumbnail size-thumbnail\" alt=\"\" srcset=\"http:\/\/commune-loffre.fr\/wp-content\/uploads\/2018\/06\/F\u00eate-\u00e9cole-juin-2018-4-1-150x150.jpg 150w, http:\/\/commune-loffre.fr\/wp-content\/uploads\/2018\/06\/F\u00eate-\u00e9cole-juin-2018-4-1-180x180.jpg 180w, http:\/\/commune-loffre.fr\/wp-content\/uploads\/2018\/06\/F\u00eate-\u00e9cole-juin-2018-4-1-60x60.jpg 60w\" sizes=\"(max-width: 150px) 100vw, 150px\" \/><\/a>\n\t\t\t<\/dt><\/dl><dl class='gallery-item'>\n\t\t\t<dt class='gallery-icon landscape'>\n\t\t\t\t<a href='http:\/\/commune-loffre.fr\/index.php\/2018\/06\/25\/fete-de-lecole\/fete-ecole-juin-2018-3\/'><img loading=\"lazy\" decoding=\"async\" width=\"150\" height=\"150\" src=\"http:\/\/commune-loffre.fr\/wp-content\/uploads\/2018\/06\/F\u00eate-\u00e9cole-juin-2018-3-1-150x150.jpg\" class=\"attachment-thumbnail size-thumbnail\" alt=\"\" srcset=\"http:\/\/commune-loffre.fr\/wp-content\/uploads\/2018\/06\/F\u00eate-\u00e9cole-juin-2018-3-1-150x150.jpg 150w, http:\/\/commune-loffre.fr\/wp-content\/uploads\/2018\/06\/F\u00eate-\u00e9cole-juin-2018-3-1-180x180.jpg 180w, http:\/\/commune-loffre.fr\/wp-content\/uploads\/2018\/06\/F\u00eate-\u00e9cole-juin-2018-3-1-60x60.jpg 60w\" sizes=\"(max-width: 150px) 100vw, 150px\" \/><\/a>\n\t\t\t<\/dt><\/dl><dl class='gallery-item'>\n\t\t\t<dt class='gallery-icon landscape'>\n\t\t\t\t<a href='http:\/\/commune-loffre.fr\/index.php\/2018\/06\/25\/fete-de-lecole\/fete-ecole-juin-2018-2\/'><img loading=\"lazy\" decoding=\"async\" width=\"150\" height=\"150\" src=\"http:\/\/commune-loffre.fr\/wp-content\/uploads\/2018\/06\/F\u00eate-\u00e9cole-juin-2018-2-1-150x150.jpg\" class=\"attachment-thumbnail size-thumbnail\" alt=\"\" srcset=\"http:\/\/commune-loffre.fr\/wp-content\/uploads\/2018\/06\/F\u00eate-\u00e9cole-juin-2018-2-1-150x150.jpg 150w, http:\/\/commune-loffre.fr\/wp-content\/uploads\/2018\/06\/F\u00eate-\u00e9cole-juin-2018-2-1-180x180.jpg 180w, http:\/\/commune-loffre.fr\/wp-content\/uploads\/2018\/06\/F\u00eate-\u00e9cole-juin-2018-2-1-60x60.jpg 60w\" sizes=\"(max-width: 150px) 100vw, 150px\" \/><\/a>\n\t\t\t<\/dt><\/dl><dl class='gallery-item'>\n\t\t\t<dt class='gallery-icon landscape'>\n\t\t\t\t<a href='http:\/\/commune-loffre.fr\/index.php\/2018\/06\/25\/fete-de-lecole\/fete-ecole-juin-2018-1\/'><img loading=\"lazy\" decoding=\"async\" width=\"150\" height=\"150\" src=\"http:\/\/commune-loffre.fr\/wp-content\/uploads\/2018\/06\/F\u00eate-\u00e9cole-juin-2018-1-1-150x150.jpg\" class=\"attachment-thumbnail size-thumbnail\" alt=\"\" srcset=\"http:\/\/commune-loffre.fr\/wp-content\/uploads\/2018\/06\/F\u00eate-\u00e9cole-juin-2018-1-1-150x150.jpg 150w, http:\/\/commune-loffre.fr\/wp-content\/uploads\/2018\/06\/F\u00eate-\u00e9cole-juin-2018-1-1-180x180.jpg 180w, http:\/\/commune-loffre.fr\/wp-content\/uploads\/2018\/06\/F\u00eate-\u00e9cole-juin-2018-1-1-60x60.jpg 60w\" sizes=\"(max-width: 150px) 100vw, 150px\" \/><\/a>\n\t\t\t<\/dt><\/dl><br style=\"clear: both\" \/>\n\t\t<\/div>\n\n<p>Avant celui-ci, de 16 h 30 \u00e0 18 h30, les enfants ont pu profiter de jeux et de structures gonflables mis en place par les mamans de l\u2019APE. Apr\u00e8s ce moment de d\u00e9tente, les enfants, par\u00e9s de leurs jolis costumes de sc\u00e8ne, ont d\u00e9but\u00e9 leur repr\u00e9sentation de danses sur de la musique POP\u00a0!<\/p>\n<p>Les mamans de l\u2019APE avaient \u00e9galement pr\u00e9vu une restauration rapide sur place.<\/p>\n<p>Apr\u00e8s le spectacle, le conseil municipal a remis \u00e0 l\u2019ensemble des enfants des livres et pour ceux rentrant au coll\u00e8ge un dictionnaire et une parure de stylo en plus des livres.<\/p>\n<p>La municipalit\u00e9 remercie les enfants, l\u2019association des parents d\u2019\u00e9l\u00e8ves, le corps enseignant ainsi que les b\u00e9n\u00e9voles pour l\u2019organisation de cette f\u00eate.<\/p>\n","protected":false},"excerpt":{"rendered":"<p>Comme chaque ann\u00e9e, l\u2019association des parents d\u2019\u00e9l\u00e8ves de l\u2019\u00e9cole avait invit\u00e9 les parents et grands-parents au spectacle de fin d\u2019ann\u00e9e, le vendredi 22 juin. Avant celui-ci, de 16 h 30&#8230; <a href=\"http:\/\/commune-loffre.fr\/index.php\/2018\/06\/25\/fete-de-lecole\/\">Read more &raquo;<\/a><\/p>\n","protected":false},"author":1,"featured_media":3638,"comment_status":"closed","ping_status":"closed","sticky":false,"template":"","format":"standard","meta":{"footnotes":""},"categories":[10],"tags":[],"_links":{"self":[{"href":"http:\/\/commune-loffre.fr\/index.php\/wp-json\/wp\/v2\/posts\/3543"}],"collection":[{"href":"http:\/\/commune-loffre.fr\/index.php\/wp-json\/wp\/v2\/posts"}],"about":[{"href":"http:\/\/commune-loffre.fr\/index.php\/wp-json\/wp\/v2\/types\/post"}],"author":[{"embeddable":true,"href":"http:\/\/commune-loffre.fr\/index.php\/wp-json\/wp\/v2\/users\/1"}],"replies":[{"embeddable":true,"href":"http:\/\/commune-loffre.fr\/index.php\/wp-json\/wp\/v2\/comments?post=3543"}],"version-history":[{"count":1,"href":"http:\/\/commune-loffre.fr\/index.php\/wp-json\/wp\/v2\/posts\/3543\/revisions"}],"predecessor-version":[{"id":3679,"href":"http:\/\/commune-loffre.fr\/index.php\/wp-json\/wp\/v2\/posts\/3543\/revisions\/3679"}],"wp:featuredmedia":[{"embeddable":true,"href":"http:\/\/commune-loffre.fr\/index.php\/wp-json\/wp\/v2\/media\/3638"}],"wp:attachment":[{"href":"http:\/\/commune-loffre.fr\/index.php\/wp-json\/wp\/v2\/media?parent=3543"}],"wp:term":[{"taxonomy":"category","embeddable":true,"href":"http:\/\/commune-loffre.fr\/index.php\/wp-json\/wp\/v2\/categories?post=3543"},{"taxonomy":"post_tag","embeddable":true,"href":"http:\/\/commune-loffre.fr\/index.php\/wp-json\/wp\/v2\/tags?post=3543"}],"curies":[{"name":"wp","href":"https:\/\/api.w.org\/{rel}","templated":true}]}}