{"id":3525,"date":"2018-06-25T10:55:45","date_gmt":"2018-06-25T09:55:45","guid":{"rendered":"http:\/\/commune-loffre.fr\/?p=3525"},"modified":"2018-06-25T10:55:45","modified_gmt":"2018-06-25T09:55:45","slug":"bal-des-sheriff-on-fire","status":"publish","type":"post","link":"http:\/\/commune-loffre.fr\/index.php\/2018\/06\/25\/bal-des-sheriff-on-fire\/","title":{"rendered":"Bal des Sheriff on Fire"},"content":{"rendered":"<p>Le samedi 23 juin de 18 h 30 \u00e0 minuit \u00e0 la salle polyvalente de Loffre s\u2019est d\u00e9roul\u00e9 le bal de danses country organis\u00e9 par l\u2019association les sheriff On Fire.<\/p>\n\n\t\t<style type=\"text\/css\">\n\t\t\t#gallery-1 {\n\t\t\t\tmargin: auto;\n\t\t\t}\n\t\t\t#gallery-1 .gallery-item {\n\t\t\t\tfloat: left;\n\t\t\t\tmargin-top: 10px;\n\t\t\t\ttext-align: center;\n\t\t\t\twidth: 12%;\n\t\t\t}\n\t\t\t#gallery-1 img {\n\t\t\t\tborder: 2px solid #cfcfcf;\n\t\t\t}\n\t\t\t#gallery-1 .gallery-caption {\n\t\t\t\tmargin-left: 0;\n\t\t\t}\n\t\t\t\/* see gallery_shortcode() in wp-includes\/media.php *\/\n\t\t<\/style>\n\t\t<div id='gallery-1' class='gallery galleryid-3525 gallery-columns-8 gallery-size-thumbnail'><dl class='gallery-item'>\n\t\t\t<dt class='gallery-icon landscape'>\n\t\t\t\t<a href='http:\/\/commune-loffre.fr\/index.php\/2018\/06\/25\/bal-des-sheriff-on-fire\/sheriff-on-fire-juin-2018-1\/'><img loading=\"lazy\" decoding=\"async\" width=\"150\" height=\"150\" src=\"http:\/\/commune-loffre.fr\/wp-content\/uploads\/2018\/06\/Sheriff-on-Fire-Juin-2018-1-150x150.jpg\" class=\"attachment-thumbnail size-thumbnail\" alt=\"\" srcset=\"http:\/\/commune-loffre.fr\/wp-content\/uploads\/2018\/06\/Sheriff-on-Fire-Juin-2018-1-150x150.jpg 150w, http:\/\/commune-loffre.fr\/wp-content\/uploads\/2018\/06\/Sheriff-on-Fire-Juin-2018-1-180x180.jpg 180w, http:\/\/commune-loffre.fr\/wp-content\/uploads\/2018\/06\/Sheriff-on-Fire-Juin-2018-1-60x60.jpg 60w\" sizes=\"(max-width: 150px) 100vw, 150px\" \/><\/a>\n\t\t\t<\/dt><\/dl><dl class='gallery-item'>\n\t\t\t<dt class='gallery-icon landscape'>\n\t\t\t\t<a href='http:\/\/commune-loffre.fr\/index.php\/2018\/06\/25\/bal-des-sheriff-on-fire\/sheriff-on-fire-juin-2018-2\/'><img loading=\"lazy\" decoding=\"async\" width=\"150\" height=\"150\" src=\"http:\/\/commune-loffre.fr\/wp-content\/uploads\/2018\/06\/Sheriff-on-Fire-Juin-2018-2-150x150.jpg\" class=\"attachment-thumbnail size-thumbnail\" alt=\"\" srcset=\"http:\/\/commune-loffre.fr\/wp-content\/uploads\/2018\/06\/Sheriff-on-Fire-Juin-2018-2-150x150.jpg 150w, http:\/\/commune-loffre.fr\/wp-content\/uploads\/2018\/06\/Sheriff-on-Fire-Juin-2018-2-180x180.jpg 180w, http:\/\/commune-loffre.fr\/wp-content\/uploads\/2018\/06\/Sheriff-on-Fire-Juin-2018-2-60x60.jpg 60w\" sizes=\"(max-width: 150px) 100vw, 150px\" \/><\/a>\n\t\t\t<\/dt><\/dl><dl class='gallery-item'>\n\t\t\t<dt class='gallery-icon landscape'>\n\t\t\t\t<a href='http:\/\/commune-loffre.fr\/index.php\/2018\/06\/25\/bal-des-sheriff-on-fire\/sheriff-on-fire-juin-2018-3\/'><img loading=\"lazy\" decoding=\"async\" width=\"150\" height=\"150\" src=\"http:\/\/commune-loffre.fr\/wp-content\/uploads\/2018\/06\/Sheriff-on-Fire-Juin-2018-3-150x150.jpg\" class=\"attachment-thumbnail size-thumbnail\" alt=\"\" srcset=\"http:\/\/commune-loffre.fr\/wp-content\/uploads\/2018\/06\/Sheriff-on-Fire-Juin-2018-3-150x150.jpg 150w, http:\/\/commune-loffre.fr\/wp-content\/uploads\/2018\/06\/Sheriff-on-Fire-Juin-2018-3-180x180.jpg 180w, http:\/\/commune-loffre.fr\/wp-content\/uploads\/2018\/06\/Sheriff-on-Fire-Juin-2018-3-60x60.jpg 60w\" sizes=\"(max-width: 150px) 100vw, 150px\" \/><\/a>\n\t\t\t<\/dt><\/dl><dl class='gallery-item'>\n\t\t\t<dt class='gallery-icon landscape'>\n\t\t\t\t<a href='http:\/\/commune-loffre.fr\/index.php\/2018\/06\/25\/bal-des-sheriff-on-fire\/sheriff-on-fire-juin-2018-4\/'><img loading=\"lazy\" decoding=\"async\" width=\"150\" height=\"150\" src=\"http:\/\/commune-loffre.fr\/wp-content\/uploads\/2018\/06\/Sheriff-on-Fire-Juin-2018-4-150x150.jpg\" class=\"attachment-thumbnail size-thumbnail\" alt=\"\" srcset=\"http:\/\/commune-loffre.fr\/wp-content\/uploads\/2018\/06\/Sheriff-on-Fire-Juin-2018-4-150x150.jpg 150w, http:\/\/commune-loffre.fr\/wp-content\/uploads\/2018\/06\/Sheriff-on-Fire-Juin-2018-4-180x180.jpg 180w, http:\/\/commune-loffre.fr\/wp-content\/uploads\/2018\/06\/Sheriff-on-Fire-Juin-2018-4-60x60.jpg 60w\" sizes=\"(max-width: 150px) 100vw, 150px\" \/><\/a>\n\t\t\t<\/dt><\/dl><dl class='gallery-item'>\n\t\t\t<dt class='gallery-icon landscape'>\n\t\t\t\t<a href='http:\/\/commune-loffre.fr\/index.php\/2018\/06\/25\/bal-des-sheriff-on-fire\/sheriff-on-fire-juin-2018-5\/'><img loading=\"lazy\" decoding=\"async\" width=\"150\" height=\"150\" src=\"http:\/\/commune-loffre.fr\/wp-content\/uploads\/2018\/06\/Sheriff-on-Fire-Juin-2018-5-150x150.jpg\" class=\"attachment-thumbnail size-thumbnail\" alt=\"\" srcset=\"http:\/\/commune-loffre.fr\/wp-content\/uploads\/2018\/06\/Sheriff-on-Fire-Juin-2018-5-150x150.jpg 150w, http:\/\/commune-loffre.fr\/wp-content\/uploads\/2018\/06\/Sheriff-on-Fire-Juin-2018-5-180x180.jpg 180w, http:\/\/commune-loffre.fr\/wp-content\/uploads\/2018\/06\/Sheriff-on-Fire-Juin-2018-5-60x60.jpg 60w\" sizes=\"(max-width: 150px) 100vw, 150px\" \/><\/a>\n\t\t\t<\/dt><\/dl><dl class='gallery-item'>\n\t\t\t<dt class='gallery-icon landscape'>\n\t\t\t\t<a href='http:\/\/commune-loffre.fr\/index.php\/2018\/06\/25\/bal-des-sheriff-on-fire\/sheriff-on-fire-juin-2018-6\/'><img loading=\"lazy\" decoding=\"async\" width=\"150\" height=\"150\" src=\"http:\/\/commune-loffre.fr\/wp-content\/uploads\/2018\/06\/Sheriff-on-Fire-Juin-2018-6-150x150.jpg\" class=\"attachment-thumbnail size-thumbnail\" alt=\"\" srcset=\"http:\/\/commune-loffre.fr\/wp-content\/uploads\/2018\/06\/Sheriff-on-Fire-Juin-2018-6-150x150.jpg 150w, http:\/\/commune-loffre.fr\/wp-content\/uploads\/2018\/06\/Sheriff-on-Fire-Juin-2018-6-180x180.jpg 180w, http:\/\/commune-loffre.fr\/wp-content\/uploads\/2018\/06\/Sheriff-on-Fire-Juin-2018-6-60x60.jpg 60w\" sizes=\"(max-width: 150px) 100vw, 150px\" \/><\/a>\n\t\t\t<\/dt><\/dl><dl class='gallery-item'>\n\t\t\t<dt class='gallery-icon landscape'>\n\t\t\t\t<a href='http:\/\/commune-loffre.fr\/index.php\/2018\/06\/25\/bal-des-sheriff-on-fire\/sheriff-on-fire-juin-2018-7\/'><img loading=\"lazy\" decoding=\"async\" width=\"150\" height=\"150\" src=\"http:\/\/commune-loffre.fr\/wp-content\/uploads\/2018\/06\/Sheriff-on-Fire-Juin-2018-7-150x150.jpg\" class=\"attachment-thumbnail size-thumbnail\" alt=\"\" srcset=\"http:\/\/commune-loffre.fr\/wp-content\/uploads\/2018\/06\/Sheriff-on-Fire-Juin-2018-7-150x150.jpg 150w, http:\/\/commune-loffre.fr\/wp-content\/uploads\/2018\/06\/Sheriff-on-Fire-Juin-2018-7-180x180.jpg 180w, http:\/\/commune-loffre.fr\/wp-content\/uploads\/2018\/06\/Sheriff-on-Fire-Juin-2018-7-60x60.jpg 60w\" sizes=\"(max-width: 150px) 100vw, 150px\" \/><\/a>\n\t\t\t<\/dt><\/dl><dl class='gallery-item'>\n\t\t\t<dt class='gallery-icon landscape'>\n\t\t\t\t<a href='http:\/\/commune-loffre.fr\/index.php\/2018\/06\/25\/bal-des-sheriff-on-fire\/sheriff-on-fire-juin-2018-8\/'><img loading=\"lazy\" decoding=\"async\" width=\"150\" height=\"150\" src=\"http:\/\/commune-loffre.fr\/wp-content\/uploads\/2018\/06\/Sheriff-on-Fire-Juin-2018-8-150x150.jpg\" class=\"attachment-thumbnail size-thumbnail\" alt=\"\" srcset=\"http:\/\/commune-loffre.fr\/wp-content\/uploads\/2018\/06\/Sheriff-on-Fire-Juin-2018-8-150x150.jpg 150w, http:\/\/commune-loffre.fr\/wp-content\/uploads\/2018\/06\/Sheriff-on-Fire-Juin-2018-8-180x180.jpg 180w, http:\/\/commune-loffre.fr\/wp-content\/uploads\/2018\/06\/Sheriff-on-Fire-Juin-2018-8-60x60.jpg 60w\" sizes=\"(max-width: 150px) 100vw, 150px\" \/><\/a>\n\t\t\t<\/dt><\/dl><br style=\"clear: both\" \/><dl class='gallery-item'>\n\t\t\t<dt class='gallery-icon landscape'>\n\t\t\t\t<a href='http:\/\/commune-loffre.fr\/index.php\/2018\/06\/25\/bal-des-sheriff-on-fire\/sheriff-on-fire-juin-2018-9\/'><img loading=\"lazy\" decoding=\"async\" width=\"150\" height=\"150\" src=\"http:\/\/commune-loffre.fr\/wp-content\/uploads\/2018\/06\/Sheriff-on-Fire-Juin-2018-9-150x150.jpg\" class=\"attachment-thumbnail size-thumbnail\" alt=\"\" srcset=\"http:\/\/commune-loffre.fr\/wp-content\/uploads\/2018\/06\/Sheriff-on-Fire-Juin-2018-9-150x150.jpg 150w, http:\/\/commune-loffre.fr\/wp-content\/uploads\/2018\/06\/Sheriff-on-Fire-Juin-2018-9-180x180.jpg 180w, http:\/\/commune-loffre.fr\/wp-content\/uploads\/2018\/06\/Sheriff-on-Fire-Juin-2018-9-60x60.jpg 60w\" sizes=\"(max-width: 150px) 100vw, 150px\" \/><\/a>\n\t\t\t<\/dt><\/dl><dl class='gallery-item'>\n\t\t\t<dt class='gallery-icon landscape'>\n\t\t\t\t<a href='http:\/\/commune-loffre.fr\/index.php\/2018\/06\/25\/bal-des-sheriff-on-fire\/sheriff-on-fire-juin-2018-10\/'><img loading=\"lazy\" decoding=\"async\" width=\"150\" height=\"150\" src=\"http:\/\/commune-loffre.fr\/wp-content\/uploads\/2018\/06\/Sheriff-on-Fire-Juin-2018-10-150x150.jpg\" class=\"attachment-thumbnail size-thumbnail\" alt=\"\" srcset=\"http:\/\/commune-loffre.fr\/wp-content\/uploads\/2018\/06\/Sheriff-on-Fire-Juin-2018-10-150x150.jpg 150w, http:\/\/commune-loffre.fr\/wp-content\/uploads\/2018\/06\/Sheriff-on-Fire-Juin-2018-10-180x180.jpg 180w, http:\/\/commune-loffre.fr\/wp-content\/uploads\/2018\/06\/Sheriff-on-Fire-Juin-2018-10-60x60.jpg 60w\" sizes=\"(max-width: 150px) 100vw, 150px\" \/><\/a>\n\t\t\t<\/dt><\/dl><dl class='gallery-item'>\n\t\t\t<dt class='gallery-icon landscape'>\n\t\t\t\t<a href='http:\/\/commune-loffre.fr\/index.php\/2018\/06\/25\/bal-des-sheriff-on-fire\/sheriff-on-fire-juin-2018-11\/'><img loading=\"lazy\" decoding=\"async\" width=\"150\" height=\"150\" src=\"http:\/\/commune-loffre.fr\/wp-content\/uploads\/2018\/06\/Sheriff-on-Fire-Juin-2018-11-150x150.jpg\" class=\"attachment-thumbnail size-thumbnail\" alt=\"\" srcset=\"http:\/\/commune-loffre.fr\/wp-content\/uploads\/2018\/06\/Sheriff-on-Fire-Juin-2018-11-150x150.jpg 150w, http:\/\/commune-loffre.fr\/wp-content\/uploads\/2018\/06\/Sheriff-on-Fire-Juin-2018-11-180x180.jpg 180w, http:\/\/commune-loffre.fr\/wp-content\/uploads\/2018\/06\/Sheriff-on-Fire-Juin-2018-11-60x60.jpg 60w\" sizes=\"(max-width: 150px) 100vw, 150px\" \/><\/a>\n\t\t\t<\/dt><\/dl><dl class='gallery-item'>\n\t\t\t<dt class='gallery-icon landscape'>\n\t\t\t\t<a href='http:\/\/commune-loffre.fr\/index.php\/2018\/06\/25\/bal-des-sheriff-on-fire\/sheriff-on-fire-juin-2018-12\/'><img loading=\"lazy\" decoding=\"async\" width=\"150\" height=\"150\" src=\"http:\/\/commune-loffre.fr\/wp-content\/uploads\/2018\/06\/Sheriff-on-Fire-Juin-2018-12-150x150.jpg\" class=\"attachment-thumbnail size-thumbnail\" alt=\"\" srcset=\"http:\/\/commune-loffre.fr\/wp-content\/uploads\/2018\/06\/Sheriff-on-Fire-Juin-2018-12-150x150.jpg 150w, http:\/\/commune-loffre.fr\/wp-content\/uploads\/2018\/06\/Sheriff-on-Fire-Juin-2018-12-180x180.jpg 180w, http:\/\/commune-loffre.fr\/wp-content\/uploads\/2018\/06\/Sheriff-on-Fire-Juin-2018-12-60x60.jpg 60w\" sizes=\"(max-width: 150px) 100vw, 150px\" \/><\/a>\n\t\t\t<\/dt><\/dl><dl class='gallery-item'>\n\t\t\t<dt class='gallery-icon landscape'>\n\t\t\t\t<a href='http:\/\/commune-loffre.fr\/index.php\/2018\/06\/25\/bal-des-sheriff-on-fire\/sheriff-on-fire-juin-2018-13\/'><img loading=\"lazy\" decoding=\"async\" width=\"150\" height=\"150\" src=\"http:\/\/commune-loffre.fr\/wp-content\/uploads\/2018\/06\/Sheriff-on-Fire-Juin-2018-13-150x150.jpg\" class=\"attachment-thumbnail size-thumbnail\" alt=\"\" srcset=\"http:\/\/commune-loffre.fr\/wp-content\/uploads\/2018\/06\/Sheriff-on-Fire-Juin-2018-13-150x150.jpg 150w, http:\/\/commune-loffre.fr\/wp-content\/uploads\/2018\/06\/Sheriff-on-Fire-Juin-2018-13-180x180.jpg 180w, http:\/\/commune-loffre.fr\/wp-content\/uploads\/2018\/06\/Sheriff-on-Fire-Juin-2018-13-60x60.jpg 60w\" sizes=\"(max-width: 150px) 100vw, 150px\" \/><\/a>\n\t\t\t<\/dt><\/dl><dl class='gallery-item'>\n\t\t\t<dt class='gallery-icon landscape'>\n\t\t\t\t<a href='http:\/\/commune-loffre.fr\/index.php\/2018\/06\/25\/bal-des-sheriff-on-fire\/sheriff-on-fire-juin-2018-14\/'><img loading=\"lazy\" decoding=\"async\" width=\"150\" height=\"150\" src=\"http:\/\/commune-loffre.fr\/wp-content\/uploads\/2018\/06\/Sheriff-on-Fire-Juin-2018-14-150x150.jpg\" class=\"attachment-thumbnail size-thumbnail\" alt=\"\" srcset=\"http:\/\/commune-loffre.fr\/wp-content\/uploads\/2018\/06\/Sheriff-on-Fire-Juin-2018-14-150x150.jpg 150w, http:\/\/commune-loffre.fr\/wp-content\/uploads\/2018\/06\/Sheriff-on-Fire-Juin-2018-14-180x180.jpg 180w, http:\/\/commune-loffre.fr\/wp-content\/uploads\/2018\/06\/Sheriff-on-Fire-Juin-2018-14-60x60.jpg 60w\" sizes=\"(max-width: 150px) 100vw, 150px\" \/><\/a>\n\t\t\t<\/dt><\/dl><dl class='gallery-item'>\n\t\t\t<dt class='gallery-icon landscape'>\n\t\t\t\t<a href='http:\/\/commune-loffre.fr\/index.php\/2018\/06\/25\/bal-des-sheriff-on-fire\/sheriff-on-fire-juin-2018-15\/'><img loading=\"lazy\" decoding=\"async\" width=\"150\" height=\"150\" src=\"http:\/\/commune-loffre.fr\/wp-content\/uploads\/2018\/06\/Sheriff-on-Fire-Juin-2018-15-150x150.jpg\" class=\"attachment-thumbnail size-thumbnail\" alt=\"\" srcset=\"http:\/\/commune-loffre.fr\/wp-content\/uploads\/2018\/06\/Sheriff-on-Fire-Juin-2018-15-150x150.jpg 150w, http:\/\/commune-loffre.fr\/wp-content\/uploads\/2018\/06\/Sheriff-on-Fire-Juin-2018-15-180x180.jpg 180w, http:\/\/commune-loffre.fr\/wp-content\/uploads\/2018\/06\/Sheriff-on-Fire-Juin-2018-15-60x60.jpg 60w\" sizes=\"(max-width: 150px) 100vw, 150px\" \/><\/a>\n\t\t\t<\/dt><\/dl><dl class='gallery-item'>\n\t\t\t<dt class='gallery-icon landscape'>\n\t\t\t\t<a href='http:\/\/commune-loffre.fr\/index.php\/2018\/06\/25\/bal-des-sheriff-on-fire\/sheriff-on-fire-juin-2018-16\/'><img loading=\"lazy\" decoding=\"async\" width=\"150\" height=\"150\" src=\"http:\/\/commune-loffre.fr\/wp-content\/uploads\/2018\/06\/Sheriff-on-Fire-Juin-2018-16-150x150.jpg\" class=\"attachment-thumbnail size-thumbnail\" alt=\"\" srcset=\"http:\/\/commune-loffre.fr\/wp-content\/uploads\/2018\/06\/Sheriff-on-Fire-Juin-2018-16-150x150.jpg 150w, http:\/\/commune-loffre.fr\/wp-content\/uploads\/2018\/06\/Sheriff-on-Fire-Juin-2018-16-180x180.jpg 180w, http:\/\/commune-loffre.fr\/wp-content\/uploads\/2018\/06\/Sheriff-on-Fire-Juin-2018-16-60x60.jpg 60w\" sizes=\"(max-width: 150px) 100vw, 150px\" \/><\/a>\n\t\t\t<\/dt><\/dl><br style=\"clear: both\" \/>\n\t\t<\/div>\n\n<p>Une centaine de personnes a r\u00e9pondu pr\u00e9sent \u00e0 cette manifestation dans une ambiance 100 % am\u00e9ricaine et country.<\/p>\n","protected":false},"excerpt":{"rendered":"<p>Le samedi 23 juin de 18 h 30 \u00e0 minuit \u00e0 la salle polyvalente de Loffre s\u2019est d\u00e9roul\u00e9 le bal de danses country organis\u00e9 par l\u2019association les sheriff On Fire&#8230;. <a href=\"http:\/\/commune-loffre.fr\/index.php\/2018\/06\/25\/bal-des-sheriff-on-fire\/\">Read more &raquo;<\/a><\/p>\n","protected":false},"author":1,"featured_media":3529,"comment_status":"closed","ping_status":"closed","sticky":false,"template":"","format":"standard","meta":{"footnotes":""},"categories":[3,10],"tags":[],"_links":{"self":[{"href":"http:\/\/commune-loffre.fr\/index.php\/wp-json\/wp\/v2\/posts\/3525"}],"collection":[{"href":"http:\/\/commune-loffre.fr\/index.php\/wp-json\/wp\/v2\/posts"}],"about":[{"href":"http:\/\/commune-loffre.fr\/index.php\/wp-json\/wp\/v2\/types\/post"}],"author":[{"embeddable":true,"href":"http:\/\/commune-loffre.fr\/index.php\/wp-json\/wp\/v2\/users\/1"}],"replies":[{"embeddable":true,"href":"http:\/\/commune-loffre.fr\/index.php\/wp-json\/wp\/v2\/comments?post=3525"}],"version-history":[{"count":1,"href":"http:\/\/commune-loffre.fr\/index.php\/wp-json\/wp\/v2\/posts\/3525\/revisions"}],"predecessor-version":[{"id":3542,"href":"http:\/\/commune-loffre.fr\/index.php\/wp-json\/wp\/v2\/posts\/3525\/revisions\/3542"}],"wp:featuredmedia":[{"embeddable":true,"href":"http:\/\/commune-loffre.fr\/index.php\/wp-json\/wp\/v2\/media\/3529"}],"wp:attachment":[{"href":"http:\/\/commune-loffre.fr\/index.php\/wp-json\/wp\/v2\/media?parent=3525"}],"wp:term":[{"taxonomy":"category","embeddable":true,"href":"http:\/\/commune-loffre.fr\/index.php\/wp-json\/wp\/v2\/categories?post=3525"},{"taxonomy":"post_tag","embeddable":true,"href":"http:\/\/commune-loffre.fr\/index.php\/wp-json\/wp\/v2\/tags?post=3525"}],"curies":[{"name":"wp","href":"https:\/\/api.w.org\/{rel}","templated":true}]}}