{"id":3514,"date":"2018-06-22T17:08:46","date_gmt":"2018-06-22T16:08:46","guid":{"rendered":"http:\/\/commune-loffre.fr\/?p=3514"},"modified":"2018-06-22T17:08:46","modified_gmt":"2018-06-22T16:08:46","slug":"commemoration-de-lappel-du-general-de-gaulle","status":"publish","type":"post","link":"http:\/\/commune-loffre.fr\/index.php\/2018\/06\/22\/commemoration-de-lappel-du-general-de-gaulle\/","title":{"rendered":"Comm\u00e9moration de l&rsquo;appel du G\u00e9n\u00e9ral de Gaulle"},"content":{"rendered":"<p>Monsieur le Maire, le conseil municipal et les Anciens Combattants de Loffre se sont rendus au monument aux Morts, le lundi 18 juin \u00e0 18h30, afin de comm\u00e9morer l\u2019appel du g\u00e9n\u00e9ral Charles de Gaulle.<\/p>\n\n\t\t<style type=\"text\/css\">\n\t\t\t#gallery-1 {\n\t\t\t\tmargin: auto;\n\t\t\t}\n\t\t\t#gallery-1 .gallery-item {\n\t\t\t\tfloat: left;\n\t\t\t\tmargin-top: 10px;\n\t\t\t\ttext-align: center;\n\t\t\t\twidth: 11%;\n\t\t\t}\n\t\t\t#gallery-1 img {\n\t\t\t\tborder: 2px solid #cfcfcf;\n\t\t\t}\n\t\t\t#gallery-1 .gallery-caption {\n\t\t\t\tmargin-left: 0;\n\t\t\t}\n\t\t\t\/* see gallery_shortcode() in wp-includes\/media.php *\/\n\t\t<\/style>\n\t\t<div id='gallery-1' class='gallery galleryid-3514 gallery-columns-9 gallery-size-thumbnail'><dl class='gallery-item'>\n\t\t\t<dt class='gallery-icon landscape'>\n\t\t\t\t<a href='http:\/\/commune-loffre.fr\/index.php\/2018\/06\/22\/commemoration-de-lappel-du-general-de-gaulle\/p1010001-copie-13\/'><img loading=\"lazy\" decoding=\"async\" width=\"150\" height=\"150\" src=\"http:\/\/commune-loffre.fr\/wp-content\/uploads\/2018\/06\/P1010001-copie-3-150x150.jpg\" class=\"attachment-thumbnail size-thumbnail\" alt=\"\" srcset=\"http:\/\/commune-loffre.fr\/wp-content\/uploads\/2018\/06\/P1010001-copie-3-150x150.jpg 150w, http:\/\/commune-loffre.fr\/wp-content\/uploads\/2018\/06\/P1010001-copie-3-180x180.jpg 180w, http:\/\/commune-loffre.fr\/wp-content\/uploads\/2018\/06\/P1010001-copie-3-60x60.jpg 60w\" sizes=\"(max-width: 150px) 100vw, 150px\" \/><\/a>\n\t\t\t<\/dt><\/dl><dl class='gallery-item'>\n\t\t\t<dt class='gallery-icon landscape'>\n\t\t\t\t<a href='http:\/\/commune-loffre.fr\/index.php\/2018\/06\/22\/commemoration-de-lappel-du-general-de-gaulle\/p1010002-copie-15\/'><img loading=\"lazy\" decoding=\"async\" width=\"150\" height=\"150\" src=\"http:\/\/commune-loffre.fr\/wp-content\/uploads\/2018\/06\/P1010002-copie-3-150x150.jpg\" class=\"attachment-thumbnail size-thumbnail\" alt=\"\" srcset=\"http:\/\/commune-loffre.fr\/wp-content\/uploads\/2018\/06\/P1010002-copie-3-150x150.jpg 150w, http:\/\/commune-loffre.fr\/wp-content\/uploads\/2018\/06\/P1010002-copie-3-180x180.jpg 180w, http:\/\/commune-loffre.fr\/wp-content\/uploads\/2018\/06\/P1010002-copie-3-60x60.jpg 60w\" sizes=\"(max-width: 150px) 100vw, 150px\" \/><\/a>\n\t\t\t<\/dt><\/dl><dl class='gallery-item'>\n\t\t\t<dt class='gallery-icon landscape'>\n\t\t\t\t<a href='http:\/\/commune-loffre.fr\/index.php\/2018\/06\/22\/commemoration-de-lappel-du-general-de-gaulle\/p1010003-copie-16\/'><img loading=\"lazy\" decoding=\"async\" width=\"150\" height=\"150\" src=\"http:\/\/commune-loffre.fr\/wp-content\/uploads\/2018\/06\/P1010003-copie-3-150x150.jpg\" class=\"attachment-thumbnail size-thumbnail\" alt=\"\" srcset=\"http:\/\/commune-loffre.fr\/wp-content\/uploads\/2018\/06\/P1010003-copie-3-150x150.jpg 150w, http:\/\/commune-loffre.fr\/wp-content\/uploads\/2018\/06\/P1010003-copie-3-180x180.jpg 180w, http:\/\/commune-loffre.fr\/wp-content\/uploads\/2018\/06\/P1010003-copie-3-60x60.jpg 60w\" sizes=\"(max-width: 150px) 100vw, 150px\" \/><\/a>\n\t\t\t<\/dt><\/dl><dl class='gallery-item'>\n\t\t\t<dt class='gallery-icon landscape'>\n\t\t\t\t<a href='http:\/\/commune-loffre.fr\/index.php\/2018\/06\/22\/commemoration-de-lappel-du-general-de-gaulle\/p1010004-copie-14\/'><img loading=\"lazy\" decoding=\"async\" width=\"150\" height=\"150\" src=\"http:\/\/commune-loffre.fr\/wp-content\/uploads\/2018\/06\/P1010004-copie-3-150x150.jpg\" class=\"attachment-thumbnail size-thumbnail\" alt=\"\" srcset=\"http:\/\/commune-loffre.fr\/wp-content\/uploads\/2018\/06\/P1010004-copie-3-150x150.jpg 150w, http:\/\/commune-loffre.fr\/wp-content\/uploads\/2018\/06\/P1010004-copie-3-180x180.jpg 180w, http:\/\/commune-loffre.fr\/wp-content\/uploads\/2018\/06\/P1010004-copie-3-60x60.jpg 60w\" sizes=\"(max-width: 150px) 100vw, 150px\" \/><\/a>\n\t\t\t<\/dt><\/dl><dl class='gallery-item'>\n\t\t\t<dt class='gallery-icon portrait'>\n\t\t\t\t<a href='http:\/\/commune-loffre.fr\/index.php\/2018\/06\/22\/commemoration-de-lappel-du-general-de-gaulle\/p1010005-copie-14\/'><img loading=\"lazy\" decoding=\"async\" width=\"150\" height=\"150\" src=\"http:\/\/commune-loffre.fr\/wp-content\/uploads\/2018\/06\/P1010005-copie-3-150x150.jpg\" class=\"attachment-thumbnail size-thumbnail\" alt=\"\" srcset=\"http:\/\/commune-loffre.fr\/wp-content\/uploads\/2018\/06\/P1010005-copie-3-150x150.jpg 150w, http:\/\/commune-loffre.fr\/wp-content\/uploads\/2018\/06\/P1010005-copie-3-180x180.jpg 180w, http:\/\/commune-loffre.fr\/wp-content\/uploads\/2018\/06\/P1010005-copie-3-60x60.jpg 60w\" sizes=\"(max-width: 150px) 100vw, 150px\" \/><\/a>\n\t\t\t<\/dt><\/dl><dl class='gallery-item'>\n\t\t\t<dt class='gallery-icon landscape'>\n\t\t\t\t<a href='http:\/\/commune-loffre.fr\/index.php\/2018\/06\/22\/commemoration-de-lappel-du-general-de-gaulle\/p1010006-copie-17\/'><img loading=\"lazy\" decoding=\"async\" width=\"150\" height=\"150\" src=\"http:\/\/commune-loffre.fr\/wp-content\/uploads\/2018\/06\/P1010006-copie-3-150x150.jpg\" class=\"attachment-thumbnail size-thumbnail\" alt=\"\" srcset=\"http:\/\/commune-loffre.fr\/wp-content\/uploads\/2018\/06\/P1010006-copie-3-150x150.jpg 150w, http:\/\/commune-loffre.fr\/wp-content\/uploads\/2018\/06\/P1010006-copie-3-180x180.jpg 180w, http:\/\/commune-loffre.fr\/wp-content\/uploads\/2018\/06\/P1010006-copie-3-60x60.jpg 60w\" sizes=\"(max-width: 150px) 100vw, 150px\" \/><\/a>\n\t\t\t<\/dt><\/dl><dl class='gallery-item'>\n\t\t\t<dt class='gallery-icon landscape'>\n\t\t\t\t<a href='http:\/\/commune-loffre.fr\/index.php\/2018\/06\/22\/commemoration-de-lappel-du-general-de-gaulle\/p1010007-copie-17\/'><img loading=\"lazy\" decoding=\"async\" width=\"150\" height=\"150\" src=\"http:\/\/commune-loffre.fr\/wp-content\/uploads\/2018\/06\/P1010007-copie-3-150x150.jpg\" class=\"attachment-thumbnail size-thumbnail\" alt=\"\" srcset=\"http:\/\/commune-loffre.fr\/wp-content\/uploads\/2018\/06\/P1010007-copie-3-150x150.jpg 150w, http:\/\/commune-loffre.fr\/wp-content\/uploads\/2018\/06\/P1010007-copie-3-180x180.jpg 180w, http:\/\/commune-loffre.fr\/wp-content\/uploads\/2018\/06\/P1010007-copie-3-60x60.jpg 60w\" sizes=\"(max-width: 150px) 100vw, 150px\" \/><\/a>\n\t\t\t<\/dt><\/dl><dl class='gallery-item'>\n\t\t\t<dt class='gallery-icon landscape'>\n\t\t\t\t<a href='http:\/\/commune-loffre.fr\/index.php\/2018\/06\/22\/commemoration-de-lappel-du-general-de-gaulle\/p1010008-copie-17\/'><img loading=\"lazy\" decoding=\"async\" width=\"150\" height=\"150\" src=\"http:\/\/commune-loffre.fr\/wp-content\/uploads\/2018\/06\/P1010008-copie-3-150x150.jpg\" class=\"attachment-thumbnail size-thumbnail\" alt=\"\" srcset=\"http:\/\/commune-loffre.fr\/wp-content\/uploads\/2018\/06\/P1010008-copie-3-150x150.jpg 150w, http:\/\/commune-loffre.fr\/wp-content\/uploads\/2018\/06\/P1010008-copie-3-180x180.jpg 180w, http:\/\/commune-loffre.fr\/wp-content\/uploads\/2018\/06\/P1010008-copie-3-60x60.jpg 60w\" sizes=\"(max-width: 150px) 100vw, 150px\" \/><\/a>\n\t\t\t<\/dt><\/dl><dl class='gallery-item'>\n\t\t\t<dt class='gallery-icon landscape'>\n\t\t\t\t<a href='http:\/\/commune-loffre.fr\/index.php\/2018\/06\/22\/commemoration-de-lappel-du-general-de-gaulle\/p1010009-copie-16\/'><img loading=\"lazy\" decoding=\"async\" width=\"150\" height=\"150\" src=\"http:\/\/commune-loffre.fr\/wp-content\/uploads\/2018\/06\/P1010009-copie-3-150x150.jpg\" class=\"attachment-thumbnail size-thumbnail\" alt=\"\" srcset=\"http:\/\/commune-loffre.fr\/wp-content\/uploads\/2018\/06\/P1010009-copie-3-150x150.jpg 150w, http:\/\/commune-loffre.fr\/wp-content\/uploads\/2018\/06\/P1010009-copie-3-180x180.jpg 180w, http:\/\/commune-loffre.fr\/wp-content\/uploads\/2018\/06\/P1010009-copie-3-60x60.jpg 60w\" sizes=\"(max-width: 150px) 100vw, 150px\" \/><\/a>\n\t\t\t<\/dt><\/dl><br style=\"clear: both\" \/>\n\t\t<\/div>\n\n<p>Apr\u00e8s le d\u00e9p\u00f4t d\u2019une gerbe et le respect d\u2019une minute de silence, Monsieur le Maire donna lecture du discours de Madame Genevi\u00e8ve Darrieussecq, Secr\u00e9taire d\u2019\u00c9tat aupr\u00e8s de Madame la Ministre des Arm\u00e9es. Ensuite, Monsieur le Maire laissa la parole \u00e0 Monsieur Jean-Marie Ch\u0153ur, Pr\u00e9sident des Anciens Combattants de Loffre pour la lecture de l\u2019appel du 18 juin. Pour cl\u00f4turer la comm\u00e9moration, un moment de convivialit\u00e9 a \u00e9t\u00e9 partag\u00e9 autour d\u2019un cocktail offert par la municipalit\u00e9.<\/p>\n","protected":false},"excerpt":{"rendered":"<p>Monsieur le Maire, le conseil municipal et les Anciens Combattants de Loffre se sont rendus au monument aux Morts, le lundi 18 juin \u00e0 18h30, afin de comm\u00e9morer l\u2019appel du&#8230; <a href=\"http:\/\/commune-loffre.fr\/index.php\/2018\/06\/22\/commemoration-de-lappel-du-general-de-gaulle\/\">Read more &raquo;<\/a><\/p>\n","protected":false},"author":1,"featured_media":3523,"comment_status":"closed","ping_status":"closed","sticky":false,"template":"","format":"standard","meta":{"footnotes":""},"categories":[17],"tags":[],"_links":{"self":[{"href":"http:\/\/commune-loffre.fr\/index.php\/wp-json\/wp\/v2\/posts\/3514"}],"collection":[{"href":"http:\/\/commune-loffre.fr\/index.php\/wp-json\/wp\/v2\/posts"}],"about":[{"href":"http:\/\/commune-loffre.fr\/index.php\/wp-json\/wp\/v2\/types\/post"}],"author":[{"embeddable":true,"href":"http:\/\/commune-loffre.fr\/index.php\/wp-json\/wp\/v2\/users\/1"}],"replies":[{"embeddable":true,"href":"http:\/\/commune-loffre.fr\/index.php\/wp-json\/wp\/v2\/comments?post=3514"}],"version-history":[{"count":1,"href":"http:\/\/commune-loffre.fr\/index.php\/wp-json\/wp\/v2\/posts\/3514\/revisions"}],"predecessor-version":[{"id":3524,"href":"http:\/\/commune-loffre.fr\/index.php\/wp-json\/wp\/v2\/posts\/3514\/revisions\/3524"}],"wp:featuredmedia":[{"embeddable":true,"href":"http:\/\/commune-loffre.fr\/index.php\/wp-json\/wp\/v2\/media\/3523"}],"wp:attachment":[{"href":"http:\/\/commune-loffre.fr\/index.php\/wp-json\/wp\/v2\/media?parent=3514"}],"wp:term":[{"taxonomy":"category","embeddable":true,"href":"http:\/\/commune-loffre.fr\/index.php\/wp-json\/wp\/v2\/categories?post=3514"},{"taxonomy":"post_tag","embeddable":true,"href":"http:\/\/commune-loffre.fr\/index.php\/wp-json\/wp\/v2\/tags?post=3514"}],"curies":[{"name":"wp","href":"https:\/\/api.w.org\/{rel}","templated":true}]}}